{"id":1857,"date":"2012-01-12T22:19:04","date_gmt":"2012-01-12T21:19:04","guid":{"rendered":"http:\/\/blog.inmontanis.info\/?p=1857"},"modified":"2023-08-06T08:42:41","modified_gmt":"2023-08-06T06:42:41","slug":"kellerjoch-12-1-2012","status":"publish","type":"post","link":"http:\/\/blog.inmontanis.info\/?p=1857","title":{"rendered":"Kellerjoch, 12.1.2012"},"content":{"rendered":"<p>Nachdem das Kellerjoch neuerdings bei den Gro\u00dfraum-Saisonkarten dabei ist, und man ja ESLs fahren muss, so lang sie noch fahren &#8230;<\/p>\n<p>.. war ich gestern nachmittag nach einem halben Tag arbeiten noch einen halben Tag am Kellerjoch, mit meinen neuen Carpani Ski&#8230;<!--more--> <\/p>\n<p>Abfahrt an der ESL Sektion 2 ist offiziell gesperrt &#8211; keine Ahnung warum. Pr\u00e4pariert war sie und gen\u00fcgend Schnee liegt auch. War stellenweise aber etwas hart-knollig. Bin sie 2x gefahren, ein paar mal die DSB und die beiden SL jeweils 1x, dann waren die 3 Stunden auch schon rum. Im Gesamten hat&#8217;s mir diesmal wieder etwas besser gefallen als letztes Mal.<\/p>\n<p>Fotos, anklicken zum Vergr\u00f6\u00dfern, soweit nicht vergr\u00f6\u00dfert gepostet:<\/p>\n<p><img src=http:\/\/ski.inmontanis.info\/d\/139580-2\/DSC06518.jpg \/><br \/>\n^ ESL Sektion 2<\/p>\n<p><img src=http:\/\/ski.inmontanis.info\/d\/139584-2\/DSC06520.jpg \/><br \/>\n^ ESL Sektion 2 Talstation, von links unter der Sonne kommt die Abfahrt rein<\/p>\n<p><a href='http:\/\/ski.inmontanis.info\/d\/139588-2\/DSC06528.jpg'><img src=http:\/\/ski.inmontanis.info\/d\/139586-3\/DSC06528.jpg \/><\/a><br \/>\n^ ESL Sektion 2, sch\u00f6n schmale Schneise. Nicht so breit wie bei einer 6KSB &#8230;.<\/p>\n<p><a href='http:\/\/ski.inmontanis.info\/d\/139592-2\/DSC06533.jpg'><img src=http:\/\/ski.inmontanis.info\/d\/139590-3\/DSC06533.jpg \/><\/a><br \/>\n^ ESL Sektion 2<\/p>\n<p><img src=http:\/\/ski.inmontanis.info\/d\/139596-2\/DSC06538.jpg \/><br \/>\n^ Sektion 2-3<\/p>\n<p><img src=http:\/\/ski.inmontanis.info\/d\/139600-2\/DSC06541.jpg \/><br \/>\n^ Haus neben der DSB<\/p>\n<p><img src=http:\/\/ski.inmontanis.info\/d\/139604-2\/DSC06545.jpg \/><br \/>\n^ DSB und Abfahrt<\/p>\n<p><img src=http:\/\/ski.inmontanis.info\/d\/139608-2\/DSC06547.jpg \/><br \/>\n^ DSB und oberer SL<\/p>\n<p><img src=http:\/\/ski.inmontanis.info\/d\/139612-2\/DSC06549.jpg \/><br \/>\n^ Inntal-Pano mit DSB<\/p>\n<p><a href='http:\/\/ski.inmontanis.info\/d\/139616-2\/DSC06552.jpg'><img src=http:\/\/ski.inmontanis.info\/d\/139614-3\/DSC06552.jpg \/><\/a><br \/>\n^ Schneeh\u00f6hen an der (oberen) Mittelstation<\/p>\n<p><a href='http:\/\/ski.inmontanis.info\/d\/139620-2\/DSC06555.jpg'><img src=http:\/\/ski.inmontanis.info\/d\/139618-3\/DSC06555.jpg \/><\/a><br \/>\n^ Schwarze Abfahrt an der DSB (oben pr\u00e4pariert, unten wie \u00fcblich nicht)<\/p>\n<p><img src=http:\/\/ski.inmontanis.info\/d\/139624-2\/DSC06557.jpg \/><br \/>\n^ Abfahrt Sektion 2<\/p>\n<p><img src=http:\/\/ski.inmontanis.info\/d\/139703-2\/DSC06559.jpg \/><br \/>\n^ Abfahrt Sektion 2<\/p>\n<p><img src=http:\/\/ski.inmontanis.info\/d\/139629-2\/DSC06561.jpg \/><br \/>\n^ Abfahrt Sektion 2<\/p>\n<p><a href='http:\/\/ski.inmontanis.info\/d\/139633-2\/DSC06563.jpg'><img src=http:\/\/ski.inmontanis.info\/d\/139631-3\/DSC06563.jpg \/><\/a><br \/>\n^ Abfahrt Sektion 2<\/p>\n<p><img src=http:\/\/ski.inmontanis.info\/d\/139637-2\/DSC06565.jpg \/><br \/>\n^ Abfahrt Sektion 2 und Mittelstation ESL Sektion 1-2 (Sektion 1 ist ja seit wenigen Jahren nicht mehr in Betrieb)<\/p>\n<p><img src=http:\/\/ski.inmontanis.info\/d\/139641-2\/DSC06567.jpg \/><br \/>\n^ Talstation ESL Sektion 2<\/p>\n<p><img src=http:\/\/ski.inmontanis.info\/d\/139645-2\/DSC06568.jpg \/><br \/>\n^ ESL Sektion 2<\/p>\n<p><a href='http:\/\/ski.inmontanis.info\/d\/139649-2\/DSC06590.jpg'><img src=http:\/\/ski.inmontanis.info\/d\/139647-3\/DSC06590.jpg \/><\/a><br \/>\n^ ESL Sektion 2, schmale Waldtrasse, daher von der Autobahn nur kurz sichtbar<\/p>\n<p><a href='http:\/\/ski.inmontanis.info\/d\/139653-2\/DSC06592.jpg'><img src=http:\/\/ski.inmontanis.info\/d\/139651-3\/DSC06592.jpg \/><\/a><br \/>\n^ ESL Sektion 2 mitten durch die B\u00e4ume<\/p>\n<p><a href='http:\/\/ski.inmontanis.info\/d\/139707-2\/DSC06601.jpg'><img src=http:\/\/ski.inmontanis.info\/d\/139705-3\/DSC06601.jpg \/><\/a><br \/>\n^ ESL Sektion 2<\/p>\n<p><a href='http:\/\/ski.inmontanis.info\/d\/139658-2\/DSC06614.jpg'><img src=http:\/\/ski.inmontanis.info\/d\/139656-3\/DSC06614.jpg \/><\/a><br \/>\n^ Schnee an der DSB St\u00fctze 7<\/p>\n<p><a href='http:\/\/ski.inmontanis.info\/d\/139662-2\/DSC06632.jpg'><img src=http:\/\/ski.inmontanis.info\/d\/139660-3\/DSC06632.jpg \/><\/a><br \/>\n^ Meine neuen Carpani-Ski im eigenen Design<\/p>\n<p><a href='http:\/\/ski.inmontanis.info\/d\/139679-2\/DSC06635.jpg'><img src=http:\/\/ski.inmontanis.info\/d\/139677-3\/DSC06635.jpg \/><\/a><br \/>\n^ Meine Motive auf dem einen Ski &#8230;<\/p>\n<p><a href='http:\/\/ski.inmontanis.info\/d\/139683-2\/DSC06658.jpg'><img src=http:\/\/ski.inmontanis.info\/d\/139681-3\/DSC06658.jpg \/><\/a><br \/>\n^ &#8230; und auf dem anderen Ski. Das Gr\u00fcn ist leider etwas zu dunkel geworden.. und dieses komische 3D-Muster macht das Logo-Schild noch schlechter erkennbar&#8230;.<\/p>\n<p><img src=http:\/\/ski.inmontanis.info\/d\/139712-2\/DSC06636.jpg \/><br \/>\n^ Inntal-Pano mit SL, Innsbruck unter der Smog-Decke<\/p>\n<p><img src=http:\/\/ski.inmontanis.info\/d\/139667-2\/DSC09449.jpg \/><br \/>\n^ Inntal-Pano in IR<\/p>\n<p><img src=http:\/\/ski.inmontanis.info\/d\/139446-2\/DSC06640.jpg \/><br \/>\n^ Zoom Hochf\u00fcgen vom Skigebiet Kellerjoch<\/p>\n<p><img src=http:\/\/ski.inmontanis.info\/d\/139671-2\/DSC06645.jpg \/><br \/>\n^ Massig Schnee am DSB-Zwischeneinstieg<\/p>\n<p><img src=http:\/\/ski.inmontanis.info\/d\/139675-2\/DSC06651.jpg \/><br \/>\n^ Massig Schnee am DSB-Zwischeneinstieg<\/p>\n<p><img src=http:\/\/ski.inmontanis.info\/d\/139687-2\/DSC06669.jpg \/><br \/>\n^ Meine Design-Ski. Den ESL kann man gut erkennen, den Korb und den Sommerschi-Schriftzug leider nur schlecht. H\u00e4tte ich dicker\/gr\u00f6\u00dfer\/heller machen sollen.<\/p>\n<p><img src=http:\/\/ski.inmontanis.info\/d\/139691-2\/DSC06674.jpg \/><br \/>\n^ Die Kosten waren \u00fcbrigens 550,- inkl. Bindung.<\/p>\n<p><a href='http:\/\/ski.inmontanis.info\/d\/139695-2\/DSC06677.jpg'><img src=http:\/\/ski.inmontanis.info\/d\/139693-3\/DSC06677.jpg \/><\/a><br \/>\n^ Abendliches Tal-Pano<\/p>\n<p><a href='http:\/\/ski.inmontanis.info\/d\/139699-2\/DSC06679.jpg'><img src=http:\/\/ski.inmontanis.info\/d\/139697-3\/DSC06679.jpg \/><\/a><br \/>\n^ Schon wieder so ein Hundekopf-Gipfel. Hatte ich doch erst in Narvik ;)<\/p>\n","protected":false},"excerpt":{"rendered":"<p>Nachdem das Kellerjoch neuerdings bei den Gro\u00dfraum-Saisonkarten dabei ist, und man ja ESLs fahren muss, so lang sie noch fahren &#8230;<\/p>\n<p>.. war ich gestern nachmittag nach einem halben Tag arbeiten noch einen halben Tag am Kellerjoch, mit meinen neuen Carpani Ski&#8230;<\/p>\n<p> <a href=\"http:\/\/blog.inmontanis.info\/?p=1857\">[&#8230;]<\/a><\/p>\n","protected":false},"author":1,"featured_media":0,"comment_status":"open","ping_status":"closed","sticky":false,"template":"","format":"standard","meta":{"footnotes":""},"categories":[864,25,13,27],"tags":[38,35,90,47],"class_list":["post-1857","post","type-post","status-publish","format-standard","hentry","category-kellerjoch","category-noreport","category-austria","category-skifahren-winterskiing-winter","tag-dsb","tag-esl","tag-infrarot","tag-sl","odd"],"_links":{"self":[{"href":"http:\/\/blog.inmontanis.info\/index.php?rest_route=\/wp\/v2\/posts\/1857","targetHints":{"allow":["GET"]}}],"collection":[{"href":"http:\/\/blog.inmontanis.info\/index.php?rest_route=\/wp\/v2\/posts"}],"about":[{"href":"http:\/\/blog.inmontanis.info\/index.php?rest_route=\/wp\/v2\/types\/post"}],"author":[{"embeddable":true,"href":"http:\/\/blog.inmontanis.info\/index.php?rest_route=\/wp\/v2\/users\/1"}],"replies":[{"embeddable":true,"href":"http:\/\/blog.inmontanis.info\/index.php?rest_route=%2Fwp%2Fv2%2Fcomments&post=1857"}],"version-history":[{"count":4,"href":"http:\/\/blog.inmontanis.info\/index.php?rest_route=\/wp\/v2\/posts\/1857\/revisions"}],"predecessor-version":[{"id":9204,"href":"http:\/\/blog.inmontanis.info\/index.php?rest_route=\/wp\/v2\/posts\/1857\/revisions\/9204"}],"wp:attachment":[{"href":"http:\/\/blog.inmontanis.info\/index.php?rest_route=%2Fwp%2Fv2%2Fmedia&parent=1857"}],"wp:term":[{"taxonomy":"category","embeddable":true,"href":"http:\/\/blog.inmontanis.info\/index.php?rest_route=%2Fwp%2Fv2%2Fcategories&post=1857"},{"taxonomy":"post_tag","embeddable":true,"href":"http:\/\/blog.inmontanis.info\/index.php?rest_route=%2Fwp%2Fv2%2Ftags&post=1857"}],"curies":[{"name":"wp","href":"https:\/\/api.w.org\/{rel}","templated":true}]}}