{"id":1851,"date":"2012-01-07T22:13:29","date_gmt":"2012-01-07T21:13:29","guid":{"rendered":"http:\/\/blog.inmontanis.info\/?p=1851"},"modified":"2023-08-03T21:42:01","modified_gmt":"2023-08-03T19:42:01","slug":"die-flucht-6-8-1-2012-teil-2-gaver","status":"publish","type":"post","link":"http:\/\/blog.inmontanis.info\/?p=1851","title":{"rendered":"Die Flucht, 6-8.1.2012 Teil 2: Gaver"},"content":{"rendered":"<p>Um kurz nach 10 Uhr war ich in Gaver, Tageskarte kostete wieder g\u00fcnstige 21,- (2 Tage \u00fcbrigens 37,-).<\/p>\n<p>Nach Gaver ging&#8217;s deshalb, weil sie auf der Homepage verk\u00fcndeten, dass ab 5.1. alle Abfahrten in Betrieb seien. Was ich recht bemerkenswert fand, da es ja nur an dem unteren SL eine kleine Beschneiung gibt, und alle anderen Skigebiete in der Gegend fast ausschlie\u00dflich beschneite Abfahrten \u00f6ffnen konnten. <\/p>\n<p>Nunja&#8230; der gestrige Wind machten die eh schon schneearmen Verh\u00e4ltnisse noch schlechter, da viele Pistenst\u00fccke mit kleinen \u00c4sten und dgl. \u00fcbers\u00e4ht waren. Paar Steine und Grasb\u00fcschel gab&#8217;s nat\u00fcrlich auch. Aber bis auf die kleine Steilhangvariante am SL Gera waren tats\u00e4chlich alle Abfahrten und Abfahrtsvarianten ge\u00f6ffnet. Sogar die rechte am SL Cadino Basso war pr\u00e4pariert.<\/p>\n<p>Da ich ja mittlerweile schon ein paar Mal hier war, hab ich nicht alles l\u00fcckenlos fotografiert &#8211; aber da jeder Besuch hier der letzte sein kann .. sind es halt doch ein paar Bilder geworden. (Anklicken zum Vergr\u00f6\u00dfern, soweit nicht vergr\u00f6\u00dfert gepostet)<\/p>\n<p>Zur Info kurz der Pistenplan von 2008:<\/p>\n<p><a href='http:\/\/ski.inmontanis.info\/d\/87971-3\/P1320243.JPG'><img src=http:\/\/ski.inmontanis.info\/d\/87970-4\/P1320243.JPG \/><\/a><br \/>\n^ Pistenplan. Die Lifte oben sind sehr schlecht eingezeichnet.<\/p>\n<p>SL Cadino Alto (&#8220;I&#8221;) ist jetzt die 2. oder 3. Saison stillgelegt.<\/p>\n<p>.. und der GPS-Track von 2008:<\/p>\n<p><a href='http:\/\/ski.inmontanis.info\/d\/87983-3\/ge_gaver20081207.jpg'><img src=http:\/\/ski.inmontanis.info\/d\/87982-4\/ge_gaver20081207.jpg \/><\/a><\/p>\n<p><img src=http:\/\/ski.inmontanis.info\/d\/139062-3\/DSC06171.jpg \/><br \/>\n^ Ankunft in Gaver<\/p>\n<p><img src=http:\/\/ski.inmontanis.info\/d\/139066-3\/DSC06175.jpg \/><br \/>\n^ Pano an der DSB-Bergstation (zum SL Gera)<\/p>\n<p><a href='http:\/\/ski.inmontanis.info\/d\/139070-3\/DSC06179.jpg'><img src=http:\/\/ski.inmontanis.info\/d\/139069-3\/DSC06179.jpg \/><\/a><br \/>\n^ Pano Bergstation SL Gera (Monte Rosa blieb in Wolken, Paradiso (ca. 250km) war gut sichtbar)<\/p>\n<p><a href='http:\/\/ski.inmontanis.info\/d\/139074-2\/DSC09393.jpg'><img src=http:\/\/ski.inmontanis.info\/d\/139073-3\/DSC09393.jpg \/><\/a><br \/>\n^ Blick ins Flachland<\/p>\n<p><a href='http:\/\/ski.inmontanis.info\/d\/139078-2\/DSC09407-.jpg'><img src=http:\/\/ski.inmontanis.info\/d\/139077-3\/DSC09407-.jpg \/><\/a><br \/>\n^ Bergstation SL Gera (IR)<\/p>\n<p><img src=http:\/\/ski.inmontanis.info\/d\/139082-2\/DSC06190.jpg \/><br \/>\n^ SL Gera<\/p>\n<p><img src=http:\/\/ski.inmontanis.info\/d\/139086-2\/DSC09420.jpg \/><br \/>\n^ SL Gera in IR<\/p>\n<p><img src=http:\/\/ski.inmontanis.info\/d\/139228-2\/DSC06191.jpg \/><br \/>\n^ Abfahrt SL Gera<\/p>\n<p><img src=http:\/\/ski.inmontanis.info\/d\/139091-2\/DSC06192.jpg \/><br \/>\n^ Abfahrt SL Gera und Blick zu SL Cadino<\/p>\n<p><img src=http:\/\/ski.inmontanis.info\/d\/139095-2\/DSC06193.jpg \/><br \/>\n^ Gegenpano zu vorhin, auf der netten, rechten Cadino-Basso-Abfahrt mit Blick zu SL Gera<\/p>\n<p><a href='http:\/\/ski.inmontanis.info\/d\/139232-2\/DSC06198.jpg'><img src=http:\/\/ski.inmontanis.info\/d\/139231-3\/DSC06198.jpg \/><\/a><br \/>\n^ Talabfahrt<\/p>\n<p><a href='http:\/\/ski.inmontanis.info\/d\/139100-2\/DSC06202.jpg'><img src=http:\/\/ski.inmontanis.info\/d\/139099-3\/DSC06202.jpg \/><\/a><br \/>\n^ Talstationen DSB (links) und SL Campras<\/p>\n<p><a href='http:\/\/ski.inmontanis.info\/d\/139104-2\/DSC06205.jpg'><img src=http:\/\/ski.inmontanis.info\/d\/139103-3\/DSC06205.jpg \/><\/a><br \/>\n^ DSB<\/p>\n<p><a href='http:\/\/ski.inmontanis.info\/d\/139108-2\/DSC06207.jpg'><img src=http:\/\/ski.inmontanis.info\/d\/139107-3\/DSC06207.jpg \/><\/a><br \/>\n^ DSB<\/p>\n<p><img src=http:\/\/ski.inmontanis.info\/d\/139112-2\/DSC06212.jpg \/><br \/>\n^ DSB oberer Teil<\/p>\n<p><img src=http:\/\/ski.inmontanis.info\/d\/139116-2\/DSC06215.jpg \/><br \/>\n^ Schwarze Talabfahrt<\/p>\n<p><img src=http:\/\/ski.inmontanis.info\/d\/139120-2\/DSC06217.jpg \/><br \/>\n^ Schwarze Talabfahrt<\/p>\n<p><img src=http:\/\/ski.inmontanis.info\/d\/139124-2\/DSC06220.jpg \/><br \/>\n^ Die geniale schwarze Talabfahrt<\/p>\n<p><img src=http:\/\/ski.inmontanis.info\/d\/139236-2\/DSC06226.jpg \/><br \/>\n^ Schwarze Talabfahrt<\/p>\n<p><a href='http:\/\/ski.inmontanis.info\/d\/139129-2\/DSC06238.jpg'><img src=http:\/\/ski.inmontanis.info\/d\/139128-3\/DSC06238.jpg \/><\/a><br \/>\n^ DSB Talstation<\/p>\n<p><a href='http:\/\/ski.inmontanis.info\/d\/139133-2\/DSC06237.jpg'><img src=http:\/\/ski.inmontanis.info\/d\/139132-3\/DSC06237.jpg \/><\/a><br \/>\n^ DSB Talstation<\/p>\n<p><a href='http:\/\/ski.inmontanis.info\/d\/139137-2\/DSC06253.jpg'><img src=http:\/\/ski.inmontanis.info\/d\/139136-3\/DSC06253.jpg \/><\/a><br \/>\n^ DSB Bergstation<\/p>\n<p><a href='http:\/\/ski.inmontanis.info\/d\/139141-2\/DSC06254.jpg'><img src=http:\/\/ski.inmontanis.info\/d\/139140-3\/DSC06254.jpg \/><\/a><br \/>\n^ DSB St\u00fctze 16<\/p>\n<p><img src=http:\/\/ski.inmontanis.info\/d\/139145-2\/DSC06256.jpg \/><br \/>\n^ SL Cadino Basso<\/p>\n<p><img src=http:\/\/ski.inmontanis.info\/d\/139240-2\/DSC06257.jpg \/><br \/>\n^ SL Cadino Alto<\/p>\n<p><img src=http:\/\/ski.inmontanis.info\/d\/139150-2\/DSC06260.jpg \/><br \/>\n^ SL Cadino Alto. In den letzten Jahren konnte man im Dezember rechts mit den Skiern durch ;)<\/p>\n<p><img src=http:\/\/ski.inmontanis.info\/d\/139154-2\/DSC06261.jpg \/><br \/>\n^ SL Cadino Basso<\/p>\n<p><img src=http:\/\/ski.inmontanis.info\/d\/139158-2\/DSC06264.jpg \/><br \/>\n^ SL Cadino Basso<\/p>\n<p><img src=http:\/\/ski.inmontanis.info\/d\/139162-2\/DSC06266.jpg \/><br \/>\n^ SL Cadino Basso<\/p>\n<p><img src=http:\/\/ski.inmontanis.info\/d\/139166-2\/DSC06268.jpg \/><br \/>\n^ SL Cadino Basso<\/p>\n<p><img src=http:\/\/ski.inmontanis.info\/d\/139170-2\/DSC06275.jpg \/><br \/>\n^ SL Cadino Basso<\/p>\n<p><img src=http:\/\/ski.inmontanis.info\/d\/139174-2\/DSC06269.jpg \/><br \/>\n^ SL Cadino Basso<\/p>\n<p><img src=http:\/\/ski.inmontanis.info\/d\/139178-2\/DSC06273.jpg \/><br \/>\n^ SL Cadino Basso<\/p>\n<p><img src=http:\/\/ski.inmontanis.info\/d\/139182-2\/DSC06271.jpg \/><br \/>\n^ Talstationen SL Cadino Basso und SL Gera<\/p>\n<p><img src=http:\/\/ski.inmontanis.info\/d\/139186-2\/DSC06276.jpg \/><br \/>\n^ SL Cadino Basso Talstation<\/p>\n<p><img src=http:\/\/ski.inmontanis.info\/d\/139244-2\/DSC06278.jpg \/><br \/>\n^ SL Gera<\/p>\n<p><img src=http:\/\/ski.inmontanis.info\/d\/139191-2\/DSC06282.jpg \/><br \/>\n^ SL Gera kurz vor der Bergstation<\/p>\n<p><a href='http:\/\/ski.inmontanis.info\/d\/139249-2\/DSC06285.jpg'><img src=http:\/\/ski.inmontanis.info\/d\/139248-3\/DSC06285.jpg \/><\/a><br \/>\n^ SL Gera Bergstation<\/p>\n<p><img src=http:\/\/ski.inmontanis.info\/d\/139196-2\/DSC06291.jpg \/><br \/>\n^ SL Gera Bergstation<\/p>\n<p><img src=http:\/\/ski.inmontanis.info\/d\/139200-2\/DSC06293.jpg \/><br \/>\n^ SL Cadino Basso mit seinen 3 sch\u00f6nen Abfahrten, sogar die rechte war heut pr\u00e4pariert.<\/p>\n<p><img src=http:\/\/ski.inmontanis.info\/d\/139204-2\/DSC06299.jpg \/><br \/>\n^ Talstationen SL Cadino und Gera<\/p>\n<p><img src=http:\/\/ski.inmontanis.info\/d\/139208-2\/DSC06296.jpg \/><br \/>\n^ Skibr\u00fccke am SL Gera (mittlerweile auch schon Seltenheitswert, Skilifte mit Br\u00fccken!)<\/p>\n<p><img src=http:\/\/ski.inmontanis.info\/d\/139212-2\/DSC06309.jpg \/><br \/>\n^ SL Cadino Basso Bergstation<\/p>\n<p><img src=http:\/\/ski.inmontanis.info\/d\/139216-2\/DSC06308.jpg \/><br \/>\n^ SL Cadino Alto Talstation<\/p>\n<p>Fazit: Ich find Gaver immer noch genial und komm wieder, so lange es in diesem Zustand ist&#8230;<\/p>\n<p>Kurz vor 16 Uhr hab ich&#8217;s sein lassen und mir \u00fcberlegt, wo es morgen hingeht&#8230; Kurzer Check im Internet &#8211; der ge\u00f6ffnete Status am Presolana bzw. am Campione hat sich nicht ver\u00e4ndert &#8211; da m\u00f6chte ich dann doch eher hin, wenn alles geht. Folgaria? Hatte ich zu viel Angst vor dem Wind, war heute schon kr\u00e4ftig, obwohl heute mit Abstand der ruhigste Tag h\u00e4tte sein sollen (also im Vgl. zu gestern und morgen)&#8230;. oder gleich heimfahren? Bevor ich irgendwo \u00fcbernachte und dann morgen wieder nicht zum Skifahren komme wg. des Sturms &#8230;<\/p>\n<p>In Lavarone k\u00f6nnts ja vielleicht besser sein? Das scheint mir generell unterhalb der Waldgrenze zu sein, zur Not gibts wenistens 1-2 SL von der Stra\u00dfe aus&#8230; gut, probieren wir&#8217;s. Voraussichtliche Ankunftszeit 19 Uhr. Fahrt geht wieder \u00fcber den Lago Ledro. Hm. Was machen. Bis Lavarone fahren und dann ein Zimmer suchen, oder wieder dort hin, wo ich gestern gen\u00e4chtigt hab, 2 &#8220;tote Stunden&#8221; bis zum Abendessen haben und morgen 1,5h noch nach Lavarone fahren m\u00fcssen? Gut, so gro\u00df ist es nicht, 10:30 dort zu sein reicht ja egtl. &#8211; und ob ich da zuf\u00e4llig so g\u00fcnstig ein Zimmer bekomme, bzw. eins das um wenig Aufpreis genauso gut ist? Die Chancen, dass ich mich dann \u00e4rgere, nicht wieder ins gleiche Hotel gegangen zu sein, stehen unter diesen Umst\u00e4nden nicht schlecht. Auch wenn Folgaria und Lavarone sicherlich nicht so hochpreisig sind und es dort sicherlich mehr Hotels gibt wie in Gaver ;-)<\/p>\n<p>Ok, dann also wieder ins gleiche Hotel wie gestern.<\/p>\n<p>Auf der Fahrt von Gaver nach Bagolino ..<\/p>\n<p><a href='http:\/\/ski.inmontanis.info\/d\/139220-2\/DSC06311.jpg'><img src=http:\/\/ski.inmontanis.info\/d\/139219-3\/DSC06311.jpg \/><\/a><br \/>\n^ Feuerwehr auf der Stra\u00dfe, was ist da los?<\/p>\n<p><img src=http:\/\/ski.inmontanis.info\/d\/139224-2\/DSC06312.jpg \/><br \/>\n^ Aha, da unten brennt&#8217;s&#8230;.<\/p>\n","protected":false},"excerpt":{"rendered":"<p>Um kurz nach 10 Uhr war ich in Gaver, Tageskarte kostete wieder g\u00fcnstige 21,- (2 Tage \u00fcbrigens 37,-).<\/p>\n<p>Nach Gaver ging&#8217;s deshalb, weil sie auf der Homepage verk\u00fcndeten, dass ab 5.1. alle Abfahrten in Betrieb seien. Was ich recht bemerkenswert fand, da es ja nur an dem unteren SL eine kleine Beschneiung gibt, und alle <a href=\"http:\/\/blog.inmontanis.info\/?p=1851\">[&#8230;]<\/a><\/p>\n","protected":false},"author":1,"featured_media":0,"comment_status":"open","ping_status":"closed","sticky":false,"template":"","format":"standard","meta":{"footnotes":""},"categories":[108,480,15,59,27],"tags":[38,47],"class_list":["post-1851","post","type-post","status-publish","format-standard","hentry","category-201201-flucht","category-gaver","category-italienitaly","category-nostalgie","category-skifahren-winterskiing-winter","tag-dsb","tag-sl","odd"],"_links":{"self":[{"href":"http:\/\/blog.inmontanis.info\/index.php?rest_route=\/wp\/v2\/posts\/1851","targetHints":{"allow":["GET"]}}],"collection":[{"href":"http:\/\/blog.inmontanis.info\/index.php?rest_route=\/wp\/v2\/posts"}],"about":[{"href":"http:\/\/blog.inmontanis.info\/index.php?rest_route=\/wp\/v2\/types\/post"}],"author":[{"embeddable":true,"href":"http:\/\/blog.inmontanis.info\/index.php?rest_route=\/wp\/v2\/users\/1"}],"replies":[{"embeddable":true,"href":"http:\/\/blog.inmontanis.info\/index.php?rest_route=%2Fwp%2Fv2%2Fcomments&post=1851"}],"version-history":[{"count":2,"href":"http:\/\/blog.inmontanis.info\/index.php?rest_route=\/wp\/v2\/posts\/1851\/revisions"}],"predecessor-version":[{"id":1853,"href":"http:\/\/blog.inmontanis.info\/index.php?rest_route=\/wp\/v2\/posts\/1851\/revisions\/1853"}],"wp:attachment":[{"href":"http:\/\/blog.inmontanis.info\/index.php?rest_route=%2Fwp%2Fv2%2Fmedia&parent=1851"}],"wp:term":[{"taxonomy":"category","embeddable":true,"href":"http:\/\/blog.inmontanis.info\/index.php?rest_route=%2Fwp%2Fv2%2Fcategories&post=1851"},{"taxonomy":"post_tag","embeddable":true,"href":"http:\/\/blog.inmontanis.info\/index.php?rest_route=%2Fwp%2Fv2%2Ftags&post=1851"}],"curies":[{"name":"wp","href":"https:\/\/api.w.org\/{rel}","templated":true}]}}