{"id":1847,"date":"2012-01-06T22:04:35","date_gmt":"2012-01-06T21:04:35","guid":{"rendered":"http:\/\/blog.inmontanis.info\/?p=1847"},"modified":"2023-08-04T18:23:59","modified_gmt":"2023-08-04T16:23:59","slug":"die-flucht-6-8-1-2012-teil-1-san-giorgio-baldo","status":"publish","type":"post","link":"http:\/\/blog.inmontanis.info\/?p=1847","title":{"rendered":"Die Flucht, 6-8.1.2012 Teil 1: San Giorgio &#8211; Baldo"},"content":{"rendered":"<p><strong>Die Flucht, 6-8.1.2012 Teil 1: 6.1.2012<\/strong><\/p>\n<p>Aufgrund der schlechten Wettervorhersage f\u00fcr dieses verl\u00e4ngerte Wochenende fl\u00fcchtete ich in den S\u00fcden. Die Suche nach einem geeigneten Ziel gestaltete sich aber recht schwierig, denn in den italienischen Alpen, abseite des Hauptkamms, liegt wenig, sehr wenig oder gar kein Schnee &#8230;. zudem wurde in allen Gegenden auch starker Wind gemeldet.<\/p>\n<p>Neue Skigebiete oder gro\u00dfe Skigebiete wollte ich also nicht anfahren (f\u00fcr mich wichtige Lifte zu, bzw. Frage des Zur\u00fcckkommens in gr\u00f6\u00dferen Gebieten bei Sturm), aufgrund des Panos entschied ich mich f\u00fcr Malga San Giorgio in den Monti Lessini. Dort war ich schonmal, hatte aber keine gute Fernsicht. An guten Tagen sollte man \u00fcber die ganze Po-Ebene bis zu den West- und Meeralpen sehen k\u00f6nnen, an die 360 km. <\/p>\n<p>Das Skigebiet dort ist eh schon klein, aber es war noch dazu nur eine Abfahrt an der DSB und einer der beiden SL ge\u00f6ffnet. Also muss man nicht so fr\u00fch dort sein, und so fuhr ich erst nach 8 Uhr in Innsbruck los. Schneefahrbahnen bis Sterzing, aber mit 80 fahrbar. <\/p>\n<p>(Fotos anklicken zum Vergr\u00f6\u00dfern, soweit nicht vergr\u00f6\u00dfert gepostet)<\/p>\n<p><a href='http:\/\/extra.inmontanis.info\/d\/12659-2\/DSC06026.jpg'><img src=http:\/\/extra.inmontanis.info\/d\/12656-3\/DSC06026.jpg \/><\/a><br \/>\n^ Auffahrt zum Brenner, problemlos mit 80 zu fahren.<\/p>\n<p><a href='http:\/\/ski.inmontanis.info\/d\/139050-2\/DSC06032.jpg'><img src=http:\/\/ski.inmontanis.info\/d\/139049-3\/DSC06032.jpg \/><\/a><br \/>\n^ Am Plose-Skigebiet spitzte das erste Mal die Sonne durch<\/p>\n<p><a href='http:\/\/ski.inmontanis.info\/d\/139054-2\/DSC06043.jpg'><img src=http:\/\/ski.inmontanis.info\/d\/139053-3\/DSC06043.jpg \/><\/a><br \/>\n^ Blick zum Monte Bondone von der Autobahn aus<\/p>\n<p><img src=http:\/\/ski.inmontanis.info\/d\/139058-2\/DSC06044.jpg \/><br \/>\n^ Zoom zum Monte Bondone-Skigebiet von der Autobahn aus<\/p>\n<p><a href='http:\/\/extra.inmontanis.info\/d\/12663-2\/DSC06048.jpg'><img src=http:\/\/extra.inmontanis.info\/d\/12661-3\/DSC06048.jpg \/><\/a><br \/>\n^ Auffahrt zum Passo Fittanze della Sega, 20% max. Steigung lt. Schild, Fahrverbot f\u00fcr gr\u00f6\u00dfere LKWs, immerhin \u00fcber 1000hm vom Tal hier &#8230;<\/p>\n<p><a href='http:\/\/extra.inmontanis.info\/d\/12667-2\/DSC06055.jpg'><img src=http:\/\/extra.inmontanis.info\/d\/12665-3\/DSC06055.jpg \/><\/a><br \/>\n^ Stra\u00dfe zum Passo Fittanze<\/p>\n<p><img src=http:\/\/extra.inmontanis.info\/d\/12671-2\/DSC06060.jpg \/><br \/>\n^ Pano ins Etschtal von der Stra\u00dfe zum Passo Fittanze<\/p>\n<p><img src=http:\/\/extra.inmontanis.info\/d\/12675-2\/DSC06067.jpg \/><br \/>\n^ Passo Fittanze della Sega<\/p>\n<p><a href='http:\/\/extra.inmontanis.info\/d\/12679-2\/DSC06068.jpg'><img src=http:\/\/extra.inmontanis.info\/d\/12677-3\/DSC06068.jpg \/><\/a><br \/>\n^ Passo Fittanze della Sega<\/p>\n<p><a href='http:\/\/extra.inmontanis.info\/d\/12683-2\/DSC06070.jpg'><img src=http:\/\/extra.inmontanis.info\/d\/12681-3\/DSC06070.jpg \/><\/a><br \/>\n^ \u00dcberraschenderweise gibt&#8217;s hier  ein kleines Skigebiet mit 2 F\u00f6rderb\u00e4ndern, einem Funpark und Beschneiung! Aber wg. Schneemangels geschlossen.<\/p>\n<p><a href='http:\/\/extra.inmontanis.info\/d\/12687-2\/DSC06073.jpg'><img src=http:\/\/extra.inmontanis.info\/d\/12685-3\/DSC06073.jpg \/><\/a><br \/>\n^ Kleines Skigebiet am Passo Fittanze della Sega<\/p>\n<p>Gegen 12 Uhr war ich am Parkplatz in San Giorgio &#8211; und die DSB transportierte die letzten Skifahrer. Wurde er also doch noch wg. Sturm eingestellt. Schade.<\/p>\n<p><a href='http:\/\/ski.inmontanis.info\/d\/139001-2\/DSC06084.jpg'><img src=http:\/\/ski.inmontanis.info\/d\/139000-3\/DSC06084.jpg \/><\/a><br \/>\n^ Stillgelegtes Skigebiet etwas s\u00fcdlich des Monte Tomba<\/p>\n<p><a href='http:\/\/ski.inmontanis.info\/d\/139005-2\/DSC06083.jpg'><img src=http:\/\/ski.inmontanis.info\/d\/139004-3\/DSC06083.jpg \/><\/a><br \/>\n^ Monte Tomba. Moment, da fehlt doch was &#8230;. die St\u00fctzen der DSB wurden inzwischen abgetragen :-(<\/p>\n<p>Die hier, Foto von 2005:<br \/>\n<a href='http:\/\/ski.inmontanis.info\/d\/27659-2\/10020042_G.jpg'><img src=http:\/\/ski.inmontanis.info\/d\/27659-2\/10020042_G.jpg \/><\/a><br \/>\n^ LSAP-DSB-St\u00fctze. Wie man leicht erkennen kann, hab ich mit meinem Auto etwas Vorteile bei diesen Stra\u00dfen als Alpenk\u00f6nig ;-)<\/p>\n<p>Kleiner Pistenplan von 2006, verunstalterweise:<br \/>\n<a href='http:\/\/ski.inmontanis.info\/d\/27825-2\/P1040101.jpg'><img src=http:\/\/ski.inmontanis.info\/d\/27825-2\/P1040101.jpg \/><\/a><br \/>\n^ Pistenplan Monte Tomba \/ San Giorgio. Die LSAP-Lifte hab ich nach meinen derzeitigen Wissensstand eingezeichnet. Vielleicht gab es ja noch mehr ? <\/p>\n<p><a href='http:\/\/ski.inmontanis.info\/d\/139046-2\/DSC06091.jpg'><img src=http:\/\/ski.inmontanis.info\/d\/139045-3\/DSC06091.jpg \/><\/a><br \/>\n^ Monte Tomba. Leider ja schon seit Jahren stillgelegt.<\/p>\n<p><a href='http:\/\/ski.inmontanis.info\/d\/139010-2\/DSC06098.jpg'><img src=http:\/\/ski.inmontanis.info\/d\/139009-3\/DSC06098.jpg \/><\/a><br \/>\n^ Dieser SL am Monte Tomba wurde noch stehen gelassen.<\/p>\n<p><img src=http:\/\/ski.inmontanis.info\/d\/139014-2\/DSC06094.jpg \/><br \/>\n^ Nur noch im kleinen Teil von San Giorgio ist Skibetrieb. In Bildmitte der Nascivera-SL Valon<\/p>\n<p><img src=http:\/\/ski.inmontanis.info\/d\/139018-2\/DSC06095.jpg \/><br \/>\n^ DSB, wurde kurz nach 12 Uhr wegen des Sturms eingestellt.<\/p>\n<p><img src=http:\/\/ski.inmontanis.info\/d\/139022-2\/DSC06099.jpg \/><br \/>\n^ .. aber man hatte auch von der Stra\u00dfe aus ein sch\u00f6nes Pano auf die Po-Ebene.<\/p>\n<p><img src=http:\/\/ski.inmontanis.info\/d\/139026-2\/DSC06100.jpg \/><br \/>\n^ Zoom \u00fcber die Ebene in den Appennino, in Bildmitte der Cimone (war in Wirklichkeit etwas besser sichtbar als am Bild)<\/p>\n<p><img src=http:\/\/ski.inmontanis.info\/d\/139030-2\/DSC09381.jpg \/><br \/>\n^ IR-Zoom \u00fcber die Ebene in den Appennino (Cimone links)<\/p>\n<p><img src=http:\/\/ski.inmontanis.info\/d\/138997-2\/DSC09385_bgr.jpg \/><br \/>\n^ IR-Zoom Corno alle Scale, 176 km, vom Skigebiet Malga San Giorgio (Lessinia)<\/p>\n<p><img src=http:\/\/ski.inmontanis.info\/d\/138993-2\/DSC09386_bgr.jpg \/><br \/>\n^ IR-Zoom Monte Cimone, 170 km, vom Skigebiet Malga San Giorgio (Lessinia)<\/p>\n<p>Am Cimone und in Abetone hat man inzwischen immerhin ca. die H\u00e4lfte der Pisten dank Beschneiung ge\u00f6ffnet. Am Corno d. Scale schaut&#8217;s leider d\u00fcsterer aus, und in manchen Skigebieten konnte noch nicht mal gen\u00fcgend Schnee f\u00fcr ein Baby-F\u00f6rderband produziert werden! <\/p>\n<p>Ich fordere hiermit eine Gleichbehandlung aller europ\u00e4ischen Skigebiete, was die Vergabe der winterlichen Schneemenge angeht :)<\/p>\n<p><img src=http:\/\/ski.inmontanis.info\/d\/139034-2\/DSC09388_bgr.jpg \/><br \/>\n^ IR-Zoom Monte Cusna, 166 km<\/p>\n<p>Was nun? Zu Fu\u00df auf den Mone Tomba und mit den Skiern auf dem Wanderweg runter? Oder es am Monte Baldo probieren? Hatte zwar keine Info, ob da Skibetrieb war, aber ich habs mal probiert. Die Stra\u00dfe zu Pra Alpesina kannte ich eh noch nicht. Sonst ist auch nichts vern\u00fcnftiges offen, was einigerma\u00dfen sinnvoll anfahrbar w\u00e4re, und von dort oben h\u00e4tte man wenigstens ein sch\u00f6nes Pano. Auch wenn ich dem ESL noch nachtrauere&#8230;.<\/p>\n<p><a href='http:\/\/ski.inmontanis.info\/d\/139038-2\/DSC06102.jpg'><img src=http:\/\/ski.inmontanis.info\/d\/139037-3\/DSC06102.jpg \/><\/a><br \/>\n^ Der stillgelegte SL bei Griez, n\u00e4he Tomba\/Giorgio steht auch noch rum &#8230;<\/p>\n<p><a href='http:\/\/ski.inmontanis.info\/d\/139042-2\/DSC06103.jpg'><img src=http:\/\/ski.inmontanis.info\/d\/139041-3\/DSC06103.jpg \/><\/a><br \/>\n^ Stillgelegter SL bei Griez<\/p>\n<p><img src=http:\/\/ski.inmontanis.info\/d\/138968-2\/DSC06104.jpg \/><br \/>\n^ Blick zum Monte Baldo Massif von den Monti Lessini aus; der schwarze Punkt oben am Kamm in Bildmitte ist das Rifugio oberhalb des ESL von Prada-Costabella.<\/p>\n<p><a href='http:\/\/ski.inmontanis.info\/d\/138989-2\/DSC06111.jpg'><img src=http:\/\/ski.inmontanis.info\/d\/138988-3\/DSC06111.jpg \/><\/a><br \/>\n^ Blick zum Monte Baldo Massif von den Monti Lessini aus; in Bildmitte das ehemalige Skigebiet am Cavallo di Novezza<\/p>\n<p><a href='http:\/\/ski.inmontanis.info\/d\/138973-2\/DSC06115.jpg'><img src=http:\/\/ski.inmontanis.info\/d\/138972-3\/DSC06115.jpg \/><\/a><br \/>\n^ Ehemaliges Novezza-Skigebiet (westlicher Teil; der \u00f6stliche Teil auf der anderen Seite der Passstra\u00dfe d\u00fcrfte etwas gr\u00f6\u00dfer gewesen sein)<\/p>\n<p>F\u00fcr weitere Informationen und Fotos empfehle ich den Fundamenti-Bericht:<br \/>\n<a href='http:\/\/www.sommerschi.com\/forum\/reportagen-f8\/fundamenti-tour-vers-2-5-tag-3-t164.html'>http:\/\/www.sommerschi.com\/forum\/reportagen-f8\/fundamenti-tour-vers-2-5-tag-3-t164.html<\/a><\/p>\n<p><a href='http:\/\/ski.inmontanis.info\/d\/138977-2\/DSC06119.jpg'><img src=http:\/\/ski.inmontanis.info\/d\/138976-3\/DSC06119.jpg \/><\/a><br \/>\n^ Stra\u00dfe Avio &#8211; Monte Baldo<\/p>\n<p>Nun, ca. 14 Uhr war ich dort &#8211; Liftbetrieb gab&#8217;s wg. Schneemangels nicht. Hatte mir \u00fcberlegt, zu Fu\u00df rauf zu gehen, mit den Skiern am Rucksack &#8230;<\/p>\n<p>.. da fiel mir ein, dass ich ja an meinem neuen Photo-Rucksack gar keine Ski montieren kann und ich den andern Rucksack gar nicht dabei hatte! Merken: Im gro\u00dfen Urlaub beide Rucks\u00e4cke mitnehmen!<\/p>\n<p><img src=http:\/\/ski.inmontanis.info\/d\/138981-2\/DSC06138.jpg \/><br \/>\n^ Wegen Schneemangels noch kein Skibetrieb am Monte Baldo \/ Pra Alpesina.<\/p>\n<p><img src=http:\/\/ski.inmontanis.info\/d\/138985-2\/DSC06139.jpg \/><br \/>\n^ Die Umlenkscheibe (CFM) des ESL ist jetzt ein Monument geworden :) Ungew\u00f6hnliche Inszenierung f\u00fcr eine Umlenkscheibe, meist stehen die nur irgendwo rum und es werden eher St\u00fctzen und Sessel zur Schau gestellt.<\/p>\n<p>Weiter nach Valentino\/Brentonico. Der SL lief nicht, die linke und rechte 4(K)SB wohl schon, aber vmtl. nicht die Verbindungsbahn. 14:30 war&#8217;s inzwischen. Auf die beiden Lifte hatte ich jetzt auch keine Lust mehr, wenn die beiden SL und die interessanteren Abfahrten nicht ge\u00f6ffnet waren. Neben dem inzwischen ersetzten Graffer-ESL hatte ich noch den linken SL Momo in positiver Erinnerung &#8230;<\/p>\n<p><img src=http:\/\/ski.inmontanis.info\/d\/138951-2\/DSC06140.jpg \/><br \/>\n^ Bergstation SL Momo (Bildmitte) im Skigebiet Polsa-Valentino<\/p>\n<p><img src=http:\/\/ski.inmontanis.info\/d\/138955-2\/DSC06146.jpg \/><br \/>\n^ SL San Valentino, wg. Schneemangels lief er wohl noch nicht. Die 2 4SBs liefen jedoch.<\/p>\n<p><img src=http:\/\/ski.inmontanis.info\/d\/138964-2\/DSC06148.jpg \/><br \/>\n^ Postemon \/ San Valentino<\/p>\n<p><img src=http:\/\/ski.inmontanis.info\/d\/138960-2\/DSC06150.jpg \/><br \/>\n^ Polsa \/ 4KSB Montagnola, war auch in Betrieb<\/p>\n<p>Fazit: Zwar leider kein Skifahren heute, aber immerhin \u00fcber die Poebene zum Appennino sehen k\u00f6nnen, und den ganzen Tag Sonne gehabt. Vmtl. besser als der st\u00fcrmische Dauerschneefall in Nordtirol.<\/p>\n<p>Hatte ja egtl. vor, irgendwo zwischen Lessini und Gardasee zu n\u00e4chtigen, aber nachdem ich jetzt sooo fr\u00fch dran war &#8230; wollte ich halt doch in Gaver mein Gl\u00fcck probieren, wo ich morgen skifahren wollte. <\/p>\n<p><img src=http:\/\/extra.inmontanis.info\/d\/12691-2\/DSC06152.jpg \/><br \/>\n^ Gardasee<\/p>\n<p><img src=http:\/\/extra.inmontanis.info\/d\/12695-2\/DSC06154.jpg \/><br \/>\n^ Gardasee<\/p>\n<p><a href='http:\/\/extra.inmontanis.info\/d\/12699-2\/DSC06158.jpg'><img src=http:\/\/extra.inmontanis.info\/d\/12697-3\/DSC06158.jpg \/><\/a><br \/>\n^ .. auch interessant, was das wohl mal h\u00e4tte werden sollen?<\/p>\n<p>Ankunft um 16:40 am Hotel Europa. Tja, Ex-Hotel. Das ist kein Hotel mehr. Sondern eine Jugendherberge oder Pfadfinderheim oder so. Gnnnn&#8230;. Wo anders hatte ich dann gar nicht mehr gefragt, die Locanda ist vmtl. unter meinem Standard und das Rifugio am SL .. die hatten heut Nachtski, also ist sicher ein ziemlicher L\u00e4rm den ganzen Abend. Ne danke. Im Albergo in Valdorizzo war ich schon letztes Mal nicht erw\u00fcnscht, und das Garni daneben war zappenduster. Runter nach Bagolino .. und es dort im au\u00dferhalb gelegenen Piccolo-Hotel probiert. Letzes Mal wurde ja umgebaut, mittlerweile sollte es im Winter ofen haben. Naja, Zimmer waren alle frei, aber wg. irgendwelcher Probleme konnte ich auch dort nicht bleiben. Die andere beiden Hotels in Bagolino hab ich mir nicht angetan, glaub die waren mittig sehr eng im Ort gelegen.<\/p>\n<p>Also wieder ganz runter &#8230;. am See sind nat\u00fcrlich auch viele Hotels im Winter zu, so dass ich gar nicht erst angefangen hatte, rumzusuchen, und bin eben wieder zum Ledro-See zur\u00fcck, wo ich mir ein paar Hotels gestern im Internet rausgesucht hatte. Hab mich nun im Prealpin einquartiert, abseits der Hauptstra\u00dfe. Bin anscheinend fast der einzige Gast, die ca. 2 ge\u00f6ffneten Hotels unten an der Hauptstra\u00dfe sahen ziemlich voll aus. Bis Gaver darf ich morgen fr\u00fch aber wieder ne gute Stunde fahren. Das Zimmer hier h\u00e4tte ich auch fr\u00fcher haben k\u00f6nnen. Aber was h\u00e4tte ich um 15:30 hier schon gemacht? :) Essen gibts ja eh erst ab 19:30 Uhr, sind ja in Italien. Eine Jungfamilie war noch da, sonst war&#8217;s leer. Als ich um 20:40 mit meinen drei G\u00e4ngen fertig war, war au\u00dfen die Bar gut gef\u00fcllt mit haufenweise Kinder. Dass heut 6.1. ist und es in Italien heute erst die Weihnachtsgeschenke gibt, wusste ich ja, aber dass das erst um 20 oder 21 Uhr ist und man dazu mit die kleinen Kinder noch in die Bar geht &#8230; da h\u00e4tte ich mir ein Zimmer im 2. Stock gew\u00fcnscht ;-)<\/p>\n<p>Essen war \u00fcbrigens ganz OK. Tagliatelle mit Lammragout, Manzo Brasato (1mm d\u00fcnn geschnitten) mit fritierten Kartoffelecken und so eine Art Amaretto-Eis mit Sahne.<\/p>\n<p>Schockiert war ich ja heut \u00fcber die Benzinprese. Normal ist Italien ja immer so ca. 10 Cent teurer gewesen, seit den Erh\u00f6hungen in AT in den letzten Jahren konnte man den Diesel aber an ital. Autobahnrastst\u00e4tten oft in etwa zum gleiche Preis wie in Nordtirol bekommen.<\/p>\n<p>Aber irgendwas hat sich da wohl ge\u00e4ndert. W\u00e4rend in Innsbruck Benzin und Diesel in letzter Zeit konstant um die 1,35-1,39 gekostet haben, hab ich heute in Italien nur Preise um 1,61-1,71 gelesen!! An der einen Zapfs\u00e4ule an der Autobahn hab ich das erste Mal in meinem Leben einen Sprit-Preis von \u00fcber 2,- \u20ac gelesen!!! <\/p>\n<p><strong>7.1.2012<\/strong><\/p>\n<p>Zum Fr\u00fchst\u00fcck gab&#8217;s sogar frische Semmeln, und Schinken. F\u00fcr ital. Verh\u00e4ltnisse also \u00fcberdurchschnittlich. Beim Bezahlen hab ich mich aber etwas gewundert &#8211; musste f\u00fcr die HP nur 40,- (zzgl. Mineralwasser) zahlen. Hatte gestern Abend egtl. was von 43+5 oder 50,- gemeint geh\u00f6rt zu haben (auch im Internet stand was von 47,- f\u00fcr HP EZ drin) &#8230;. Ich war so \u00fcberrascht, dass ich erstmals meinen Pass verga\u00df &#8211; zum Gl\u00fcck lief einer raus, als ich schon l\u00e4ngst am Auto war :-)<\/p>\n","protected":false},"excerpt":{"rendered":"<p>Die Flucht, 6-8.1.2012 Teil 1: 6.1.2012<\/p>\n<p>Aufgrund der schlechten Wettervorhersage f\u00fcr dieses verl\u00e4ngerte Wochenende fl\u00fcchtete ich in den S\u00fcden. Die Suche nach einem geeigneten Ziel gestaltete sich aber recht schwierig, denn in den italienischen Alpen, abseite des Hauptkamms, liegt wenig, sehr wenig oder gar kein Schnee &#8230;. zudem wurde in allen Gegenden auch starker Wind <a href=\"http:\/\/blog.inmontanis.info\/?p=1847\">[&#8230;]<\/a><\/p>\n","protected":false},"author":1,"featured_media":0,"comment_status":"open","ping_status":"closed","sticky":false,"template":"","format":"standard","meta":{"footnotes":""},"categories":[108,520,15,463,406,27],"tags":[49,90,45,47],"class_list":["post-1847","post","type-post","status-publish","format-standard","hentry","category-201201-flucht","category-brentonico","category-italienitaly","category-monte-baldo","category-san-giorgio","category-skifahren-winterskiing-winter","tag-4sb","tag-infrarot","tag-see","tag-sl","odd"],"_links":{"self":[{"href":"http:\/\/blog.inmontanis.info\/index.php?rest_route=\/wp\/v2\/posts\/1847","targetHints":{"allow":["GET"]}}],"collection":[{"href":"http:\/\/blog.inmontanis.info\/index.php?rest_route=\/wp\/v2\/posts"}],"about":[{"href":"http:\/\/blog.inmontanis.info\/index.php?rest_route=\/wp\/v2\/types\/post"}],"author":[{"embeddable":true,"href":"http:\/\/blog.inmontanis.info\/index.php?rest_route=\/wp\/v2\/users\/1"}],"replies":[{"embeddable":true,"href":"http:\/\/blog.inmontanis.info\/index.php?rest_route=%2Fwp%2Fv2%2Fcomments&post=1847"}],"version-history":[{"count":4,"href":"http:\/\/blog.inmontanis.info\/index.php?rest_route=\/wp\/v2\/posts\/1847\/revisions"}],"predecessor-version":[{"id":1861,"href":"http:\/\/blog.inmontanis.info\/index.php?rest_route=\/wp\/v2\/posts\/1847\/revisions\/1861"}],"wp:attachment":[{"href":"http:\/\/blog.inmontanis.info\/index.php?rest_route=%2Fwp%2Fv2%2Fmedia&parent=1847"}],"wp:term":[{"taxonomy":"category","embeddable":true,"href":"http:\/\/blog.inmontanis.info\/index.php?rest_route=%2Fwp%2Fv2%2Fcategories&post=1847"},{"taxonomy":"post_tag","embeddable":true,"href":"http:\/\/blog.inmontanis.info\/index.php?rest_route=%2Fwp%2Fv2%2Ftags&post=1847"}],"curies":[{"name":"wp","href":"https:\/\/api.w.org\/{rel}","templated":true}]}}