{"id":1844,"date":"2011-12-26T18:28:12","date_gmt":"2011-12-26T17:28:12","guid":{"rendered":"http:\/\/blog.inmontanis.info\/?p=1844"},"modified":"2023-07-30T18:25:01","modified_gmt":"2023-07-30T16:25:01","slug":"hochgrat-26-12-2011-bodensee-sonnenuntergang","status":"publish","type":"post","link":"http:\/\/blog.inmontanis.info\/?p=1844","title":{"rendered":"Hochgrat, 26.12.2011 \/ Bodensee &#038; Sonnenuntergang"},"content":{"rendered":"<p>Ich war ja erst vor einem Jahr am Hochgrat, aber nachdem so manch anderes Gebiet in den \u00f6stlichen bayrischen Alpen noch nicht gen\u00fcgend Schnee hatte (bzw. der Wetterbericht eh schlecht gemeldet hat) und ich im Westen weder im Allg\u00e4u noch in Vorarlberg etwas gefunden hab, was ausreichend ge\u00f6ffnet war und mich mehr interessiert h\u00e4tte&#8230;<!--more--><\/p>\n<p>.. ging&#8217;s also zum Wiederholungsbesuch nach Oberstaufen zum Hochgrat.<\/p>\n<p>Gem\u00fctlich um 8 Uhr ging&#8217;s von Innsbruck los, kurzer Zwischenhalt im McDonalds in F\u00fcssen und irgendwann vor 11 war ich am Parkplatz.<\/p>\n<p>Die Tageskarte kostete 22,50 (die 3,- Parkgeb\u00fchren wurden komplett r\u00fcckerstattet), Wartezeiten gab&#8217;s keine, aber ab &#038; zu musste ich mir die Gondel teilen.<\/p>\n<p>Es sollte heute der perfekte Tag f\u00fcr den Hochgrat werden: Kein Nebel \u00fcber dem Bodensee und dem Flachland und Schneeverh\u00e4ltnisse ganz nach meinem Geschmack.<\/p>\n<p>Ok, die Pisten waren durch den letzten W\u00e4rmeeinbruch mit Regen nicht sooo optimal, und &#8220;nat\u00fcrlich&#8221; steinig\/erdig (aber deshalb f\u00e4hrt man ja hier her, dass man nicht auf modellierten Kunstschneepisten runterrutscht :) ) &#8211; ok, in der mittleren Abfahrt stellenweise etwas zu dreckig. Aber Off-Piste: Ganz mein Fall, ca. 20cm Pulverschnee auf einem harten, ebenen Harschdeckel. Da konnte man &#8220;\u00fcberall&#8221; fahren.<\/p>\n<p>Und davon gibt&#8217;s hier gen\u00fcgend M\u00f6glichkeiten, steiler, flacher, manche werden wohl sogar richtig steile Sachen finden, oberhalb des Waldes, nette schmale Waldschneisen &#8211; hab den ganzen Tag gebraucht, bis ich halbwegs all die Vari\u00e4ntchen (und die Abfahrten) abgegrast hatte, wobei ich ein paar kurze Abfahrtsst\u00fcckchen gar nicht gefahren bin&#8230;<\/p>\n<p>&#8220;Nat\u00fcrlich&#8221; blieb ich zum Schluss noch die paar Minuten bis zum Sonnenuntergang, bevor es wieder nach Innsbruck ging &#8211; nicht ohne wieder beim McDonalds in F\u00fcssen zu halten und Schubecks Feines Zweierlei (Burger mit Rindfleisch, N\u00fcrnberger Rostbratw\u00fcrste, Kraut und interessanter Sauce, lecker) zu essen. Die Fahrt \u00fcber den Fernpass war allerdings etwas anstrengender und voller als am Morgen.<\/p>\n<p>Die 77 Fotos &#8211; eins sch\u00f6ner als das andere:<\/p>\n<p><img src=http:\/\/ski.inmontanis.info\/d\/138634-2\/DSC05738.jpg \/><br \/>\n^ Talstation Hochgratbahn<\/p>\n<p><img src=http:\/\/ski.inmontanis.info\/d\/138927-2\/DSC05741.jpg \/><br \/>\n^ Mittlere Abfahrt<\/p>\n<p><img src=http:\/\/ski.inmontanis.info\/d\/138639-2\/DSC05746.jpg \/><br \/>\n^ Taleinw\u00e4rts<\/p>\n<p><img src=http:\/\/ski.inmontanis.info\/d\/138643-2\/DSC05751.jpg \/><br \/>\n^ Kabinen-Pano<\/p>\n<p><img src=http:\/\/ski.inmontanis.info\/d\/138647-2\/DSC05757.jpg \/><br \/>\n^ Oberster Streckenteil<\/p>\n<p><img src=http:\/\/ski.inmontanis.info\/d\/138651-2\/DSC05760.jpg \/><br \/>\n^ Panorama-Kabine ;-)<\/p>\n<p><img src=http:\/\/ski.inmontanis.info\/d\/138655-2\/DSC05771.jpg \/><br \/>\n^ Pano mit 4EUB<\/p>\n<p><img src=http:\/\/ski.inmontanis.info\/d\/138659-2\/DSC05779.jpg \/><br \/>\n^ R\u00fcckseiten- \/ S\u00fcd-Pano<\/p>\n<p><img src=http:\/\/ski.inmontanis.info\/d\/138663-2\/DSC05807.jpg \/><br \/>\n^ Pano (S\u00fcd\/West)<\/p>\n<p><img src=http:\/\/ski.inmontanis.info\/d\/138667-2\/DSC05806.jpg \/><br \/>\n^ Pano (Nord\/West)<\/p>\n<p><img src=http:\/\/ski.inmontanis.info\/d\/138671-2\/DSC05805.jpg \/><br \/>\n^ Varianteneinfahrt<\/p>\n<p><img src=http:\/\/ski.inmontanis.info\/d\/138675-2\/DSC05819.jpg \/><br \/>\n^ 4EUB-Kabine<\/p>\n<p><img src=http:\/\/ski.inmontanis.info\/d\/138679-2\/DSC05822.jpg \/><br \/>\n^ Strecke im Zoom<\/p>\n<p><img src=http:\/\/ski.inmontanis.info\/d\/138683-2\/DSC05835.jpg \/><br \/>\n^ St\u00fctzen\u00fcberfahrt<\/p>\n<p><img src=http:\/\/ski.inmontanis.info\/d\/138687-2\/DSC05790.jpg \/><br \/>\n^ Gipfel-Zoom (S\u00e4ntis)<\/p>\n<p><img src=http:\/\/ski.inmontanis.info\/d\/138691-2\/DSC05784.jpg \/><br \/>\n^ Gipfel-Zoom<\/p>\n<p><img src=http:\/\/ski.inmontanis.info\/d\/138695-2\/DSC05787.jpg \/><br \/>\n^ Gipfel-Zoom<\/p>\n<p><img src=http:\/\/ski.inmontanis.info\/d\/138699-2\/DSC05833.jpg \/><br \/>\n^ Zoom Bodensee<\/p>\n<p><img src=http:\/\/ski.inmontanis.info\/d\/138703-2\/DSC05825.jpg \/><br \/>\n^ Zoom Bodensee<\/p>\n<p><img src=http:\/\/ski.inmontanis.info\/d\/138707-2\/DSC05826.jpg \/><br \/>\n^ Zoom ins Flachland<\/p>\n<p><img src=http:\/\/ski.inmontanis.info\/d\/138711-2\/DSC09307_bgr.jpg \/><br \/>\n^ IR-Pano zum Bodensee<\/p>\n<p><img src=http:\/\/ski.inmontanis.info\/d\/138715-2\/DSC09333_bgr.jpg \/><br \/>\n^ IR-Pano S\u00fcd\/West<\/p>\n<p><img src=http:\/\/ski.inmontanis.info\/d\/138719-2\/DSC09332.jpg \/><br \/>\n^ IR-Pano Nord\/West<\/p>\n<p><img src=http:\/\/ski.inmontanis.info\/d\/138723-2\/DSC09335_bgr.jpg \/><br \/>\n^ IR-Zoom Bodensee<\/p>\n<p><img src=http:\/\/ski.inmontanis.info\/d\/138727-2\/DSC09322.jpg \/><br \/>\n^ IR-Zoom Bodensee \/  Schwarzwald<\/p>\n<p><img src=http:\/\/ski.inmontanis.info\/d\/138731-2\/DSC09326-.jpg \/><br \/>\n^ IR-Zoom Bodensee<\/p>\n<p><img src=http:\/\/ski.inmontanis.info\/d\/138735-2\/DSC09357_bgr.jpg \/><br \/>\n^ IR-Zoom Flachland<\/p>\n<p><img src=http:\/\/ski.inmontanis.info\/d\/138739-2\/DSC05796.jpg \/><br \/>\n^ Abseits der Piste war&#8217;s heut sch\u00f6ner ;-)<\/p>\n<p><img src=http:\/\/ski.inmontanis.info\/d\/138743-2\/DSC05798.jpg \/><br \/>\n^ Talstation<\/p>\n<p><img src=http:\/\/ski.inmontanis.info\/d\/138747-2\/DSC05776.jpg \/><br \/>\n^ Bergstation (der Ausgang scheint mir im Sommer neu gemacht worden zu sein)<\/p>\n<p><img src=http:\/\/ski.inmontanis.info\/d\/138751-2\/DSC05846.jpg \/><br \/>\n^ Wieder abseits der Piste, mit Flachland-Pano und 4EUB<\/p>\n<p><img src=http:\/\/ski.inmontanis.info\/d\/138755-2\/DSC05848.jpg \/><br \/>\n^ Auf der linken Abfahrt<\/p>\n<p><img src=http:\/\/ski.inmontanis.info\/d\/138759-2\/DSC05857.jpg \/><br \/>\n^ Hochgrat und Bahn<\/p>\n<p><img src=http:\/\/ski.inmontanis.info\/d\/138763-2\/DSC05860.jpg \/><br \/>\n^ Letzte St\u00fctze<\/p>\n<p><img src=http:\/\/ski.inmontanis.info\/d\/138767-2\/DSC05861.jpg \/><br \/>\n^ Gondelhochzeit (erinnert in dieser Kombination an eine DUB ;-) )<\/p>\n<p><img src=http:\/\/ski.inmontanis.info\/d\/138771-2\/DSC05872.jpg \/><br \/>\n^ Elegante, filigrane Fachwerkst\u00fctze<\/p>\n<p><img src=http:\/\/ski.inmontanis.info\/d\/138775-2\/DSC05878.jpg \/><br \/>\n^ Kabine \u00fcber dem Flachland<\/p>\n<p><img src=http:\/\/ski.inmontanis.info\/d\/138779-2\/DSC05881.jpg \/><br \/>\n^ In Orange s\u00e4hen die Kabinen auch nett aus.<\/p>\n<p><img src=http:\/\/ski.inmontanis.info\/d\/138783-2\/DSC05883.jpg \/><br \/>\n^ Wow, sogar in Wei\u00df w\u00e4ren die PHB-Kabinen sehr elegant!<\/p>\n<p><img src=http:\/\/ski.inmontanis.info\/d\/138787-2\/DSC05888.jpg \/><br \/>\n^ Kleine, nette Variante im mittleren Teil (Waldhang, rechts der Abfahrt)<\/p>\n<p><img src=http:\/\/ski.inmontanis.info\/d\/138791-2\/DSC05894.jpg \/><br \/>\n^ &#8230; weiter unten ..<\/p>\n<p><img src=http:\/\/ski.inmontanis.info\/d\/138944-2\/DSC05896.jpg \/><br \/>\n^ .. hier kommt man wieder auf die Abfahrt (bzw. den Skiweg)<\/p>\n<p><img src=http:\/\/ski.inmontanis.info\/d\/138796-2\/DSC05898.jpg \/><br \/>\n^ Variante bzw. Abk\u00fcrzug des Skiwegs der rechten Abfahrt<\/p>\n<p><img src=http:\/\/ski.inmontanis.info\/d\/138800-2\/DSC05901.jpg \/><br \/>\n^ Hoch \u00fcber dem Flachland &#8230;<\/p>\n<p><img src=http:\/\/ski.inmontanis.info\/d\/138804-2\/DSC05902.jpg \/><br \/>\n^ Ohne Blau und Gr\u00fcn<\/p>\n<p><img src=http:\/\/ski.inmontanis.info\/d\/138808-2\/DSC05903.jpg \/><br \/>\n^ Off-Piste unterhalb der Bergstation<\/p>\n<p><img src=http:\/\/ski.inmontanis.info\/d\/138812-2\/DSC05905.jpg \/><br \/>\n^ Detailaufnahme der Gondel<\/p>\n<p><img src=http:\/\/ski.inmontanis.info\/d\/138816-2\/DSC05909.jpg \/><br \/>\n^ Talw\u00e4rts blieben die T\u00fcren offen (T\u00fcren werden nur automatisch ge\u00f6ffnet, aber manuell geschlossen).<\/p>\n<p><img src=http:\/\/ski.inmontanis.info\/d\/138932-2\/DSC05915.jpg \/><br \/>\n^ Kabine an St\u00fctze 13<\/p>\n<p><img src=http:\/\/ski.inmontanis.info\/d\/138821-2\/DSC09358.jpg \/><br \/>\n^ Variante unterhalb der Gondelbahn (IR)<\/p>\n<p><img src=http:\/\/ski.inmontanis.info\/d\/138825-2\/DSC09361a.jpg \/><br \/>\n^ Oberer Variantenhang links der Gondel (IR)<\/p>\n<p><img src=http:\/\/ski.inmontanis.info\/d\/138829-2\/DSC09369_bgr.jpg \/><br \/>\n^ IR-Pano mit 4EUB und Flachland. (Diesmal sind die Kabinen von selbst wei\u00df geworden.)<\/p>\n<p><img src=http:\/\/ski.inmontanis.info\/d\/138833-2\/DSC09370.jpg \/><br \/>\n^ IR-Pano mit 4EUB und Flachland (ohne RGB-BGR &#8211; Kanaltausch)<\/p>\n<p><img src=http:\/\/ski.inmontanis.info\/d\/138837-2\/DSC05922.jpg \/><br \/>\n^ Noch eine weitere leckere Wald-Variante<\/p>\n<p><img src=http:\/\/ski.inmontanis.info\/d\/138841-2\/DSC05924.jpg \/><br \/>\n^ Dito, aber von unten<\/p>\n<p><img src=http:\/\/ski.inmontanis.info\/d\/138845-2\/DSC05926.jpg \/><br \/>\n^ .. schl\u00e4ngelt sich sch\u00f6n durch den Wald ..<\/p>\n<p><img src=http:\/\/ski.inmontanis.info\/d\/138849-2\/DSC05928.jpg \/><br \/>\n^ Nach kurzem Skiweg kommt nochmal ein Einstieg in eine weitere Variante ;-)<\/p>\n<p><img src=http:\/\/ski.inmontanis.info\/d\/138853-2\/DSC05919.jpg \/><br \/>\n^ Skiweg, Bergstation, Pano.<\/p>\n<p><img src=http:\/\/ski.inmontanis.info\/d\/138857-2\/DSC05930.jpg \/><br \/>\n^ Ende Dezember muss man nicht all zu lang warten, bis man den Sonnenuntergang genie\u00dfen kann ;-)<\/p>\n<p><img src=http:\/\/ski.inmontanis.info\/d\/138861-2\/DSC05946.jpg \/><br \/>\n^ .. aber je weiter man richtung Gipfel geht, desto sp\u00e4ter wird&#8217;s. Also bin ich nicht weiter hinauf ;)<\/p>\n<p><img src=http:\/\/ski.inmontanis.info\/d\/138865-2\/DSC09371_bgr.jpg \/><br \/>\n^ Bodensee-Zoom (IR)<\/p>\n<p><img src=http:\/\/ski.inmontanis.info\/d\/138869-2\/DSC09375-.jpg \/><br \/>\n^ Flachland-Zoom (IR)<\/p>\n<p><img src=http:\/\/ski.inmontanis.info\/d\/138873-2\/DSC09376_bgr.jpg \/><br \/>\n^ Bodensee-Zoom (IR) mit Schiffsverkehr<\/p>\n<p><img src=http:\/\/ski.inmontanis.info\/d\/138877-2\/DSC05951.jpg \/><br \/>\n^ .. stattdessen lieber wieder etwas runter und den rosa Schnee fotografiert. Gipfel und Bergstation<\/p>\n<p><img src=http:\/\/ski.inmontanis.info\/d\/138881-2\/DSC05952.jpg \/><br \/>\n^ Off-Piste-H\u00e4nge im oberen Teil (Alternativ zum Skiweg) mit den letzten Gondeln des Tages<\/p>\n<p><img src=http:\/\/ski.inmontanis.info\/d\/138936-2\/DSC05954.jpg \/><br \/>\n^ Blick zum Bodensee, der heute den ganzen Tag nebelfrei blieb. Danke!<\/p>\n<p><img src=http:\/\/ski.inmontanis.info\/d\/138886-2\/DSC05965.jpg \/><br \/>\n^ Abendpano<\/p>\n<p><img src=http:\/\/ski.inmontanis.info\/d\/138890-2\/DSC05957.jpg \/><br \/>\n^ Bald geht die Sonne unter &#8230;<\/p>\n<p><img src=http:\/\/ski.inmontanis.info\/d\/138894-2\/DSC05969.jpg \/><br \/>\n^ Impression im Abendrot<\/p>\n<p><img src=http:\/\/ski.inmontanis.info\/d\/138898-2\/DSC05970.jpg \/><br \/>\n^ Impression im Abendrot<\/p>\n<p><img src=http:\/\/ski.inmontanis.info\/d\/138902-2\/DSC05963.jpg \/><br \/>\n^ Sonnenuntergang<\/p>\n<p><img src=http:\/\/ski.inmontanis.info\/d\/138906-2\/DSC05981.jpg \/><br \/>\n^ Sonnenuntergang und Off-Piste-Hang im oberen Teil<\/p>\n<p><img src=http:\/\/ski.inmontanis.info\/d\/138910-2\/DSC05986.jpg \/><br \/>\n^ Zoom Bodensee<\/p>\n<p><img src=http:\/\/ski.inmontanis.info\/d\/138914-2\/DSC05993.jpg \/><br \/>\n^ Zoom zur untergegangenen Sonne (etwas \u00fcbertriebeneres HDR-Foto diesmal)<\/p>\n<p><img src=http:\/\/ski.inmontanis.info\/d\/138918-2\/DSC05995.jpg \/><br \/>\n^ Wolkenrot<\/p>\n<p><img src=http:\/\/ski.inmontanis.info\/d\/138940-2\/DSC05997.jpg \/><br \/>\n^ Sonnenuntergang<\/p>\n<p><img src=http:\/\/ski.inmontanis.info\/d\/138923-2\/DSC05999.jpg \/><br \/>\n^ .. und einer der sch\u00f6nsten Skitage der Saison geht zu Ende.<\/p>\n<p>Fazit: So lang der Hochgrat so bleibt wie er jetzt ist, mit der sch\u00f6nen alten PHB-4EUB mit ihren speziellen Skik\u00f6chern, mit den unbeschneiten, nat\u00fcrlichen Abfahrten ohne Pistenbegrenzungsstecken, usw., werd ich gerne 1x im Jahr vorbei kommen. Wie auch schon letzes Jahr, wird wohl auch der heutige Hochgrat-Besuch einer der besten Tage der noch kommenden Restsaison gewesen sein.<\/p>\n","protected":false},"excerpt":{"rendered":"<p>Ich war ja erst vor einem Jahr am Hochgrat, aber nachdem so manch anderes Gebiet in den \u00f6stlichen bayrischen Alpen noch nicht gen\u00fcgend Schnee hatte (bzw. der Wetterbericht eh schlecht gemeldet hat) und ich im Westen weder im Allg\u00e4u noch in Vorarlberg etwas gefunden hab, was ausreichend ge\u00f6ffnet war und mich mehr interessiert h\u00e4tte&#8230;<\/p>\n<p> <a href=\"http:\/\/blog.inmontanis.info\/?p=1844\">[&#8230;]<\/a><\/p>\n","protected":false},"author":1,"featured_media":0,"comment_status":"open","ping_status":"closed","sticky":false,"template":"","format":"standard","meta":{"footnotes":""},"categories":[12,24,264,59,27],"tags":[42,90,45],"class_list":["post-1844","post","type-post","status-publish","format-standard","hentry","category-germany","category-tagestour","category-hochgrat","category-nostalgie","category-skifahren-winterskiing-winter","tag-4eub","tag-infrarot","tag-see","odd"],"_links":{"self":[{"href":"http:\/\/blog.inmontanis.info\/index.php?rest_route=\/wp\/v2\/posts\/1844","targetHints":{"allow":["GET"]}}],"collection":[{"href":"http:\/\/blog.inmontanis.info\/index.php?rest_route=\/wp\/v2\/posts"}],"about":[{"href":"http:\/\/blog.inmontanis.info\/index.php?rest_route=\/wp\/v2\/types\/post"}],"author":[{"embeddable":true,"href":"http:\/\/blog.inmontanis.info\/index.php?rest_route=\/wp\/v2\/users\/1"}],"replies":[{"embeddable":true,"href":"http:\/\/blog.inmontanis.info\/index.php?rest_route=%2Fwp%2Fv2%2Fcomments&post=1844"}],"version-history":[{"count":2,"href":"http:\/\/blog.inmontanis.info\/index.php?rest_route=\/wp\/v2\/posts\/1844\/revisions"}],"predecessor-version":[{"id":1846,"href":"http:\/\/blog.inmontanis.info\/index.php?rest_route=\/wp\/v2\/posts\/1844\/revisions\/1846"}],"wp:attachment":[{"href":"http:\/\/blog.inmontanis.info\/index.php?rest_route=%2Fwp%2Fv2%2Fmedia&parent=1844"}],"wp:term":[{"taxonomy":"category","embeddable":true,"href":"http:\/\/blog.inmontanis.info\/index.php?rest_route=%2Fwp%2Fv2%2Fcategories&post=1844"},{"taxonomy":"post_tag","embeddable":true,"href":"http:\/\/blog.inmontanis.info\/index.php?rest_route=%2Fwp%2Fv2%2Ftags&post=1844"}],"curies":[{"name":"wp","href":"https:\/\/api.w.org\/{rel}","templated":true}]}}