{"id":1840,"date":"2011-12-24T18:25:05","date_gmt":"2011-12-24T17:25:05","guid":{"rendered":"http:\/\/blog.inmontanis.info\/?p=1840"},"modified":"2023-08-06T09:51:10","modified_gmt":"2023-08-06T07:51:10","slug":"elfer-24-12-2011","status":"publish","type":"post","link":"http:\/\/blog.inmontanis.info\/?p=1840","title":{"rendered":"Elfer, 24.12.2011"},"content":{"rendered":"<p>War heute in Neustift und Mieders &#8230;<!--more--><\/p>\n<p>Elfer:<br \/>\n&#8211; alle Anlagen und Abfahrten ge\u00f6ffnet, inkl. Talabfahrt<br \/>\n&#8211; ein Steilhang war unpr\u00e4pariert, Tiefschnee ging gut zu fahren, alternativerweise konnte man das kurze St\u00fcck \u00fcber einen Skiweg umfahren<br \/>\n&#8211; zeitweise etwas Nebel und st\u00e4rkerer Schneefall<br \/>\n&#8211; Pisten griffig (evtl. hier und da etwas zu weich f\u00fcr bissige Kanten), und &#8220;nat\u00fcrlich&#8221; hier und da mit ein paar &#8220;Verzierungen&#8221; in Form nat\u00fcrlicher Gew\u00e4chse (aber genau deshalb fahr ich ja hier so gern)<\/p>\n<p>Serles:<br \/>\n&#8211; alle Anlagen ge\u00f6ffnet<br \/>\n&#8211; Talabfahrt offiziell geschlossen, hatten wohl noch kaum Zeit zu beschneien, etwas schneearm aber griffig (nicht kunstschneeglatt wie sonst \u00fcblich)<br \/>\n&#8211; Betrieb nur bis 15 Uhr (wichtige Info evtl., falls dort n\u00e4chstes Jahr am 24.12. jemand hin will ;) )<\/p>\n<p>Paar Bilder vom Elfer, anklicken zum Vergr\u00f6\u00dfern:<br \/>\n<a href='http:\/\/ski.inmontanis.info\/d\/138594-2\/DSC09293a.jpg'><img src=http:\/\/ski.inmontanis.info\/d\/138593-3\/DSC09293a.jpg \/><\/a><br \/>\n^ Talpano von der Bergstation SL Elfer (IR)<\/p>\n<p><a href='http:\/\/ski.inmontanis.info\/d\/138598-3\/DSC05715.jpg'><img src=http:\/\/ski.inmontanis.info\/d\/138597-4\/DSC05715.jpg \/><\/a><br \/>\n^ Elfer-H\u00fctte<\/p>\n<p><a href='http:\/\/ski.inmontanis.info\/d\/138602-3\/DSC05716.jpg'><img src=http:\/\/ski.inmontanis.info\/d\/138601-4\/DSC05716.jpg \/><\/a><br \/>\n^ Wanderwegweiser<\/p>\n<p><a href='http:\/\/ski.inmontanis.info\/d\/138606-2\/DSC05720.jpg'><img src=http:\/\/ski.inmontanis.info\/d\/138605-3\/DSC05720.jpg \/><\/a><br \/>\n^ SL Elfer<\/p>\n<p><a href='http:\/\/ski.inmontanis.info\/d\/138610-2\/DSC05722.jpg'><img src=http:\/\/ski.inmontanis.info\/d\/138609-3\/DSC05722.jpg \/><\/a><br \/>\n^ SL Elfer und dahinter SL H\u00f6lltal<\/p>\n<p><a href='http:\/\/ski.inmontanis.info\/d\/138614-2\/DSC05725.jpg'><img src=http:\/\/ski.inmontanis.info\/d\/138613-3\/DSC05725.jpg \/><\/a><br \/>\n^ SL Elfer<\/p>\n<p><a href='http:\/\/ski.inmontanis.info\/d\/138618-2\/DSC05727.jpg'><img src=http:\/\/ski.inmontanis.info\/d\/138617-3\/DSC05727.jpg \/><\/a><br \/>\n^ SL Elfer<\/p>\n<p><a href='http:\/\/ski.inmontanis.info\/d\/138622-2\/DSC05726.jpg'><img src=http:\/\/ski.inmontanis.info\/d\/138621-3\/DSC05726.jpg \/><\/a><br \/>\n^ Mitten auf der Piste. Ist doch nett!<\/p>\n<p><a href='http:\/\/ski.inmontanis.info\/d\/138626-2\/DSC09302.jpg'><img src=http:\/\/ski.inmontanis.info\/d\/138625-3\/DSC09302.jpg \/><\/a><br \/>\n^ SL Elfer, komplett (IR)<\/p>\n<p><a href='http:\/\/ski.inmontanis.info\/d\/138630-3\/DSC09295_bgr.jpg'><img src=http:\/\/ski.inmontanis.info\/d\/138629-4\/DSC09295_bgr.jpg \/><\/a><br \/>\n^ Talabfahrt (IR)<\/p>\n","protected":false},"excerpt":{"rendered":"<p>War heute in Neustift und Mieders &#8230;<\/p>\n<p> <a href=\"http:\/\/blog.inmontanis.info\/?p=1840\">[&#8230;]<\/a><\/p>\n","protected":false},"author":1,"featured_media":0,"comment_status":"open","ping_status":"closed","sticky":false,"template":"","format":"standard","meta":{"footnotes":""},"categories":[890,25,13,27],"tags":[47],"class_list":["post-1840","post","type-post","status-publish","format-standard","hentry","category-neustift-11er","category-noreport","category-austria","category-skifahren-winterskiing-winter","tag-sl","odd"],"_links":{"self":[{"href":"http:\/\/blog.inmontanis.info\/index.php?rest_route=\/wp\/v2\/posts\/1840","targetHints":{"allow":["GET"]}}],"collection":[{"href":"http:\/\/blog.inmontanis.info\/index.php?rest_route=\/wp\/v2\/posts"}],"about":[{"href":"http:\/\/blog.inmontanis.info\/index.php?rest_route=\/wp\/v2\/types\/post"}],"author":[{"embeddable":true,"href":"http:\/\/blog.inmontanis.info\/index.php?rest_route=\/wp\/v2\/users\/1"}],"replies":[{"embeddable":true,"href":"http:\/\/blog.inmontanis.info\/index.php?rest_route=%2Fwp%2Fv2%2Fcomments&post=1840"}],"version-history":[{"count":2,"href":"http:\/\/blog.inmontanis.info\/index.php?rest_route=\/wp\/v2\/posts\/1840\/revisions"}],"predecessor-version":[{"id":1842,"href":"http:\/\/blog.inmontanis.info\/index.php?rest_route=\/wp\/v2\/posts\/1840\/revisions\/1842"}],"wp:attachment":[{"href":"http:\/\/blog.inmontanis.info\/index.php?rest_route=%2Fwp%2Fv2%2Fmedia&parent=1840"}],"wp:term":[{"taxonomy":"category","embeddable":true,"href":"http:\/\/blog.inmontanis.info\/index.php?rest_route=%2Fwp%2Fv2%2Fcategories&post=1840"},{"taxonomy":"post_tag","embeddable":true,"href":"http:\/\/blog.inmontanis.info\/index.php?rest_route=%2Fwp%2Fv2%2Ftags&post=1840"}],"curies":[{"name":"wp","href":"https:\/\/api.w.org\/{rel}","templated":true}]}}