{"id":1831,"date":"2011-12-08T18:15:56","date_gmt":"2011-12-08T17:15:56","guid":{"rendered":"http:\/\/blog.inmontanis.info\/?p=1831"},"modified":"2023-08-06T21:31:06","modified_gmt":"2023-08-06T19:31:06","slug":"kaltenbach-8-12-2011","status":"publish","type":"post","link":"http:\/\/blog.inmontanis.info\/?p=1831","title":{"rendered":"Kaltenbach, 8.12.2011"},"content":{"rendered":"<p>Nun, ich hab schon schnee\u00e4rmere Saisonstarts in Kaltenbach erlebt, nat\u00fcrlich gab&#8217;s hier und da etwas Erde und Gras auf der Abfahrt, und wem das egal war, durfte noch ein paar geschlossene Abfahrten fahren&#8230;.<!--more--><\/p>\n<p>Hochf\u00fcgen war&#8217;s vielleicht generell etwas schlechter, allerdings lief dort auch die Beschneiung durch. Stellenweise war ein extrem starker, kalter Wind, manche Bahn blieb immer mal wieder kurz stehen.<\/p>\n<p>Offiziell noch geschlossen, aber bereits pr\u00e4pariert und mit Aufpassen ganz gut fahrbar waren in Kaltenbach die Abfahrten am Gedrechter\/Neuh\u00fctten und in Hochf\u00fcgen die Abfahrt an der Verbindungs-EUB.<\/p>\n<p><img src=http:\/\/ski.inmontanis.info\/d\/138370-2\/DSC05437.jpg \/><br \/>\n^ Die Abfahrt zur Mittelstation sind schon einige runter &#8211; nachdem die alte 8EUB fuhr.<\/p>\n<p><img src=http:\/\/ski.inmontanis.info\/d\/138374-2\/DSC05440.jpg \/><br \/>\n^ \u00dcbungsgel\u00e4nde an der Zentralstation<\/p>\n<p><img src=http:\/\/ski.inmontanis.info\/d\/138378-2\/DSC05445.jpg \/><br \/>\n^ SL und 6KSB<\/p>\n<p><img src=http:\/\/ski.inmontanis.info\/d\/138382-2\/DSC05448.jpg \/><br \/>\n^ 6KSB Sonnen-Jet; die rechte Abfahrt war etwas pr\u00e4pariert, offiziell aber noch geschlossen. Wenn man aufpasste, konnte man sie aber schon fahren ;)<\/p>\n<p><img src=http:\/\/ski.inmontanis.info\/d\/138386-2\/DSC05449.jpg \/><br \/>\n^ 6KSB Sonnen-Jet<\/p>\n<p><img src=http:\/\/ski.inmontanis.info\/d\/138390-2\/DSC05451.jpg \/><br \/>\n^ Bergstation 6KSB, starker Wind<\/p>\n<p><img src=http:\/\/ski.inmontanis.info\/d\/138354-2\/DSC05473.jpg \/><br \/>\n^ Hochf\u00fcgen Bergstation 8EUB, es waren zwei der 4 Abfahrten offen<\/p>\n<p><img src=http:\/\/ski.inmontanis.info\/d\/138358-2\/DSC05474.jpg \/><br \/>\n^ Hochf\u00fcgen Talabfahrt. Gegen\u00fcber ging offiziell noch nichts, aber an der Verbindungsbahn konnte man &#8211; mit Aufpassen &#8211; schon runter (war tw. pr\u00e4pariert)<\/p>\n<p><img src=http:\/\/ski.inmontanis.info\/d\/138362-2\/DSC05475.jpg \/><br \/>\n^ Hochf\u00fcgen Bergstation 4SB<\/p>\n<p><img src=http:\/\/ski.inmontanis.info\/d\/138366-2\/DSC05476.jpg \/><br \/>\n^ Abfahrt an der Verbindungs-8EUB, offiziell gesperrt, sind aber einige runter. Hier und da einige Grasb\u00fcschel ..<\/p>\n<p><img src=http:\/\/ski.inmontanis.info\/d\/138419-2\/DSC05480.jpg \/><br \/>\n^ Neue Abfahrt unterhalb des neuen Beschneiungsteichs<\/p>\n<p><img src=http:\/\/ski.inmontanis.info\/d\/138394-2\/DSC05482.jpg \/><br \/>\n^ 1 oder 2 neue Abfahrten an der Kr\u00f6ssbichl-4KSB, mit Schneilanzen ausgestattet<\/p>\n<p><img src=http:\/\/ski.inmontanis.info\/d\/138402-2\/DSC05485.jpg \/><br \/>\n^ Einst stand hier ein kurzer SL, inzwischen stehen Schneilanzen f\u00fcr eine Abfahrt.<\/p>\n<p><img src=http:\/\/ski.inmontanis.info\/d\/138398-2\/DSC05486.jpg \/><br \/>\n^ Br\u00fccke zur neuen Abfahrt an der 4KSB<\/p>\n<p><img src=http:\/\/ski.inmontanis.info\/d\/138407-2\/DSC05489.jpg \/><br \/>\n^ Riesiger neuer Beschneiungsteich zwischen  den beiden 6KSBs, am rechten Rand entlang gelangt man zur neuen Abfahrt<\/p>\n<p><img src=http:\/\/ski.inmontanis.info\/d\/138411-2\/DSC05491.jpg \/><br \/>\n^ Wer hier und da ein paar Grasb\u00fcschl in Kauf nahm, durfte einige Abfahrten mehr fahren, &#8230;.<\/p>\n<p><img src=http:\/\/ski.inmontanis.info\/d\/138415-2\/DSC05495.jpg \/><br \/>\n^ &#8230; wie z.B. die Gedrechter\/Neuh\u00fctten-Abfahrt, die am Schluss noch beinahe jungfr\u00e4ulich war.<\/p>\n<p>\u00dcbrigens, dr\u00fcben in der Zillertalarena war noch nichts pr\u00e4pariert.<\/p>\n","protected":false},"excerpt":{"rendered":"<p>Nun, ich hab schon schnee\u00e4rmere Saisonstarts in Kaltenbach erlebt, nat\u00fcrlich gab&#8217;s hier und da etwas Erde und Gras auf der Abfahrt, und wem das egal war, durfte noch ein paar geschlossene Abfahrten fahren&#8230;.<\/p>\n<p> <a href=\"http:\/\/blog.inmontanis.info\/?p=1831\">[&#8230;]<\/a><\/p>\n","protected":false},"author":1,"featured_media":0,"comment_status":"open","ping_status":"closed","sticky":false,"template":"","format":"standard","meta":{"footnotes":""},"categories":[907,25,13,27],"tags":[56,53,45,47],"class_list":["post-1831","post","type-post","status-publish","format-standard","hentry","category-kaltenbach-hochfugen","category-noreport","category-austria","category-skifahren-winterskiing-winter","tag-6sb","tag-8eub","tag-see","tag-sl","odd"],"_links":{"self":[{"href":"http:\/\/blog.inmontanis.info\/index.php?rest_route=\/wp\/v2\/posts\/1831","targetHints":{"allow":["GET"]}}],"collection":[{"href":"http:\/\/blog.inmontanis.info\/index.php?rest_route=\/wp\/v2\/posts"}],"about":[{"href":"http:\/\/blog.inmontanis.info\/index.php?rest_route=\/wp\/v2\/types\/post"}],"author":[{"embeddable":true,"href":"http:\/\/blog.inmontanis.info\/index.php?rest_route=\/wp\/v2\/users\/1"}],"replies":[{"embeddable":true,"href":"http:\/\/blog.inmontanis.info\/index.php?rest_route=%2Fwp%2Fv2%2Fcomments&post=1831"}],"version-history":[{"count":3,"href":"http:\/\/blog.inmontanis.info\/index.php?rest_route=\/wp\/v2\/posts\/1831\/revisions"}],"predecessor-version":[{"id":9310,"href":"http:\/\/blog.inmontanis.info\/index.php?rest_route=\/wp\/v2\/posts\/1831\/revisions\/9310"}],"wp:attachment":[{"href":"http:\/\/blog.inmontanis.info\/index.php?rest_route=%2Fwp%2Fv2%2Fmedia&parent=1831"}],"wp:term":[{"taxonomy":"category","embeddable":true,"href":"http:\/\/blog.inmontanis.info\/index.php?rest_route=%2Fwp%2Fv2%2Fcategories&post=1831"},{"taxonomy":"post_tag","embeddable":true,"href":"http:\/\/blog.inmontanis.info\/index.php?rest_route=%2Fwp%2Fv2%2Ftags&post=1831"}],"curies":[{"name":"wp","href":"https:\/\/api.w.org\/{rel}","templated":true}]}}