{"id":1825,"date":"2011-11-26T22:23:28","date_gmt":"2011-11-26T21:23:28","guid":{"rendered":"http:\/\/blog.inmontanis.info\/?p=1825"},"modified":"2023-08-04T18:56:21","modified_gmt":"2023-08-04T16:56:21","slug":"alagna-monte-rosa-26-11-2011","status":"publish","type":"post","link":"http:\/\/blog.inmontanis.info\/?p=1825","title":{"rendered":"Alagna (Monte Rosa), 26.11.2011"},"content":{"rendered":"<p>Nachdem ich keine Lust hatte, dieses WE wieder auf Kunstschneepisten rumzurutschen, ging&#8217;s eben dort hin, wo Naturschnee lag.<!--more--><\/p>\n<p>Hab die letzten Jahre im Oktober \/ November ja einige Tagestouren gemacht &#8211; Planai, Zauchensee, Klewenalp &#8230; heuer gings mangels Alternative eben noch ein St\u00fcck weiter, 2 Tage ins Piemont.<\/p>\n<p>P\u00fcnktlich um 5 Uhr kam ich aus Innsbruck weg, erstes Ziel war heute Alagna. Wie \u00fcblich bin ich nicht die schnellere und teurere Strecke via Brenner-Milano gefahren, sondern \u00fcber den Bernardino. Abwechslungsreicher ist&#8217;s allemal:<br \/>\n&#8211; Autobahn bis St. Anton<br \/>\n&#8211; Landstra\u00dfe \u00fcber den Arlbergpass<br \/>\n&#8211; Autobahn bis Feldkirch<br \/>\n&#8211; Ortsdurchfahrt Feldkirch, Liechtenstein<br \/>\n&#8211; Autobahn Chur<br \/>\n&#8211; Autobahn\/Schnellstra\u00dfe San Bernardino (Tunnel)<br \/>\n&#8211; Autobahn bis Medrisio<br \/>\n&#8211; Landstra\u00dfe nach Varese<br \/>\n&#8211; Autobahn bis Romagnano Sesia<br \/>\n&#8211; Landstra\u00dfe bis Alagna<\/p>\n<p>Von meinem Sommerbesuch vor ein paar Jahren war ich der Meinung, an der 8EUB Talstation g\u00e4be es keine Parkpl\u00e4tze. Also hielt ich unten &#8211; hier sind 3 Parkpl\u00e4tze relativ nah beieinander, der oberste 4,- der mittlere 3,- und der untere (direkt am mittleren anschlie\u00dfend, unbefestigt) 0,-. Also bin ich gleich dort geblieben. Ist aber dann doch ein ganz sch\u00f6n weiter Weg bis zur Seilbahn (immerhin kommt man direkt durch eine &#8220;uralte&#8221; Siedlung durch). Und: Es h\u00e4tte an der 8EUB doch Parkpl\u00e4tze gegeben (wohl 4,-).<\/p>\n<p>Um 12 Uhr war ich somit an der Talstation und kaufte die Tageskarte um 15,- \u20ac.<\/p>\n<p>Ge\u00f6ffnet waren offiziell nur die 2 Abfahrten zur Funifor-Mittelstation, die schwarze Olen-Piste zur Funifor-Talstation war aber pr\u00e4pariert und man hat immer wieder einige abfahren gesehen. Das Funifor fuhr ca. alle 10 Minuten, die Gondel war in der Mittelstation egtl. immer sehr gut gef\u00fcllt. Was ich ziemlich nervig fand, denn 50-80 Italiener in einer 100er Kabine machen so einen L\u00e4rm, den selbst mein iPod mit voller Lautst\u00e4rke nicht \u00fcbert\u00f6nen konnte.<\/p>\n<p>Die Abfahrten waren dann leider doch etwas h\u00e4rter als erwartet &#8211; gut, bei den Temperaturen der letzten Tage und der relativ s\u00fcdlichen Ausrichtung muss man sich nicht wirklich wundern, und es waren vormittags ja schon etliche unterwegs.<\/p>\n<p>Bin die beiden Abfahrten ca. 7x gefahren, zwischendrin immer wieder Fotos gemacht. Halt an der Mittelstation \u00fcbrigens nur bergauf, wer bergab wollte, musste also erst noch mal bis rauf fahren. Muss man nicht verstehen&#8230;.<\/p>\n<p>Also bin ich zum Schluss auch die gesperrte Olen-Piste runter. Schwarz, null Kontrast, hart, beschneit. Vorsichtig bin ich runter, um nicht pl\u00f6tzlich auf einen der f\u00fcr die Lanzenbeschneiung \u00fcblichen blauen Blankeisfelder auszurutschen. Die konnte man durch die blaue Farbe aber immerhin gut erkennen. Puh. War sehr anstrengend, hat um einiges l\u00e4nger gedauert als erwartet.<\/p>\n<p>Fotos anklickenzum Vergr\u00f6\u00dfern, soweit nicht vergr\u00f6\u00dfert gepostet:<\/p>\n<p><a href='http:\/\/extra.inmontanis.info\/d\/12573-2\/DSC04899.jpg'><img src=http:\/\/extra.inmontanis.info\/d\/12571-3\/DSC04899.jpg \/><\/a><br \/>\n^ Sonnenaufgang an der Autobahn richtung Chur<\/p>\n<p><a href='http:\/\/extra.inmontanis.info\/d\/12577-2\/DSC04906.jpg'><img src=http:\/\/extra.inmontanis.info\/d\/12575-3\/DSC04906.jpg \/><\/a><br \/>\n^ Autobahn A13 zum San Bernardino<\/p>\n<p><a href='http:\/\/extra.inmontanis.info\/d\/12581-2\/DSC04915.jpg'><img src=http:\/\/extra.inmontanis.info\/d\/12579-3\/DSC04915.jpg \/><\/a><br \/>\n^ Autobahn A13, Abzweigung Pass \/ Tunnel<\/p>\n<p><a href='http:\/\/ski.inmontanis.info\/d\/137934-2\/DSC04936.jpg'><img src=http:\/\/ski.inmontanis.info\/d\/137933-3\/DSC04936.jpg \/><\/a><br \/>\n^ Im Valsesia, kurz vor Alagna<\/p>\n<p><a href='http:\/\/ski.inmontanis.info\/d\/137938-2\/DSC04939.jpg'><img src=http:\/\/ski.inmontanis.info\/d\/137937-3\/DSC04939.jpg \/><\/a><br \/>\n^ Alagna<\/p>\n<p><a href='http:\/\/ski.inmontanis.info\/d\/137942-2\/DSC04947.jpg'><img src=http:\/\/ski.inmontanis.info\/d\/137941-3\/DSC04947.jpg \/><\/a><br \/>\n^ 8EUB Pianalunga<\/p>\n<p><img src=http:\/\/ski.inmontanis.info\/d\/137946-2\/DSC04950.jpg \/><br \/>\n^ Alte Siedlung<\/p>\n<p><img src=http:\/\/ski.inmontanis.info\/d\/138053-2\/DSC04956.jpg \/><br \/>\n^ Pianalunga<\/p>\n<p><a href='http:\/\/ski.inmontanis.info\/d\/137951-2\/DSC04958.jpg'><img src=http:\/\/ski.inmontanis.info\/d\/137950-3\/DSC04958.jpg \/><\/a><br \/>\n^ Olen-Abfahrt, offiziell noch gesperrt, inoffiziell sind etliche runter.<\/p>\n<p><img src=http:\/\/ski.inmontanis.info\/d\/137955-2\/DSC04966.jpg \/><br \/>\n^ Pano und Abfahrten am Passo Salati<\/p>\n<p><img src=http:\/\/ski.inmontanis.info\/d\/137959-2\/DSC04970.jpg \/><br \/>\n^ Pano richtung Ostalpen<\/p>\n<p><a href='http:\/\/ski.inmontanis.info\/d\/138062-2\/DSC04973.jpg'><img src=http:\/\/ski.inmontanis.info\/d\/138061-3\/DSC04973.jpg \/><\/a><br \/>\n^ Funifor-Kabine<\/p>\n<p><img src=http:\/\/ski.inmontanis.info\/d\/137964-2\/DSC04974.jpg \/><br \/>\n^ Abfahrt Cimalegna<\/p>\n<p><img src=http:\/\/ski.inmontanis.info\/d\/137968-2\/DSC04975.jpg \/><br \/>\n^ Funifor-Pano<\/p>\n<p><img src=http:\/\/ski.inmontanis.info\/d\/137972-2\/DSC04978.jpg \/><br \/>\n^ Abfahrt Cimalegna, mit Pano \u00fcber die Po-Ebene<\/p>\n<p><img src=http:\/\/ski.inmontanis.info\/d\/137976-2\/DSC04979.jpg \/><br \/>\n^ Abfahrt Cimalegna<\/p>\n<p><img src=http:\/\/ski.inmontanis.info\/d\/137980-2\/DSC04983.jpg \/><br \/>\n^ Abfahrt Cimalegna<\/p>\n<p><img src=http:\/\/ski.inmontanis.info\/d\/137984-2\/DSC04985.jpg \/><br \/>\n^ Mittelstation Funifor Cimalegna<\/p>\n<p><img src=http:\/\/ski.inmontanis.info\/d\/137988-2\/DSC04989.jpg \/><br \/>\n^ Pano vom Ausstieg Funifor zum Passo Salati bzw. zu den Pisten<\/p>\n<p><img src=http:\/\/ski.inmontanis.info\/d\/137992-2\/DSC04994.jpg \/><br \/>\n^ .. und etwas in umgekehrter Richtung mit Funifor und Po-Ebene<\/p>\n<p><img src=http:\/\/ski.inmontanis.info\/d\/137996-2\/DSC04996.jpg \/><br \/>\n^ Piste Olen \/ Bodwitch<\/p>\n<p><img src=http:\/\/ski.inmontanis.info\/d\/138000-2\/DSC05000.jpg \/><br \/>\n^ Pano richtung Gressoney<\/p>\n<p><img src=http:\/\/ski.inmontanis.info\/d\/138004-2\/DSC05031.jpg \/><br \/>\n^ Altes und neues Leben von Alagna &#8230;.<\/p>\n<p><img src=http:\/\/ski.inmontanis.info\/d\/138058-2\/DSC05037.jpg \/><br \/>\n^ Blick von der Mittelstation Funifor zu Pianalunga und Alagna<\/p>\n<p><a href='http:\/\/ski.inmontanis.info\/d\/138009-2\/DSC05044.jpg'><img src=http:\/\/ski.inmontanis.info\/d\/138008-3\/DSC05044.jpg \/><\/a><br \/>\n^ St\u00fctze an der aufgelassenen Indren-PB<\/p>\n<p><img src=http:\/\/ski.inmontanis.info\/d\/138013-2\/DSC05045.jpg \/><br \/>\n^ Bergstation Indren-PB und rechts dahinter Antriebsstation ehemaliger Bors-SL<\/p>\n<p><img src=http:\/\/ski.inmontanis.info\/d\/138017-2\/DSC05049.jpg \/><br \/>\n^ Ohne Zoom: Blick von der Funifor-Bergstation zu Indren-PB \/ Bors<\/p>\n<p><a href='http:\/\/ski.inmontanis.info\/d\/138021-2\/DSC05050.jpg'><img src=http:\/\/ski.inmontanis.info\/d\/138020-3\/DSC05050.jpg \/><\/a><br \/>\n^ Pano<\/p>\n<p><a href='http:\/\/ski.inmontanis.info\/d\/138025-2\/DSC05051.jpg'><img src=http:\/\/ski.inmontanis.info\/d\/138024-3\/DSC05051.jpg \/><\/a><br \/>\n^ Mittelstation Funifor Cimalegna<\/p>\n<p><a href='http:\/\/ski.inmontanis.info\/d\/138029-2\/DSC05054.jpg'><img src=http:\/\/ski.inmontanis.info\/d\/138028-3\/DSC05054.jpg \/><\/a><br \/>\n^ Die EUB von Gressoney zum Passo Salati hat neue Gondeln bekommen.<\/p>\n<p><a href='http:\/\/ski.inmontanis.info\/d\/138033-2\/DSC05060.jpg'><img src=http:\/\/ski.inmontanis.info\/d\/138032-3\/DSC05060.jpg \/><\/a><br \/>\n^ Nachmittags Sicht auf der gesperrten Olen-Piste gleich Null.<\/p>\n<p><img src=http:\/\/ski.inmontanis.info\/d\/138037-2\/DSC05068.jpg \/><br \/>\n^ Am Ortseingang stehen jetzt ein paar restaurierte? Kabinen der vor 40? Jahren stillgelegten Belvedere-EUB.<\/p>\n<p><img src=http:\/\/ski.inmontanis.info\/d\/138041-2\/DSC05072.jpg \/><br \/>\n^ .. mir w\u00e4r&#8217;s lieber, die Bahn w\u00fcrde noch fahren ..<\/p>\n<p><img src=http:\/\/ski.inmontanis.info\/d\/138045-2\/DSC05073.jpg \/><br \/>\n^ .. ist das eine Original-Klemme? Schaut ungewohnt aus&#8230;<\/p>\n<p><img src=http:\/\/ski.inmontanis.info\/d\/138049-2\/DSC05074.jpg \/><br \/>\n^ &#8230; leider hab ich diese einst so typischen Piemonte-Funivie-Ovovias nie fahren k\u00f6nnen, um 1 Jahr die letzte verpasst&#8230; und jetzt gibt&#8217;s keine mehr :-(<\/p>\n<p><img src=http:\/\/ski.inmontanis.info\/d\/138066-2\/DSC05021.jpg \/><br \/>\n^ Zoom Monte Viso (148 km)<\/p>\n<p><img src=http:\/\/ski.inmontanis.info\/d\/138070-2\/DSC09092_bgr.jpg \/><br \/>\n^ IR-Pano in die Po-Ebene<\/p>\n<p><img src=http:\/\/ski.inmontanis.info\/d\/138074-2\/DSC09084_bgr.jpg \/><br \/>\n^ IR-Pano \u00fcber die Po-Ebene<\/p>\n<p><img src=http:\/\/ski.inmontanis.info\/d\/138078-2\/DSC09079_bgr.jpg \/><br \/>\n^ Funifor-Mittelstation in IR<\/p>\n<p><img src=http:\/\/ski.inmontanis.info\/d\/138083-2\/DSC09093_bgr.jpg \/><br \/>\n^ IR-Pano richtung Osten<\/p>\n<p><img src=http:\/\/ski.inmontanis.info\/d\/138087-2\/DSC09163_bgr.jpg \/><br \/>\n^ IR-Zoom, u.a. Monte Disgrazia, Presanella (219 km), Adamello (205 km), &#8230;<\/p>\n<p><img src=http:\/\/ski.inmontanis.info\/d\/138091-2\/DSC05018.jpg \/><br \/>\n^ Mottarone in Bildmitte vorne und Blick in die Lombardei (Presolana, Arera, Pora,Alben, etc.), max. ca. 200 km<\/p>\n<p><img src=http:\/\/ski.inmontanis.info\/d\/138095-2\/DSC09161_bgr.jpg \/><br \/>\n^ .. und in IR: Mottarone in Bildmitte vorne und Blick in die Lombardei (Presolana, Arera, Pora,Alben, etc.), max. ca. 200 km<\/p>\n<p><img src=http:\/\/ski.inmontanis.info\/d\/138099-2\/DSC09156_bgr.jpg \/><br \/>\n^ Hinter der Funifor-Station kann man auch ein IR-Pano ohne die nervigen Funifor-Seile machen :-)<\/p>\n<p><img src=http:\/\/ski.inmontanis.info\/d\/138103-2\/DSC09151_bgr.jpg \/><br \/>\n^ (leichter) IR-Zoom richtung Bernina (Bildmitte, 170 km)<\/p>\n<p><img src=http:\/\/ski.inmontanis.info\/d\/138107-2\/DSC09172_bgr.jpg \/><br \/>\n^ IR-Zoom \u00fcber die Po-Ebene<\/p>\n<p><img src=http:\/\/ski.inmontanis.info\/d\/138112-2\/DSC09087-.jpg \/><br \/>\n^ Bergstation Funifor in IR<\/p>\n<p><img src=http:\/\/ski.inmontanis.info\/d\/138116-2\/DSC09175_bgr.jpg \/><br \/>\n^ IR-Zoom in den Appennin, fast ganz links die Schwarz-Wei\u00dfe Spitze d\u00fcrfte der Cimone sein (291 km). Vorne unten: Skigebiet Alpe di Mera<\/p>\n<p><em>Also bin ich zum Schluss die gesperrte Olen-Piste runter. Schwarz, null Kontrast, hart, beschneit. Vorsichtig bin ich runter, um nicht pl\u00f6tzlich auf einen der f\u00fcr die Lanzenbeschneiung \u00fcblichen blauen Blankeisfelder auszurutschen. Puh. Sehr anstrengend gewesen, hat um einiges l\u00e4nger gedauert als erwartet.<\/em><\/p>\n<p>Somit hab ich mir das Einkaufe in Romagnano Sesia gespart und bin direkt zum Hotel in Volpiano (vor Turin), das ich mir gestern im Netz rausgesucht h\u00e4tte &#8211; lt. deren Booking-Site 49,- \u00dcF. Sollte besser sein als dort wo ich letzes Mal war (weiter, an der Tangenziale). Gegen 19 Uhr war ich dort &#8211; aber mir wurde ein Preis von 59,- \u00dcF genannt. Also bin ich wieder gegangen.<\/p>\n<p>Dann also Plan B (was urspr\u00fcnglich mal Plan A war): Das Hotel Lion auf der Stra\u00dfe richtung Sestriere anrufen. Jo, die hatten ein Zimmer frei, um 40,- wie auch auf deren Homepage steht. Also gesagt, dass ich in einer Stunde komm. Hatte ja erst vor, dort HP um 50,- zu nehmen, wollte gestern (Freitag) auch anrufen, mir dann aber eben \u00fcberlegt, dass man von Alagna ca. 3,5h Fahrzeit hat, und das etwas sp\u00e4t werden w\u00fcrde, und wollte mir die Entscheidug f\u00fcr heute Nachmittag offen lassen &#8211; fr\u00fcher mit dem Skifahren aufh\u00f6ren und dort \u00fcbernachten, oder etwas l\u00e4nger skifahren und evtl. einkaufen und vor Turin \u00fcbernachten. <\/p>\n<p>Nun, da ich ich nicht wusste, ob das Restaurant im Hotel offen hatte (oder ob in der Gegend eine Pizzeria ist), hab ich noch an der Rastst\u00e4tte gehalten &#8211; und mangels Alternativen &#8211; wieder (wie schon im Skigebiet in Alagna) eine Focaccia (und ein Croissant) gegessen.<\/p>\n<p>Im Hotel kurz nach 20 Uhr angekommen &#8211; Restaurant w\u00e4re offen gewesen, sogar eine Pizzeria. Aber jetz war ich satt. Mist. <\/p>\n<p><a href='http:\/\/extra.inmontanis.info\/d\/12585-2\/DSC05080.jpg'><img src=http:\/\/extra.inmontanis.info\/d\/12583-3\/DSC05080.jpg \/><\/a><br \/>\n^ Hotel-Zimmer Lion, Roure<\/p>\n<p>Am n\u00e4chsten Tag.<\/p>\n<p>Zugegeben, ich hab hier kein Fr\u00fchst\u00fccksbuffet erwartet (daher w\u00e4ren mir die Mehrkosten von 9,- im Hotel an der Autobahn egal gewesen, lt. Website h\u00e4tten die ein gro\u00dfes umfangreiches Buffet) &#8211; etwas mehr h\u00e4tte ich dann aber doch erwartet. Wei\u00df nicht, ob&#8217;s in der Hochsaison mehr gibt, ich war auch der einzige Gast und hab mich erst um 19 Uhr angemeldet. Gegessen hab ich die 6 Scheiben Zwieback, 2 abgepackte Kuchen, 1 Nutella, 0 Aprikosenmarmeladen, 0 Butter, 1 Frischk\u00e4se &#8211; das ich durch die Verpackung erst f\u00fcr eine Praline hielt, 1 Emmentaler &#8211; abgepackt wie ein Keks &#8211; und Orangensaft. Hei\u00dfe Schokolade gab&#8217;s n\u00e4mlich keine (ist mir, soweit ich mich erinere, bisher auch erst 1x passiert).<\/p>\n<p>Essen m\u00fcsste dort aber ganz gut sein, zumindest war es, als ich in der &#8220;h\u00f6heren Saison&#8221; mal ein Zimmer wollte, sehr voll.<\/p>\n","protected":false},"excerpt":{"rendered":"<p>Nachdem ich keine Lust hatte, dieses WE wieder auf Kunstschneepisten rumzurutschen, ging&#8217;s eben dort hin, wo Naturschnee lag.<\/p>\n<p> <a href=\"http:\/\/blog.inmontanis.info\/?p=1825\">[&#8230;]<\/a><\/p>\n","protected":false},"author":1,"featured_media":0,"comment_status":"open","ping_status":"closed","sticky":false,"template":"","format":"standard","meta":{"footnotes":""},"categories":[535,15,27,81],"tags":[42,90,52],"class_list":["post-1825","post","type-post","status-publish","format-standard","hentry","category-alagna-monte-rosa","category-italienitaly","category-skifahren-winterskiing-winter","category-kurztrips","tag-4eub","tag-infrarot","tag-pb","odd"],"_links":{"self":[{"href":"http:\/\/blog.inmontanis.info\/index.php?rest_route=\/wp\/v2\/posts\/1825","targetHints":{"allow":["GET"]}}],"collection":[{"href":"http:\/\/blog.inmontanis.info\/index.php?rest_route=\/wp\/v2\/posts"}],"about":[{"href":"http:\/\/blog.inmontanis.info\/index.php?rest_route=\/wp\/v2\/types\/post"}],"author":[{"embeddable":true,"href":"http:\/\/blog.inmontanis.info\/index.php?rest_route=\/wp\/v2\/users\/1"}],"replies":[{"embeddable":true,"href":"http:\/\/blog.inmontanis.info\/index.php?rest_route=%2Fwp%2Fv2%2Fcomments&post=1825"}],"version-history":[{"count":4,"href":"http:\/\/blog.inmontanis.info\/index.php?rest_route=\/wp\/v2\/posts\/1825\/revisions"}],"predecessor-version":[{"id":9063,"href":"http:\/\/blog.inmontanis.info\/index.php?rest_route=\/wp\/v2\/posts\/1825\/revisions\/9063"}],"wp:attachment":[{"href":"http:\/\/blog.inmontanis.info\/index.php?rest_route=%2Fwp%2Fv2%2Fmedia&parent=1825"}],"wp:term":[{"taxonomy":"category","embeddable":true,"href":"http:\/\/blog.inmontanis.info\/index.php?rest_route=%2Fwp%2Fv2%2Fcategories&post=1825"},{"taxonomy":"post_tag","embeddable":true,"href":"http:\/\/blog.inmontanis.info\/index.php?rest_route=%2Fwp%2Fv2%2Ftags&post=1825"}],"curies":[{"name":"wp","href":"https:\/\/api.w.org\/{rel}","templated":true}]}}