{"id":1815,"date":"2011-11-12T22:14:42","date_gmt":"2011-11-12T21:14:42","guid":{"rendered":"http:\/\/blog.inmontanis.info\/?p=1815"},"modified":"2023-08-06T11:08:58","modified_gmt":"2023-08-06T09:08:58","slug":"stubaier-gletscher-12-11-2011","status":"publish","type":"post","link":"http:\/\/blog.inmontanis.info\/?p=1815","title":{"rendered":"Stubaier Gletscher, 12.11.2011"},"content":{"rendered":"<p>Wollte heute nur meine neuen Objektive testen und bin nur ein paar Stunden auf den Stubaier gefahren &#8230;.<!--more--><\/p>\n<p>&#8211; altes Carl Zeiss Jena 135mm 3,5 &#8220;Zebra&#8221;<br \/>\n&#8211; teilweise mit Panasonic DMW-LT 55 1,7x Teleconverter vorne angeschraubt<br \/>\n&#8211; neues Walimex Spiegeltele 500mm 8,0<\/p>\n<p>Ablauf, Wartezeiten und Pistenverh\u00e4ltnisse:<\/p>\n<p>&#8211; Ankunft gegen 10:15 am Parkplatz E<br \/>\n&#8211; 1x 6EUB Eisgrat (0 min Wartezeit)<br \/>\n&#8211; 1x 8EUB Schaufeljochbahn (0 min)<br \/>\n&#8211; Aufstieg Aussichtsplattform + Testfotos (60 Minuten)<br \/>\n&#8211; Abfahrt Eisjoch &#8211; Fernau (stellenweise eisig)<br \/>\n&#8211; 1x 6KSB Fernau (0 min)<br \/>\n&#8211; Abfahrt Fernau. Oberes F\u00fcnftel super Pulver, dann Knollig, im Steilhang extrem grausig (eisig, war echt froh, als ich da heil unten war)<br \/>\n&#8211; Abfahrt Mittelstation. Beschneiung lief, gemischte Verh\u00e4ltnisse<br \/>\n&#8211; 1x 6EUB Eisgrat (0 min)<br \/>\n&#8211; 1x 8EUB Schaufeljoch (0 min)<br \/>\n&#8211; Abfahrt Windach (ging so)<br \/>\n&#8211; 1x DSB Wildspitze (1 min) + rote Abfahrt Daunferner (Skiweg oben relativ steinlos, im Ausstiegsbereich SL Daunferner und der Abfahrt teilweise Blankeisplatten)<br \/>\n&#8211; 1x SL Daunscharte (0 min) + schwarze Abfahrt (ging ganz gut)<br \/>\n&#8211; 1x SL Daunferner (< 1 min) + blaue Abfahrt + Murmele, im Kreuzungsbereich SL Blankeis, ab 4KSB recht gut zu fahren\n- 2x SL Kitz (0 min)\n- 1x 6SB Murmele (0 min)\n- 1x 6EUB Gamsgarten talw\u00e4rts (0 min), um 14 Uhr war ich wieder am Auto.\n\nGr\u00f6\u00dfter Fehler: Die alten Ski wg. den Steinen mit zu nehmen anstatt die kantengriffigeren Racecarver... die Steine waren definitiv kein gro\u00dfes Problem (obwohl nat\u00fcrlich gen\u00fcgend vorhanden) ...\n\n<img src=http:\/\/ski.inmontanis.info\/d\/137645-2\/DSC04522.jpg \/><br \/>\n^ Carl Zeiss 135mm<\/p>\n<p><img src=http:\/\/ski.inmontanis.info\/d\/137779-2\/DSC04530.jpg \/><br \/>\n^ Carl Zeiss 135mm + 1,7x (d.h. mit Ber\u00fccksichtigung des Crop-Faktors des Sensors 344mm)<\/p>\n<p><img src=http:\/\/ski.inmontanis.info\/d\/137650-2\/DSC04542.jpg \/><br \/>\n^ Walimex 500mm (x1,5 Crop = 750mm). Das war noch ziemlich das sch\u00e4rfste Foto von allen &#8230; Der 100% Crop vom vorherigen w\u00e4re sch\u00e4rfer&#8230;<\/p>\n<p><img src=http:\/\/ski.inmontanis.info\/d\/137654-2\/DSC04524.jpg \/><br \/>\n^ Carl Zeiss 135mm (Unendlich-Fokus am Anschlag wie es sein soll)<\/p>\n<p><img src=http:\/\/ski.inmontanis.info\/d\/137658-2\/DSC04535_001.jpg \/><br \/>\n^ Carl Zeiss 135mm + 1,7x. Der Unendlich-Fokus ist in der Kombi etwas unterhalb des Anschlags, aufgrund des gro\u00dfen Spielraums aber problemlos scharf zu fokussieren, selbst ohne die Vergr\u00f6\u00dferung am Monitor auspacken zu m\u00fcssen, es reicht meist die &#8220;Kantenanhebungsfunktion&#8221; <\/p>\n<p><img src=http:\/\/ski.inmontanis.info\/d\/137783-2\/DSC04557.jpg \/><br \/>\n^ Walimex 500mm. Hab mich ja echt bem\u00fcht, aber ich hab&#8217;s selbst am Display mit Vergr\u00f6\u00dferung nicht sch\u00e4rfer bekommen. Keine Ahnung. <\/p>\n<p><img src=http:\/\/ski.inmontanis.info\/d\/137663-2\/DSC04525.jpg \/><br \/>\n^ Carl Zeiss 135mm. Bis ich mit dem Fotografieren fertig war, gab&#8217;s hier keine Wartezeiten mehr ;)<\/p>\n<p><img src=http:\/\/ski.inmontanis.info\/d\/137613-2\/DSC04605.jpg \/><br \/>\n^ Carl Zeiss 135mm<\/p>\n<p><img src=http:\/\/ski.inmontanis.info\/d\/137617-2\/DSC04609.jpg \/><br \/>\n^ Carl Zeiss 135mm + 1,7x<\/p>\n<p><img src=http:\/\/ski.inmontanis.info\/d\/137621-2\/DSC04609-2.jpg \/><br \/>\n^ Carl Zeiss 135mm + 1,7x (Crop)<\/p>\n<p><img src=http:\/\/ski.inmontanis.info\/d\/137625-2\/DSC04616.jpg \/><br \/>\n^ Walimex 500 (1\/2500s bei ISO 400, also f\/8 ist hier kein Problem, aber das Fokussieren ist das Problem.. oder ist das generell so unscharf?!)<\/p>\n<p><img src=http:\/\/ski.inmontanis.info\/d\/137633-2\/DSC04526.jpg \/><br \/>\n^ Carl Zeiss 135mm<\/p>\n<p><img src=http:\/\/ski.inmontanis.info\/d\/137637-2\/DSC04532.jpg \/><br \/>\n^ Carl Zeiss 135mm + 1,7x<\/p>\n<p><img src=http:\/\/ski.inmontanis.info\/d\/137641-2\/DSC04532-2.jpg \/><br \/>\n^ Carl Zeiss 135mm + 1,7x (Crop)<\/p>\n<p><img src=http:\/\/ski.inmontanis.info\/d\/137667-2\/DSC04523.jpg \/><br \/>\n^ Carl Zeiss 135mm<\/p>\n<p><img src=http:\/\/ski.inmontanis.info\/d\/137671-2\/DSC04541.jpg \/><br \/>\n^ Carl Zeiss 135mm + 1,7x<\/p>\n<p><img src=http:\/\/ski.inmontanis.info\/d\/137675-2\/DSC04555.jpg \/><br \/>\n^ Walimex 500. Scharf ist was anderes ;)<\/p>\n<p>Carl Zeiss 135mm an der IR-Cam mit unterschiedlichen Filtern. Interessanterweise war der Unendlich-Fokus-Punkt beim orangenen und roten Filter wo anders als bei den anderen Filtern &#8230;<\/p>\n<p><img src=http:\/\/ski.inmontanis.info\/d\/137679-2\/DSC08997.jpg \/><br \/>\n^ IR s\/w 850nm (bissl verwackelt, die Belichtungszeit war hier doch um einiges k\u00fcrzer als bei den anderen Filtern)<\/p>\n<p><img src=http:\/\/ski.inmontanis.info\/d\/137683-2\/DSC08983_bgr.jpg \/><br \/>\n^ IR \/ Dunkelrot (BGR)<\/p>\n<p><img src=http:\/\/ski.inmontanis.info\/d\/137687-2\/DSC08998_bgr.jpg \/><br \/>\n^ IR \/ Rot (BGR)<\/p>\n<p><img src=http:\/\/ski.inmontanis.info\/d\/137691-2\/DSC09001_bgr.jpg \/><br \/>\n^ IR \/ Orange (BGR)<\/p>\n<p><img src=http:\/\/ski.inmontanis.info\/d\/137787-2\/DSC09007.jpg \/><br \/>\n^ IR \/ Blau<\/p>\n<p><img src=http:\/\/ski.inmontanis.info\/d\/137696-3\/DSC04528.jpg \/><br \/>\n^ Carl Zeiss 135mm<\/p>\n<p><img src=http:\/\/ski.inmontanis.info\/d\/137700-2\/DSC08986_bgr.jpg \/><br \/>\n^ IR \/ Dunkelrot (BGR)<\/p>\n<p><img src=http:\/\/ski.inmontanis.info\/d\/137704-2\/DSC04536.jpg \/><br \/>\n^ Carl Zeiss 135mm + 1,7x<\/p>\n<p><img src=http:\/\/ski.inmontanis.info\/d\/137708-2\/DSC04570.jpg \/><br \/>\n^ Gaisskar<\/p>\n<p><img src=http:\/\/ski.inmontanis.info\/d\/137712-2\/DSC04573.jpg \/><br \/>\n^ Funpark<\/p>\n<p><img src=http:\/\/ski.inmontanis.info\/d\/137791-2\/DSC04577_001.jpg \/><br \/>\n^ Carl Zeiss 135mm f\/3,5<\/p>\n<p><img src=http:\/\/ski.inmontanis.info\/d\/137717-2\/DSC04578_001.jpg \/><br \/>\n^ Carl Zeiss 135mm f\/3,5<\/p>\n<p><img src=http:\/\/ski.inmontanis.info\/d\/137721-2\/DSC04580.jpg \/><br \/>\n^ Carl Zeiss 135mm f\/3,5 &#8211; f\u00fcr solche Detailfotos ist das Objektiv ganz nett.<\/p>\n<p><img src=http:\/\/ski.inmontanis.info\/d\/137725-2\/DSC04584.jpg \/><br \/>\n^ Carl Zeiss 135mm f\/3,5<\/p>\n<p><img src=http:\/\/ski.inmontanis.info\/d\/137800-2\/DSC04591.jpg \/><br \/>\n^ Carl Zeiss 135mm f\/3,5<\/p>\n<p><img src=http:\/\/ski.inmontanis.info\/d\/137730-2\/DSC04592.jpg \/><br \/>\n^ Carl Zeiss 135mm<\/p>\n<p><img src=http:\/\/ski.inmontanis.info\/d\/137734-2\/DSC04593.jpg \/><br \/>\n^ Carl Zeiss 135mm<\/p>\n<p><img src=http:\/\/ski.inmontanis.info\/d\/137738-2\/DSC04594.jpg \/><br \/>\n^ Carl Zeiss 135mm f\/3,5<\/p>\n<p><img src=http:\/\/ski.inmontanis.info\/d\/137796-2\/DSC04597.jpg \/><br \/>\n^ Gipfelsteiger<\/p>\n<p><img src=http:\/\/ski.inmontanis.info\/d\/137743-2\/DSC04598.jpg \/><br \/>\n^ Obwohl ich am anderen Ende des Hauses stand &#8211; so ein 135mm-Objektiv bietet doch ein recht eingeschr\u00e4nktes Blickfeld &#8211; aber gut f\u00fcr Detailfotos&#8230;<\/p>\n<p><img src=http:\/\/ski.inmontanis.info\/d\/137747-2\/DSC04602.jpg \/><br \/>\n^ Carl Zeiss 135mm \/ Von der Bergstation Fernau geht der obere Teil des SL Gaisskar gerade so drauf.<\/p>\n<p><img src=http:\/\/ski.inmontanis.info\/d\/137751-2\/DSC04604.jpg \/><br \/>\n^ Carl Zeiss 135mm<\/p>\n<p><img src=http:\/\/ski.inmontanis.info\/d\/137755-2\/DSC09013_bgr.jpg \/><br \/>\n^ IR \/ Dunkelrot (BGR)<\/p>\n<p>.. die Fotos mit dem 1,7x Converter gelangen leider weder in Normal noch in IR sonderlich scharf. (und die mit dem Spiegeltele erst recht nicht)<\/p>\n<p><img src=http:\/\/ski.inmontanis.info\/d\/137759-2\/DSC04624.jpg \/><br \/>\n^ Carl Zeiss 135mm f\/3,5<\/p>\n<p><img src=http:\/\/ski.inmontanis.info\/d\/137763-2\/DSC04626.jpg \/><br \/>\n^ Carl Zeiss 135mm f\/3,5 &#8211; durch zerkratzte, dreckige Scheiben vom Sitzplatz gegen\u00fcber fotografieren ist damit nat\u00fcrlich kein Problem ;)<\/p>\n<p><img src=http:\/\/ski.inmontanis.info\/d\/137767-2\/DSC04631.jpg \/><br \/>\n^ Mittelstation<\/p>\n<p><img src=http:\/\/ski.inmontanis.info\/d\/137771-2\/DSC04634.jpg \/><br \/>\n^ Beschneiung und Eisgratbahn<\/p>\n<p><img src=http:\/\/ski.inmontanis.info\/d\/137775-2\/DSC04639.jpg \/><br \/>\n^ Parkplatz E war bei weitem nicht voll.<\/p>\n<p>Fazit?<br \/>\n&#8211; ich geb dem Spiegeltele morgen nochmal eine Chance, ansonsten geht es wieder retour an Amazon<br \/>\n&#8211; das CZJ 135mm gef\u00e4llt mir ganz gut, fokussieren ist einfach<br \/>\n&#8211; Skifahrerisch war&#8217;s ein Reinfall<br \/>\n&#8211; Aber wer nicht warten will, muss es auch nicht ;)<\/p>\n","protected":false},"excerpt":{"rendered":"<p>Wollte heute nur meine neuen Objektive testen und bin nur ein paar Stunden auf den Stubaier gefahren &#8230;.<\/p>\n<p> <a href=\"http:\/\/blog.inmontanis.info\/?p=1815\">[&#8230;]<\/a><\/p>\n","protected":false},"author":1,"featured_media":0,"comment_status":"open","ping_status":"closed","sticky":false,"template":"","format":"standard","meta":{"footnotes":""},"categories":[25,13,27,895],"tags":[39,69,53,90,47],"class_list":["post-1815","post","type-post","status-publish","format-standard","hentry","category-noreport","category-austria","category-skifahren-winterskiing-winter","category-stubaier-gletscher","tag-6eub","tag-6zub","tag-8eub","tag-infrarot","tag-sl","odd"],"_links":{"self":[{"href":"http:\/\/blog.inmontanis.info\/index.php?rest_route=\/wp\/v2\/posts\/1815","targetHints":{"allow":["GET"]}}],"collection":[{"href":"http:\/\/blog.inmontanis.info\/index.php?rest_route=\/wp\/v2\/posts"}],"about":[{"href":"http:\/\/blog.inmontanis.info\/index.php?rest_route=\/wp\/v2\/types\/post"}],"author":[{"embeddable":true,"href":"http:\/\/blog.inmontanis.info\/index.php?rest_route=\/wp\/v2\/users\/1"}],"replies":[{"embeddable":true,"href":"http:\/\/blog.inmontanis.info\/index.php?rest_route=%2Fwp%2Fv2%2Fcomments&post=1815"}],"version-history":[{"count":2,"href":"http:\/\/blog.inmontanis.info\/index.php?rest_route=\/wp\/v2\/posts\/1815\/revisions"}],"predecessor-version":[{"id":1817,"href":"http:\/\/blog.inmontanis.info\/index.php?rest_route=\/wp\/v2\/posts\/1815\/revisions\/1817"}],"wp:attachment":[{"href":"http:\/\/blog.inmontanis.info\/index.php?rest_route=%2Fwp%2Fv2%2Fmedia&parent=1815"}],"wp:term":[{"taxonomy":"category","embeddable":true,"href":"http:\/\/blog.inmontanis.info\/index.php?rest_route=%2Fwp%2Fv2%2Fcategories&post=1815"},{"taxonomy":"post_tag","embeddable":true,"href":"http:\/\/blog.inmontanis.info\/index.php?rest_route=%2Fwp%2Fv2%2Ftags&post=1815"}],"curies":[{"name":"wp","href":"https:\/\/api.w.org\/{rel}","templated":true}]}}