{"id":1811,"date":"2011-09-24T18:56:30","date_gmt":"2011-09-24T16:56:30","guid":{"rendered":"http:\/\/blog.inmontanis.info\/?p=1811"},"modified":"2023-08-06T20:20:58","modified_gmt":"2023-08-06T18:20:58","slug":"pitztaler-gletscher-24-9-2011","status":"publish","type":"post","link":"http:\/\/blog.inmontanis.info\/?p=1811","title":{"rendered":"Pitztaler Gletscher, 24.9.2011"},"content":{"rendered":"<p>Kommentare siehe bei den Bildern.<!--more--><\/p>\n<p><img src=http:\/\/ski.inmontanis.info\/d\/135995-2\/DSC03119.jpg \/><br \/>\n^ Bauarbeiten, zuk\u00fcnftige Talstation der neuen 8EUB<\/p>\n<p><img src=http:\/\/ski.inmontanis.info\/d\/135999-2\/DSC03120.jpg \/><br \/>\n^ SL \/ GUB &#8211; Strecke<\/p>\n<p><img src=http:\/\/ski.inmontanis.info\/d\/136003-2\/DSC03121.jpg \/><br \/>\n^ SL und Schneedepot<\/p>\n<p><img src=http:\/\/ski.inmontanis.info\/d\/136007-2\/DSC03122.jpg \/><br \/>\n^ GUB samt Abfahrten. Der Steilhang im Trainingsareal war noch nicht richtig pr\u00e4pariert<\/p>\n<p><img src=http:\/\/ski.inmontanis.info\/d\/136011-2\/DSC03123.jpg \/><br \/>\n^ Abfart 6KSB. Nan\u00fc? Heuer ist der Snowmaker gar nicht im Einsatz? Dann wird&#8217;s wohl etwas l\u00e4nger dauern &#8230;<\/p>\n<p><img src=http:\/\/ski.inmontanis.info\/d\/136066-2\/DSC03124.jpg \/><br \/>\n^ .. daf\u00fcr gibt&#8217;s heuer Schneedepots an der Abfahrt<\/p>\n<p><img src=http:\/\/ski.inmontanis.info\/d\/136016-2\/DSC03126.jpg \/><br \/>\n^ Bauarbeiten, vorne evtl. ein St\u00fctzenfundament<\/p>\n<p><img src=http:\/\/ski.inmontanis.info\/d\/136020-2\/DSC03129.jpg \/><br \/>\n^ Pano richtung Dolomiten. In S\u00fcdtirol war doch eine ziemlich dicke Wolkendecke, die im Laufe des Tages \u00fcber die Dolomiten aufstieg.<\/p>\n<p><img src=http:\/\/ski.inmontanis.info\/d\/136024-2\/DSC03132.jpg \/><br \/>\n^ Die Abfahrt war stellenweise super, stellenweise hart und stellenweise knollig.<\/p>\n<p><img src=http:\/\/ski.inmontanis.info\/d\/136028-3\/DSC03134.jpg \/><br \/>\n^ GUB und Abfahrt. Tsch\u00fcss, GUB. Fotografisch werd ich die GUB wohl vermissen, Skifahrerisch nicht.<\/p>\n<p><img src=http:\/\/ski.inmontanis.info\/d\/136032-2\/DSC03135.jpg \/><br \/>\n^ Von oben, ein Boarder ist sogar hier in dem Steilhang runter. Krass.<\/p>\n<p><img src=http:\/\/ski.inmontanis.info\/d\/136036-2\/DSC03143.jpg \/><br \/>\n^ Nicht weniger krass: der Bagger, der sich in diesem Steilhang durch&#8217;s Eis schaufelt. Aber wenn man eine Caf\u00e9 oben haben will, braucht man halt auch die n\u00f6tige Infrastruktur :)<\/p>\n<p><img src=http:\/\/ski.inmontanis.info\/d\/136040-2\/DSC03146.jpg \/><br \/>\n^ Bauarbeiten f\u00fcr die neue Berggstation. Oder ist das schon das Caf\u00e9&#8230;<\/p>\n<p><img src=http:\/\/ski.inmontanis.info\/d\/136075-2\/DSC03155.jpg \/><br \/>\n^ Bergstation Mittelberg-8EUB und Abfahrten.<\/p>\n<p><img src=http:\/\/ski.inmontanis.info\/d\/136045-3\/DSC03162.jpg \/><br \/>\n^ GUB Bergstation und der Steilhang, wo der Bagger rauf, und der Snowboarder runter kam &#8230; Echt steil.<\/p>\n<p><img src=http:\/\/ski.inmontanis.info\/d\/136071-2\/DSC03165.jpg \/><br \/>\n^ Einige Skifahrer und Boarder wollten wohl mal wieder eine Spalte von Innen sehen &#8230;.<\/p>\n<p><img src=http:\/\/ski.inmontanis.info\/d\/136050-2\/DSC03167.jpg \/><br \/>\n^ Komplett-Pano von der GUB-Talstation<\/p>\n<p><img src=http:\/\/ski.inmontanis.info\/d\/136054-2\/DSC03168.jpg \/><br \/>\n^ Durch die neue Positionierung der 8EUB verstehe ich jetzt wenigstens die Bergstation der 6KSB.<\/p>\n<p>Skibetrieb ist ja bis 13 Uhr, die Bahn wartet immer ein paar Minuten bevor sie abf\u00e4hrt. Wenn man dann unten nicht ratzfatz zur SSB r\u00fcber geht, sondern noch ein Foto macht, verpasst man die Bahn um 13:20 haarscharf&#8230;.<\/p>\n<p><img src=http:\/\/ski.inmontanis.info\/d\/136058-2\/DSC03169.jpg \/><br \/>\n^ Wieder verarscht. Dachte die Bahn f\u00e4hrt jetzt fix im 20-Minuten-Takt? Denkste. 13:20 verpasst, n\u00e4chste 13:50. Wie ich diese Bahn hier hasse. Damit werde ich den Pitztaler die n\u00e4chsten mind. 12 Monate wieder meiden. Gibt ja zum Gl\u00fcck genug Alternativen.<\/p>\n<p><img src=http:\/\/ski.inmontanis.info\/d\/136062-2\/DSC03176.jpg \/><br \/>\n^ Zoom GUB-Bergstation mit Bagger<\/p>\n","protected":false},"excerpt":{"rendered":"<p>Kommentare siehe bei den Bildern.<\/p>\n<p> <a href=\"http:\/\/blog.inmontanis.info\/?p=1811\">[&#8230;]<\/a><\/p>\n","protected":false},"author":1,"featured_media":0,"comment_status":"open","ping_status":"closed","sticky":false,"template":"","format":"standard","meta":{"footnotes":""},"categories":[25,13,901,28],"tags":[83,47],"class_list":["post-1811","post","type-post","status-publish","format-standard","hentry","category-noreport","category-austria","category-pitztaler-gletscher","category-skifahren-sommer","tag-gub","tag-sl","odd"],"_links":{"self":[{"href":"http:\/\/blog.inmontanis.info\/index.php?rest_route=\/wp\/v2\/posts\/1811","targetHints":{"allow":["GET"]}}],"collection":[{"href":"http:\/\/blog.inmontanis.info\/index.php?rest_route=\/wp\/v2\/posts"}],"about":[{"href":"http:\/\/blog.inmontanis.info\/index.php?rest_route=\/wp\/v2\/types\/post"}],"author":[{"embeddable":true,"href":"http:\/\/blog.inmontanis.info\/index.php?rest_route=\/wp\/v2\/users\/1"}],"replies":[{"embeddable":true,"href":"http:\/\/blog.inmontanis.info\/index.php?rest_route=%2Fwp%2Fv2%2Fcomments&post=1811"}],"version-history":[{"count":4,"href":"http:\/\/blog.inmontanis.info\/index.php?rest_route=\/wp\/v2\/posts\/1811\/revisions"}],"predecessor-version":[{"id":9265,"href":"http:\/\/blog.inmontanis.info\/index.php?rest_route=\/wp\/v2\/posts\/1811\/revisions\/9265"}],"wp:attachment":[{"href":"http:\/\/blog.inmontanis.info\/index.php?rest_route=%2Fwp%2Fv2%2Fmedia&parent=1811"}],"wp:term":[{"taxonomy":"category","embeddable":true,"href":"http:\/\/blog.inmontanis.info\/index.php?rest_route=%2Fwp%2Fv2%2Fcategories&post=1811"},{"taxonomy":"post_tag","embeddable":true,"href":"http:\/\/blog.inmontanis.info\/index.php?rest_route=%2Fwp%2Fv2%2Ftags&post=1811"}],"curies":[{"name":"wp","href":"https:\/\/api.w.org\/{rel}","templated":true}]}}