{"id":1802,"date":"2011-10-30T18:41:04","date_gmt":"2011-10-30T17:41:04","guid":{"rendered":"http:\/\/blog.inmontanis.info\/?p=1802"},"modified":"2023-07-31T19:54:48","modified_gmt":"2023-07-31T17:54:48","slug":"sulden-30-10-2011","status":"publish","type":"post","link":"http:\/\/blog.inmontanis.info\/?p=1802","title":{"rendered":"Sulden, 30.10.2011"},"content":{"rendered":"<p>Ich war leider nicht sonderlich begeistert. Vergleichen mit meinen bisherigen Besuchen in Sulden im November war das doch mit Abstand der schlechteste. Man merkt halt, dass man inzwischen mit Kunstschnee anstatt mit Naturschnee \u00f6ffnet. (Und es noch sehr warm ist)<!--more--><\/p>\n<p>Daf\u00fcr ist Ende Oktober die Sonne noch h\u00f6her &#8211; und man hat weniger Schatten.<\/p>\n<p>Pistenverh\u00e4ltnisse waren nicht ganz meins &#8211; fr\u00fch sehr hart (glatt) und stellenweise ziemlich knollig. Ab Mittag hat&#8217;s aufgefirnt und nachmittags war&#8217;s dann mehr mein Fall. Leider war auf jeder Piste irgendwo ein Trainingskurs abgesteckt, 2 H\u00e4nge waren sogar komplett abgesteckt (wobei die rechte Abfahrt an der fixen 4SB zumindest \u00fcber Mittag und ganz zum Schluss frei war). Die zweite, sch\u00f6nere Variante an der unteren KSB war leider auch nicht ge\u00f6ffnet, auch nicht inoffiziell (wie sonst manchmal).<\/p>\n<p>Die Mittelstations\/Talabfahrt sind zwar ein paar gefahren, hab ich mir aber gespart, war doch etwas grenzwertig wenig Schnee auf den steinigen Feldern. Paar Tourengeher sind sogar ins Tal gefahren.<\/p>\n<p><img src=http:\/\/ski.inmontanis.info\/d\/137461-2\/DSC04055.jpg \/><br \/>\n^ Madritsch-KSB<\/p>\n<p><img src=http:\/\/ski.inmontanis.info\/d\/137465-2\/DSC04042.jpg \/><br \/>\n^ Madritsch-Sch\u00f6ntauf<\/p>\n<p><img src=http:\/\/ski.inmontanis.info\/d\/137469-2\/DSC04058.jpg \/><br \/>\n^ Skigebiet<\/p>\n<p><img src=http:\/\/ski.inmontanis.info\/d\/137474-2\/DSC04043.jpg \/><br \/>\n^ Ehemaliges Casati-Sommerskigebiet<\/p>\n<p><img src=http:\/\/ski.inmontanis.info\/d\/137478-2\/DSC04045.jpg \/><br \/>\n^ Rifugio Casati<\/p>\n<p><img src=http:\/\/ski.inmontanis.info\/d\/137482-2\/DSC04046.jpg \/><br \/>\n^ Ehemaliges Casati-Sommerskigebiet, die rechte St\u00fctze ist seit 2008 umgefallen<\/p>\n<p>2008:<br \/>\n<img src=http:\/\/ski.inmontanis.info\/d\/84938-3\/P1310721.JPG \/><\/p>\n<p><img src=http:\/\/ski.inmontanis.info\/d\/137486-2\/DSC04048.jpg \/><br \/>\n^ Gletscher-Zoom<\/p>\n<p><img src=http:\/\/ski.inmontanis.info\/d\/137490-2\/DSC04062.jpg \/><br \/>\n^ Pano<\/p>\n<p>Fazit: Dann doch lieber \u00fcber Mittag 2-4 Stunden auf den Gletschern, hier und da ein bissl anstehen, weniger weit mit dem Auto fahren m\u00fcssen, mehr Abwechslung (Pisten&#038;Lifte) haben und dank Saisonkarte nichts zahlen m\u00fcssen &#8230;<\/p>\n","protected":false},"excerpt":{"rendered":"<p>Ich war leider nicht sonderlich begeistert. Vergleichen mit meinen bisherigen Besuchen in Sulden im November war das doch mit Abstand der schlechteste. Man merkt halt, dass man inzwischen mit Kunstschnee anstatt mit Naturschnee \u00f6ffnet. (Und es noch sehr warm ist)<\/p>\n<p> <a href=\"http:\/\/blog.inmontanis.info\/?p=1802\">[&#8230;]<\/a><\/p>\n","protected":false},"author":1,"featured_media":0,"comment_status":"open","ping_status":"closed","sticky":false,"template":"","format":"standard","meta":{"footnotes":""},"categories":[24,15,27,386],"tags":[49],"class_list":["post-1802","post","type-post","status-publish","format-standard","hentry","category-tagestour","category-italienitaly","category-skifahren-winterskiing-winter","category-sulden","tag-4sb","odd"],"_links":{"self":[{"href":"http:\/\/blog.inmontanis.info\/index.php?rest_route=\/wp\/v2\/posts\/1802","targetHints":{"allow":["GET"]}}],"collection":[{"href":"http:\/\/blog.inmontanis.info\/index.php?rest_route=\/wp\/v2\/posts"}],"about":[{"href":"http:\/\/blog.inmontanis.info\/index.php?rest_route=\/wp\/v2\/types\/post"}],"author":[{"embeddable":true,"href":"http:\/\/blog.inmontanis.info\/index.php?rest_route=\/wp\/v2\/users\/1"}],"replies":[{"embeddable":true,"href":"http:\/\/blog.inmontanis.info\/index.php?rest_route=%2Fwp%2Fv2%2Fcomments&post=1802"}],"version-history":[{"count":3,"href":"http:\/\/blog.inmontanis.info\/index.php?rest_route=\/wp\/v2\/posts\/1802\/revisions"}],"predecessor-version":[{"id":8971,"href":"http:\/\/blog.inmontanis.info\/index.php?rest_route=\/wp\/v2\/posts\/1802\/revisions\/8971"}],"wp:attachment":[{"href":"http:\/\/blog.inmontanis.info\/index.php?rest_route=%2Fwp%2Fv2%2Fmedia&parent=1802"}],"wp:term":[{"taxonomy":"category","embeddable":true,"href":"http:\/\/blog.inmontanis.info\/index.php?rest_route=%2Fwp%2Fv2%2Fcategories&post=1802"},{"taxonomy":"post_tag","embeddable":true,"href":"http:\/\/blog.inmontanis.info\/index.php?rest_route=%2Fwp%2Fv2%2Ftags&post=1802"}],"curies":[{"name":"wp","href":"https:\/\/api.w.org\/{rel}","templated":true}]}}