{"id":1795,"date":"2011-10-22T18:35:09","date_gmt":"2011-10-22T16:35:09","guid":{"rendered":"http:\/\/blog.inmontanis.info\/?p=1795"},"modified":"2023-07-01T20:57:39","modified_gmt":"2023-07-01T18:57:39","slug":"hintertuxer-gletscher-22-10-2011","status":"publish","type":"post","link":"http:\/\/blog.inmontanis.info\/?p=1795","title":{"rendered":"Hintertuxer Gletscher, 22.10.2011"},"content":{"rendered":"<p>Puh. Also Hintertux w\u00fcrde ich momentan nicht empfehlen&#8230;<!--more--><\/p>\n<p>Kaserer + Olperer: Wartezeiten. Bin Olperer nur 1x gefahren, Kaserer \u00f6fters, da waren schon sehr gute Schneeverh\u00e4ltnisse, aber &#8230;:<\/p>\n<p>GW + TFH-Hang + Schlegeis: Hohe Buckel und mehrere vereiste Stellen (vom letzten Tauwetter\/Regen). Kommen ab &#038; zu auch urpl\u00f6tzlich, da kann man&#8217;s dann nur noch laufen lassen und hoffen, dass man bald wieder Schnee unter den F\u00fc\u00dfen hat&#8230;<\/p>\n<p>Abfahrt bis GB3 &#8211; Einstieg fahrbar (mit dicker Schneedecke).<\/p>\n<p>Ahja, 4EUB bis ca. 11 Uhr in Betrieb, war kurz nach 11 der letzte, der fahren durfte.<\/p>\n<p><img src=http:\/\/ski.inmontanis.info\/d\/137101-2\/DSC03973.jpg \/><br \/>\n^ Parkpl\u00e4tze, links die Pl\u00e4tze auf der schneebedeckten, gefrorenen Wiese. Ziemliches gelaufe, wenn man erst nach 10:30 dort ist. Sp\u00e4ter hab ich dann gesehen, dass die Ampel an der Tiefgarage noch gr\u00fcn war?! Nerv.<\/p>\n<p><img src=http:\/\/ski.inmontanis.info\/d\/137105-2\/DSC03978.jpg \/><br \/>\n^ Sommerberg<\/p>\n<p><img src=http:\/\/ski.inmontanis.info\/d\/137109-2\/DSC03980.jpg \/><br \/>\n^ Kaserer, der untere Kasererweg ist noch nicht fertig wiederhergestellt.<\/p>\n<p><img src=http:\/\/ski.inmontanis.info\/d\/137113-2\/DSC03981.jpg \/><br \/>\n^ TFH-Standardfoto<\/p>\n<p><img src=http:\/\/ski.inmontanis.info\/d\/137117-2\/DSC03982.jpg \/><br \/>\n^ Olperer-Standardfoto<\/p>\n<p><img src=http:\/\/ski.inmontanis.info\/d\/137121-2\/DSC03986.jpg \/><br \/>\n^ Einwandfreies Pano nach Norden und nach S\u00fcden.<\/p>\n<p><img src=http:\/\/ski.inmontanis.info\/d\/137125-2\/DSC08958.jpg \/><br \/>\n^ IR-Zoom nach Bayern. Im S\u00fcden Bayerns war&#8217;s wohl etwas bew\u00f6lkter&#8230;<\/p>\n<p><img src=http:\/\/ski.inmontanis.info\/d\/137129-2\/DSC08941-.jpg \/><br \/>\n^ Auch im S\u00fcden waren einige Wolken &#8230;<\/p>\n<p><a href='http:\/\/ski.inmontanis.info\/d\/137133-2\/DSC04003.jpg'><img src=http:\/\/ski.inmontanis.info\/d\/137131-3\/DSC04003.jpg \/><\/a><br \/>\n^ Aber die Gipfel konnte man doch gut sehen, wie z.B. die Brenta , 115 km<\/p>\n<p><img src=http:\/\/ski.inmontanis.info\/d\/137137-2\/DSC04004.jpg \/><br \/>\n^ Kaserer I Wartezeiten<\/p>\n<p><img src=http:\/\/ski.inmontanis.info\/d\/137141-2\/DSC04005.jpg \/><br \/>\n^ Schlegeis<\/p>\n<p><img src=http:\/\/ski.inmontanis.info\/d\/137145-2\/DSC04006.jpg \/><br \/>\n^ Schlegeis<\/p>\n<p><img src=http:\/\/ski.inmontanis.info\/d\/137149-2\/DSC04007.jpg \/><br \/>\n^ Schlegeis<\/p>\n<p>&#8212;<\/p>\n<p><img src=http:\/\/ski.inmontanis.info\/d\/137153-2\/DSC04009.jpg \/><br \/>\n^ 10 EUB Baustelle<\/p>\n","protected":false},"excerpt":{"rendered":"<p>Puh. Also Hintertux w\u00fcrde ich momentan nicht empfehlen&#8230;<\/p>\n<p> <a href=\"http:\/\/blog.inmontanis.info\/?p=1795\">[&#8230;]<\/a><\/p>\n","protected":false},"author":1,"featured_media":0,"comment_status":"open","ping_status":"closed","sticky":false,"template":"","format":"standard","meta":{"footnotes":""},"categories":[246,25,13,27],"tags":[55,90,47],"class_list":["post-1795","post","type-post","status-publish","format-standard","hentry","category-hintertux","category-noreport","category-austria","category-skifahren-winterskiing-winter","tag-3sb","tag-infrarot","tag-sl","odd"],"_links":{"self":[{"href":"http:\/\/blog.inmontanis.info\/index.php?rest_route=\/wp\/v2\/posts\/1795","targetHints":{"allow":["GET"]}}],"collection":[{"href":"http:\/\/blog.inmontanis.info\/index.php?rest_route=\/wp\/v2\/posts"}],"about":[{"href":"http:\/\/blog.inmontanis.info\/index.php?rest_route=\/wp\/v2\/types\/post"}],"author":[{"embeddable":true,"href":"http:\/\/blog.inmontanis.info\/index.php?rest_route=\/wp\/v2\/users\/1"}],"replies":[{"embeddable":true,"href":"http:\/\/blog.inmontanis.info\/index.php?rest_route=%2Fwp%2Fv2%2Fcomments&post=1795"}],"version-history":[{"count":3,"href":"http:\/\/blog.inmontanis.info\/index.php?rest_route=\/wp\/v2\/posts\/1795\/revisions"}],"predecessor-version":[{"id":1801,"href":"http:\/\/blog.inmontanis.info\/index.php?rest_route=\/wp\/v2\/posts\/1795\/revisions\/1801"}],"wp:attachment":[{"href":"http:\/\/blog.inmontanis.info\/index.php?rest_route=%2Fwp%2Fv2%2Fmedia&parent=1795"}],"wp:term":[{"taxonomy":"category","embeddable":true,"href":"http:\/\/blog.inmontanis.info\/index.php?rest_route=%2Fwp%2Fv2%2Fcategories&post=1795"},{"taxonomy":"post_tag","embeddable":true,"href":"http:\/\/blog.inmontanis.info\/index.php?rest_route=%2Fwp%2Fv2%2Ftags&post=1795"}],"curies":[{"name":"wp","href":"https:\/\/api.w.org\/{rel}","templated":true}]}}