{"id":1789,"date":"2011-10-02T18:27:58","date_gmt":"2011-10-02T16:27:58","guid":{"rendered":"http:\/\/blog.inmontanis.info\/?p=1789"},"modified":"2023-07-01T20:57:35","modified_gmt":"2023-07-01T18:57:35","slug":"hintertuxer-gletscher-finkenberg-2-10-2011","status":"publish","type":"post","link":"http:\/\/blog.inmontanis.info\/?p=1789","title":{"rendered":"Hintertuxer Gletscher + Finkenberg, 2.10.2011"},"content":{"rendered":"<p>Nach dem nicht ganz optimalen Skitag gestern am Stubaier wollte ich heute erst am Hintertuxer fahren (SnowCard!).<!--more--> Dann hatte ich mir gestern Abend noch \u00fcberlegt, gar nicht Ski zu fahren, sondern stattdessen ein paar Sommerbahnen mitzunehmen (Kitzb\u00fcheler Horn, St. Johann, K\u00f6ssen) &#8211; und stellte mir dementsprechend den Wecker etwas sp\u00e4ter.<\/p>\n<p>Nun, heute fr\u00fch kam mir dann, dass ich ja n\u00e4chsten Sommer mangels Saisonkarte auch eine Besch\u00e4ftigung brauch (und Sommerkarten g\u00fcnstiger sind als Skip\u00e4sse) und fuhr um 9 Uhr doch noch zum Hintertuxer, wo ich also gegen 10:15 Uhr ankam.<\/p>\n<p>Schock!<\/p>\n<p>Die normalen Parkpl\u00e4tze voll. Keine Ahnung, wie lang es die schon gibt, ich musste dort noch nie parken: Auf der Wiese.<\/p>\n<p><img src=http:\/\/ski.inmontanis.info\/d\/136352-2\/DSC03484.jpg \/><br \/>\n^ Auf der gr\u00fcnen Wiese hab ich hier auch noch nie geparkt&#8230;<\/p>\n<p>Paar Minuten hatte ich mich erst ge\u00e4rgert, nicht doch zum Horn gefahren zu sein und mir \u00fcberlegt, wieder ab zu fahren, bis ich merkte, dass etliche campierten und einige ohne Ski unterwegs waren. So stieg die Hoffnung, dass das doch nicht alles Skifahrer w\u00e4ren&#8230;<\/p>\n<p>Netterweise waren beide Zubringerbahnen offen, so konnte ich mit der 8EUB und der 4EUB gem\u00fctlich in jeweils einer leeren Gondel nach oben fahren. Heutzutage muss man ja froh \u00fcber jede 4EUB sein, die man noch fahren darf &#8230;.<\/p>\n<p><img src=http:\/\/ski.inmontanis.info\/d\/136296-2\/DSC03447.jpg \/><br \/>\n^ Standard-Foto Kaserer von der Sektion 1. Die linke Abfahrt am linken Kaserer ist noch zu.<\/p>\n<p><img src=http:\/\/ski.inmontanis.info\/d\/136300-2\/DSC03448.jpg \/><br \/>\n^ Standard-Foto TFH von der Sektion 1<\/p>\n<p><img src=http:\/\/ski.inmontanis.info\/d\/136304-2\/DSC03453.jpg \/><br \/>\n^ Netterweise war die 4EUB in Betrieb, zumindest vormittags. Ich hasse diese riesigen Funitel-Kabinen. Selbst wenn mal keiner raucht: sie sind unbequem, es kommt kaum Luft durch die Fenster, man hat die (nassen) Ski in der Kabine &#8211; und aus diesem Grund auch eng &#8230;<\/p>\n<p>Oben angekommen: Auch am GB III gab&#8217;s keine nennenswerten Wartezeiten (aber trotzdem nur 1x gefahren)<\/p>\n<p>&#8211; in Betrieb: alle 6 Gletscher-SL<br \/>\n&#8211; meiste Wartezeit: beide Olperer-SL. Bin ich gar nicht gefahren, war mir zu voll.<br \/>\n&#8211; keine Warzeite: beide GW-SL.<br \/>\n&#8211; wenig\/keine Wartezeiten: kurzer Kaserer.<br \/>\n&#8211; erst viel, nach Mittag wenig Wartezeiten: langer Kaserer<\/p>\n<p>Schnee: Viel h\u00e4rter als gestern am Stubaier. W\u00e4hrend am Stubaier gestern der Schnee gleichm\u00e4\u00dfig weich war, war heute am Hintertuxer zwar durchaus eine aufgefirnte Schicht, aber drunter doch recht hart. Zumindest bis zum fr\u00fchen Nachmittag. GW-H\u00e4nge waren schon anspruchsvoll. Hier und da gab&#8217;s auch mal etwas Eis, und an den Einstiegen der beiden Kaserer-SL etliche Steine (aber weniger als am Stubaier DSB Wildspitze).<\/p>\n<p><img src=http:\/\/ski.inmontanis.info\/d\/136308-2\/DSC03456.jpg \/><br \/>\n^ Standard-Foto TFH-Hang<\/p>\n<p><img src=http:\/\/ski.inmontanis.info\/d\/136312-2\/DSC03457.jpg \/><br \/>\n^ Vermatteter Bereich TFH-Hang<\/p>\n<p><img src=http:\/\/ski.inmontanis.info\/d\/136316-2\/DSC03458.jpg \/><br \/>\n^ Standard-Foto Olperer<\/p>\n<p><img src=http:\/\/ski.inmontanis.info\/d\/136320-2\/DSC03460.jpg \/><br \/>\n^ Zoom Kaserer->TFH \/ Schwarze Abfahrt. Verdammt viel Spalten heuer in dem Bereich.<\/p>\n<p><img src=http:\/\/ski.inmontanis.info\/d\/136328-2\/DSC03465.jpg \/><br \/>\n^ Die Pistenraupe fr\u00e4st den Schnee auf die Piste. Mal was anderes als das \u00fcbliche Zusammenschieben ;)<\/p>\n<p><img src=http:\/\/ski.inmontanis.info\/d\/136324-2\/DSC03467.jpg \/><br \/>\n^ K\u00fcnstliche Beschneiung mit Naturschnee :)<\/p>\n<p><img src=http:\/\/ski.inmontanis.info\/d\/136332-2\/DSC03470.jpg \/><br \/>\n^ Bis der untere Kasererweg offen ist, wird&#8217;s wohl noch dauern&#8230;<\/p>\n<p><img src=http:\/\/ski.inmontanis.info\/d\/136336-2\/DSC03475.jpg \/><br \/>\n^ Kaserer (rechts) &#8211; stellenweise ist die SL-Spur sehr sommerlich<\/p>\n<p><img src=http:\/\/ski.inmontanis.info\/d\/136340-2\/DSC03476.jpg \/><br \/>\n^ Gefrorene Wand<\/p>\n<p><img src=http:\/\/ski.inmontanis.info\/d\/136344-2\/DSC03478.jpg \/><br \/>\n^ SL GW \/ DSB Bergstation, jedem der hier im Sommer runterf\u00e4hrt sei gesagt: Da ist &#8216;ne Spalte!<\/p>\n<p><img src=http:\/\/ski.inmontanis.info\/d\/136348-2\/DSC03482.jpg \/><br \/>\n^ Die hohe Positionierung der Beschneiung gibt mir immer wieder R\u00e4tsel auf &#8230;<\/p>\n<p><a href='http:\/\/ski.inmontanis.info\/d\/136361-3\/DSC03461.jpg'><img src=http:\/\/ski.inmontanis.info\/d\/136359-4\/DSC03461.jpg \/><\/a><br \/>\n^ 10EUB. Also bergseitig ist hier kein Ausstieg&#8230;.<\/p>\n<p><a href='http:\/\/ski.inmontanis.info\/d\/136357-2\/DSC03463.jpg'><img src=http:\/\/ski.inmontanis.info\/d\/136355-3\/DSC03463.jpg \/><\/a><br \/>\n^ .. und talseitig muss man gef\u00fchlte 4 Stockwerke runter? \u00c4h?<\/p>\n<p>Nachdem ich 2x GW-SL, 5x kurzer Kaserer-SL, 2x langer Kaserer-SL und 2x GW-SL gefahren bin, hab ich&#8217;s wieder gelassen, am Olperer war immer noch eine lange Doppelschlange, die Abfahrten an der GW hatten mich auch nicht \u00fcberzeugt und zum TFH runter war mir die Abfahrt definitiv zu voll. Also um 13:40 wieder ins Tal&#8230; leider diesmal mit den beiden Funitels, die 8EUB+4EUB waren nun nicht mehr in Betrieb (evtl. wieder am sp\u00e4teren Nachmittag).<\/p>\n<p>Noch kurz in Finkenberg rauf und mit dem Bergm\u00f6nch runter. Naja. Hier und da mich f\u00fcr den falschen Weg entschieden, so dass ich einiges zu Fu\u00df gehen musste, an der 2. Sektion war der Weg auch recht nervig schotterig &#8211; erst um 17 Uhr war ich wieder an der Talstation.<\/p>\n<p><img src=http:\/\/ski.inmontanis.info\/d\/136365-2\/DSC03493.jpg \/><br \/>\n^ Pano Tuxertal<\/p>\n<p><img src=http:\/\/ski.inmontanis.info\/d\/136369-2\/DSC03491.jpg \/><br \/>\n^ Neue Katzenmoos-Bahn<\/p>\n<p><img src=http:\/\/ski.inmontanis.info\/d\/136373-2\/DSC03497.jpg \/><br \/>\n^ Katzenmoos-Baustelle \/ Lage Bergstation<\/p>\n<p><img src=http:\/\/ski.inmontanis.info\/d\/136377-2\/DSC03499.jpg \/><br \/>\n^ Ach was war das sch\u00f6n, als dort noch eine DSB und ein Kurven-SL hinaufgingen &#8211; und keine 3 6KSBs wie jetzt :-(<\/p>\n<p><img src=http:\/\/ski.inmontanis.info\/d\/136381-2\/DSC03501.jpg \/><br \/>\n^ Blick zur PB. Wenn ich da wieder an die verbuckelte und \u00fcbervolle Piste denke, die hier so friedlich und sch\u00f6n am Grat entlang geht. Ich glaub ich werd Mayrhofen mit der Snowcard nur anfahren um die Talabfahrt zu machen. Halber Tag Gerlosstein und halber Tag 2x Talabfahrt Mayrhofen. H\u00f6rt sich gut an ;)<\/p>\n<p><img src=http:\/\/ski.inmontanis.info\/d\/136385-2\/DSC03505.jpg \/><br \/>\n^ Beschneiungssee<\/p>\n<p><img src=http:\/\/ski.inmontanis.info\/d\/136389-2\/DSC03511.jpg \/><br \/>\n^ Beschneiungssee<\/p>\n<p><img src=http:\/\/ski.inmontanis.info\/d\/136393-2\/DSC03510.jpg \/><br \/>\n^ Beschneiungssee<\/p>\n<p><img src=http:\/\/ski.inmontanis.info\/d\/136397-2\/DSC03513.jpg \/><br \/>\n^ Beschneiungssee (hatte mein Fisheye leider im Auto)<\/p>\n<p><img src=http:\/\/ski.inmontanis.info\/d\/136401-2\/DSC03518.jpg \/><br \/>\n^ Die kurzen, alten SL in Finkenberg.<\/p>\n<p><img src=http:\/\/ski.inmontanis.info\/d\/136405-2\/DSC03525.jpg \/><br \/>\n^ Die Mayrhofener Penken-ZUB mal von dem Tal aus gesehen, \u00fcber das man dr\u00fcber schwebt<\/p>\n<p><img src=http:\/\/ski.inmontanis.info\/d\/136409-2\/DSC03534.jpg \/><br \/>\n^ Astegg mit ZUB<\/p>\n","protected":false},"excerpt":{"rendered":"<p>Nach dem nicht ganz optimalen Skitag gestern am Stubaier wollte ich heute erst am Hintertuxer fahren (SnowCard!).<\/p>\n<p> <a href=\"http:\/\/blog.inmontanis.info\/?p=1789\">[&#8230;]<\/a><\/p>\n","protected":false},"author":1,"featured_media":0,"comment_status":"open","ping_status":"closed","sticky":false,"template":"","format":"standard","meta":{"footnotes":""},"categories":[24,246,13,28,30],"tags":[45,47],"class_list":["post-1789","post","type-post","status-publish","format-standard","hentry","category-tagestour","category-hintertux","category-austria","category-skifahren-sommer","category-wandern","tag-see","tag-sl","odd"],"_links":{"self":[{"href":"http:\/\/blog.inmontanis.info\/index.php?rest_route=\/wp\/v2\/posts\/1789","targetHints":{"allow":["GET"]}}],"collection":[{"href":"http:\/\/blog.inmontanis.info\/index.php?rest_route=\/wp\/v2\/posts"}],"about":[{"href":"http:\/\/blog.inmontanis.info\/index.php?rest_route=\/wp\/v2\/types\/post"}],"author":[{"embeddable":true,"href":"http:\/\/blog.inmontanis.info\/index.php?rest_route=\/wp\/v2\/users\/1"}],"replies":[{"embeddable":true,"href":"http:\/\/blog.inmontanis.info\/index.php?rest_route=%2Fwp%2Fv2%2Fcomments&post=1789"}],"version-history":[{"count":2,"href":"http:\/\/blog.inmontanis.info\/index.php?rest_route=\/wp\/v2\/posts\/1789\/revisions"}],"predecessor-version":[{"id":1791,"href":"http:\/\/blog.inmontanis.info\/index.php?rest_route=\/wp\/v2\/posts\/1789\/revisions\/1791"}],"wp:attachment":[{"href":"http:\/\/blog.inmontanis.info\/index.php?rest_route=%2Fwp%2Fv2%2Fmedia&parent=1789"}],"wp:term":[{"taxonomy":"category","embeddable":true,"href":"http:\/\/blog.inmontanis.info\/index.php?rest_route=%2Fwp%2Fv2%2Fcategories&post=1789"},{"taxonomy":"post_tag","embeddable":true,"href":"http:\/\/blog.inmontanis.info\/index.php?rest_route=%2Fwp%2Fv2%2Ftags&post=1789"}],"curies":[{"name":"wp","href":"https:\/\/api.w.org\/{rel}","templated":true}]}}