{"id":1780,"date":"2011-08-15T23:00:55","date_gmt":"2011-08-15T21:00:55","guid":{"rendered":"http:\/\/blog.inmontanis.info\/?p=1780"},"modified":"2011-11-06T23:37:41","modified_gmt":"2011-11-06T22:37:41","slug":"kolovrat-mangart-15-8-2011","status":"publish","type":"post","link":"http:\/\/blog.inmontanis.info\/?p=1780","title":{"rendered":"Kolovrat-Mangart, 15.8.2011"},"content":{"rendered":"<p>Dort, wo das letzte Bild entsand, hab ich auch \u00fcbernachtet. Dort ist es auch, wo man von der S\u00fcdseite auf einen Fahrweg auf den Kuk-Gipfel gehen kann. Nun, das hab ich am<\/p>\n<p><strong>15.8.2011<\/strong><\/p>\n<p>dann auch gemacht, nat\u00fcrlich bevor die Sonne aufgeht. Von einem Lift hab ich dort oben aber nichts mehr gesehen, wollte aber auch nicht mehr gro\u00df absteigen, falls der Lift etwas unterhalb des Gipfels geendet h\u00e4tte. <!--more--><\/p>\n<p>Leider war die Adria mit blo\u00dfem Auge kaum zu erkennen, jedenfalls schlechter als am Abend. Mit Infrarot ging&#8217;s aber doch ganz gut, h\u00e4tte aber &#8216;nen anderen Filter draufschrauben sollen.<\/p>\n<p><em>Fotos, anklicken zum Vergr\u00f6\u00dfern, soweit nicht vergr\u00f6\u00dfert gepostet:<\/em><\/p>\n<p><a href='http:\/\/extra.inmontanis.info\/d\/9872-2\/DSC08264.jpg'><img src=http:\/\/extra.inmontanis.info\/d\/9871-3\/DSC08264.jpg \/><\/a><br \/>\n^ Sendeanlage am Gipfel<\/p>\n<p><a href='http:\/\/extra.inmontanis.info\/d\/9876-2\/DSC08271.jpg'><img src=http:\/\/extra.inmontanis.info\/d\/9875-3\/DSC08271.jpg \/><\/a><br \/>\n^ Der Gipfel hat eigentlich 2 Gipfel, da vorn ist noch mal einer, von dem geht diese omin\u00f6se Schneise ab, die ich am Vortag als potentlielle Skiabfahrt eingestuft hatte.<\/p>\n<p><img src=http:\/\/extra.inmontanis.info\/d\/9880-2\/DSC08295.jpg \/><br \/>\n^ .. hier diese potentielle Abfahrtsschneise. Hatte aber weder Zeit noch Lust, weiter abzusteigen und nach Liftresten zu suchen, hier am Gipfel machte nichts den Anschein.<\/p>\n<p><img src=http:\/\/extra.inmontanis.info\/d\/9884-2\/DSC08283.jpg \/><br \/>\n^ Nord\/Ost &#8211; Pano zum Sonnenaufgang<\/p>\n<p><img src=http:\/\/extra.inmontanis.info\/d\/9888-2\/DSC08273.jpg \/><br \/>\n^ Pano richtung Adria und Ebene, der Mond ist auch noch da.<\/p>\n<p><a href='http:\/\/extra.inmontanis.info\/d\/9892-2\/DSC07814.jpg'><img src=http:\/\/extra.inmontanis.info\/d\/9891-3\/DSC07814.jpg \/><\/a><br \/>\n^ IR-Pano<\/p>\n<p><img src=http:\/\/extra.inmontanis.info\/d\/9896-2\/DSC07828.jpg \/><br \/>\n^ IR-Pano<\/p>\n<p><img src=http:\/\/extra.inmontanis.info\/d\/9900-2\/DSC07837.jpg \/><br \/>\n^ IR-Pano zum Adriatischen Meer<\/p>\n<p><a href='http:\/\/extra.inmontanis.info\/d\/9904-2\/DSC07821.jpg'><img src=http:\/\/extra.inmontanis.info\/d\/9903-3\/DSC07821.jpg \/><\/a><br \/>\n^ IR-Pano zur Adria<\/p>\n<p><a href='http:\/\/extra.inmontanis.info\/d\/9908-2\/DSC08299.jpg'><img src=http:\/\/extra.inmontanis.info\/d\/9907-3\/DSC08299.jpg \/><\/a><br \/>\n^ Zoom zur Adria, mit blo\u00dfem Auge nur schwer zu erkennen &#8230;<\/p>\n<p><a href='http:\/\/extra.inmontanis.info\/d\/9912-2\/DSC07841.jpg'><img src=http:\/\/extra.inmontanis.info\/d\/9911-3\/DSC07841.jpg \/><\/a><br \/>\n^ .. in IR war das Meer doch besser zu erkennen.<\/p>\n<p><img src=http:\/\/extra.inmontanis.info\/d\/9916-2\/DSC07844.jpg \/><br \/>\n^ IR-Zoom zur Adria (Monfalcone, hinten der Ausl\u00e4ufer von links geh\u00f6rt zu Kroatien)<\/p>\n<p><img src=http:\/\/extra.inmontanis.info\/d\/9920-2\/DSC07850.jpg \/><br \/>\n^ IR-Zoom zur Adria (Lignano Sabbiadoro)<\/p>\n<p><img src=http:\/\/extra.inmontanis.info\/d\/9924-2\/DSC07851.jpg \/><br \/>\n^ IR-Zoom zur Adria. Das ganz hinten am Horizont ist entweder ein \u00fcberdimensionales Schiff, eine kleine Insel oder 299 km entfernte Gipfel im Appennin (die man lt. Pano-Tool aber nur sehen k\u00f6nnen sollte, st\u00fcnde man ein paar Meter h\u00f6her) !?<\/p>\n<p>Danach ging&#8217;s nach Bovec, denn ich wollte egtl. auf den Kanin &#8211; und hoffte auf ein sch\u00f6nen Pano ins Flachland, evtl. auch zu Adria.<\/p>\n<p><a href='http:\/\/extra.inmontanis.info\/d\/9928-2\/DSC08316.jpg'><img src=http:\/\/extra.inmontanis.info\/d\/9926-3\/DSC08316.jpg \/><\/a><br \/>\n^ Auf der Stra\u00dfe von Kobarid nach Bovec entdeckte ich pl\u00f6tzlich diese extrem geniale, enge Felstreppe.<\/p>\n<p><img src=http:\/\/extra.inmontanis.info\/d\/9932-2\/DSC08321.jpg \/><br \/>\n^ Felsentreppe<\/p>\n<p><img src=http:\/\/extra.inmontanis.info\/d\/9936-2\/DSC08328.jpg \/><br \/>\n^ Unterer Teil. Ganz sch\u00f6ns teil und die Kurven im unteren Teil ungesichert!<\/p>\n<p><img src=http:\/\/extra.inmontanis.info\/d\/9940-2\/DSC08330.jpg \/><br \/>\n^ Und der mittlere Teil, hier sind die Stufen ca. doppelt so hoch.<\/p>\n<p><a href='http:\/\/extra.inmontanis.info\/d\/9944-2\/DSC08337.jpg'><img src=http:\/\/extra.inmontanis.info\/d\/9942-3\/DSC08337.jpg \/><\/a><br \/>\n^ Von oben, ab hier geht der Weg anscheinend normal im Wald weiter, daher nicht weiter hinauf gegangen.<\/p>\n<p>Genau als ich an der Talstation der 4 EUB ankam, fing es an zu regnen &#8211; bei so einem Wetter keine Fernsicht, also auch keine Lust gehabt, da rauf zu fahren. Wollte mir dann noch die Tal-SL gegen\u00fcber anschauen, hab aber nicht die richtige Stra\u00dfe erwischt &#8211; war zwar in der einen Ortschaft dort hinten, aber alle Stra\u00dfen gingen wieder nach vorne und nicht richtung SL, keine Ahnung, vielleicht muss man zu Fu\u00df hinlaufen.<\/p>\n<p><img src=http:\/\/ski.inmontanis.info\/d\/135378-2\/DSC08355.jpg \/><br \/>\n^ Pistenplan Bovec \/ Kanin<\/p>\n<p><a href='http:\/\/ski.inmontanis.info\/d\/135382-2\/DSC08349.jpg'><img src=http:\/\/ski.inmontanis.info\/d\/135381-3\/DSC08349.jpg \/><\/a><br \/>\n^ .. leider setzte gerade Regen ein. Bei so einem Wetter brauch ich da nicht rauf fahren.<\/p>\n<p><a href='http:\/\/ski.inmontanis.info\/d\/135386-2\/DSC08352.jpg'><img src=http:\/\/ski.inmontanis.info\/d\/135385-3\/DSC08352.jpg \/><\/a><br \/>\n^ Interessanter Text bzgl. den Kartsch\u00e4chten an der Tafel bei der Talstation der 4EUB<\/p>\n<p><a href='http:\/\/ski.inmontanis.info\/d\/135390-2\/DSC08346.jpg'><img src=http:\/\/ski.inmontanis.info\/d\/135389-3\/DSC08346.jpg \/><\/a><br \/>\n^ .. ein kurzes Foto zum SL gegen\u00fcber, den ich mit dem Auto anfahren wollte, hab&#8217;s aber nicht geschafft, den richtigen Weg zu finden.<\/p>\n<p><img src=http:\/\/ski.inmontanis.info\/d\/135394-2\/DSC08357.jpg \/><br \/>\n^ .. kaum war ich an dem Ort gegen\u00fcber, gab&#8217;s am Kanin auch schon wieder Sonnenschein &#8211; bin aber trotzdem nicht rauf, k\u00f6nnte ja jederzeit wieder zu Regnen beginnen und die Fernsicht war wohl nicht besonders&#8230;<\/p>\n<p>Nun, so ging&#8217;s halt weiter nach Italien, \u00fcber den Predil-Pass. Dort sah ich den Abzweig zur Mangart-Mautstra\u00dfe, der h\u00f6chsten Stra\u00dfe Sloweniens. Da ich ja sonst nichts vor hatte &#8230; fuhr ich sie. War dann doch \u00fcberrascht, wie weit sie raufging &#8211; und dass man oben sogar ein Blick nach Norden hat.<\/p>\n<p><a href='http:\/\/extra.inmontanis.info\/d\/9948-2\/DSC08363.jpg'><img src=http:\/\/extra.inmontanis.info\/d\/9946-3\/DSC08363.jpg \/><\/a><br \/>\n^ Talpano an der Mangart-Stra\u00dfe<\/p>\n<p><a href='http:\/\/extra.inmontanis.info\/d\/9952-2\/DSC08395.jpg'><img src=http:\/\/extra.inmontanis.info\/d\/9950-3\/DSC08395.jpg \/><\/a><br \/>\n^ Ticket f\u00fcr die Mangart-Mautstra\u00dfe, die h\u00f6chste Stra\u00dfe Sloweniens.<\/p>\n<p><a href='http:\/\/extra.inmontanis.info\/d\/9956-2\/DSC08370.jpg'><img src=http:\/\/extra.inmontanis.info\/d\/9954-3\/DSC08370.jpg \/><\/a><br \/>\n^ Einer der mehreren Tunnel an der Mangart-Stra\u00dfe<\/p>\n<p><a href='http:\/\/extra.inmontanis.info\/d\/9960-2\/DSC08392.jpg'><img src=http:\/\/extra.inmontanis.info\/d\/9958-3\/DSC08392.jpg \/><\/a><br \/>\n^ Talpano (S\u00fcd)<\/p>\n<p><img src=http:\/\/extra.inmontanis.info\/d\/9964-2\/DSC08405.jpg \/><br \/>\n^ Oben an der Stra\u00dfe (bzw. ein paar Schritte bergauf) kann man sowohl nach S\u00fcden schauen &#8230;<\/p>\n<p><img src=http:\/\/extra.inmontanis.info\/d\/9968-2\/DSC08415.jpg \/><br \/>\n^ &#8230; wie auch nach Norden, in Bildmitte wieder einmal der Dobratsch.<\/p>\n<p><img src=http:\/\/extra.inmontanis.info\/d\/9972-2\/DSC08403-413_fused.jpg \/><br \/>\n^ .. und das etwas unf\u00f6rmige 360\u00b0 Pano<\/p>\n<p><a href='http:\/\/extra.inmontanis.info\/d\/9976-2\/DSC07874.jpg'><img src=http:\/\/extra.inmontanis.info\/d\/9974-3\/DSC07874.jpg \/><\/a><br \/>\n^ IR-Pano<\/p>\n<p>Wieder runter und nach Tarviso, kommt man ja an dem einen Bergwerk vorbei &#8230;.<\/p>\n<p><a href='http:\/\/extra.inmontanis.info\/d\/9980-2\/DSC08441.jpg'><img src=http:\/\/extra.inmontanis.info\/d\/9978-3\/DSC08441.jpg \/><\/a><br \/>\n^ Cave del Predil<\/p>\n<p><a href='http:\/\/extra.inmontanis.info\/d\/9984-2\/DSC08445.jpg'><img src=http:\/\/extra.inmontanis.info\/d\/9982-3\/DSC08445.jpg \/><\/a><br \/>\n^ Cave del Predil. Also bitte, wenn das keine \u00dcberreste einer Winkelstation einer ehemaligen Materialseilbahn sind .. was dann? :-)<\/p>\n<p><a href='http:\/\/extra.inmontanis.info\/d\/9988-2\/DSC08451.jpg'><img src=http:\/\/extra.inmontanis.info\/d\/9986-3\/DSC08451.jpg \/><\/a><br \/>\n^ Dochja, man sieht, wir sind in Italien. Mitten in Tarviso, um genau zu sein.<\/p>\n<p>Von hier aus war ich mir nicht ganz sicher, wie ich fahren wollte, kannte ich doch mehrere P\u00e4sse noch nicht. Zoncolan-Stra\u00dfe w\u00e4re auch interessant &#8211; aber bei dem Wetter? Ich hab mich dann f\u00fcr den Pl\u00f6ckenpass entschieden &#8211; und dort hin \u00fcber den Passo del Cason di Lanza, den Miki heuer schon mal vorgestellt hatte.<\/p>\n<p>Obwohl der Pass komplett geteert ist, war das einer der krassesten Stra\u00dfen, die ich seit langem gefahren bin: Weniger wegen den paar schlechten Stra\u00dfenzust\u00e4nden, sondern sie ist durchgehend sehr schmal, stellenweise recht steil, schmale Kehren, es kamen mir immer wieder Autos entgegen und 2 Wohnmobile, so dass ich mehrmals zur\u00fccksetzen musste, dazu hatte es stellenweise immer wieder stark geregnet (wodurch nat\u00fcrlich auch die Murengefahr auf derartigen Stra\u00dfen steigt) ..<\/p>\n<p><a href='http:\/\/extra.inmontanis.info\/d\/9992-2\/DSC08478.jpg'><img src=http:\/\/extra.inmontanis.info\/d\/9990-3\/DSC08478.jpg \/><\/a><br \/>\n^ Ostseite des Passo del Cason di Lanza, insbesondere bei dem schlechten Wetter heute einer der krassesten Strassen, die ich seit langem gefahren bin &#8211; und dabei ist die sogar durchgehend geteert!<\/p>\n<p><a href='http:\/\/extra.inmontanis.info\/d\/9996-2\/DSC08491.jpg'><img src=http:\/\/extra.inmontanis.info\/d\/9994-3\/DSC08491.jpg \/><\/a><br \/>\n^ .. die Stra\u00dfe ist eng, die Kehren sind eng, die Stra\u00dfe ist steil &#8211; und dann noch die erh\u00f6hte Murengefahr aufgrund des starken Regens.. was tu ich mir hier nur an &#8230;<\/p>\n<p><a href='http:\/\/extra.inmontanis.info\/d\/10000-2\/DSC08493.jpg'><img src=http:\/\/extra.inmontanis.info\/d\/9998-3\/DSC08493.jpg \/><\/a><br \/>\n^ .. und mir kam nicht nur ein Wohnmobil entgegen. Also wo die \u00fcberall rumfahren ist unglaublich. 2 Wohnmobile k\u00f6nnten in diesem St\u00fcck \u00fcbrigens \u00fcber mehrere Kehren nicht aneinander vorbei fahren!!<\/p>\n<p><a href='http:\/\/extra.inmontanis.info\/d\/10004-2\/DSC08498.jpg'><img src=http:\/\/extra.inmontanis.info\/d\/10002-3\/DSC08498.jpg \/><\/a><br \/>\n^ Stellenweise aber ein recht idyllisches Str\u00e4sschen.<\/p>\n<p><a href='http:\/\/extra.inmontanis.info\/d\/10008-2\/DSC08513.jpg'><img src=http:\/\/extra.inmontanis.info\/d\/10006-3\/DSC08513.jpg \/><\/a><br \/>\n^ .. Stellenweise auch d\u00fcster ..<\/p>\n<p><a href='http:\/\/extra.inmontanis.info\/d\/10012-2\/DSC08514.jpg'><img src=http:\/\/extra.inmontanis.info\/d\/10010-3\/DSC08514.jpg \/><\/a><br \/>\n^ .. Stellenweise auch stark abfallend &#8230;<\/p>\n<p><a href='http:\/\/extra.inmontanis.info\/d\/10016-2\/DSC08518.jpg'><img src=http:\/\/extra.inmontanis.info\/d\/10014-3\/DSC08518.jpg \/><\/a><br \/>\n^ .. und hier geht&#8217;s erst ein St\u00fcck runter, dann auf der anderen Bergseite weiter ..<\/p>\n<p><a href='http:\/\/extra.inmontanis.info\/d\/10020-2\/DSC08526.jpg'><img src=http:\/\/extra.inmontanis.info\/d\/10018-3\/DSC08526.jpg \/><\/a><br \/>\n^ Und auf der West\/S\u00fcdseite gibt&#8217;s sogar dieses kleine Tunnelchen.<\/p>\n<p>Was war ich froh, da durch zu sein &#8211; aber leider musste man noch einen Pass fahren. Immerhin gab&#8217;s da was besonderes zu sehen:<\/p>\n<p><a href='http:\/\/extra.inmontanis.info\/d\/10024-2\/DSC08539.jpg'><img src=http:\/\/extra.inmontanis.info\/d\/10022-3\/DSC08539.jpg \/><\/a><br \/>\n^ Auf der Stra\u00dfe zur Forcella Lius steht diese Skilift-Leiche rum<\/p>\n<p><a href='http:\/\/extra.inmontanis.info\/d\/10028-2\/DSC08540.jpg'><img src=http:\/\/extra.inmontanis.info\/d\/10026-3\/DSC08540.jpg \/><\/a><br \/>\n^ Standort-Check dieser SL-Leiche<\/p>\n<p><a href='http:\/\/extra.inmontanis.info\/d\/10032-2\/DSC08542.jpg'><img src=http:\/\/extra.inmontanis.info\/d\/10030-3\/DSC08542.jpg \/><\/a><br \/>\n^ Blick zur Talstation des aufgelassenen SL<\/p>\n<p><a href='http:\/\/extra.inmontanis.info\/d\/10036-2\/DSC08545.jpg'><img src=http:\/\/extra.inmontanis.info\/d\/10034-3\/DSC08545.jpg \/><\/a><br \/>\n^ .. wirklich breit ist die Stra\u00dfe von Paularo nach Ligosullo auch nicht ..<\/p>\n<p>Danach ging&#8217;s doch relativ problemlos \u00fcber den Pl\u00f6ckenpass &#8230;<\/p>\n<p><a href='http:\/\/extra.inmontanis.info\/d\/10040-2\/DSC08551.jpg'><img src=http:\/\/extra.inmontanis.info\/d\/10038-3\/DSC08551.jpg \/><\/a><br \/>\n^ Pl\u00f6ckenpass<\/p>\n<p>.. und \u00fcber den Felbertauern (was f\u00fcr eine Wohltat im Vgl. zum Pustertal), Pass Thurn und dem Brixental wieder nach Innsbruck.<\/p>\n<p>Sommerskifahren, Po-Ebene, Adria und Kranjska-ESL. Eigentlich alles gesehen, was ich an diesen 3 Tagen sehen wollte, auch wenn der 3. Tag komplett Seilbahnfrei war.<\/p>\n","protected":false},"excerpt":{"rendered":"<p>Dort, wo das letzte Bild entsand, hab ich auch \u00fcbernachtet. Dort ist es auch, wo man von der S\u00fcdseite auf einen Fahrweg auf den Kuk-Gipfel gehen kann. Nun, das hab ich am<\/p>\n<p>15.8.2011<\/p>\n<p>dann auch gemacht, nat\u00fcrlich bevor die Sonne aufgeht. Von einem Lift hab ich dort oben aber nichts mehr gesehen, wollte aber auch <a href=\"http:\/\/blog.inmontanis.info\/?p=1780\">[&#8230;]<\/a><\/p>\n","protected":false},"author":1,"featured_media":0,"comment_status":"open","ping_status":"closed","sticky":false,"template":"","format":"standard","meta":{"footnotes":""},"categories":[15,17,32,30,81],"tags":[102,51,90,37,47],"class_list":["post-1780","post","type-post","status-publish","format-standard","hentry","category-italienitaly","category-slowenienslovenia","category-lostplaces","category-wandern","category-kurztrips","tag-360-pano","tag-architektur","tag-infrarot","tag-meer","tag-sl","odd"],"_links":{"self":[{"href":"http:\/\/blog.inmontanis.info\/index.php?rest_route=\/wp\/v2\/posts\/1780","targetHints":{"allow":["GET"]}}],"collection":[{"href":"http:\/\/blog.inmontanis.info\/index.php?rest_route=\/wp\/v2\/posts"}],"about":[{"href":"http:\/\/blog.inmontanis.info\/index.php?rest_route=\/wp\/v2\/types\/post"}],"author":[{"embeddable":true,"href":"http:\/\/blog.inmontanis.info\/index.php?rest_route=\/wp\/v2\/users\/1"}],"replies":[{"embeddable":true,"href":"http:\/\/blog.inmontanis.info\/index.php?rest_route=%2Fwp%2Fv2%2Fcomments&post=1780"}],"version-history":[{"count":2,"href":"http:\/\/blog.inmontanis.info\/index.php?rest_route=\/wp\/v2\/posts\/1780\/revisions"}],"predecessor-version":[{"id":1782,"href":"http:\/\/blog.inmontanis.info\/index.php?rest_route=\/wp\/v2\/posts\/1780\/revisions\/1782"}],"wp:attachment":[{"href":"http:\/\/blog.inmontanis.info\/index.php?rest_route=%2Fwp%2Fv2%2Fmedia&parent=1780"}],"wp:term":[{"taxonomy":"category","embeddable":true,"href":"http:\/\/blog.inmontanis.info\/index.php?rest_route=%2Fwp%2Fv2%2Fcategories&post=1780"},{"taxonomy":"post_tag","embeddable":true,"href":"http:\/\/blog.inmontanis.info\/index.php?rest_route=%2Fwp%2Fv2%2Ftags&post=1780"}],"curies":[{"name":"wp","href":"https:\/\/api.w.org\/{rel}","templated":true}]}}