{"id":1777,"date":"2011-08-14T23:30:54","date_gmt":"2011-08-14T21:30:54","guid":{"rendered":"http:\/\/blog.inmontanis.info\/?p=1777"},"modified":"2011-11-06T23:34:19","modified_gmt":"2011-11-06T22:34:19","slug":"reisseck-kolovrat-14-8-2011","status":"publish","type":"post","link":"http:\/\/blog.inmontanis.info\/?p=1777","title":{"rendered":"Reisseck &#8211; Kolovrat, 14.8.2011"},"content":{"rendered":"<p>Nach dem Skifahren am M\u00f6lltaler wollte ich noch die <strong>Reisseckbahn<\/strong> fahren &#8211; leider geschlossen, ein technischer Defekt. Ausgerechnet bei diesem sch\u00f6nen Wetter! Bitter.<!--more--><\/p>\n<p><a href='http:\/\/extra.inmontanis.info\/d\/9708-2\/DSC08091.jpg'><img src=http:\/\/extra.inmontanis.info\/d\/9706-3\/DSC08091.jpg \/><\/a><br \/>\n^ Talstation Reisseckbahn. Leider heute wg. eines technischen Defekts au\u00dfer Betrieb.<\/p>\n<p><a href='http:\/\/extra.inmontanis.info\/d\/9712-2\/DSC08092.jpg'><img src=http:\/\/extra.inmontanis.info\/d\/9711-3\/DSC08092.jpg \/><\/a><br \/>\n^ Reisseckbahn. Stellbare Weichen an SSBs sind doch \u00e4u\u00dferst selten.<\/p>\n<p><a href='http:\/\/extra.inmontanis.info\/d\/9716-2\/DSC08096.jpg'><img src=http:\/\/extra.inmontanis.info\/d\/9715-3\/DSC08096.jpg \/><\/a><br \/>\n^ Plan Reisseck, die SSB geht in 3 Sektionen nach oben, hernach gibt&#8217;s noch einen kleinen Zug als H\u00f6henbahn, an dessen Ende fr\u00fcher auch ein Skigebiet war.<\/p>\n<p><a href='http:\/\/extra.inmontanis.info\/d\/9720-2\/DSC08094.jpg'><img src=http:\/\/extra.inmontanis.info\/d\/9719-3\/DSC08094.jpg \/><\/a><br \/>\n^ Zoom Kreuzeckbahn von der Reisseckbahn aus<\/p>\n<p><a href='http:\/\/extra.inmontanis.info\/d\/9724-2\/DSC08104.jpg'><img src=http:\/\/extra.inmontanis.info\/d\/9723-3\/DSC08104.jpg \/><\/a><br \/>\n^ Zoom Strecke Reisseck-SSB von Talstation Kreuzeckbahn<\/p>\n<p><a href='http:\/\/extra.inmontanis.info\/d\/9728-2\/DSC08099.jpg'><img src=http:\/\/extra.inmontanis.info\/d\/9727-3\/DSC08099.jpg \/><\/a><br \/>\n^ Talstation Kreuzeckbahn. Normalerweise Sonntags nicht in Betrieb, heute wg. des Problems an der Reisseckbahn schon &#8211; aber ich war zu sp\u00e4t.<\/p>\n<p><a href='http:\/\/extra.inmontanis.info\/d\/9732-2\/DSC08107.jpg'><img src=http:\/\/extra.inmontanis.info\/d\/9731-3\/DSC08107.jpg \/><\/a><br \/>\n^ Unterer Streckenteil Kreuzeckbahn<\/p>\n<p><a href='http:\/\/extra.inmontanis.info\/d\/9736-2\/DSC08108.jpg'><img src=http:\/\/extra.inmontanis.info\/d\/9735-3\/DSC08108.jpg \/><\/a><br \/>\n^ Das Interessante an der Kreuzeckbahn sind ihre offenen W\u00e4gen.<\/p>\n<p>.. weiter ging&#8217;s \u00fcber den <strong>Vr\u0161i\u010d-Pass<\/strong> von Kranjska nach Bovec.<\/p>\n<p><a href='http:\/\/extra.inmontanis.info\/d\/9744-2\/DSC08132.jpg'><img src=http:\/\/extra.inmontanis.info\/d\/9741-3\/DSC08132.jpg \/><\/a><br \/>\n^ Wrschitsch (Vr\u0161i\u010d)- Passstra\u00dfe. Die Nordseite von Kranjska Gora aus hat in jeder Kehre noch Pflastersteine!<\/p>\n<p><a href='http:\/\/extra.inmontanis.info\/d\/9748-2\/DSC08138.jpg'><img src=http:\/\/extra.inmontanis.info\/d\/9747-3\/DSC08138.jpg \/><\/a><br \/>\n^ .. die K\u00fche gingen gem\u00fctlich die Stra\u00dfe rauf und lie\u00dfen sich nur schwer \u00fcberholen.<\/p>\n<p><a href='http:\/\/extra.inmontanis.info\/d\/9752-2\/DSC08147.jpg'><img src=http:\/\/extra.inmontanis.info\/d\/9751-3\/DSC08147.jpg \/><\/a><br \/>\n^ Kehre 24<\/p>\n<p><a href='http:\/\/extra.inmontanis.info\/d\/9756-2\/DSC08152.jpg'><img src=http:\/\/extra.inmontanis.info\/d\/9755-3\/DSC08152.jpg \/><\/a><br \/>\n^ Vr\u0161i\u010d &#8211; Passh\u00f6he, 1611m lt. Schild<\/p>\n<p><a href='http:\/\/extra.inmontanis.info\/d\/9760-2\/DSC08168.jpg'><img src=http:\/\/extra.inmontanis.info\/d\/9759-3\/DSC08168.jpg \/><\/a><br \/>\n^ Eine weitere Besonderheit des Passes, dass die Nummerierung der S\u00fcdseite einfach die Fortsetzung der Nordseite ist&#8230;<\/p>\n<p><a href='http:\/\/extra.inmontanis.info\/d\/9764-2\/DSC08178.jpg'><img src=http:\/\/extra.inmontanis.info\/d\/9763-3\/DSC08178.jpg \/><\/a><br \/>\n^ Impressionen unterhalb des Vr\u0161i\u010d-Passes, richtung Bovec<\/p>\n<p>Weiter ging&#8217;s zur <strong>Slowenischen Grenzkammstra\u00dfe am Kolovrat<\/strong>, wo ich mir einen Blick zur Adria erhoffte. Leider war ich doch etwas sp\u00e4t dran, insbesondere von der Stra\u00dfe dann einen Platz mit Blick in die Ebene zu finden&#8230;<\/p>\n<p>Kam dann am Kolovrat an, wo eine Bunkeranlage (bzw. Gefechtsstellung oder wie man dazu genau sagt) vom WK 1 steht, aber der Weg zum Gipfel war doch etwas l\u00e4nger als gedacht &#8211; und schlussendlich schon zu dunkel, um das Meer noch gut sehen zu k\u00f6nnen :-(<\/p>\n<p>Die Bunkeranlage ist aber recht gro\u00df und verzweigt und kann problemlos  betreten werden &#8211; sehr interessant.<\/p>\n<p><a href='http:\/\/extra.inmontanis.info\/d\/9768-2\/DSC08189.jpg'><img src=http:\/\/extra.inmontanis.info\/d\/9767-3\/DSC08189.jpg \/><\/a><br \/>\n^ Der Gipfel hei\u00dft Kuk, der Ort etwas darunter Livek, direkt an der Slowenischen Grenzkammstra\u00dfe &#8211; und die Schneise schaut so nach Skiabfahrt aus &#8230;<\/p>\n<p><a href='http:\/\/extra.inmontanis.info\/d\/9772-2\/DSC08192.jpg'><img src=http:\/\/extra.inmontanis.info\/d\/9771-3\/DSC08192.jpg \/><\/a><br \/>\n^ Diese Schneise war allerdings kein KSSL &#8211; sondern eine Stromleitung.<\/p>\n<p><a href='http:\/\/extra.inmontanis.info\/d\/9776-2\/DSC08198.jpg'><img src=http:\/\/extra.inmontanis.info\/d\/9775-3\/DSC08198.jpg \/><\/a><br \/>\n^ .. aber doch hat sich eine St\u00fctze gefunden, etwas oberhalb von Livek.<\/p>\n<p><a href='http:\/\/extra.inmontanis.info\/d\/9780-2\/DSC08303.jpg'><img src=http:\/\/extra.inmontanis.info\/d\/9779-3\/DSC08303.jpg \/><\/a><br \/>\n^ Leider war es mir auch am n\u00e4chsten Tag nicht m\u00f6glich, den SL n\u00e4her anzusehen &#8211; wilde Tiere versperrten den Weg :-)<\/p>\n<p><a href='http:\/\/extra.inmontanis.info\/d\/9784-2\/DSC08309.jpg'><img src=http:\/\/extra.inmontanis.info\/d\/9783-3\/DSC08309.jpg \/><\/a><br \/>\n^ Links von mir zweigt der Feldweg ab, wo der SL also relativ parallel in Blickrichtung ist. Rechts oben die Stromleitung, links oben diese omin\u00f6se Schneise, die von diesem Lift wohl eher nicht bedient wurde&#8230;<\/p>\n<p><a href='http:\/\/extra.inmontanis.info\/d\/9788-2\/DSC08310.jpg'><img src=http:\/\/extra.inmontanis.info\/d\/9787-3\/DSC08310.jpg \/><\/a><br \/>\n^ Scheinen wohl \u00dcberreste der Talstation zu sein ..<\/p>\n<p><a href='http:\/\/extra.inmontanis.info\/d\/9792-2\/DSC08312.jpg'><img src=http:\/\/extra.inmontanis.info\/d\/9791-3\/DSC08312.jpg \/><\/a><br \/>\n^ St\u00fctze im Zoom<\/p>\n<p><a href='http:\/\/extra.inmontanis.info\/d\/9796-2\/ge_kuk.jpg'><img src=http:\/\/extra.inmontanis.info\/d\/9795-3\/ge_kuk.jpg \/><\/a><br \/>\n^ Irgendwie so ungef\u00e4hr scheint der SL gelaufen zu sein, glaub nicht, dass der weiter rauf ging. Ob es einen zweiten SL bis ganz oben gab? Oder weitere weiter unten? Keine Ahnung &#8230; Miki, wei\u00dft du was?<\/p>\n<p><a href='http:\/\/extra.inmontanis.info\/d\/9800-2\/DSC08204.jpg'><img src=http:\/\/extra.inmontanis.info\/d\/9799-3\/DSC08204.jpg \/><\/a><br \/>\n^ Wow, man sieht das Meer, die Adria!<\/p>\n<p><a href='http:\/\/extra.inmontanis.info\/d\/9804-2\/DSC08207.jpg'><img src=http:\/\/extra.inmontanis.info\/d\/9803-3\/DSC08207.jpg \/><\/a><br \/>\n^ \u00dcbersichtsplan Livek &#8211; Kolovrat mit der Slowenischen Grenzkammstra\u00dfe (schmal aber geteert und problemlos fahrbar)<\/p>\n<p><img src=http:\/\/extra.inmontanis.info\/d\/9808-2\/DSC08212.jpg \/><br \/>\n^ Mond-Pano<\/p>\n<p><a href='http:\/\/extra.inmontanis.info\/d\/9812-2\/DSC08213.jpg'><img src=http:\/\/extra.inmontanis.info\/d\/9811-3\/DSC08213.jpg \/><\/a><br \/>\n^ Am Kolovrat gibts Bunkeranlagen aus dem WK 1, sogar etliche Tunnelg\u00e4nge, alles unbeleuchtet und relativ Gro\u00df und frei begehbar! Toll.<\/p>\n<p><a href='http:\/\/extra.inmontanis.info\/d\/9816-2\/DSC07800.jpg'><img src=http:\/\/extra.inmontanis.info\/d\/9815-3\/DSC07800.jpg \/><\/a><br \/>\n^ Mond-Pano in IR<\/p>\n<p><a href='http:\/\/extra.inmontanis.info\/d\/9820-2\/DSC08218.jpg'><img src=http:\/\/extra.inmontanis.info\/d\/9819-3\/DSC08218.jpg \/><\/a><br \/>\n^ Blick in die italienische Ebene (z\u00e4hlt das noch als Po-Ebene? Der flie\u00dft ja hier gar nicht mehr)<\/p>\n<p><a href='http:\/\/extra.inmontanis.info\/d\/9824-2\/DSC07804.jpg'><img src=http:\/\/extra.inmontanis.info\/d\/9823-3\/DSC07804.jpg \/><\/a><br \/>\n^ .. gleiches Bild in IR. Selbst nach untergegangener Sonne hilft einem der IR-Blick also noch ein wenig.<\/p>\n<p><a href='http:\/\/extra.inmontanis.info\/d\/9828-2\/DSC08215.jpg'><img src=http:\/\/extra.inmontanis.info\/d\/9827-3\/DSC08215.jpg \/><\/a><br \/>\n^ Zoom zum Adriatischen Meer &#8211; viel sieht man da heut Abend leider nicht mehr &#8211; leider bin ich etwas zu sp\u00e4t :-(<\/p>\n<p><a href='http:\/\/extra.inmontanis.info\/d\/9832-2\/DSC07803.jpg'><img src=http:\/\/extra.inmontanis.info\/d\/9831-3\/DSC07803.jpg \/><\/a><br \/>\n^ .. gleiches Bild in IR, hier kann man das Meer noch ein bissl besser erkennen.<\/p>\n<p><a href='http:\/\/extra.inmontanis.info\/d\/9836-2\/DSC08217.jpg'><img src=http:\/\/extra.inmontanis.info\/d\/9835-3\/DSC08217.jpg \/><\/a><br \/>\n^ Sonnenuntergangspano<\/p>\n<p><a href='http:\/\/extra.inmontanis.info\/d\/9840-2\/DSC08231.jpg'><img src=http:\/\/extra.inmontanis.info\/d\/9839-3\/DSC08231.jpg \/><\/a><br \/>\n^ Sternenhimmel (20s)<\/p>\n<p><img src=http:\/\/extra.inmontanis.info\/d\/9844-2\/DSC08233.jpg \/><br \/>\n^ Nachtblick in die italienische Ebene (30s Langzeit ISO 400, der Strich k\u00f6nnte evtl. die ISS sein)<\/p>\n<p><img src=http:\/\/extra.inmontanis.info\/d\/9848-2\/DSC08234.jpg \/><br \/>\n^ Nachtblick in die italienische Ebene (30s Langzeit ISO 1600, der Strich k\u00f6nnte evtl. die ISS sein)<\/p>\n<p><img src=http:\/\/extra.inmontanis.info\/d\/9852-2\/DSC08238.jpg \/><br \/>\n^ Nachtblick in die italienische Ebene (30s Langzeit ISO 400, die Lichter k\u00f6nnten evtl. Udine sein)<\/p>\n<p><a href='http:\/\/extra.inmontanis.info\/d\/9856-2\/DSC08247.jpg'><img src=http:\/\/extra.inmontanis.info\/d\/9855-3\/DSC08247.jpg \/><\/a><br \/>\n^ Taschenlampen-Langzeitbelichtungs-Kunst :)<\/p>\n<p><a href='http:\/\/extra.inmontanis.info\/d\/9860-2\/DSC08255.jpg'><img src=http:\/\/extra.inmontanis.info\/d\/9859-3\/DSC08255.jpg \/><\/a><br \/>\n^ Taschenlampen-Langzeitbelichtungs-Kunst (Ich war noch vom Skifahren am M\u00f6lltaler heute geflasht ;) )<\/p>\n<p><a href='http:\/\/extra.inmontanis.info\/d\/9864-2\/DSC08257.jpg'><img src=http:\/\/extra.inmontanis.info\/d\/9863-3\/DSC08257.jpg \/><\/a><br \/>\n^ .. ein k\u00fcrzeres Wort ist doch einfacher (20sec)<\/p>\n<p><img src=http:\/\/extra.inmontanis.info\/d\/9868-2\/DSC08261.jpg \/><br \/>\n^ Es war egtl. stockduster, aber eben Vollmond &#8211; und bei 20sec mit ISO 1600 ist es doch erstaunlich, wie gr\u00fcn das Gras ist.<\/p>\n","protected":false},"excerpt":{"rendered":"<p>Nach dem Skifahren am M\u00f6lltaler wollte ich noch die Reisseckbahn fahren &#8211; leider geschlossen, ein technischer Defekt. Ausgerechnet bei diesem sch\u00f6nen Wetter! Bitter.<\/p>\n<p> <a href=\"http:\/\/blog.inmontanis.info\/?p=1777\">[&#8230;]<\/a><\/p>\n","protected":false},"author":1,"featured_media":0,"comment_status":"open","ping_status":"closed","sticky":false,"template":"","format":"standard","meta":{"footnotes":""},"categories":[13,17,32,81],"tags":[100,47,46],"class_list":["post-1777","post","type-post","status-publish","format-standard","hentry","category-austria","category-slowenienslovenia","category-lostplaces","category-kurztrips","tag-langzeitbelichtung","tag-sl","tag-ssb","odd"],"_links":{"self":[{"href":"http:\/\/blog.inmontanis.info\/index.php?rest_route=\/wp\/v2\/posts\/1777","targetHints":{"allow":["GET"]}}],"collection":[{"href":"http:\/\/blog.inmontanis.info\/index.php?rest_route=\/wp\/v2\/posts"}],"about":[{"href":"http:\/\/blog.inmontanis.info\/index.php?rest_route=\/wp\/v2\/types\/post"}],"author":[{"embeddable":true,"href":"http:\/\/blog.inmontanis.info\/index.php?rest_route=\/wp\/v2\/users\/1"}],"replies":[{"embeddable":true,"href":"http:\/\/blog.inmontanis.info\/index.php?rest_route=%2Fwp%2Fv2%2Fcomments&post=1777"}],"version-history":[{"count":2,"href":"http:\/\/blog.inmontanis.info\/index.php?rest_route=\/wp\/v2\/posts\/1777\/revisions"}],"predecessor-version":[{"id":1779,"href":"http:\/\/blog.inmontanis.info\/index.php?rest_route=\/wp\/v2\/posts\/1777\/revisions\/1779"}],"wp:attachment":[{"href":"http:\/\/blog.inmontanis.info\/index.php?rest_route=%2Fwp%2Fv2%2Fmedia&parent=1777"}],"wp:term":[{"taxonomy":"category","embeddable":true,"href":"http:\/\/blog.inmontanis.info\/index.php?rest_route=%2Fwp%2Fv2%2Fcategories&post=1777"},{"taxonomy":"post_tag","embeddable":true,"href":"http:\/\/blog.inmontanis.info\/index.php?rest_route=%2Fwp%2Fv2%2Ftags&post=1777"}],"curies":[{"name":"wp","href":"https:\/\/api.w.org\/{rel}","templated":true}]}}