{"id":1774,"date":"2011-08-13T22:00:33","date_gmt":"2011-08-13T20:00:33","guid":{"rendered":"http:\/\/blog.inmontanis.info\/?p=1774"},"modified":"2011-11-06T23:30:55","modified_gmt":"2011-11-06T22:30:55","slug":"kranjska-gora-13-8-2011","status":"publish","type":"post","link":"http:\/\/blog.inmontanis.info\/?p=1774","title":{"rendered":"Kranjska Gora, 13.8.2011"},"content":{"rendered":"<p>\u00dcber&#8217;s verl\u00e4ngerte Wochenende, Wetterbericht verhie\u00df zumindest einigerma\u00dfen gutes Wetter (f\u00fcr diesen Sommer), ging&#8217;s in die 3-L\u00e4nder-Ecke Slowenien\/Italien\/K\u00e4rnten. Lt. Miki sollte heuer der ESL in Kranjska Gora die letzte Saison haben &#8211; und Sommerskifahren am M\u00f6lltaller stand eh schon l\u00e4nger auf der Liste.<!--more--><\/p>\n<p>Am 13.8. traf ich Miki &#038; Frau in <strong>Kranjska Gora<\/strong>, wir fuhren die 4SB und den ESL hoch und machten eine kleine Wanderung zum Gipfel &#8211; die sich f\u00fcr mich doch als weiter und anstrengender herausstellte als ich gedacht hab.<\/p>\n<p>Fotos anklicken zum Vergr\u00f6\u00dfern, soweit nicht vergr\u00f6\u00dfert gepostet:<\/p>\n<p><a href='http:\/\/ski.inmontanis.info\/d\/135200-3\/DSC07780.jpg'><img src=http:\/\/ski.inmontanis.info\/d\/135198-4\/DSC07780.jpg \/><\/a><br \/>\n^ Talstationen<\/p>\n<p><a href='http:\/\/ski.inmontanis.info\/d\/135204-3\/DSC07686.jpg'><img src=http:\/\/ski.inmontanis.info\/d\/135203-3\/DSC07686.jpg \/><\/a><br \/>\n^ 4SB<\/p>\n<p><a href='http:\/\/ski.inmontanis.info\/d\/135208-3\/DSC07688.jpg'><img src=http:\/\/ski.inmontanis.info\/d\/135207-3\/DSC07688.jpg \/><\/a><br \/>\n^ SL Brsnina, Bergstation. Interessante Bauweise&#8230;<\/p>\n<p><a href='http:\/\/ski.inmontanis.info\/d\/135212-3\/DSC07689.jpg'><img src=http:\/\/ski.inmontanis.info\/d\/135211-3\/DSC07689.jpg \/><\/a><br \/>\n^ SL Brsnina, die 3-Bein-St\u00fctzen (die zumindest auch von DM verbaut wurde)<\/p>\n<p><a href='http:\/\/ski.inmontanis.info\/d\/135216-3\/DSC07690.jpg'><img src=http:\/\/ski.inmontanis.info\/d\/135215-3\/DSC07690.jpg \/><\/a><br \/>\n^ SL Brsnina<\/p>\n<p><a href='http:\/\/ski.inmontanis.info\/d\/135354-3\/DSC07692.jpg'><img src=http:\/\/ski.inmontanis.info\/d\/135353-3\/DSC07692.jpg \/><\/a><br \/>\n^ Blick zur (k\u00fcrzeren) 4KSB links der 4SB<\/p>\n<p><a href='http:\/\/ski.inmontanis.info\/d\/135221-3\/DSC07697.jpg'><img src=http:\/\/ski.inmontanis.info\/d\/135220-3\/DSC07697.jpg \/><\/a><br \/>\n^ Eine der Abfahrten. Immerhin unmodeliert.<\/p>\n<p><a href='http:\/\/ski.inmontanis.info\/d\/135225-3\/DSC07698.jpg'><img src=http:\/\/ski.inmontanis.info\/d\/135224-3\/DSC07698.jpg \/><\/a><br \/>\n^ 4SB Bergstation, der ESL ist nicht sichtbar dahinter. Links eine recht steile Abfahrt &#8230;.<\/p>\n<p><a href='http:\/\/ski.inmontanis.info\/d\/135229-3\/DSC07701.jpg'><img src=http:\/\/ski.inmontanis.info\/d\/135228-3\/DSC07701.jpg \/><\/a><br \/>\n^ Talstation ESL<\/p>\n<p><a href='http:\/\/ski.inmontanis.info\/d\/135233-3\/DSC07706.jpg'><img src=http:\/\/ski.inmontanis.info\/d\/135232-3\/DSC07706.jpg \/><\/a><br \/>\n^ Talstation ESL<\/p>\n<p><a href='http:\/\/ski.inmontanis.info\/d\/135237-3\/DSC07711.jpg'><img src=http:\/\/ski.inmontanis.info\/d\/135236-3\/DSC07711.jpg \/><\/a><br \/>\n^ Strecke ESL<\/p>\n<p><a href='http:\/\/ski.inmontanis.info\/d\/135241-2\/DSC07720.jpg'><img src=http:\/\/ski.inmontanis.info\/d\/135240-3\/DSC07720.jpg \/><\/a><br \/>\n^ Eindeutig: Graffer<\/p>\n<p><a href='http:\/\/ski.inmontanis.info\/d\/135245-2\/DSC07726.jpg'><img src=http:\/\/ski.inmontanis.info\/d\/135244-3\/DSC07726.jpg \/><\/a><br \/>\n^ Die Abfahrt am ESL ist verdammt steil.<\/p>\n<p><a href='http:\/\/ski.inmontanis.info\/d\/135249-2\/DSC07727.jpg'><img src=http:\/\/ski.inmontanis.info\/d\/135248-3\/DSC07727.jpg \/><\/a><br \/>\n^ Abfahrt am ESL, s\u00e4he nett aus, nur leider seit Jahren im Winter nicht in Betrieb.<\/p>\n<p><a href='http:\/\/ski.inmontanis.info\/d\/135253-3\/DSC07729.jpg'><img src=http:\/\/ski.inmontanis.info\/d\/135252-3\/DSC07729.jpg \/><\/a><br \/>\n^ ESL Bergstation<\/p>\n<p><a href='http:\/\/ski.inmontanis.info\/d\/135257-2\/DSC07735.jpg'><img src=http:\/\/ski.inmontanis.info\/d\/135256-3\/DSC07735.jpg \/><\/a><br \/>\n^ ESL Bergstation<\/p>\n<p><a href='http:\/\/ski.inmontanis.info\/d\/135261-2\/DSC07746.jpg'><img src=http:\/\/ski.inmontanis.info\/d\/135260-3\/DSC07746.jpg \/><\/a><br \/>\n^ Gipfel-Pano richtung K\u00e4rtnen<\/p>\n<p><a href='http:\/\/ski.inmontanis.info\/d\/135265-2\/DSC07741.jpg'><img src=http:\/\/ski.inmontanis.info\/d\/135264-3\/DSC07741.jpg \/><\/a><br \/>\n^ Zoom zu den Talstationen der rechten Lifte (Podkoren 2)<\/p>\n<p><a href='http:\/\/ski.inmontanis.info\/d\/135269-2\/DSC07748.jpg'><img src=http:\/\/ski.inmontanis.info\/d\/135268-3\/DSC07748.jpg \/><\/a><br \/>\n^ Gipfel-Pano (richtung Osten)<\/p>\n<p><a href='http:\/\/ski.inmontanis.info\/d\/135273-2\/DSC07691.jpg'><img src=http:\/\/ski.inmontanis.info\/d\/135272-3\/DSC07691.jpg \/><\/a><br \/>\n^ IR-Pano (West oder Nordwest)<\/p>\n<p><a href='http:\/\/ski.inmontanis.info\/d\/135277-2\/DSC07679.jpg'><img src=http:\/\/ski.inmontanis.info\/d\/135276-3\/DSC07679.jpg \/><\/a><br \/>\n^ IR-Pano (West oder Nordwest)<\/p>\n<p><a href='http:\/\/ski.inmontanis.info\/d\/135281-2\/DSC07740.jpg'><img src=http:\/\/ski.inmontanis.info\/d\/135280-3\/DSC07740.jpg \/><\/a><br \/>\n^ Zoom Arnoldstein\/Dreil\u00e4ndereck (vorne) und Dobratsch (hinten)<\/p>\n<p><a href='http:\/\/ski.inmontanis.info\/d\/135285-2\/DSC07756.jpg'><img src=http:\/\/ski.inmontanis.info\/d\/135284-3\/DSC07756.jpg \/><\/a><br \/>\n^ Gipfel-Pano (S\u00fcd)<\/p>\n<p><a href='http:\/\/ski.inmontanis.info\/d\/135289-2\/DSC07759.jpg'><img src=http:\/\/ski.inmontanis.info\/d\/135288-3\/DSC07759.jpg \/><\/a><br \/>\n^ ESL Bergstation<\/p>\n<p><a href='http:\/\/ski.inmontanis.info\/d\/135293-2\/DSC07763.jpg'><img src=http:\/\/ski.inmontanis.info\/d\/135292-3\/DSC07763.jpg \/><\/a><br \/>\n^ ESL-St\u00fctze<\/p>\n<p><a href='http:\/\/ski.inmontanis.info\/d\/135358-3\/DSC07765.jpg'><img src=http:\/\/ski.inmontanis.info\/d\/135357-3\/DSC07765.jpg \/><\/a><br \/>\n^ ESL und Abfahrten<\/p>\n<p><a href='http:\/\/ski.inmontanis.info\/d\/135362-3\/DSC07768.jpg'><img src=http:\/\/ski.inmontanis.info\/d\/135361-3\/DSC07768.jpg \/><\/a><br \/>\n^ ESL-St\u00fctze<\/p>\n<p><a href='http:\/\/ski.inmontanis.info\/d\/135298-2\/DSC07767.jpg'><img src=http:\/\/ski.inmontanis.info\/d\/135297-3\/DSC07767.jpg \/><\/a><br \/>\n^ ESL Talstation<\/p>\n<p><a href='http:\/\/ski.inmontanis.info\/d\/135302-2\/DSC07769.jpg'><img src=http:\/\/ski.inmontanis.info\/d\/135301-3\/DSC07769.jpg \/><\/a><br \/>\n^ ESL Talstation. Typisch Graffer.<\/p>\n<p><a href='http:\/\/ski.inmontanis.info\/d\/135366-3\/DSC07778.jpg'><img src=http:\/\/ski.inmontanis.info\/d\/135365-3\/DSC07778.jpg \/><\/a><br \/>\n^ Altes Foto<\/p>\n<p><a href='http:\/\/ski.inmontanis.info\/d\/135307-2\/DSC07695.jpg'><img src=http:\/\/ski.inmontanis.info\/d\/135306-3\/DSC07695.jpg \/><\/a><br \/>\n^ 4SB (IR)<\/p>\n<p><a href='http:\/\/ski.inmontanis.info\/d\/135311-2\/DSC07696.jpg'><img src=http:\/\/ski.inmontanis.info\/d\/135310-3\/DSC07696.jpg \/><\/a><br \/>\n^ 4SB und Blick nach Kranjska Gora (IR)<\/p>\n<p>Kleines Video vom ESL, qualitativ wohl relativ schlecht:<br \/>\n[youtube]X7knUz0IwMU[\/youtube]<\/p>\n<p>Nach einem gemeinsamen Mahl trennten wir uns wieder &#8211; und ich klapperte noch einige der restlichen Lifte ab &#8230;:<\/p>\n<p><a href='http:\/\/ski.inmontanis.info\/d\/135316-2\/DSC07790.jpg'><img src=http:\/\/ski.inmontanis.info\/d\/135315-3\/DSC07790.jpg \/><\/a><br \/>\n^ KSSL Zelenci<\/p>\n<p><a href='http:\/\/ski.inmontanis.info\/d\/135320-3\/DSC07791.jpg'><img src=http:\/\/ski.inmontanis.info\/d\/135319-4\/DSC07791.jpg \/><\/a><br \/>\n^ Pistenplan<\/p>\n<p><a href='http:\/\/ski.inmontanis.info\/d\/135324-3\/DSC07792.jpg'><img src=http:\/\/ski.inmontanis.info\/d\/135323-3\/DSC07792.jpg \/><\/a><br \/>\n^ Pistenplan \/ Lifte<\/p>\n<p><a href='http:\/\/ski.inmontanis.info\/d\/135328-3\/DSC07794.jpg'><img src=http:\/\/ski.inmontanis.info\/d\/135327-4\/DSC07794.jpg \/><\/a><br \/>\n^ Scheint so, als w\u00e4re hier mal eine Bahnstrecke verlaufen? Schaut so nach Bahnhof aus &#8230;<\/p>\n<p><a href='http:\/\/ski.inmontanis.info\/d\/135332-3\/DSC07796.jpg'><img src=http:\/\/ski.inmontanis.info\/d\/135331-3\/DSC07796.jpg \/><\/a><br \/>\n^ SL im Teilgebiet Podkoren 2<\/p>\n<p><a href='http:\/\/ski.inmontanis.info\/d\/135336-3\/DSC07802.jpg'><img src=http:\/\/ski.inmontanis.info\/d\/135335-3\/DSC07802.jpg \/><\/a><br \/>\n^ SL im Teilgebiet Podkoren 2 (Graffer)<\/p>\n<p><a href='http:\/\/ski.inmontanis.info\/d\/135370-3\/DSC07807.jpg'><img src=http:\/\/ski.inmontanis.info\/d\/135369-3\/DSC07807.jpg \/><\/a><br \/>\n^ Stillgelegter Lift im Podkoren 2 &#8211; Gebiet<\/p>\n<p><a href='http:\/\/ski.inmontanis.info\/d\/135341-3\/DSC07816.jpg'><img src=http:\/\/ski.inmontanis.info\/d\/135340-3\/DSC07816.jpg \/><\/a><br \/>\n^ DSB Velika Dolina (Graffer, aber die etwas neueren Sessel)<\/p>\n<p><a href='http:\/\/ski.inmontanis.info\/d\/135345-3\/DSC07818.jpg'><img src=http:\/\/ski.inmontanis.info\/d\/135344-3\/DSC07818.jpg \/><\/a><br \/>\n^ DSB Velika Dolina<\/p>\n<p><a href='http:\/\/ski.inmontanis.info\/d\/135374-3\/DSC07820.jpg'><img src=http:\/\/ski.inmontanis.info\/d\/135373-4\/DSC07820.jpg \/><\/a><br \/>\n^ DSB Velika Dolina<\/p>\n<p><a href='http:\/\/ski.inmontanis.info\/d\/135350-3\/DSC08126.jpg'><img src=http:\/\/ski.inmontanis.info\/d\/135349-3\/DSC08126.jpg \/><\/a><br \/>\n^ Blick ins Skigebiet von Kranjska, vom Pass gegen\u00fcber &#8211; die Schneise etwas links der Bildmitte ist die Schneise des ESL, links unten die Bergstation der 4SB.<\/p>\n<p>Nun ging&#8217;s nach <strong>K\u00e4rnten<\/strong>, wo ich mir am <strong>Dobratsch<\/strong> das stillgelegte Skigebiet ansehen wollte &#8211; oder die PB, die auf meiner Karte eingezeichnet war. Nun, vom Skigebiet hab ich dann noch nicht all zu viel gesehen, von der PB hab ich noch ein paar Fotos gemacht:<\/p>\n<p><a href='http:\/\/extra.inmontanis.info\/d\/9674-3\/DSC07681.jpg'><img src=http:\/\/extra.inmontanis.info\/d\/9671-4\/DSC07681.jpg \/><\/a><br \/>\n^ Zoom Dobratsch vom Skigebiet Kranjska Gora aus<\/p>\n<p><a href='http:\/\/extra.inmontanis.info\/d\/9678-2\/DSC07680.jpg'><img src=http:\/\/extra.inmontanis.info\/d\/9677-3\/DSC07680.jpg \/><\/a><br \/>\n^ Zoom Dobratsch vom Skigebiet Kranjska Gora aus<\/p>\n<p><a href='http:\/\/extra.inmontanis.info\/d\/9682-2\/DSC07830.jpg'><img src=http:\/\/extra.inmontanis.info\/d\/9681-3\/DSC07830.jpg \/><\/a><br \/>\n^ Ehemaliges Skigebiet am Dobratsch<\/p>\n<p><a href='http:\/\/extra.inmontanis.info\/d\/9686-2\/DSC07837.jpg'><img src=http:\/\/extra.inmontanis.info\/d\/9685-3\/DSC07837.jpg \/><\/a><br \/>\n^ Dobratsch (links oben)<\/p>\n<p><img src=http:\/\/extra.inmontanis.info\/d\/9690-2\/DSC07840.jpg \/><br \/>\n^ Sendeanlage samt PB<\/p>\n<p><img src=http:\/\/extra.inmontanis.info\/d\/9694-2\/DSC07842.jpg \/><br \/>\n^ PB Dobratsch<\/p>\n<p><a href='http:\/\/extra.inmontanis.info\/d\/9698-2\/DSC07856.jpg'><img src=http:\/\/extra.inmontanis.info\/d\/9697-3\/DSC07856.jpg \/><\/a><br \/>\n^ Talstation PB Dobratsch (ORF, nicht \u00f6ffentlich)<\/p>\n<p><a href='http:\/\/extra.inmontanis.info\/d\/9702-2\/DSC07850.jpg'><img src=http:\/\/extra.inmontanis.info\/d\/9701-3\/DSC07850.jpg \/><\/a><br \/>\n^ Strecke PB Dobratsch<\/p>\n<p>Weiter ging&#8217;s zur Talstation der M\u00f6lltaler Gletscherbahn&#8230;<\/p>\n","protected":false},"excerpt":{"rendered":"<p>\u00dcber&#8217;s verl\u00e4ngerte Wochenende, Wetterbericht verhie\u00df zumindest einigerma\u00dfen gutes Wetter (f\u00fcr diesen Sommer), ging&#8217;s in die 3-L\u00e4nder-Ecke Slowenien\/Italien\/K\u00e4rnten. Lt. Miki sollte heuer der ESL in Kranjska Gora die letzte Saison haben &#8211; und Sommerskifahren am M\u00f6lltaller stand eh schon l\u00e4nger auf der Liste.<\/p>\n<p> <a href=\"http:\/\/blog.inmontanis.info\/?p=1774\">[&#8230;]<\/a><\/p>\n","protected":false},"author":1,"featured_media":0,"comment_status":"open","ping_status":"closed","sticky":false,"template":"","format":"standard","meta":{"footnotes":""},"categories":[13,17,81],"tags":[49,38,35,91,90,52,47],"class_list":["post-1774","post","type-post","status-publish","format-standard","hentry","category-austria","category-slowenienslovenia","category-kurztrips","tag-4sb","tag-dsb","tag-esl","tag-graffer","tag-infrarot","tag-pb","tag-sl","odd"],"_links":{"self":[{"href":"http:\/\/blog.inmontanis.info\/index.php?rest_route=\/wp\/v2\/posts\/1774","targetHints":{"allow":["GET"]}}],"collection":[{"href":"http:\/\/blog.inmontanis.info\/index.php?rest_route=\/wp\/v2\/posts"}],"about":[{"href":"http:\/\/blog.inmontanis.info\/index.php?rest_route=\/wp\/v2\/types\/post"}],"author":[{"embeddable":true,"href":"http:\/\/blog.inmontanis.info\/index.php?rest_route=\/wp\/v2\/users\/1"}],"replies":[{"embeddable":true,"href":"http:\/\/blog.inmontanis.info\/index.php?rest_route=%2Fwp%2Fv2%2Fcomments&post=1774"}],"version-history":[{"count":2,"href":"http:\/\/blog.inmontanis.info\/index.php?rest_route=\/wp\/v2\/posts\/1774\/revisions"}],"predecessor-version":[{"id":1776,"href":"http:\/\/blog.inmontanis.info\/index.php?rest_route=\/wp\/v2\/posts\/1774\/revisions\/1776"}],"wp:attachment":[{"href":"http:\/\/blog.inmontanis.info\/index.php?rest_route=%2Fwp%2Fv2%2Fmedia&parent=1774"}],"wp:term":[{"taxonomy":"category","embeddable":true,"href":"http:\/\/blog.inmontanis.info\/index.php?rest_route=%2Fwp%2Fv2%2Fcategories&post=1774"},{"taxonomy":"post_tag","embeddable":true,"href":"http:\/\/blog.inmontanis.info\/index.php?rest_route=%2Fwp%2Fv2%2Ftags&post=1774"}],"curies":[{"name":"wp","href":"https:\/\/api.w.org\/{rel}","templated":true}]}}