{"id":1771,"date":"2011-09-04T22:00:09","date_gmt":"2011-09-04T20:00:09","guid":{"rendered":"http:\/\/blog.inmontanis.info\/?p=1771"},"modified":"2023-08-05T16:42:21","modified_gmt":"2023-08-05T14:42:21","slug":"esls-zelezna-ruda-krasetin-4-9-2011","status":"publish","type":"post","link":"http:\/\/blog.inmontanis.info\/?p=1771","title":{"rendered":"ESLs Zelezna Ruda, Krasetin, 4.9.2011"},"content":{"rendered":"<p><strong>Grenzgebiete 9. Tag, So, 4.9.2011 &#8211; Zelezna Ruda &#8211; ESL Spicak &#8211; Pancir, ESL Krasetin-Klet<\/strong><\/p>\n<p>Laut meines Navi befand sich der n\u00e4chste McDonalds in Regen, gar nicht soweit weg. Ich glaub langsam, das Ziel von McDonalds DE ist, dass man, egal wo man sich in DE befindet, innerhalb von ca. 20 km zu einer McDonalds-Fililale kommt. <!--more--><\/p>\n<p>Los war noch nichts &#8211; ok, war ja auch Sonntag und noch vor 8. Ein letztes Mal Fr\u00fchst\u00fcck &#038; WC im McD in diesem Urlaub und dann wieder retour nach CZ, besser gesagt von Bayerisch Eisenstein nach B\u00f6hmisch Eisenstein (\u017delezn\u00e1 Ruda).<\/p>\n<p>Die beiden Sektionen sind recht flach, H&#038;R kosteten, zumindest lt. unterem Bild, 60,- CZK (ca. 2,50 \u20ac). Es gibt noch 2 SL im Skigebiet, in Kombination mit den ESL w\u00fcrd ich hier gern mal im Winter Ski fahren, so die Lifte noch in offen sind?<\/p>\n<p><em>(Fotos anklicken zum Vergr\u00f6\u00dfern, soweit nicht vergr\u00f6\u00dfert gepostet)<br \/>\n<\/em><\/p>\n<p><img src=http:\/\/extra.inmontanis.info\/d\/12292-2\/ge20110904.jpg \/><br \/>\n^ Fahrstrecke und POI 4.9.2011<\/p>\n<p><a href='http:\/\/extra.inmontanis.info\/d\/12296-2\/DSC02232.jpg'><img src=http:\/\/extra.inmontanis.info\/d\/12294-3\/DSC02232.jpg \/><\/a><br \/>\n^ Fr\u00fchst\u00fccken bei McDonalds, wie die letzten Tage.<\/p>\n<p><img src=http:\/\/ski.inmontanis.info\/d\/137208-2\/ge_pancir.jpg \/><br \/>\n^ GE-\u00dcberblick Spicak, rot die beiden Sektionen ESL und die SL (mittlerer SL unsicher eingezeichnet)<\/p>\n<p><a href='http:\/\/ski.inmontanis.info\/d\/137212-2\/DSC02239.jpg'><img src=http:\/\/ski.inmontanis.info\/d\/137211-3\/DSC02239.jpg \/><\/a><br \/>\n^ Sommerplan<\/p>\n<p><a href='http:\/\/ski.inmontanis.info\/d\/137216-2\/DSC02241.jpg'><img src=http:\/\/ski.inmontanis.info\/d\/137215-3\/DSC02241.jpg \/><\/a><br \/>\n^ ESL-Abfahrt<\/p>\n<p><a href='http:\/\/ski.inmontanis.info\/d\/137220-2\/DSC02242.jpg'><img src=http:\/\/ski.inmontanis.info\/d\/137219-3\/DSC02242.jpg \/><\/a><br \/>\n^ Talstation ESL<\/p>\n<p><a href='http:\/\/ski.inmontanis.info\/d\/137224-2\/DSC02243.jpg'><img src=http:\/\/ski.inmontanis.info\/d\/137223-3\/DSC02243.jpg \/><\/a><br \/>\n^ Talstation ESL<\/p>\n<p><a href='http:\/\/ski.inmontanis.info\/d\/137228-2\/DSC02247.jpg'><img src=http:\/\/ski.inmontanis.info\/d\/137227-3\/DSC02247.jpg \/><\/a><br \/>\n^ Technische Daten der beiden Sektionen. Nicht viel H\u00f6henmeter bei der L\u00e4nge &#8230;<\/p>\n<p><img src=http:\/\/ski.inmontanis.info\/d\/137232-2\/DSC02250.jpg \/><br \/>\n^ St\u00fctze 1<\/p>\n<p><a href='http:\/\/ski.inmontanis.info\/d\/137236-2\/DSC02258.jpg'><img src=http:\/\/ski.inmontanis.info\/d\/137235-3\/DSC02258.jpg \/><\/a><br \/>\n^ Blick ins Skigebiet gegen\u00fcber<\/p>\n<p><a href='http:\/\/ski.inmontanis.info\/d\/137240-2\/DSC02259.jpg'><img src=http:\/\/ski.inmontanis.info\/d\/137239-3\/DSC02259.jpg \/><\/a><br \/>\n^ ESL Sektion I und Abfahrt<\/p>\n<p><a href='http:\/\/ski.inmontanis.info\/d\/137244-2\/DSC02261.jpg'><img src=http:\/\/ski.inmontanis.info\/d\/137243-3\/DSC02261.jpg \/><\/a><br \/>\n^ Sektion 1 St\u00fctze 5<\/p>\n<p><img src=http:\/\/ski.inmontanis.info\/d\/137248-2\/DSC02275.jpg \/><br \/>\n^ St\u00fctze 12<\/p>\n<p><a href='http:\/\/ski.inmontanis.info\/d\/137252-2\/DSC02283.jpg'><img src=http:\/\/ski.inmontanis.info\/d\/137251-3\/DSC02283.jpg \/><\/a><br \/>\n^ Hier sieht man den KSSL n\u00e4he der Mittelstation<\/p>\n<p><a href='http:\/\/ski.inmontanis.info\/d\/137256-2\/DSC02421.jpg'><img src=http:\/\/ski.inmontanis.info\/d\/137255-3\/DSC02421.jpg \/><\/a><br \/>\n^ KSSL<\/p>\n<p><a href='http:\/\/ski.inmontanis.info\/d\/137260-2\/DSC02288.jpg'><img src=http:\/\/ski.inmontanis.info\/d\/137259-3\/DSC02288.jpg \/><\/a><br \/>\n^ Mittelstation und Hotel<\/p>\n<p><img src=http:\/\/ski.inmontanis.info\/d\/137264-2\/DSC02292.jpg \/><br \/>\n^ Mittelstation Hofmanky<\/p>\n<p><a href='http:\/\/ski.inmontanis.info\/d\/137268-2\/DSC02296.jpg'><img src=http:\/\/ski.inmontanis.info\/d\/137267-3\/DSC02296.jpg \/><\/a><br \/>\n^ Bergstation Sektion I<\/p>\n<p><a href='http:\/\/ski.inmontanis.info\/d\/137272-2\/DSC02297.jpg'><img src=http:\/\/ski.inmontanis.info\/d\/137271-3\/DSC02297.jpg \/><\/a><br \/>\n^ Bergstation Sektion I<\/p>\n<p><img src=http:\/\/ski.inmontanis.info\/d\/137276-2\/DSC02301.jpg \/><br \/>\n^ Coole St\u00fctzen an der Sektion 2<\/p>\n<p><a href='http:\/\/ski.inmontanis.info\/d\/137280-2\/DSC02304.jpg'><img src=http:\/\/ski.inmontanis.info\/d\/137279-3\/DSC02304.jpg \/><\/a><br \/>\n^ Sektion 2 St\u00fctze 1<\/p>\n<p><a href='http:\/\/ski.inmontanis.info\/d\/137284-2\/DSC02305.jpg'><img src=http:\/\/ski.inmontanis.info\/d\/137283-3\/DSC02305.jpg \/><\/a><br \/>\n^ Talstation Sektion 2<\/p>\n<p><img src=http:\/\/ski.inmontanis.info\/d\/137288-2\/DSC02314.jpg \/><br \/>\n^ Oberer Teil Sektion 2 (ab St\u00fctze 8), ziemlich flach. Keine Ahung, ob&#8217;s da \u00fcberhaupt eine Abfahrt gibt&#8230;<\/p>\n<p><a href='http:\/\/ski.inmontanis.info\/d\/137292-2\/DSC02315.jpg'><img src=http:\/\/ski.inmontanis.info\/d\/137291-3\/DSC02315.jpg \/><\/a><br \/>\n^ Pano<\/p>\n<p><a href='http:\/\/ski.inmontanis.info\/d\/137296-2\/DSC08607.jpg'><img src=http:\/\/ski.inmontanis.info\/d\/137295-3\/DSC08607.jpg \/><\/a><br \/>\n^ gleiches Pano (in Infrarot)<\/p>\n<p><img src=http:\/\/ski.inmontanis.info\/d\/137300-2\/DSC02325.jpg \/><br \/>\n^ ESL Sektion 2, rechts hinten das Kontrastskigebiet (Arber)<\/p>\n<p><a href='http:\/\/ski.inmontanis.info\/d\/137304-2\/DSC02326.jpg'><img src=http:\/\/ski.inmontanis.info\/d\/137303-3\/DSC02326.jpg \/><\/a><br \/>\n^ Sektion 2 Bergstation<\/p>\n<p><img src=http:\/\/ski.inmontanis.info\/d\/137308-2\/DSC02332.jpg \/><br \/>\n^ Sektion 2<\/p>\n<p><a href='http:\/\/ski.inmontanis.info\/d\/137312-2\/DSC08612-.jpg'><img src=http:\/\/ski.inmontanis.info\/d\/137311-3\/DSC08612-.jpg \/><\/a><br \/>\n^ Sektion 2 (IR)<\/p>\n<p><img src=http:\/\/ski.inmontanis.info\/d\/137316-2\/DSC02330.jpg \/><br \/>\n^ Bergstation Sektion 2<\/p>\n<p><img src=http:\/\/ski.inmontanis.info\/d\/137320-2\/DSC02333.jpg \/><br \/>\n^ Bergstation Sektion 2<\/p>\n<p><a href='http:\/\/ski.inmontanis.info\/d\/137324-2\/DSC02336.jpg'><img src=http:\/\/ski.inmontanis.info\/d\/137323-3\/DSC02336.jpg \/><\/a><br \/>\n^ Gipfelhaus, links sieht man noch die Bergstation eines SL<\/p>\n<p><a href='http:\/\/ski.inmontanis.info\/d\/137328-2\/DSC02337.jpg'><img src=http:\/\/ski.inmontanis.info\/d\/137327-3\/DSC02337.jpg \/><\/a><br \/>\n^ SL-Strecke<\/p>\n<p><a href='http:\/\/ski.inmontanis.info\/d\/137332-2\/DSC02340.jpg'><img src=http:\/\/ski.inmontanis.info\/d\/137331-3\/DSC02340.jpg \/><\/a><br \/>\n^ Auch ziemlich ungew\u00f6hnlich: Schr\u00e4g-T-St\u00fctzen mit Rundrohr!<\/p>\n<p><a href='http:\/\/ski.inmontanis.info\/d\/137336-2\/DSC02355.jpg'><img src=http:\/\/ski.inmontanis.info\/d\/137335-3\/DSC02355.jpg \/><\/a><br \/>\n^ Bergstation des SL, lt. Datum im Beton BJ 1989<\/p>\n<p><a href='http:\/\/ski.inmontanis.info\/d\/137340-2\/DSC02348.jpg'><img src=http:\/\/ski.inmontanis.info\/d\/137339-3\/DSC02348.jpg \/><\/a><br \/>\n^ Etwas durch den Wald gegangen gibt&#8217;s sogar einen kleinen Aussichtspunkt&#8230;<\/p>\n<p><a href='http:\/\/ski.inmontanis.info\/d\/137344-2\/DSC08632-.jpg'><img src=http:\/\/ski.inmontanis.info\/d\/137343-3\/DSC08632-.jpg \/><\/a><br \/>\n^ .. und das gleiche in IR. Bissl mehr sieht man, aber auch nicht sooo viel heute.<\/p>\n<p><a href='http:\/\/ski.inmontanis.info\/d\/137348-2\/DSC02352.jpg'><img src=http:\/\/ski.inmontanis.info\/d\/137347-3\/DSC02352.jpg \/><\/a><br \/>\n^ Pano<\/p>\n<p><a href='http:\/\/ski.inmontanis.info\/d\/137352-2\/DSC08621.jpg'><img src=http:\/\/ski.inmontanis.info\/d\/137351-3\/DSC08621.jpg \/><\/a><br \/>\n^ B\u00e4ume in IR<\/p>\n<p><a href='http:\/\/ski.inmontanis.info\/d\/137356-2\/DSC08636.jpg'><img src=http:\/\/ski.inmontanis.info\/d\/137355-3\/DSC08636.jpg \/><\/a><br \/>\n^ B\u00e4ume in IR<\/p>\n<p><a href='http:\/\/ski.inmontanis.info\/d\/137360-2\/DSC08635-.jpg'><img src=http:\/\/ski.inmontanis.info\/d\/137359-3\/DSC08635-.jpg \/><\/a><br \/>\n^ B\u00e4ume in IR<\/p>\n<p><img src=http:\/\/ski.inmontanis.info\/d\/137441-2\/DSC02357.jpg \/><br \/>\n^ ESL Sektion II<\/p>\n<p><img src=http:\/\/ski.inmontanis.info\/d\/137365-2\/DSC02361.jpg \/><br \/>\n^ Abspannung Sektion 2<\/p>\n<p><img src=http:\/\/ski.inmontanis.info\/d\/137445-2\/DSC02362.jpg \/><br \/>\n^ Umlenkung Sektion 2<\/p>\n<p><img src=http:\/\/ski.inmontanis.info\/d\/137370-2\/DSC02366.jpg \/><br \/>\n^ Bergstation Sektion 2<\/p>\n<p><img src=http:\/\/ski.inmontanis.info\/d\/137374-2\/DSC02368.jpg \/><br \/>\n^ ESL-Sessel<\/p>\n<p><img src=http:\/\/ski.inmontanis.info\/d\/137378-2\/DSC02369.jpg \/><br \/>\n^ Abspannung Sektion 2<\/p>\n<p><img src=http:\/\/ski.inmontanis.info\/d\/137382-2\/DSC02375.jpg \/><br \/>\n^ Altmodischer ESL-Sessel mit Dach<\/p>\n<p><a href='http:\/\/ski.inmontanis.info\/d\/137386-2\/DSC02376.jpg'><img src=http:\/\/ski.inmontanis.info\/d\/137385-3\/DSC02376.jpg \/><\/a><br \/>\n^ Rollenbatterie<\/p>\n<p><a href='http:\/\/ski.inmontanis.info\/d\/137449-2\/DSC02379.jpg'><img src=http:\/\/ski.inmontanis.info\/d\/137448-3\/DSC02379.jpg \/><\/a><br \/>\n^ Detailaufnahme am Sessel<\/p>\n<p><a href='http:\/\/ski.inmontanis.info\/d\/137391-2\/DSC02381.jpg'><img src=http:\/\/ski.inmontanis.info\/d\/137390-3\/DSC02381.jpg \/><\/a><br \/>\n^ Sektion 2 St\u00fctze 13<\/p>\n<p><a href='http:\/\/ski.inmontanis.info\/d\/137395-2\/DSC02396.jpg'><img src=http:\/\/ski.inmontanis.info\/d\/137394-3\/DSC02396.jpg \/><\/a><br \/>\n^ Mittelstation<\/p>\n<p><img src=http:\/\/ski.inmontanis.info\/d\/137399-2\/DSC02404.jpg \/><br \/>\n^ Mittelstation<\/p>\n<p><img src=http:\/\/ski.inmontanis.info\/d\/137403-2\/DSC02406.jpg \/><br \/>\n^ Sektion 2<\/p>\n<p><a href='http:\/\/ski.inmontanis.info\/d\/137407-2\/DSC02409.jpg'><img src=http:\/\/ski.inmontanis.info\/d\/137406-3\/DSC02409.jpg \/><\/a><br \/>\n^ Schaltpult ESL Sektion 2 Talstation<\/p>\n<p><img src=http:\/\/ski.inmontanis.info\/d\/137411-2\/DSC02410.jpg \/><br \/>\n^ Doppelniederhalter-St\u00fctze 1 Sektion 2<\/p>\n<p><img src=http:\/\/ski.inmontanis.info\/d\/137415-2\/DSC02416.jpg \/><br \/>\n^ Seilrollen-Detailaufnahme<\/p>\n<p><a href='http:\/\/ski.inmontanis.info\/d\/137453-2\/DSC02418.jpg'><img src=http:\/\/ski.inmontanis.info\/d\/137452-3\/DSC02418.jpg \/><\/a><br \/>\n^ Sektion 1 St\u00fctze 17<\/p>\n<p><a href='http:\/\/ski.inmontanis.info\/d\/137420-2\/DSC02430.jpg'><img src=http:\/\/ski.inmontanis.info\/d\/137419-3\/DSC02430.jpg \/><\/a><br \/>\n^ Radtransport am ESL<\/p>\n<p><a href='http:\/\/ski.inmontanis.info\/d\/137424-2\/DSC02439.jpg'><img src=http:\/\/ski.inmontanis.info\/d\/137423-3\/DSC02439.jpg \/><\/a><br \/>\n^ St\u00fctze 8 Sektion 1. Gelbe Schrift auf blauen Rundrohrst\u00fctzen, und diese Leiter &#8211; gef\u00e4llt mir.<\/p>\n<p><a href='http:\/\/ski.inmontanis.info\/d\/137428-2\/DSC02441.jpg'><img src=http:\/\/ski.inmontanis.info\/d\/137427-3\/DSC02441.jpg \/><\/a><br \/>\n^ Sektion 1<\/p>\n<p><a href='http:\/\/ski.inmontanis.info\/d\/137432-2\/DSC02451.jpg'><img src=http:\/\/ski.inmontanis.info\/d\/137431-3\/DSC02451.jpg \/><\/a><br \/>\n^ Talstation Sektion 1<\/p>\n<p><img src=http:\/\/ski.inmontanis.info\/d\/137437-2\/DSC02460.jpg \/><br \/>\n^ Talstation Sektion 1<\/p>\n<p><img src=http:\/\/ski.inmontanis.info\/d\/137457-2\/DSC02455.jpg \/><br \/>\n^ 2 Sessel in der Talstation sind besonders angemalt (warum auch immer)<\/p>\n<p>.. und das Video:<br \/>\n<object style=\"height: 500px; width: 900px\"><param name=\"movie\" value=\"http:\/\/www.youtube.com\/v\/MKDQMGYLcwg\"><\/param><param name=\"wmode\" value=\"transparent\"><\/param><embed src=\"http:\/\/www.youtube.com\/v\/MKDQMGYLcwg\" type=\"application\/x-shockwave-flash\" wmode=\"transparent\"  width=\"900\" height=\"480\"><\/embed><\/object><\/p>\n<p>.. und hier noch ein Pistenplan von den verschiedenen Skigebieten in Zelezna Ruda:<br \/>\n<a href='http:\/\/www.apartmanybelvederska.cz\/images\/zimni.jpg'>http:\/\/www.apartmanybelvederska.cz\/images\/zimni.jpg<\/a><\/p>\n<p>Kreuz und quer, auf Haupt- und Nebenstra\u00dfen, ging&#8217;s zum ESL Krasetin-Klet. Trotz vieler Leute an der Talstation fuhr der ESL nur st\u00fcndlich. Parken am oberen Parkplatz kostete 35,-, ESL-H&#038;R 100,-, der Aussichtsturm 20,-. In Summe umgerechnet also ca. 6,50 \u20ac.<\/p>\n<p><em>(Fotos anklicken zum Vergr\u00f6\u00dfern, soweit nicht vergr\u00f6\u00dfert gepostet)<br \/>\n<\/em><\/p>\n<p><a href='http:\/\/extra.inmontanis.info\/d\/12300-2\/DSC02464.jpg'><img src=http:\/\/extra.inmontanis.info\/d\/12298-3\/DSC02464.jpg \/><\/a><br \/>\n^ Die Nebenstra\u00dfen, die mir mein Navi zu fahren beauftragt hat, waren allesamt problemlos.<\/p>\n<p><a href='http:\/\/extra.inmontanis.info\/d\/12306-2\/DSC02477.jpg'><img src=http:\/\/extra.inmontanis.info\/d\/12304-3\/DSC02477.jpg \/><\/a><br \/>\n^ Oberer Parkplatz (kostet nur unwesentlich mehr als der untere) und kleiner Kiosk. \u00c4h, wo ist denn der ESL?<\/p>\n<p><a href='http:\/\/extra.inmontanis.info\/d\/12310-2\/DSC02478.jpg'><img src=http:\/\/extra.inmontanis.info\/d\/12309-3\/DSC02478.jpg \/><\/a><br \/>\n^ Ein paar Meter durch den Wald &#8211; ja, das k\u00f6nnte doch die ESL-Talstation sein.<\/p>\n<p><a href='http:\/\/extra.inmontanis.info\/d\/12314-2\/DSC02479.jpg'><img src=http:\/\/extra.inmontanis.info\/d\/12313-3\/DSC02479.jpg \/><\/a><br \/>\n^ Wartebereich. Haufenweise Leute da (au\u00dfen standen noch mehr), aber der ESL f\u00e4hrt trotzdem nur nach Fahrplan erst wieder zur vollen Stunde.<\/p>\n<p><a href='http:\/\/extra.inmontanis.info\/d\/12318-2\/DSC02481.jpg'><img src=http:\/\/extra.inmontanis.info\/d\/12317-3\/DSC02481.jpg \/><\/a><br \/>\n^ techn. Daten, denke die wichtigsten Angaben versteht man<\/p>\n<p><a href='http:\/\/extra.inmontanis.info\/d\/12322-2\/DSC02489.jpg'><img src=http:\/\/extra.inmontanis.info\/d\/12321-3\/DSC02489.jpg \/><\/a><br \/>\n^ Talstation<\/p>\n<p><a href='http:\/\/extra.inmontanis.info\/d\/12326-2\/DSC02493.jpg'><img src=http:\/\/extra.inmontanis.info\/d\/12325-3\/DSC02493.jpg \/><\/a><br \/>\n^ Strecke<\/p>\n<p><a href='http:\/\/extra.inmontanis.info\/d\/12330-2\/DSC02509.jpg'><img src=http:\/\/extra.inmontanis.info\/d\/12329-3\/DSC02509.jpg \/><\/a><br \/>\n^ Leichter Zoom zum oberen, steileren Streckenteil<\/p>\n<p><img src=http:\/\/extra.inmontanis.info\/d\/12334-2\/DSC02519.jpg \/><br \/>\n^ Bergstation<\/p>\n<p><img src=http:\/\/extra.inmontanis.info\/d\/12338-2\/DSC02526.jpg \/><br \/>\n^ Bergstation<\/p>\n<p><a href='http:\/\/extra.inmontanis.info\/d\/12342-2\/DSC02524.jpg'><img src=http:\/\/extra.inmontanis.info\/d\/12341-3\/DSC02524.jpg \/><\/a><br \/>\n^ Technik Bergstation<\/p>\n<p><a href='http:\/\/extra.inmontanis.info\/d\/12346-2\/DSC02528.jpg'><img src=http:\/\/extra.inmontanis.info\/d\/12345-3\/DSC02528.jpg \/><\/a><br \/>\n^ Herstellerschild<\/p>\n<p><a href='http:\/\/extra.inmontanis.info\/d\/12350-2\/DSC02530.jpg'><img src=http:\/\/extra.inmontanis.info\/d\/12349-3\/DSC02530.jpg \/><\/a><br \/>\n^ St\u00fctzen vor der Bergstation<\/p>\n<p><a href='http:\/\/extra.inmontanis.info\/d\/12354-2\/DSC02536.jpg'><img src=http:\/\/extra.inmontanis.info\/d\/12353-3\/DSC02536.jpg \/><\/a><br \/>\n^ Eventuell die Skiabfahrt, wenn hier Skibetrieb ist?<\/p>\n<p><a href='http:\/\/extra.inmontanis.info\/d\/12358-2\/ge_klet.jpg'><img src=http:\/\/extra.inmontanis.info\/d\/12357-3\/ge_klet.jpg \/><\/a><br \/>\n^ Im GE schaut die Trasse nicht unbedingt nach Skiabfahrt aus&#8230;<\/p>\n<p><img src=http:\/\/extra.inmontanis.info\/d\/12362-3\/DSC02538.jpg \/><br \/>\n^ Gipfelinfrastruktur, der Turm kostet extra, aber ohne Turm sieht man ja nur B\u00e4ume.<\/p>\n<p><img src=http:\/\/extra.inmontanis.info\/d\/12366-2\/DSC02540.jpg \/><br \/>\n^ ESL-Strecke<\/p>\n<p><a href='http:\/\/extra.inmontanis.info\/d\/12370-3\/DSC02548.jpg'><img src=http:\/\/extra.inmontanis.info\/d\/12369-4\/DSC02548.jpg \/><\/a><br \/>\n^ Pano<\/p>\n<p><a href='http:\/\/extra.inmontanis.info\/d\/12374-3\/DSC08649.jpg'><img src=http:\/\/extra.inmontanis.info\/d\/12373-4\/DSC08649.jpg \/><\/a><br \/>\n^ IR-Pano<\/p>\n<p><a href='http:\/\/extra.inmontanis.info\/d\/12378-3\/DSC08651.jpg'><img src=http:\/\/extra.inmontanis.info\/d\/12377-4\/DSC08651.jpg \/><\/a><br \/>\n^ IR-Zoom ins Flachland<\/p>\n<p><img src=http:\/\/extra.inmontanis.info\/d\/12382-3\/DSC02550.jpg \/><br \/>\n^ Pano<\/p>\n<p><img src=http:\/\/extra.inmontanis.info\/d\/12386-3\/DSC02552.jpg \/><br \/>\n^ Pano<\/p>\n<p><a href='http:\/\/extra.inmontanis.info\/d\/12390-3\/DSC02554.jpg'><img src=http:\/\/extra.inmontanis.info\/d\/12389-4\/DSC02554.jpg \/><\/a><br \/>\n^ Pano, zu den Alpen sah man heute leider nicht. Lt. Tafel kann man z.B. den Dachstein sehen.<\/p>\n<p><img src=http:\/\/extra.inmontanis.info\/d\/12394-3\/DSC02558.jpg \/><br \/>\n^ Pano<\/p>\n<p><a href='http:\/\/extra.inmontanis.info\/d\/12398-3\/DSC02561.jpg'><img src=http:\/\/extra.inmontanis.info\/d\/12397-4\/DSC02561.jpg \/><\/a><br \/>\n^ Talfahrt<\/p>\n<p><a href='http:\/\/extra.inmontanis.info\/d\/12402-3\/DSC08678_bgr.jpg'><img src=http:\/\/extra.inmontanis.info\/d\/12401-4\/DSC08678_bgr.jpg \/><\/a><br \/>\n^ Talfahrt IR<\/p>\n<p><a href='http:\/\/extra.inmontanis.info\/d\/12406-3\/DSC02567.jpg'><img src=http:\/\/extra.inmontanis.info\/d\/12405-4\/DSC02567.jpg \/><\/a><br \/>\n^ St\u00fctze und Sessel<\/p>\n<p><a href='http:\/\/extra.inmontanis.info\/d\/12410-3\/DSC02569.jpg'><img src=http:\/\/extra.inmontanis.info\/d\/12409-4\/DSC02569.jpg \/><\/a><br \/>\n^ St\u00fctze<\/p>\n<p><a href='http:\/\/extra.inmontanis.info\/d\/12414-3\/DSC02570.jpg'><img src=http:\/\/extra.inmontanis.info\/d\/12413-4\/DSC02570.jpg \/><\/a><br \/>\n^ Talfahrt<\/p>\n<p><a href='http:\/\/extra.inmontanis.info\/d\/12418-3\/DSC02595.jpg'><img src=http:\/\/extra.inmontanis.info\/d\/12417-4\/DSC02595.jpg \/><\/a><br \/>\n^ Technik Talstation<\/p>\n<p><img src=http:\/\/extra.inmontanis.info\/d\/12422-3\/DSC02596.jpg \/><br \/>\n^ Talstation<\/p>\n<p><img src=http:\/\/extra.inmontanis.info\/d\/12426-3\/DSC02601.jpg \/><br \/>\n^ Strecke<\/p>\n<p>.. und das Video:<br \/>\n<object style=\"height: 500px; width: 900px\"><param name=\"movie\" value=\"http:\/\/www.youtube.com\/v\/xBIRR0-xcQU\"><\/param><param name=\"wmode\" value=\"transparent\"><\/param><embed src=\"http:\/\/www.youtube.com\/v\/xBIRR0-xcQU\" type=\"application\/x-shockwave-flash\" wmode=\"transparent\"  width=\"900\" height=\"480\"><\/embed><\/object><\/p>\n<p>Wollte ja oben noch essen, aber als ich in den Speiseraum kam, sah ich lediglich 3 rauchende Kellner &#8211; n\u00f6, das brauch ich auch nicht. Dann lieber in AT in einen McDonalds auf dem Weg. Freistadt -> McLeberk\u00e4s. War lecker. (W\u00e4hrend man in Tirol immer \u00f6fters Leberk\u00e4se liest\/sagt, scheint&#8217;s in DE nun umgekehrt zu sein, und man liest h\u00e4ufiger Fleischk\u00e4se anstatt  Leberk\u00e4se. Nun, da ich kein sonderlicher Fan von Leber bin und keine Lust auf Leber im Leberk\u00e4se hab, bevorzuge ich auch das Wort Fleischk\u00e4se.)<\/p>\n<p>Sp\u00e4ter in Deutschland gab&#8217;s noch einigen Stau auf der A8, so dass ich \u00fcber Aschau fuhr und somit nochmal 2x \u00f6fters \u00fcber die Grenze kam. An der Autobahn-Raststation an der Grenze ging&#8217;s (zum ersten Mal hier) noch f\u00fcr einen Snack in die Nordsee, um 21:30 Uhr war ich wieder daheim.<\/p>\n<p><strong>## ENDE ##<\/strong><\/p>\n","protected":false},"excerpt":{"rendered":"<p>Grenzgebiete 9. Tag, So, 4.9.2011 &#8211; Zelezna Ruda &#8211; ESL Spicak &#8211; Pancir, ESL Krasetin-Klet<\/p>\n<p>Laut meines Navi befand sich der n\u00e4chste McDonalds in Regen, gar nicht soweit weg. Ich glaub langsam, das Ziel von McDonalds DE ist, dass man, egal wo man sich in DE befindet, innerhalb von ca. 20 km zu einer McDonalds-Fililale <a href=\"http:\/\/blog.inmontanis.info\/?p=1771\">[&#8230;]<\/a><\/p>\n","protected":false},"author":1,"featured_media":0,"comment_status":"open","ping_status":"closed","sticky":false,"template":"","format":"standard","meta":{"footnotes":""},"categories":[101,824,59,105,823],"tags":[35,90,47],"class_list":["post-1771","post","type-post","status-publish","format-standard","hentry","category-201109-grenzgebiete","category-krasetin","category-nostalgie","category-tschechien","category-zelezna-ruda-spicak","tag-esl","tag-infrarot","tag-sl","odd"],"_links":{"self":[{"href":"http:\/\/blog.inmontanis.info\/index.php?rest_route=\/wp\/v2\/posts\/1771","targetHints":{"allow":["GET"]}}],"collection":[{"href":"http:\/\/blog.inmontanis.info\/index.php?rest_route=\/wp\/v2\/posts"}],"about":[{"href":"http:\/\/blog.inmontanis.info\/index.php?rest_route=\/wp\/v2\/types\/post"}],"author":[{"embeddable":true,"href":"http:\/\/blog.inmontanis.info\/index.php?rest_route=\/wp\/v2\/users\/1"}],"replies":[{"embeddable":true,"href":"http:\/\/blog.inmontanis.info\/index.php?rest_route=%2Fwp%2Fv2%2Fcomments&post=1771"}],"version-history":[{"count":4,"href":"http:\/\/blog.inmontanis.info\/index.php?rest_route=\/wp\/v2\/posts\/1771\/revisions"}],"predecessor-version":[{"id":9181,"href":"http:\/\/blog.inmontanis.info\/index.php?rest_route=\/wp\/v2\/posts\/1771\/revisions\/9181"}],"wp:attachment":[{"href":"http:\/\/blog.inmontanis.info\/index.php?rest_route=%2Fwp%2Fv2%2Fmedia&parent=1771"}],"wp:term":[{"taxonomy":"category","embeddable":true,"href":"http:\/\/blog.inmontanis.info\/index.php?rest_route=%2Fwp%2Fv2%2Fcategories&post=1771"},{"taxonomy":"post_tag","embeddable":true,"href":"http:\/\/blog.inmontanis.info\/index.php?rest_route=%2Fwp%2Fv2%2Ftags&post=1771"}],"curies":[{"name":"wp","href":"https:\/\/api.w.org\/{rel}","templated":true}]}}