{"id":1764,"date":"2011-09-02T22:00:29","date_gmt":"2011-09-02T20:00:29","guid":{"rendered":"http:\/\/blog.inmontanis.info\/?p=1764"},"modified":"2023-08-05T16:44:07","modified_gmt":"2023-08-05T14:44:07","slug":"oberwiesenthal-klinovec-krupka-dresden-2-9-2011","status":"publish","type":"post","link":"http:\/\/blog.inmontanis.info\/?p=1764","title":{"rendered":"Oberwiesenthal, Klinovec, Krupka, Dresden, 2.9.2011"},"content":{"rendered":"<p><strong>Grenzgebiete 7. Tag, Fr, 2.9.2011 &#8211; (Oberwiesenthal,) Klinovec, Krupka, Dresden<\/strong><\/p>\n<p>Nun, nachdem ich also fr\u00fch Zeit hatte &#8211; bin ich eben die 20 km zum n\u00e4chsten McDonalds gefahren, wieder fr\u00fchst\u00fccken wie die letzten Tage, R\u00fchrei mit Bacon hatte ich diese Woche noch nicht. <!--more-->Und die Portion Kellogs musste ich auch noch probieren &#8211; und \u00fcberraschend festgestellt: die Bio Milch, die dabei ist, kommt aus \u00d6sterreich, von Sch\u00e4rdinger. Fand ich kurios. Gibt&#8217;s in DE keine Bio-Milch, die den Anspr\u00fcchen von McDonalds gerecht wird? :)<\/p>\n<p><em>(Fotos anklicken zum Vergr\u00f6\u00dfern, soweit nicht vergr\u00f6\u00dfert gepostet)<br \/>\n<\/em><\/p>\n<p><img src=http:\/\/extra.inmontanis.info\/d\/11572-3\/ge20110902.jpg \/><br \/>\n^ Strecke und POI 2.9.2011<\/p>\n<p>Erst mal ein paar Fotos vom ESL in Oberwiesenthal:<\/p>\n<p><a href='http:\/\/ski.inmontanis.info\/d\/136802-2\/DSC01099.jpg'><img src=http:\/\/ski.inmontanis.info\/d\/136801-3\/DSC01099.jpg \/><\/a><br \/>\n^ Talstation ESL Kleiner Fichtelberg. Hat sogar ein Sommerpano, aber offen ist er doch nur im Winter?<\/p>\n<p><img src=http:\/\/ski.inmontanis.info\/d\/136806-2\/DSC01101.jpg \/><br \/>\n^ Strecke ESL<\/p>\n<p><a href='http:\/\/ski.inmontanis.info\/d\/136810-2\/DSC01081.jpg'><img src=http:\/\/ski.inmontanis.info\/d\/136809-3\/DSC01081.jpg \/><\/a><br \/>\n^ Talstation ESL Kleiner Fichtelberg, BJ 1963<\/p>\n<p><img src=http:\/\/ski.inmontanis.info\/d\/136814-2\/DSC01083.jpg \/><br \/>\n^ Strecke<\/p>\n<p><img src=http:\/\/ski.inmontanis.info\/d\/136818-2\/DSC01087.jpg \/><br \/>\n^ ESL-Sessel. Ganz mein Fall ;)<\/p>\n<p><a href='http:\/\/ski.inmontanis.info\/d\/136827-2\/DSC01093.jpg'><img src=http:\/\/ski.inmontanis.info\/d\/136826-3\/DSC01093.jpg \/><\/a><br \/>\n^ Talstation ESL Ausfahrt<\/p>\n<p><img src=http:\/\/ski.inmontanis.info\/d\/136823-2\/DSC01235.jpg \/><br \/>\n^ Blick ins Skigebiet von Oberwiesenthal von einer Stra\u00dfe gegen\u00fcber (CZ). Die wollen in diesem flachen Tal ja wirklich eine 3S-Bahn vom Fichtelberg zum Klinovec bauen. Was f\u00fcr ein Schmarrn.<\/p>\n<p><a href='http:\/\/extra.inmontanis.info\/d\/11576-2\/DSC01108.jpg'><img src=http:\/\/extra.inmontanis.info\/d\/11574-3\/DSC01108.jpg \/><\/a><br \/>\n^ Grenze, \u00fcber die ich gestern und heute unz\u00e4hlige Male gefahren bin.<\/p>\n<p>Auf der Stra\u00dfe zum Gipfel kommt man ja noch am Skigebiet Neklid vorbei. Kurzer Zwischenhalt, kurioserweise war ich da nicht der einzige, der sich die Lifte ansah und Fotos machte &#8230;<\/p>\n<p><a href='http:\/\/ski.inmontanis.info\/d\/136831-2\/DSC01110.jpg'><img src=http:\/\/ski.inmontanis.info\/d\/136830-3\/DSC01110.jpg \/><\/a><br \/>\n^ 3SB im Skigebiet Neklid<\/p>\n<p><a href='http:\/\/ski.inmontanis.info\/d\/136835-2\/DSC01116.jpg'><img src=http:\/\/ski.inmontanis.info\/d\/136834-3\/DSC01116.jpg \/><\/a><br \/>\n^ Strecke \/ Abfahrten zur 3SB<\/p>\n<p>Um 9:50 war ich (erst!) wieder an der ESL Bergstation am Klinovec (Keilberg). Sie fuhr. Und sie stand. Um 10 fuhr der Lift wieder, aber Eingang am Berg versperrt. Grummel! So durfte ich erst um 10:30 runter und hernach wieder rauf. H&#038;R kostete 100 CZK. Zutrittsleser war defekt und der Kerl hat mir eine 2 Wochen alte Karte verkauft. Zum Gl\u00fcck hat&#8217;s der an der Talstation (wo der Zutrittsleser funktioniert hatte!) ignoriert. Verstanden haben wir uns \u00fcbrigens pr\u00e4chtig, er nur auf Tschechisch, ich nur auf Deutsch (die Wahrscheinlichkeit, dass er Englisch gekonnt h\u00e4tte, w\u00e4re bei dem Alter noch geringer gewesen), verstanden haben wir uns 0,0 ;-)<\/p>\n<p>Ziemlich langes Teil, tw. auch recht steil, Abfahrt k\u00f6nnte ganz nett sein. Talstation ist etwas im Nirgendwo, Parkplatz im Tal ist weiter weg. Altmodisch durch und durch. Muss ich im Winter her, bevor das Teil irgendwann ersetzt wird &#8211; und am Klinovec soll ja so gut wie alles in den n\u00e4chsten Jahren ersetzt werden&#8230;<\/p>\n<p><img src=http:\/\/ski.inmontanis.info\/d\/136839-2\/DSC01123.jpg \/><br \/>\n^ Plan Klinovec. K links ist der ESL, A ist die 3SB, die SL H-I-J fahr ich sp\u00e4ter noch an.<\/p>\n<p><img src=http:\/\/ski.inmontanis.info\/d\/136843-2\/DSC01121.jpg \/><br \/>\n^ Bergstation ESL<\/p>\n<p><img src=http:\/\/ski.inmontanis.info\/d\/136847-2\/DSC01120.jpg \/><br \/>\n^ Oberer Streckenteil des ESL. Links ein kurzer \u00dcbungs-SSL.<\/p>\n<p><a href='http:\/\/ski.inmontanis.info\/d\/136851-2\/DSC01127.jpg'><img src=http:\/\/ski.inmontanis.info\/d\/136850-3\/DSC01127.jpg \/><\/a><br \/>\n^ Eingang.<\/p>\n<p><a href='http:\/\/ski.inmontanis.info\/d\/136855-2\/DSC01132.jpg'><img src=http:\/\/ski.inmontanis.info\/d\/136854-3\/DSC01132.jpg \/><\/a><br \/>\n^ ESL Bergstation. Die blaue Kiste wird jeweils am Sessel hinter den letzten Fahrgast geh\u00e4ngt.<\/p>\n<p><a href='http:\/\/ski.inmontanis.info\/d\/136952-2\/DSC01138.jpg'><img src=http:\/\/ski.inmontanis.info\/d\/136951-3\/DSC01138.jpg \/><\/a><br \/>\n^ Typische Transprota-Chrudium-St\u00fctze<\/p>\n<p><a href='http:\/\/ski.inmontanis.info\/d\/136860-2\/DSC01140.jpg'><img src=http:\/\/ski.inmontanis.info\/d\/136859-3\/DSC01140.jpg \/><\/a><br \/>\n^ ESL-Strecke und Abfahrt<\/p>\n<p><img src=http:\/\/ski.inmontanis.info\/d\/136864-2\/DSC01145.jpg \/><br \/>\n^ Warum ist ausgerechnet auf dieser St\u00fctze eine Sitzgelegenheit montiert? Da wird doch kein Streckenposten gesessen haben?<\/p>\n<p><a href='http:\/\/ski.inmontanis.info\/d\/136868-2\/DSC01153.jpg'><img src=http:\/\/ski.inmontanis.info\/d\/136867-3\/DSC01153.jpg \/><\/a><br \/>\n^ Strecke im Mittelteil<\/p>\n<p><a href='http:\/\/ski.inmontanis.info\/d\/136872-2\/DSC01170.jpg'><img src=http:\/\/ski.inmontanis.info\/d\/136871-3\/DSC01170.jpg \/><\/a><br \/>\n^ Talstation<\/p>\n<p><a href='http:\/\/ski.inmontanis.info\/d\/136876-2\/DSC01178.jpg'><img src=http:\/\/ski.inmontanis.info\/d\/136875-3\/DSC01178.jpg \/><\/a><br \/>\n^ Talstation<\/p>\n<p><a href='http:\/\/ski.inmontanis.info\/d\/136880-2\/DSC01175.jpg'><img src=http:\/\/ski.inmontanis.info\/d\/136879-3\/DSC01175.jpg \/><\/a><br \/>\n^ Talstation<\/p>\n<p><img src=http:\/\/ski.inmontanis.info\/d\/136884-2\/DSC01188.jpg \/><br \/>\n^ Talstation<\/p>\n<p><img src=http:\/\/ski.inmontanis.info\/d\/136888-2\/DSC01190.jpg \/><br \/>\n^ Das sollte das Ende der Abfahrt am ESL sein &#8230;<\/p>\n<p><img src=http:\/\/ski.inmontanis.info\/d\/136892-2\/DSC01194.jpg \/><br \/>\n^ Talstation. Rechts runter geht&#8217;s zum Parkplatz &#8230;<\/p>\n<p><a href='http:\/\/ski.inmontanis.info\/d\/136896-2\/DSC01201.jpg'><img src=http:\/\/ski.inmontanis.info\/d\/136895-3\/DSC01201.jpg \/><\/a><br \/>\n^ Zugang Talstation. Urig.<\/p>\n<p><a href='http:\/\/ski.inmontanis.info\/d\/136900-2\/DSC01206.jpg'><img src=http:\/\/ski.inmontanis.info\/d\/136899-3\/DSC01206.jpg \/><\/a><br \/>\n^ Zugang Talstation<\/p>\n<p><a href='http:\/\/ski.inmontanis.info\/d\/136904-2\/DSC01217.jpg'><img src=http:\/\/ski.inmontanis.info\/d\/136903-3\/DSC01217.jpg \/><\/a><br \/>\n^ Strecke im Mittelteil<\/p>\n<p><a href='http:\/\/ski.inmontanis.info\/d\/136908-2\/DSC01225.jpg'><img src=http:\/\/ski.inmontanis.info\/d\/136907-3\/DSC01225.jpg \/><\/a><br \/>\n^ Abfahrt (Steilhang). Gef\u00e4llt mir, so sch\u00f6n schmal &#8230;<\/p>\n<p><a href='http:\/\/ski.inmontanis.info\/d\/136912-2\/DSC01226.jpg'><img src=http:\/\/ski.inmontanis.info\/d\/136911-3\/DSC01226.jpg \/><\/a><br \/>\n^ ESL und Abfahrt<\/p>\n<p><a href='http:\/\/ski.inmontanis.info\/d\/136916-2\/DSC08516.jpg'><img src=http:\/\/ski.inmontanis.info\/d\/136915-3\/DSC08516.jpg \/><\/a><br \/>\n^ ESL (IR). Ja liegt denn schon Schnee? :-)<\/p>\n<p><a href='http:\/\/ski.inmontanis.info\/d\/136920-2\/DSC01229.jpg'><img src=http:\/\/ski.inmontanis.info\/d\/136919-3\/DSC01229.jpg \/><\/a><br \/>\n^ Bergstation<\/p>\n<p>Bin dann noch zu ein paar der SL unten gefahren &#8211; aber nur zu den ersten, hatte ja keine Zeit&#8230;..<\/p>\n<p><img src=http:\/\/ski.inmontanis.info\/d\/136924-2\/DSC01238.jpg \/><br \/>\n^ Interessante St\u00fctzen am SL H<\/p>\n<p><img src=http:\/\/ski.inmontanis.info\/d\/136932-2\/DSC01252.jpg \/><br \/>\n^ SL H \u00fcber die Br\u00fccke<\/p>\n<p><a href='http:\/\/ski.inmontanis.info\/d\/136928-2\/DSC01242.jpg'><img src=http:\/\/ski.inmontanis.info\/d\/136927-3\/DSC01242.jpg \/><\/a><br \/>\n^ Unterer Abfahrtsteil SL H<\/p>\n<p><img src=http:\/\/ski.inmontanis.info\/d\/136936-2\/DSC01244.jpg \/><br \/>\n^ SL H-I-J<\/p>\n<p><img src=http:\/\/ski.inmontanis.info\/d\/136940-2\/DSC01246.jpg \/><br \/>\n^ Urige Talstation SL I<\/p>\n<p><img src=http:\/\/ski.inmontanis.info\/d\/136944-2\/DSC01258.jpg \/><br \/>\n^ SL H-I-J. Netter St\u00fctzenmix hier.<\/p>\n<p><img src=http:\/\/ski.inmontanis.info\/d\/136948-2\/DSC01262.jpg \/><br \/>\n^ Talstationen SL I-J<\/p>\n<p>Video vom ESL:<br \/>\n<object style=\"height: 500px; width: 900px\"><param name=\"movie\" value=\"http:\/\/www.youtube.com\/v\/PD34wLlybpg\"><\/param><param name=\"wmode\" value=\"transparent\"><\/param><embed src=\"http:\/\/www.youtube.com\/v\/PD34wLlybpg\" type=\"application\/x-shockwave-flash\" wmode=\"transparent\"  width=\"900\" height=\"480\"><\/embed><\/object><\/p>\n<p>Fazit? Die ESL am Fichtelberg und am Klinovec muss ich asap im Winter fahren. Vielleicht fahr ich schon diesen Winter mal f\u00fcr ein WE rauf. Wie gestern festgestellt ist das ja gar nicht so weit weg.<\/p>\n<p>N\u00e4chstes Ziel war die <strong>VR101-Seitw\u00e4rts-KDSB in Krupka, BJ 1952<\/strong>. F\u00e4hrt nur st\u00fcndlich, ist aber auch sehr lang &#8211; da meint man, man w\u00e4re schon am Gipfel, dann kommen einem erst die Sessel entgegen und sieht nach der Kante &#8211; was, erst die H\u00e4lfte? Wow.<\/p>\n<p>VR101 bin ich ja zum Gl\u00fcck noch einige gefahren, bevor sie in der Schweiz ganz stillgelegt wurden. Kandersteg im Sommer 2005 und im Winter 2007, Wei\u00dfenstein im Sommer 2007. Verglichen mit der in Krupka waren die aber regelrecht modern :-)<\/p>\n<p>Denn das Beste an der Bahn: S\u00e4mtlich Seilrollen sind noch Voll-Metall-Rollen ohne Gummieinlage! Kann mich nicht erinnern, wann ich sowas mal gefahren bin! Macht jedenfalls einen geilen Sound. Video reinziehen! Sehr cool.<\/p>\n<p>Oben war ich noch essen &#8211; nachdem ich hier in CZ bisher auf jeder Speisekarte panierten K\u00e4se gelesen hab, hab ich ihn mal ausprobiert. Pommes und Remoulade war dabei. CZK 95,-. War ja egtl. satt, aber Apfelstrudel mit Eis um lediglich 45,- musste ich dann doch noch mitnehmen. Viel \u00c4pfel waren da aber nicht drin, und statt Gabel+L\u00f6ffel h\u00e4tte ich Gabel+Messer gebraucht, so fest war er. Mit einem 0,7er Wasser in Summe aber nur 180,- CZK, also ca. \u20ac 7,50 gezahlt!<\/p>\n<p><em>(Fotos anklicken zum Vergr\u00f6\u00dfern, soweit nicht vergr\u00f6\u00dfert gepostet)<br \/>\n<\/em><\/p>\n<p><a href='http:\/\/extra.inmontanis.info\/d\/11580-2\/DSC01274.jpg'><img src=http:\/\/extra.inmontanis.info\/d\/11578-3\/DSC01274.jpg \/><\/a><br \/>\n^ Schaut aus wie eine Autobahn, ist aber eine normale Landstra\u00dfe &#8211; und f\u00fcr fast alle Verkehrsteilnehmer freigegeben.<\/p>\n<p><img src=http:\/\/extra.inmontanis.info\/d\/11584-2\/DSC01280.jpg \/><br \/>\n^ Industrie in Z\u00e1lu\u017e\u00ed<\/p>\n<p><a href='http:\/\/extra.inmontanis.info\/d\/11588-2\/DSC01281.jpg'><img src=http:\/\/extra.inmontanis.info\/d\/11586-3\/DSC01281.jpg \/><\/a><br \/>\n^ Stra\u00dfenbahn in Z\u00e1lu\u017e\u00ed<\/p>\n<p><img src=http:\/\/extra.inmontanis.info\/d\/11596-2\/DSC01511.jpg \/><br \/>\n^ Talstation KDSB in Krupka<\/p>\n<p><a href='http:\/\/extra.inmontanis.info\/d\/11600-2\/DSC01288.jpg'><img src=http:\/\/extra.inmontanis.info\/d\/11599-3\/DSC01288.jpg \/><\/a><br \/>\n^ Ausblick von der Talstation, der Parkplatz ist ein bi\u00dfchen weiter unten &#8211; ist ja kein Platz hier ;)<\/p>\n<p><img src=http:\/\/extra.inmontanis.info\/d\/11604-2\/DSC01289.jpg \/><br \/>\n^ Talstation, lt. Schild: 2348m L\u00e4nge, 482hm, 2,5 m\/s.<\/p>\n<p><a href='http:\/\/extra.inmontanis.info\/d\/11608-2\/DSC01292.jpg'><img src=http:\/\/extra.inmontanis.info\/d\/11607-3\/DSC01292.jpg \/><\/a><br \/>\n^ Kasse, Preise und Betriebszeiten<\/p>\n<p><a href='http:\/\/extra.inmontanis.info\/d\/11612-2\/DSC01296.jpg'><img src=http:\/\/extra.inmontanis.info\/d\/11611-3\/DSC01296.jpg \/><\/a><br \/>\n^ Talstation und Ausfahrt<\/p>\n<p><img src=http:\/\/extra.inmontanis.info\/d\/11616-2\/DSC01303.jpg \/><br \/>\n^ VR101-Klemme als Schauobjekt<\/p>\n<p><img src=http:\/\/extra.inmontanis.info\/d\/11620-2\/DSC01307.jpg \/><br \/>\n^ Ausfahrt Talstation<\/p>\n<p><a href='http:\/\/extra.inmontanis.info\/d\/11624-2\/DSC01313.jpg'><img src=http:\/\/extra.inmontanis.info\/d\/11623-3\/DSC01313.jpg \/><\/a><br \/>\n^ Talstation<\/p>\n<p><a href='http:\/\/extra.inmontanis.info\/d\/11628-2\/DSC01318.jpg'><img src=http:\/\/extra.inmontanis.info\/d\/11627-3\/DSC01318.jpg \/><\/a><br \/>\n^ Strecke ab St\u00fctze 4<\/p>\n<p><a href='http:\/\/extra.inmontanis.info\/d\/11632-2\/DSC01326.jpg'><img src=http:\/\/extra.inmontanis.info\/d\/11631-3\/DSC01326.jpg \/><\/a><br \/>\n^ St\u00fctze 4 und 5<\/p>\n<p><img src=http:\/\/extra.inmontanis.info\/d\/11636-2\/DSC01335.jpg \/><br \/>\n^ St\u00fctze 9. Man beachte die Seilrollen ohne Gummieinlagen<\/p>\n<p><a href='http:\/\/extra.inmontanis.info\/d\/11640-2\/DSC01344.jpg'><img src=http:\/\/extra.inmontanis.info\/d\/11639-3\/DSC01344.jpg \/><\/a><br \/>\n^ St\u00fctze 13 und 14, ca. Mittelpunkt der Strecke<\/p>\n<p><img src=http:\/\/extra.inmontanis.info\/d\/11644-2\/DSC01343.jpg \/><br \/>\n^ Strecke ab St\u00fctze 14a<\/p>\n<p><img src=http:\/\/extra.inmontanis.info\/d\/11648-2\/DSC01349.jpg \/><br \/>\n^ St\u00fctzen\u00fcberfahrt<\/p>\n<p><img src=http:\/\/extra.inmontanis.info\/d\/11652-2\/DSC01352.jpg \/><br \/>\n^ Klemme bei der Fahrt<\/p>\n<p><img src=http:\/\/extra.inmontanis.info\/d\/11656-2\/DSC01354.jpg \/><br \/>\n^ St\u00fctzenfahrt (Niederhalter)<\/p>\n<p><a href='http:\/\/extra.inmontanis.info\/d\/11660-2\/DSC01367.jpg'><img src=http:\/\/extra.inmontanis.info\/d\/11659-3\/DSC01367.jpg \/><\/a><br \/>\n^ Strecke oberer Mittelteil<\/p>\n<p><a href='http:\/\/extra.inmontanis.info\/d\/11664-2\/DSC01368.jpg'><img src=http:\/\/extra.inmontanis.info\/d\/11663-3\/DSC01368.jpg \/><\/a><br \/>\n^ Strecke, oberer Teil<\/p>\n<p><img src=http:\/\/extra.inmontanis.info\/d\/11668-2\/DSC01371.jpg \/><br \/>\n^ Bergstation<\/p>\n<p><a href='http:\/\/extra.inmontanis.info\/d\/11672-2\/DSC01374.jpg'><img src=http:\/\/extra.inmontanis.info\/d\/11671-3\/DSC01374.jpg \/><\/a><br \/>\n^ Sessellager und Werkst\u00e4tte<\/p>\n<p><a href='http:\/\/extra.inmontanis.info\/d\/11676-2\/DSC01375.jpg'><img src=http:\/\/extra.inmontanis.info\/d\/11675-3\/DSC01375.jpg \/><\/a><br \/>\n^ Bergstation<\/p>\n<p><img src=http:\/\/extra.inmontanis.info\/d\/11680-2\/DSC01384.jpg \/><br \/>\n^ Bergstation<\/p>\n<p><a href='http:\/\/extra.inmontanis.info\/d\/11684-2\/DSC01386.jpg'><img src=http:\/\/extra.inmontanis.info\/d\/11683-3\/DSC01386.jpg \/><\/a><br \/>\n^ Ausgang<\/p>\n<p><a href='http:\/\/extra.inmontanis.info\/d\/11688-2\/DSC01391.jpg'><img src=http:\/\/extra.inmontanis.info\/d\/11687-3\/DSC01391.jpg \/><\/a><br \/>\n^ Bergstation &#8220;M\u00fcckent\u00fcrmchen&#8221;<\/p>\n<p><a href='http:\/\/extra.inmontanis.info\/d\/11692-2\/DSC01417.jpg'><img src=http:\/\/extra.inmontanis.info\/d\/11691-3\/DSC01417.jpg \/><\/a><br \/>\n^ Bergstation<\/p>\n<p><img src=http:\/\/extra.inmontanis.info\/d\/11696-2\/DSC01418.jpg \/><br \/>\n^ St\u00fctze 23<\/p>\n<p><img src=http:\/\/extra.inmontanis.info\/d\/11700-2\/DSC01422.jpg \/><br \/>\n^ St\u00fctze 23 und 24<\/p>\n<p><img src=http:\/\/extra.inmontanis.info\/d\/11704-2\/DSC01413.jpg \/><br \/>\n^ St\u00fctze 23<\/p>\n<p><img src=http:\/\/extra.inmontanis.info\/d\/11708-2\/DSC01426.jpg \/><br \/>\n^ Seilrollen St\u00fctze 23. Anscheinend gibt&#8217;s hier mind. 2 verschiedene Rollentypen (aber beide ohne Gummieinlage, was einen tollen Sound gibt!), denn:<\/p>\n<p><img src=http:\/\/extra.inmontanis.info\/d\/11712-2\/DSC01332.jpg \/><br \/>\n^ Seilrollen St\u00fctze 8, die andere Bauweise.<\/p>\n<p>Welche sind die \u00e4lteren?<\/p>\n<p><a href='http:\/\/extra.inmontanis.info\/d\/11716-2\/DSC01429.jpg'><img src=http:\/\/extra.inmontanis.info\/d\/11715-3\/DSC01429.jpg \/><\/a><br \/>\n^ Pano an der Bergstation<\/p>\n<p><a href='http:\/\/extra.inmontanis.info\/d\/11720-2\/DSC01432.jpg'><img src=http:\/\/extra.inmontanis.info\/d\/11719-3\/DSC01432.jpg \/><\/a><br \/>\n^ Die Sessel fahren auf 2 Schienen in den Stationen.<\/p>\n<p><img src=http:\/\/extra.inmontanis.info\/d\/11724-2\/DSC08536.jpg \/><br \/>\n^ Schienen, Baujahr und Hersteller-Schild.<\/p>\n<p><img src=http:\/\/extra.inmontanis.info\/d\/11728-2\/DSC08523.jpg \/><br \/>\n^ St\u00fctze 22+23 in IR<\/p>\n<p><img src=http:\/\/extra.inmontanis.info\/d\/11732-2\/DSC08525.jpg \/><br \/>\n^ St\u00fctze 24 in IR<\/p>\n<p><a href='http:\/\/extra.inmontanis.info\/d\/11736-2\/DSC08528.jpg'><img src=http:\/\/extra.inmontanis.info\/d\/11735-3\/DSC08528.jpg \/><\/a><br \/>\n^ IR-Pano<\/p>\n<p><a href='http:\/\/extra.inmontanis.info\/d\/11740-2\/DSC08531.jpg'><img src=http:\/\/extra.inmontanis.info\/d\/11739-3\/DSC08531.jpg \/><\/a><br \/>\n^ IR-Pano (der Hochebene hier oben)<\/p>\n<p><a href='http:\/\/extra.inmontanis.info\/d\/11744-2\/DSC08532.jpg'><img src=http:\/\/extra.inmontanis.info\/d\/11743-3\/DSC08532.jpg \/><\/a><br \/>\n^ 800m entfernt gibt&#8217;s hier ein kleines Skigebiet (so ca. 2 SL)<\/p>\n<p><img src=http:\/\/extra.inmontanis.info\/d\/11748-2\/DSC01441.jpg \/><br \/>\n^ Talfahrt<\/p>\n<p><a href='http:\/\/extra.inmontanis.info\/d\/11752-2\/DSC01444.jpg'><img src=http:\/\/extra.inmontanis.info\/d\/11751-3\/DSC01444.jpg \/><\/a><br \/>\n^ Sessel<\/p>\n<p><img src=http:\/\/extra.inmontanis.info\/d\/11756-2\/DSC08537.jpg \/><br \/>\n^ Strecke (IR)<\/p>\n<p><a href='http:\/\/extra.inmontanis.info\/d\/11760-2\/DSC01452.jpg'><img src=http:\/\/extra.inmontanis.info\/d\/11759-3\/DSC01452.jpg \/><\/a><br \/>\n^ St\u00fctze 15<\/p>\n<p><img src=http:\/\/extra.inmontanis.info\/d\/11764-2\/DSC08541.jpg \/><br \/>\n^ St\u00fctze 12 (IR)<\/p>\n<p><img src=http:\/\/extra.inmontanis.info\/d\/11768-2\/DSC01458.jpg \/><br \/>\n^ Unterer Streckenteil<\/p>\n<p><img src=http:\/\/extra.inmontanis.info\/d\/11772-2\/DSC08543.jpg \/><br \/>\n^ Unterer Streckenteil (IR) ab St\u00fctze 10. (Es folgt noch eine Kante weiter unten)<\/p>\n<p><img src=http:\/\/extra.inmontanis.info\/d\/11776-2\/DSC01470.jpg \/><br \/>\n^ St\u00fctze 5a.<\/p>\n<p>Warum hier manche St\u00fctzen eine A-Nummerierung haben? Wurde die nachtr\u00e4glich eingebaut?<\/p>\n<p><img src=http:\/\/extra.inmontanis.info\/d\/11780-2\/DSC01493.jpg \/><br \/>\n^ Talstation<\/p>\n<p><img src=http:\/\/extra.inmontanis.info\/d\/11784-2\/DSC01488.jpg \/><br \/>\n^ Talstation<\/p>\n<p><a href='http:\/\/extra.inmontanis.info\/d\/11788-2\/DSC01294.jpg'><img src=http:\/\/extra.inmontanis.info\/d\/11787-3\/DSC01294.jpg \/><\/a><br \/>\n^ Um g\u00fcnstige 2,- \u20ac\u0080 kann man sich eine sch\u00f6ne Gedenkm\u00fcnze aus dem Automaten ziehen (nicht so &#8216;n komisches selbst gepresstes, ovales, ehemaliges 5-Cent-St\u00fcck wie bei uns!)<\/p>\n<p><img src=http:\/\/extra.inmontanis.info\/d\/11792-2\/DSC01407.jpg \/><br \/>\n^ Mit jeder Fahrkarte bekommt man auch eine sch\u00f6ne Postkarte<\/p>\n<p><a href='http:\/\/extra.inmontanis.info\/d\/11796-2\/DSC03537.jpg'><img src=http:\/\/extra.inmontanis.info\/d\/11795-3\/DSC03537.jpg \/><\/a><br \/>\n^ Die Erinnerungsm\u00fcnze<\/p>\n<p>.. und das Video (Sound aufdrehen!):<br \/>\n<object style=\"height: 500px; width: 900px\"><param name=\"movie\" value=\"http:\/\/www.youtube.com\/v\/cfiLxthmLTw\"><\/param><param name=\"wmode\" value=\"transparent\"><\/param><embed src=\"http:\/\/www.youtube.com\/v\/cfiLxthmLTw\" type=\"application\/x-shockwave-flash\" wmode=\"transparent\"  width=\"900\" height=\"480\"><\/embed><\/object><\/p>\n<p>Fazit: Cooles B\u00e4hnchen. Fahren, so lange es noch geht!<\/p>\n<p>An der Talstation hatte ich mir endlich Zeit genommen, den Rucksack zu tauschen &#8211; bin mir noch nicht sicher, ob das<br \/>\nwirklich alles so toll ist,  oder ob ich mir vielleicht doch so ein Sliding-Ding h\u00e4tte kaufen sollen&#8230;<\/p>\n<p>Im Ort kam ich an einem Tesco vorbei &#8211; wollte heut eh einkaufen, also warum nicht hier. Puh. Haufenweise  Naschsachen  &#8211; meist ja Waffel-Riegel in 2-4 Geschmacksrichtigungen, aber von vielen Herstellern. Und alle einzeln verpackt, und da ich von fast jedem 2-4 St\u00fcck eingepackt hatte &#8211; f\u00fcllte sich der Wagen schneller als erwartet.<\/p>\n<p>An der Kasse wars mir dann teilweise peinlich, teilweise fand ich das ganze so extrem lustig &#8211; hat ja ewig Zeit  gekostet, das abzukassieren, und die Leutchen hinter mir mussten sich in Geduld \u00fcben &#8211; und alle werden heut \u00fcber  den kuriosen Ausl\u00e4nder zu Berichten wissen :-)<\/p>\n<p>Der Kassenbon war (\u00e4hnlich wie in Rum\u00e4nien) satte 85 cm lang, insg. etwas \u00fcber 210 Positionen. Und in Summe 1.991,- CZK, also fast 90,- \u20ac. Puh. Damit h\u00e4tte ich nicht gerechnet. Volumensm\u00e4\u00dfig im Auto verstaut ist es zudem weniger, als was ich von Frankreich normalerweise mitnehme, aber da ist halt auch mehr Verpackung dabei &#8230;<\/p>\n<p><em>(Fotos anklicken zum Vergr\u00f6\u00dfern, soweit nicht vergr\u00f6\u00dfert gepostet)<\/em><br \/>\n<a href='http:\/\/extra.inmontanis.info\/d\/11950-2\/DSC01512.jpg'><img src=http:\/\/extra.inmontanis.info\/d\/11948-3\/DSC01512.jpg \/><\/a><br \/>\n^ Einkauf :)<\/p>\n<p><a href='http:\/\/extra.inmontanis.info\/d\/11958-2\/DSC02636.jpg'><img src=http:\/\/extra.inmontanis.info\/d\/11956-3\/DSC02636.jpg \/><\/a><br \/>\n^ Langer Kassenzettel, 85cm, \u00fcber 210 einzelne Positionen ;)<\/p>\n<p><img src=http:\/\/extra.inmontanis.info\/d\/11962-2\/DSC02623.jpg \/><br \/>\n^ Mitbringsel, fast alles aus der Tschechei.<\/p>\n<p>So war es doch recht sp\u00e4t, aber noch Zeit genug, einen kleinen Abstecher nach Dresden zu machen. Kurz vor Sonneneuntergang war ich an der H\u00e4ngebahn und habe mich abermals gefreut, wie nun schon mehrfach in diesem Urlaub, einen sch\u00f6nen Sonnenuntergang fotografieren zu k\u00f6nnen. <\/p>\n<p>Die Bahn selbst fand ich relativ unspektakul\u00e4r, sehr kurz und sehr langsam. <\/p>\n<p><a href='http:\/\/extra.inmontanis.info\/d\/11954-2\/DSC01517.jpg'><img src=http:\/\/extra.inmontanis.info\/d\/11952-3\/DSC01517.jpg \/><\/a><br \/>\n^ A17, ziemlich neu und &#8211; f\u00fcr mich kurioserweise &#8211; mit Betonplatten. Dachte heutzutage w\u00fcrden Autobahnen nur noch geteert werden.<\/p>\n<p><img src=http:\/\/extra.inmontanis.info\/d\/11818-2\/DSC01524.jpg \/><br \/>\n^ Talstation der Schwebebahn<\/p>\n<p><img src=http:\/\/extra.inmontanis.info\/d\/11822-2\/DSC01536.jpg \/><br \/>\n^ Talstation. Die Stationen sind l\u00e4nger, da ja fr\u00fcher tw. mit 2 Wagen pro Seite gefahren wurde.<\/p>\n<p><a href='http:\/\/extra.inmontanis.info\/d\/11826-2\/DSC01540.jpg'><img src=http:\/\/extra.inmontanis.info\/d\/11824-3\/DSC01540.jpg \/><\/a><br \/>\n^ Wagen<\/p>\n<p><a href='http:\/\/extra.inmontanis.info\/d\/11830-2\/DSC01544.jpg'><img src=http:\/\/extra.inmontanis.info\/d\/11828-3\/DSC01544.jpg \/><\/a><br \/>\n^ Strecke<\/p>\n<p><a href='http:\/\/extra.inmontanis.info\/d\/11834-2\/DSC01547.jpg'><img src=http:\/\/extra.inmontanis.info\/d\/11832-3\/DSC01547.jpg \/><\/a><br \/>\n^ Strecke<\/p>\n<p><a href='http:\/\/extra.inmontanis.info\/d\/11838-2\/DSC01553.jpg'><img src=http:\/\/extra.inmontanis.info\/d\/11836-3\/DSC01553.jpg \/><\/a><br \/>\n^ Anderer Wagen, ist wei\u00df.<\/p>\n<p><a href='http:\/\/extra.inmontanis.info\/d\/11842-2\/DSC01557.jpg'><img src=http:\/\/extra.inmontanis.info\/d\/11840-3\/DSC01557.jpg \/><\/a><br \/>\n^ Bergstation<\/p>\n<p><a href='http:\/\/extra.inmontanis.info\/d\/11846-2\/DSC01562.jpg'><img src=http:\/\/extra.inmontanis.info\/d\/11844-3\/DSC01562.jpg \/><\/a><br \/>\n^ Bergstation \/ Strecke. Hat was von Endlos-Spiegel-Effekt da in der Mitte<\/p>\n<p><a href='http:\/\/extra.inmontanis.info\/d\/11850-2\/DSC01565.jpg'><img src=http:\/\/extra.inmontanis.info\/d\/11848-3\/DSC01565.jpg \/><\/a><br \/>\n^ Bremse? Oder Notantrieb?<\/p>\n<p><img src=http:\/\/extra.inmontanis.info\/d\/11854-2\/DSC01579.jpg \/><br \/>\n^ Pano von der Bergstation<\/p>\n<p><img src=http:\/\/extra.inmontanis.info\/d\/11858-2\/DSC01575.jpg \/><br \/>\n^ Dresden, Sonnenuntergang<\/p>\n<p><img src=http:\/\/extra.inmontanis.info\/d\/11862-2\/DSC01569.jpg \/><br \/>\n^ Dresden<\/p>\n<p><img src=http:\/\/extra.inmontanis.info\/d\/11866-2\/DSC01583.jpg \/><br \/>\n^ Bergstation der Schwebebahn<\/p>\n<p><a href='http:\/\/extra.inmontanis.info\/d\/11870-2\/DSC01585.jpg'><img src=http:\/\/extra.inmontanis.info\/d\/11868-3\/DSC01585.jpg \/><\/a><br \/>\n^ Bergstation<\/p>\n<p><a href='http:\/\/extra.inmontanis.info\/d\/11874-2\/DSC01595.jpg'><img src=http:\/\/extra.inmontanis.info\/d\/11872-3\/DSC01595.jpg \/><\/a><br \/>\n^ Seilrollen? Hat man hier fast komplett eingespart, an den Kurven gibt&#8217;s noch welche. Hab ich jetzt an einer Seilbahn auch noch nie gesehen.<\/p>\n<p><a href='http:\/\/extra.inmontanis.info\/d\/11878-2\/DSC01598.jpg'><img src=http:\/\/extra.inmontanis.info\/d\/11876-3\/DSC01598.jpg \/><\/a><br \/>\n^ Aufh\u00e4ngung<\/p>\n<p><img src=http:\/\/extra.inmontanis.info\/d\/11882-2\/DSC01602.jpg \/><br \/>\n^ Sonnenuntergangs-Pano mit Schwebebahnstrecke<\/p>\n<p><img src=http:\/\/extra.inmontanis.info\/d\/11886-2\/DSC01606.jpg \/><br \/>\n^ Sonnenuntergang \u00fcber Dresden<\/p>\n<p><img src=http:\/\/extra.inmontanis.info\/d\/11890-2\/DSC01616.jpg \/><br \/>\n^ Pano in die andere Richtung<\/p>\n<p><a href='http:\/\/extra.inmontanis.info\/d\/11894-2\/DSC01620.jpg'><img src=http:\/\/extra.inmontanis.info\/d\/11892-3\/DSC01620.jpg \/><\/a><br \/>\n^ Dort auf den anderen H\u00fcgel geht die Standseilbahn rauf.<\/p>\n<p><a href='http:\/\/extra.inmontanis.info\/d\/11898-2\/DSC01621.jpg'><img src=http:\/\/extra.inmontanis.info\/d\/11896-3\/DSC01621.jpg \/><\/a><br \/>\n^ Komplette Strecke und Schienen<\/p>\n<p><img src=http:\/\/extra.inmontanis.info\/d\/11902-2\/DSC08545.jpg \/><br \/>\n^ IR-Pano<\/p>\n<p><img src=http:\/\/extra.inmontanis.info\/d\/11906-2\/DSC08544.jpg \/><br \/>\n^ IR-Pano<\/p>\n<p><img src=http:\/\/extra.inmontanis.info\/d\/11910-2\/DSC08547.jpg \/><br \/>\n^ IR-Zoom in die Stadt<\/p>\n<p><img src=http:\/\/extra.inmontanis.info\/d\/11914-2\/DSC08552-.jpg \/><br \/>\n^ Strecke in Falschfarb-IR<\/p>\n<p><a href='http:\/\/extra.inmontanis.info\/d\/11918-2\/DSC01652.jpg'><img src=http:\/\/extra.inmontanis.info\/d\/11916-3\/DSC01652.jpg \/><\/a><br \/>\n^ Nettes Museum, leider hatte ich nicht mehr gen\u00fcgend Zeit, um mir alles en detail anzuschauen, daher alles abfotografiert und daheim angesehen. Am interessantesten fand ich, dass diese Schwebebahntechnik von Wuppertal und hier auch und insbesondere f\u00fcr Kolonialbahnen gedacht war! Da kamen dann aber die einen oder anderen Kriege dazwischen &#8230;<\/p>\n<p>Bl\u00f6derweise wollte ich dann doch noch die SSB fahren und bin etwas fr\u00fcher wieder runter. Dass man von der Strecke nachts nichts sieht, ist eine Sache, aber dass man oben Null Blick richtung Dresden hat, war doch nervig. Das hat mich ge\u00e4rgert, da w\u00e4r ich lieber an der H\u00e4ngebahn noch ein halbes St\u00fcndchen oben geblieben.<\/p>\n<p><a href='http:\/\/extra.inmontanis.info\/d\/11922-2\/DSC01672.jpg'><img src=http:\/\/extra.inmontanis.info\/d\/11920-3\/DSC01672.jpg \/><\/a><br \/>\n^ Talstation<\/p>\n<p><a href='http:\/\/extra.inmontanis.info\/d\/11926-2\/DSC01677.jpg'><img src=http:\/\/extra.inmontanis.info\/d\/11924-3\/DSC01677.jpg \/><\/a><br \/>\n^ Talstation der Standseilbahn<\/p>\n<p><a href='http:\/\/extra.inmontanis.info\/d\/11930-2\/DSC01680.jpg'><img src=http:\/\/extra.inmontanis.info\/d\/11928-3\/DSC01680.jpg \/><\/a><br \/>\n^ Talstation<\/p>\n<p><a href='http:\/\/extra.inmontanis.info\/d\/11934-2\/DSC01710.jpg'><img src=http:\/\/extra.inmontanis.info\/d\/11932-3\/DSC01710.jpg \/><\/a><br \/>\n^ Bergstation der SSB<\/p>\n<p><a href='http:\/\/extra.inmontanis.info\/d\/11938-2\/DSC01689.jpg'><img src=http:\/\/extra.inmontanis.info\/d\/11936-3\/DSC01689.jpg \/><\/a><br \/>\n^ Auch an der Bergstation der SSB gibt&#8217;s ein paar museale Ausstellungsst\u00fccke<\/p>\n<p><img src=http:\/\/extra.inmontanis.info\/d\/11942-2\/DSC01695.jpg \/><br \/>\n^ Bergstation der SSB<\/p>\n<p><a href='http:\/\/extra.inmontanis.info\/d\/11946-2\/DSC01699.jpg'><img src=http:\/\/extra.inmontanis.info\/d\/11944-3\/DSC01699.jpg \/><\/a><br \/>\n^ Leider hat man hier oben augenscheinlich keine M\u00f6glichkeit, in die Stadt sehen zu k\u00f6nnen &#8211; dieses Foto konnte ich nur machen, indem ich die Cam \u00fcber die Einfahrt dieses Hotelparkplatztes gehalten habe.<\/p>\n<p>\u00dcbernachtet wird an einem Autobahn-Rastplatz richtung Polen, und eine Dusche ging sich auch noch aus mit 2,- die g\u00fcnstige Autobahnrastst\u00e4ttendusche der letzten Tage. (Hab erst 3,- dann 2,50 und jetzt 2,- gezahlt, obwohl alles Sanifair war!?)<\/p>\n<p>Noch ein kleines Video der beiden Bahnen in Dresden:<br \/>\n<object style=\"height: 500px; width: 900px\"><param name=\"movie\" value=\"http:\/\/www.youtube.com\/v\/Kgb3i19pHM8\"><\/param><param name=\"wmode\" value=\"transparent\"><\/param><embed src=\"http:\/\/www.youtube.com\/v\/Kgb3i19pHM8\" type=\"application\/x-shockwave-flash\" wmode=\"transparent\"  width=\"900\" height=\"480\"><\/embed><\/object><\/p>\n","protected":false},"excerpt":{"rendered":"<p>Grenzgebiete 7. Tag, Fr, 2.9.2011 &#8211; (Oberwiesenthal,) Klinovec, Krupka, Dresden<\/p>\n<p>Nun, nachdem ich also fr\u00fch Zeit hatte &#8211; bin ich eben die 20 km zum n\u00e4chsten McDonalds gefahren, wieder fr\u00fchst\u00fccken wie die letzten Tage, R\u00fchrei mit Bacon hatte ich diese Woche noch nicht. <\/p>\n<p> <a href=\"http:\/\/blog.inmontanis.info\/?p=1764\">[&#8230;]<\/a><\/p>\n","protected":false},"author":1,"featured_media":0,"comment_status":"open","ping_status":"closed","sticky":false,"template":"","format":"standard","meta":{"footnotes":""},"categories":[101,12,825,826,59,828,105],"tags":[35,90,103,62,47,46,40],"class_list":["post-1764","post","type-post","status-publish","format-standard","hentry","category-201109-grenzgebiete","category-germany","category-klinovec","category-krupka","category-nostalgie","category-oberwiesenthal","category-tschechien","tag-esl","tag-infrarot","tag-schwebebahn","tag-seitwarts-dsb","tag-sl","tag-ssb","tag-strasenbahn","odd"],"_links":{"self":[{"href":"http:\/\/blog.inmontanis.info\/index.php?rest_route=\/wp\/v2\/posts\/1764","targetHints":{"allow":["GET"]}}],"collection":[{"href":"http:\/\/blog.inmontanis.info\/index.php?rest_route=\/wp\/v2\/posts"}],"about":[{"href":"http:\/\/blog.inmontanis.info\/index.php?rest_route=\/wp\/v2\/types\/post"}],"author":[{"embeddable":true,"href":"http:\/\/blog.inmontanis.info\/index.php?rest_route=\/wp\/v2\/users\/1"}],"replies":[{"embeddable":true,"href":"http:\/\/blog.inmontanis.info\/index.php?rest_route=%2Fwp%2Fv2%2Fcomments&post=1764"}],"version-history":[{"count":2,"href":"http:\/\/blog.inmontanis.info\/index.php?rest_route=\/wp\/v2\/posts\/1764\/revisions"}],"predecessor-version":[{"id":1766,"href":"http:\/\/blog.inmontanis.info\/index.php?rest_route=\/wp\/v2\/posts\/1764\/revisions\/1766"}],"wp:attachment":[{"href":"http:\/\/blog.inmontanis.info\/index.php?rest_route=%2Fwp%2Fv2%2Fmedia&parent=1764"}],"wp:term":[{"taxonomy":"category","embeddable":true,"href":"http:\/\/blog.inmontanis.info\/index.php?rest_route=%2Fwp%2Fv2%2Fcategories&post=1764"},{"taxonomy":"post_tag","embeddable":true,"href":"http:\/\/blog.inmontanis.info\/index.php?rest_route=%2Fwp%2Fv2%2Ftags&post=1764"}],"curies":[{"name":"wp","href":"https:\/\/api.w.org\/{rel}","templated":true}]}}