{"id":1744,"date":"2011-08-30T20:00:45","date_gmt":"2011-08-30T18:00:45","guid":{"rendered":"http:\/\/blog.inmontanis.info\/?p=1744"},"modified":"2023-07-30T18:07:01","modified_gmt":"2023-07-30T16:07:01","slug":"stuttgart-heidelberg-neroberg-alpincenter-30-8-2011","status":"publish","type":"post","link":"http:\/\/blog.inmontanis.info\/?p=1744","title":{"rendered":"Stuttgart, Heidelberg, Neroberg, Alpincenter, 30.8.2011"},"content":{"rendered":"<p><strong>Grenzgebiete 4. Tag, Di, 30.8.2011 &#8211; Stuttgart, Heidelberg, Neroberg, Alpincenter<\/strong><\/p>\n<p>Obwohl ich etwas w\u00e4rmer angezogen war und ein paar hundert H\u00f6henmeter tiefer schlief und weniger Wind war &#8211; die Nacht war wieder zu kalt. Hab&#8217;s aber doch 7 Std. im Bett ausgehalten und bin um 6 Uhr aufgestanden. Jedenfalls hatte ich somit gen\u00fcgend Zeit, da die SSB in Stuttgart ja erst ab 9:10 f\u00e4hrt.<br \/>\n<!--more--><br \/>\n<em>(Fotos anklicken zum Vergr\u00f6\u00dfern, soweit nicht vergr\u00f6\u00dfert gepostet)<\/em><\/p>\n<p><a href='http:\/\/extra.inmontanis.info\/d\/10666-2\/DSC09944.jpg'><img src=http:\/\/extra.inmontanis.info\/d\/10664-3\/DSC09944.jpg \/><\/a><br \/>\n^ Morgend\u00e4mmerung im Schwarzwald<\/p>\n<p>Gem\u00fctlich also die k\u00fcrzere statt die schnellere Strecke gefahren und in einem McDonalds gefr\u00fchst\u00fcckt. Dann wurde es in Stuttgart doch noch etwas knapp f\u00fcr die erste Fahrt, da an der Talstation nirgends ein freier Parkplaz war und ich zur Bergstation fahren musste. Dort, am Waldfriedhof, waren nat\u00fcrlich gen\u00fcgend Parkpl\u00e4tze. Einfachte Fahrt kostete 1,-, die Fahrt ist nicht gerade lang, aber die W\u00e4gen sind sehr sch\u00f6n nostalgisch.<\/p>\n<p><a href='http:\/\/extra.inmontanis.info\/d\/10672-2\/DSC00024.jpg'><img src=http:\/\/extra.inmontanis.info\/d\/10669-3\/DSC00024.jpg \/><\/a><br \/>\n^ Bergstation der Standseilbahn<\/p>\n<p><a href='http:\/\/extra.inmontanis.info\/d\/10676-2\/DSC09957.jpg'><img src=http:\/\/extra.inmontanis.info\/d\/10674-3\/DSC09957.jpg \/><\/a><br \/>\n^ Einblick in die Technik<\/p>\n<p><a href='http:\/\/extra.inmontanis.info\/d\/10680-2\/DSC09961.jpg'><img src=http:\/\/extra.inmontanis.info\/d\/10678-3\/DSC09961.jpg \/><\/a><br \/>\n^ Fahrplan<\/p>\n<p><a href='http:\/\/extra.inmontanis.info\/d\/10684-2\/DSC09960.jpg'><img src=http:\/\/extra.inmontanis.info\/d\/10682-3\/DSC09960.jpg \/><\/a><br \/>\n^ Wagen 1 in der Bergstation<\/p>\n<p><img src=http:\/\/extra.inmontanis.info\/d\/10688-2\/DSC09963.jpg \/><br \/>\n^ Der nostalgischste Seilbahnwagen, den ich je gefahren bin. Wow, cool.<\/p>\n<p><a href='http:\/\/extra.inmontanis.info\/d\/10692-2\/DSC09964.jpg'><img src=http:\/\/extra.inmontanis.info\/d\/10690-3\/DSC09964.jpg \/><\/a><br \/>\n^ Schilder oberhalb der T\u00fcre<\/p>\n<p><a href='http:\/\/extra.inmontanis.info\/d\/10696-2\/DSC09965.jpg'><img src=http:\/\/extra.inmontanis.info\/d\/10694-3\/DSC09965.jpg \/><\/a><br \/>\n^ Die T\u00fcren kann man selbst \u00f6ffnen und schlie\u00dfen!<\/p>\n<p><a href='http:\/\/extra.inmontanis.info\/d\/10700-2\/DSC09966.jpg'><img src=http:\/\/extra.inmontanis.info\/d\/10698-3\/DSC09966.jpg \/><\/a><br \/>\n^ Die Steuerung wurde vor ein paar Jahren modernisiert<\/p>\n<p><a href='http:\/\/extra.inmontanis.info\/d\/10704-2\/DSC09968.jpg'><img src=http:\/\/extra.inmontanis.info\/d\/10702-3\/DSC09968.jpg \/><\/a><br \/>\n^ Bergstation Waldfriedhof<\/p>\n<p><img src=http:\/\/extra.inmontanis.info\/d\/10708-2\/DSC09971.jpg \/><br \/>\n^ Ausweiche<\/p>\n<p><a href='http:\/\/extra.inmontanis.info\/d\/10712-2\/DSC09973.jpg'><img src=http:\/\/extra.inmontanis.info\/d\/10710-3\/DSC09973.jpg \/><\/a><br \/>\n^ Unterer Streckenteil und Talstation<\/p>\n<p><a href='http:\/\/extra.inmontanis.info\/d\/10716-2\/DSC09976.jpg'><img src=http:\/\/extra.inmontanis.info\/d\/10714-3\/DSC09976.jpg \/><\/a><br \/>\n^ Nochmal der nostalgische Innenraum<\/p>\n<p><img src=http:\/\/extra.inmontanis.info\/d\/10720-2\/DSC09983.jpg \/><br \/>\n^ Talstation und Wagen 1<\/p>\n<p><a href='http:\/\/extra.inmontanis.info\/d\/10724-2\/DSC09985.jpg'><img src=http:\/\/extra.inmontanis.info\/d\/10722-3\/DSC09985.jpg \/><\/a><br \/>\n^ Talstation<\/p>\n<p><a href='http:\/\/extra.inmontanis.info\/d\/10728-2\/DSC09991.jpg'><img src=http:\/\/extra.inmontanis.info\/d\/10726-3\/DSC09991.jpg \/><\/a><br \/>\n^ U-Bahn<\/p>\n<p><a href='http:\/\/extra.inmontanis.info\/d\/10732-2\/DSC00001.jpg'><img src=http:\/\/extra.inmontanis.info\/d\/10730-3\/DSC00001.jpg \/><\/a><br \/>\n^ Wagen 1 in der Talstation<\/p>\n<p><a href='http:\/\/extra.inmontanis.info\/d\/10736-2\/DSC00005.jpg'><img src=http:\/\/extra.inmontanis.info\/d\/10734-3\/DSC00005.jpg \/><\/a><br \/>\n^ Talstation S\u00fcdheimer Platz<\/p>\n<p><a href='http:\/\/extra.inmontanis.info\/d\/10740-2\/DSC00007.jpg'><img src=http:\/\/extra.inmontanis.info\/d\/10738-3\/DSC00007.jpg \/><\/a><br \/>\n^ Wartebereich Talstation<\/p>\n<p><img src=http:\/\/extra.inmontanis.info\/d\/10744-2\/DSC00010.jpg \/><br \/>\n^ Talstation<\/p>\n<p><a href='http:\/\/extra.inmontanis.info\/d\/10748-2\/DSC00012.jpg'><img src=http:\/\/extra.inmontanis.info\/d\/10746-3\/DSC00012.jpg \/><\/a><br \/>\n^ Talstation<\/p>\n<p><a href='http:\/\/extra.inmontanis.info\/d\/10752-2\/DSC00013.jpg'><img src=http:\/\/extra.inmontanis.info\/d\/10750-3\/DSC00013.jpg \/><\/a><br \/>\n^ Quasi der komplette Wagen von Innen<\/p>\n<p><a href='http:\/\/extra.inmontanis.info\/d\/10756-2\/DSC00026.jpg'><img src=http:\/\/extra.inmontanis.info\/d\/10754-3\/DSC00026.jpg \/><\/a><br \/>\n^ Wagen 1 in der Bergstation<\/p>\n<p><img src=http:\/\/extra.inmontanis.info\/d\/10760-2\/DSC00031.jpg \/><br \/>\n^ Wagen 1 auf der Br\u00fccke (BJ der SSB 1929)<\/p>\n<p>Weiter gings nach Heidelberg zu den beiden SSBs, die untere Sektion neu, die obere alt, letztere fuhr auch sehr unruhig. Parkhaus ist direkt oberhalb der Talstation, aber bis man dort hin findet, ist auch nicht sooo einfach.<\/p>\n<p><img src=http:\/\/extra.inmontanis.info\/d\/10910-2\/ge20110830.jpg \/><br \/>\n^ Strecke und POIs vom 30.8.2011<\/p>\n<p><a href='http:\/\/extra.inmontanis.info\/d\/10766-2\/DSC00233.jpg'><img src=http:\/\/extra.inmontanis.info\/d\/10763-3\/DSC00233.jpg \/><\/a><br \/>\n^ Talstation der SSBs in Heidelberg, mitten im Parkhaus P12<\/p>\n<p><a href='http:\/\/extra.inmontanis.info\/d\/10770-2\/DSC00109.jpg'><img src=http:\/\/extra.inmontanis.info\/d\/10768-3\/DSC00109.jpg \/><\/a><br \/>\n^ Plan der beiden Bahnen mit den 4 Stationen<\/p>\n<p><a href='http:\/\/extra.inmontanis.info\/d\/10774-2\/DSC00038.jpg'><img src=http:\/\/extra.inmontanis.info\/d\/10772-3\/DSC00038.jpg \/><\/a><br \/>\n^ Talstation Kornmarkt<\/p>\n<p><a href='http:\/\/extra.inmontanis.info\/d\/10778-2\/DSC00042.jpg'><img src=http:\/\/extra.inmontanis.info\/d\/10776-3\/DSC00042.jpg \/><\/a><br \/>\n^ Talstation, die Strecke zum Schloss ist teilweise unterirdisch<\/p>\n<p><a href='http:\/\/extra.inmontanis.info\/d\/10782-2\/DSC00049.jpg'><img src=http:\/\/extra.inmontanis.info\/d\/10780-3\/DSC00049.jpg \/><\/a><br \/>\n^ Mittelstation Schloss<\/p>\n<p><img src=http:\/\/extra.inmontanis.info\/d\/10786-2\/DSC00051.jpg \/><br \/>\n^ Mittelstation Schloss<\/p>\n<p><img src=http:\/\/extra.inmontanis.info\/d\/10790-2\/DSC00053.jpg \/><br \/>\n^ Sektion 1<\/p>\n<p><a href='http:\/\/extra.inmontanis.info\/d\/10794-2\/DSC00062.jpg'><img src=http:\/\/extra.inmontanis.info\/d\/10792-3\/DSC00062.jpg \/><\/a><br \/>\n^ Talstation Sektion II<\/p>\n<p><a href='http:\/\/extra.inmontanis.info\/d\/10798-2\/DSC00063.jpg'><img src=http:\/\/extra.inmontanis.info\/d\/10796-3\/DSC00063.jpg \/><\/a><br \/>\n^ Sektion 2. Auch ungew\u00f6hnlich, dass die Gleise nicht bis zum Rand gehen.<\/p>\n<p><a href='http:\/\/extra.inmontanis.info\/d\/10802-2\/DSC00069.jpg'><img src=http:\/\/extra.inmontanis.info\/d\/10800-3\/DSC00069.jpg \/><\/a><br \/>\n^ Wagen 2. Sektion<\/p>\n<p><a href='http:\/\/extra.inmontanis.info\/d\/10806-2\/DSC00075.jpg'><img src=http:\/\/extra.inmontanis.info\/d\/10804-3\/DSC00075.jpg \/><\/a><br \/>\n^ Wagen 2. Sektion<\/p>\n<p><img src=http:\/\/extra.inmontanis.info\/d\/10810-2\/DSC00090.jpg \/><br \/>\n^ Ausweiche der 2. Sektion<\/p>\n<p><a href='http:\/\/extra.inmontanis.info\/d\/10814-2\/DSC00092.jpg'><img src=http:\/\/extra.inmontanis.info\/d\/10812-3\/DSC00092.jpg \/><\/a><br \/>\n^ Ausweiche der 2. Sektion<\/p>\n<p><img src=http:\/\/extra.inmontanis.info\/d\/10818-2\/DSC00101.jpg \/><br \/>\n^ Oberer Teil der 2. Sektion ist relativ steil<\/p>\n<p><a href='http:\/\/extra.inmontanis.info\/d\/10822-2\/DSC00106.jpg'><img src=http:\/\/extra.inmontanis.info\/d\/10820-3\/DSC00106.jpg \/><\/a><br \/>\n^ Bergstation Sektion 2<\/p>\n<p><img src=http:\/\/extra.inmontanis.info\/d\/10826-2\/DSC00115.jpg \/><br \/>\n^ Blick runter nach Heidelberg mit Sektion 2<\/p>\n<p><a href='http:\/\/extra.inmontanis.info\/d\/10830-2\/DSC00114.jpg'><img src=http:\/\/extra.inmontanis.info\/d\/10828-3\/DSC00114.jpg \/><\/a><br \/>\n^ Zoom Heidelberg und Neckar<\/p>\n<p><a href='http:\/\/extra.inmontanis.info\/d\/10834-2\/DSC00120.jpg'><img src=http:\/\/extra.inmontanis.info\/d\/10832-3\/DSC00120.jpg \/><\/a><br \/>\n^ Technik in der Bergstation<\/p>\n<p><a href='http:\/\/extra.inmontanis.info\/d\/10838-2\/DSC00122.jpg'><img src=http:\/\/extra.inmontanis.info\/d\/10836-3\/DSC00122.jpg \/><\/a><br \/>\n^ Technik in der Bergstation<\/p>\n<p><a href='http:\/\/extra.inmontanis.info\/d\/10842-2\/DSC00126.jpg'><img src=http:\/\/extra.inmontanis.info\/d\/10840-3\/DSC00126.jpg \/><\/a><br \/>\n^ Technik in der Bergstation<\/p>\n<p><a href='http:\/\/extra.inmontanis.info\/d\/10846-2\/DSC00131.jpg'><img src=http:\/\/extra.inmontanis.info\/d\/10844-3\/DSC00131.jpg \/><\/a><br \/>\n^ Bergstation Sektion 2<\/p>\n<p><img src=http:\/\/extra.inmontanis.info\/d\/10850-2\/DSC00135.jpg \/><br \/>\n^ Pano<\/p>\n<p><img src=http:\/\/extra.inmontanis.info\/d\/10854-2\/DSC08313.jpg \/><br \/>\n^ IR-Pano<\/p>\n<p><a href='http:\/\/extra.inmontanis.info\/d\/10858-2\/DSC08314.jpg'><img src=http:\/\/extra.inmontanis.info\/d\/10856-3\/DSC08314.jpg \/><\/a><br \/>\n^ IR-Pano<\/p>\n<p><a href='http:\/\/extra.inmontanis.info\/d\/10862-2\/DSC08324_bgr.jpg'><img src=http:\/\/extra.inmontanis.info\/d\/10860-3\/DSC08324_bgr.jpg \/><\/a><br \/>\n^ IR-Pano<\/p>\n<p><a href='http:\/\/extra.inmontanis.info\/d\/10866-2\/DSC00113.jpg'><img src=http:\/\/extra.inmontanis.info\/d\/10864-3\/DSC00113.jpg \/><\/a><br \/>\n^ Zoom-Pano<\/p>\n<p><a href='http:\/\/extra.inmontanis.info\/d\/10870-2\/DSC00136.jpg'><img src=http:\/\/extra.inmontanis.info\/d\/10868-3\/DSC00136.jpg \/><\/a><br \/>\n^ Der Turm ist leider geschlossen.<\/p>\n<p><a href='http:\/\/extra.inmontanis.info\/d\/10874-2\/DSC00138.jpg'><img src=http:\/\/extra.inmontanis.info\/d\/10872-3\/DSC00138.jpg \/><\/a><br \/>\n^ In der Bergstation befindet sich auch ein umfangreiches Museum<\/p>\n<p><a href='http:\/\/extra.inmontanis.info\/d\/10878-2\/DSC00146.jpg'><img src=http:\/\/extra.inmontanis.info\/d\/10876-3\/DSC00146.jpg \/><\/a><br \/>\n^ Bilder der alten Sektion I im Museum<\/p>\n<p><a href='http:\/\/extra.inmontanis.info\/d\/10882-2\/DSC00166.jpg'><img src=http:\/\/extra.inmontanis.info\/d\/10880-3\/DSC00166.jpg \/><\/a><br \/>\n^ Bergstation Sektion 2<\/p>\n<p><img src=http:\/\/extra.inmontanis.info\/d\/10886-2\/DSC00174.jpg \/><br \/>\n^ Sektion 2<\/p>\n<p><img src=http:\/\/extra.inmontanis.info\/d\/10890-2\/DSC00194.jpg \/><br \/>\n^ Bergstation Sektion 1 \/ Talstation Sektion 2, Molkenkur<\/p>\n<p><a href='http:\/\/extra.inmontanis.info\/d\/10894-2\/DSC00198.jpg'><img src=http:\/\/extra.inmontanis.info\/d\/10892-3\/DSC00198.jpg \/><\/a><br \/>\n^ Sektion 1<\/p>\n<p><a href='http:\/\/extra.inmontanis.info\/d\/10898-2\/DSC00207.jpg'><img src=http:\/\/extra.inmontanis.info\/d\/10896-3\/DSC00207.jpg \/><\/a><br \/>\n^ Wagen Sektion 1<\/p>\n<p><a href='http:\/\/extra.inmontanis.info\/d\/10902-2\/DSC00213.jpg'><img src=http:\/\/extra.inmontanis.info\/d\/10900-3\/DSC00213.jpg \/><\/a><br \/>\n^ Station Schloss Sektion 1<\/p>\n<p><a href='http:\/\/extra.inmontanis.info\/d\/10906-2\/DSC00225.jpg'><img src=http:\/\/extra.inmontanis.info\/d\/10904-3\/DSC00225.jpg \/><\/a><br \/>\n^ Tafeln an der Talstation<\/p>\n<p>Fazit: Ein Besuch wert!<\/p>\n<p>N\u00e4chster Halt: Nerobergbahn Wiesbaden. Anfahrt war relativ unproblematisch, ein paar kostenlose Parkpl\u00e4tze sind direkt an der Talstation.<\/p>\n<p>Prinzipiell ja eine sch\u00f6ne und alte Bahn, Standseilbahn mit Zahnstange und Wasserbalast. Aber wof\u00fcr braucht&#8217;s das Zahnrad?<\/p>\n<p>Panoramam\u00e4\u00dfig oben relativ schwach, am Gipfel sieht man quasi nix, B\u00e4ume rund herum, etwas unterhalb gibt&#8217;s eine Terrasse, wo man wenigstens etwas Aussicht hat, der &#8220;Park&#8221; machte f\u00fcr mich einen sehr ungepflegten Eindruck.<\/p>\n<p><img src=http:\/\/extra.inmontanis.info\/d\/10916-2\/DSC00237.jpg \/><br \/>\n^ Talstation und Br\u00fccke<\/p>\n<p><a href='http:\/\/extra.inmontanis.info\/d\/10920-2\/DSC00238.jpg'><img src=http:\/\/extra.inmontanis.info\/d\/10918-3\/DSC00238.jpg \/><\/a><br \/>\n^ Techn. Daten<\/p>\n<p><a href='http:\/\/extra.inmontanis.info\/d\/10924-2\/DSC00240.jpg'><img src=http:\/\/extra.inmontanis.info\/d\/10922-3\/DSC00240.jpg \/><\/a><br \/>\n^ Talstation<\/p>\n<p><a href='http:\/\/extra.inmontanis.info\/d\/10928-2\/DSC00242.jpg'><img src=http:\/\/extra.inmontanis.info\/d\/10926-3\/DSC00242.jpg \/><\/a><br \/>\n^ Br\u00fccke und Strecke<\/p>\n<p><a href='http:\/\/extra.inmontanis.info\/d\/10932-2\/DSC00243.jpg'><img src=http:\/\/extra.inmontanis.info\/d\/10930-3\/DSC00243.jpg \/><\/a><br \/>\n^ Gleise<\/p>\n<p><img src=http:\/\/extra.inmontanis.info\/d\/10936-2\/DSC00249.jpg \/><br \/>\n^ Tal-Wagen, der den Berg-Wagen raufzieht, weil Wasserbalast. Aber wof\u00fcr braucht man das Zahnrad?<\/p>\n<p><a href='http:\/\/extra.inmontanis.info\/d\/10940-2\/DSC00252.jpg'><img src=http:\/\/extra.inmontanis.info\/d\/10938-3\/DSC00252.jpg \/><\/a><br \/>\n^ Bergstation<\/p>\n<p><a href='http:\/\/extra.inmontanis.info\/d\/10944-2\/DSC00254.jpg'><img src=http:\/\/extra.inmontanis.info\/d\/10942-3\/DSC00254.jpg \/><\/a><br \/>\n^ Bergstation<\/p>\n<p><a href='http:\/\/extra.inmontanis.info\/d\/10948-2\/DSC00256.jpg'><img src=http:\/\/extra.inmontanis.info\/d\/10946-3\/DSC00256.jpg \/><\/a><br \/>\n^ Der Wagen wird mit Wasser betankt<\/p>\n<p><a href='http:\/\/extra.inmontanis.info\/d\/10952-2\/DSC00257.jpg'><img src=http:\/\/extra.inmontanis.info\/d\/10950-3\/DSC00257.jpg \/><\/a><br \/>\n^ Bergstation, Wagen und Strecke<\/p>\n<p><a href='http:\/\/extra.inmontanis.info\/d\/10956-2\/DSC00304.jpg'><img src=http:\/\/extra.inmontanis.info\/d\/10954-3\/DSC00304.jpg \/><\/a><br \/>\n^ Gipfel-Plan<\/p>\n<p><a href='http:\/\/extra.inmontanis.info\/d\/10960-2\/DSC00260.jpg'><img src=http:\/\/extra.inmontanis.info\/d\/10958-3\/DSC00260.jpg \/><\/a><br \/>\n^ Gipfel-Turm, scheint aber kein Aussichtsturm zu sein.<\/p>\n<p><a href='http:\/\/extra.inmontanis.info\/d\/10964-2\/DSC00261.jpg'><img src=http:\/\/extra.inmontanis.info\/d\/10962-3\/DSC00261.jpg \/><\/a><br \/>\n^ Das ist die einzige Stelle am Gipfel, wo man eine Aussicht hat.<\/p>\n<p><a href='http:\/\/extra.inmontanis.info\/d\/10968-2\/DSC00269.jpg'><img src=http:\/\/extra.inmontanis.info\/d\/10966-3\/DSC00269.jpg \/><\/a><br \/>\n^ Rechts w\u00e4re die Bergstation der SSB, geradeaus vorne ist eine kleine Aussichtsterrasse &#8211; prinzipiell alles etwas ungepflegt und verwuchert hier oben.<\/p>\n<p><img src=http:\/\/extra.inmontanis.info\/d\/10972-2\/DSC00275.jpg \/><br \/>\n^ Pano von der Terrasse<\/p>\n<p><img src=http:\/\/extra.inmontanis.info\/d\/10976-2\/DSC08346.jpg \/><br \/>\n^ IR-Pano<\/p>\n<p><img src=http:\/\/extra.inmontanis.info\/d\/10980-2\/DSC08347.jpg \/><br \/>\n^ IR-Pano<\/p>\n<p><img src=http:\/\/extra.inmontanis.info\/d\/10984-2\/DSC00279.jpg \/><br \/>\n^ Leichtes Zoom-Pano \u00fcbers Flachlad<\/p>\n<p><img src=http:\/\/extra.inmontanis.info\/d\/10988-2\/DSC08357.jpg \/><br \/>\n^ Zoom-Pano zum Horizont<\/p>\n<p><img src=http:\/\/extra.inmontanis.info\/d\/10992-2\/DSC08359.jpg \/><br \/>\n^ Kirchzoom. Die rechte Uhr stimmt ;-)<\/p>\n<p><a href='http:\/\/extra.inmontanis.info\/d\/10996-2\/DSC00280.jpg'><img src=http:\/\/extra.inmontanis.info\/d\/10994-3\/DSC00280.jpg \/><\/a><br \/>\n^ Bergstation, wie gesagt, alles etwas zugewachsen, verwildert hier oben meiner Meinung nach.<\/p>\n<p><a href='http:\/\/extra.inmontanis.info\/d\/11000-2\/DSC00282.jpg'><img src=http:\/\/extra.inmontanis.info\/d\/10998-3\/DSC00282.jpg \/><\/a><br \/>\n^ Strecke<\/p>\n<p><a href='http:\/\/extra.inmontanis.info\/d\/11004-2\/DSC00287.jpg'><img src=http:\/\/extra.inmontanis.info\/d\/11002-3\/DSC00287.jpg \/><\/a><br \/>\n^ Strecke<\/p>\n<p><a href='http:\/\/extra.inmontanis.info\/d\/11008-2\/DSC00292.jpg'><img src=http:\/\/extra.inmontanis.info\/d\/11006-3\/DSC00292.jpg \/><\/a><br \/>\n^ Talstation<\/p>\n<p><a href='http:\/\/extra.inmontanis.info\/d\/11012-2\/DSC00297.jpg'><img src=http:\/\/extra.inmontanis.info\/d\/11010-3\/DSC00297.jpg \/><\/a><br \/>\n^ Hier wird das Wasser wieder abgelassen und nach oben gepumpt.<\/p>\n<p><a href='http:\/\/extra.inmontanis.info\/d\/11016-2\/DSC00299.jpg'><img src=http:\/\/extra.inmontanis.info\/d\/11014-3\/DSC00299.jpg \/><\/a><br \/>\n^ Talstation<\/p>\n<p><a href='http:\/\/extra.inmontanis.info\/d\/11020-2\/DSC00306.jpg'><img src=http:\/\/extra.inmontanis.info\/d\/11018-3\/DSC00306.jpg \/><\/a><br \/>\n^ Kleines Museum an der Talstation<\/p>\n<p><a href='http:\/\/extra.inmontanis.info\/d\/11024-2\/DSC00310.jpg'><img src=http:\/\/extra.inmontanis.info\/d\/11022-3\/DSC00310.jpg \/><\/a><br \/>\n^ Zeittafel<\/p>\n<p><a href='http:\/\/extra.inmontanis.info\/d\/11028-2\/DSC00319.jpg'><img src=http:\/\/extra.inmontanis.info\/d\/11026-3\/DSC00319.jpg \/><\/a><br \/>\n^ Japanischer Bericht<\/p>\n<p><a href='http:\/\/extra.inmontanis.info\/d\/11032-2\/DSC00321.jpg'><img src=http:\/\/extra.inmontanis.info\/d\/11030-3\/DSC00321.jpg \/><\/a><br \/>\n^ Alte Fotos und .. interessantes Schild.<\/p>\n<p><img src=http:\/\/extra.inmontanis.info\/d\/11036-2\/DSC00332.jpg \/><br \/>\n^ Wagen auf der Br\u00fccke<\/p>\n<p>Der Tag war aber ja noch nicht vorbei, ich wollte noch ein wenig Skifahren &#8230;<\/p>\n<p>&#8230; im Alpincenter in Bottrop. Sommeraktion 19-23 Uhr inkl. All-you-can-eat, knapp 20,- \u20ac. <\/p>\n<p>Kurz nach 19 Uhr war ich dort, ohne Verleihausr\u00fcstung war&#8217;s sogar noch etwas g\u00fcnstiger, 17,90 \u20ac. F\u00fcr 4 Stunden Skifahren und Essen und Trinken so oft und viel man will. Ok, das Essen war jetzt nicht gourmetf\u00e4hig, aber wenn man seit dem Fr\u00fchst\u00fcck im McDonalds nichts mehr gegessen hat, freut man sich \u00fcber vieles :) Es gab immerhin mehrere verschiedene Speisen und 2 von den kleinen Tellern hab ich schon verdr\u00fcckt. Auch vom Dessert hab ich 2 Teller verspeist.<\/p>\n<p>Schneem\u00e4\u00dfig wars teilweise etwas grenzwertig, oben im Anf\u00e4ngerberich doch sehr eisig, unten war der Schnee fast etwas stumpf. Von der L\u00e4nge und Variation her gefiel mir die Abfahrt ganz gut, das raufgehen zum F\u00f6rderband unten ist allerdings etwas nervig. Irgendwann hab ich die Skier dann ausgezogen und bin das kurze St\u00fcck zu Fu\u00df rauf, war doch wesentlich angenehmer und es hat mich gar nicht mehr gest\u00f6rt, an Gondelbahnen muss man manchmal mehr laufen.<\/p>\n<p>Das F\u00f6rderband ist relativ z\u00fcgig und bequem zu fahren, h\u00e4tte ich nicht gedacht. Der Tunnel allerdings ist etwas .. naja. <\/p>\n<p>Am nervigsten fand ich aber die Zwangsbeschallung im F\u00f6rderbandtunnel &#8211; zu mind. 3\/4 mit tiroler\/\u00f6sterreicher\/bayrischer Volksmusik. Ufz.<\/p>\n<p>Um nochmal auf den Schnee zur\u00fcck zu kommen &#8211; ich fand, er hatte mehr \u00c4hnlichkeit mit Snowflex-Matten oder Sand als mit Schnee in richtigen Skigebieten, nach einiger Eingew\u00f6hnung fuhr er sich aber ganz gut und im &#8220;Steilhang&#8221; konnte ich einige nette Kurzschw\u00fcnge machen. <\/p>\n<p>Ebenfalls positiv fand ich, dass man &#8211; im Gegensatz zu Neuss &#8211; die Halle nicht auf &#8220;Alpen-Romantik&#8221; getrimmt hat, sondern eher auf das, was es ist, eine Sporthalle im Industriegebiet. Abgesehen von den (neueren?) Anbauten am Eingang, die passen so gar nicht ins Bild. Wobei es hier und da etwas den Anschein hatte, als ob hier ein Investor eine Idee hatte &#8220;ich hab nicht viel Geld, aber lass uns mal eine Skihalle aufstellen&#8221; und bei der Ausschreibung den g\u00fcnstigsten Bieter nahm, der aber ebenfalls keine Ahnung hatte, wie man das macht&#8230;.<\/p>\n<p><a href='http:\/\/ski.inmontanis.info\/d\/136165-2\/DSC00341.jpg'><img src=http:\/\/ski.inmontanis.info\/d\/136163-3\/DSC00341.jpg \/><\/a><br \/>\n^ Eingang<\/p>\n<p><a href='http:\/\/ski.inmontanis.info\/d\/136169-2\/DSC08363.jpg'><img src=http:\/\/ski.inmontanis.info\/d\/136168-3\/DSC08363.jpg \/><\/a><br \/>\n^ IR-Pano<\/p>\n<p><a href='http:\/\/ski.inmontanis.info\/d\/136173-2\/DSC00342.jpg'><img src=http:\/\/ski.inmontanis.info\/d\/136172-3\/DSC00342.jpg \/><\/a><br \/>\n^ Zugang zur Piste, St\u00f6cke sind zur freien Entnahme, selbst wenn man seine eigenen Skier mitbringt..<\/p>\n<p><img src=http:\/\/ski.inmontanis.info\/d\/136177-3\/DSC00343.jpg \/><br \/>\n^ Oberer Pistenteil, Anf\u00e4ngerhang mit Seillift, aber auch der eisigste.<\/p>\n<p><img src=http:\/\/ski.inmontanis.info\/d\/136181-2\/DSC00344.jpg \/><br \/>\n^ Am Zugang zur Piste, danach folgt ein steilerer Hang<\/p>\n<p><img src=http:\/\/ski.inmontanis.info\/d\/136185-2\/DSC00347.jpg \/><br \/>\n^ Mittlerer Teil der Abfahrt<\/p>\n<p><img src=http:\/\/ski.inmontanis.info\/d\/136189-2\/DSC00348.jpg \/><br \/>\n^ Kurve und unterer Teil der Abfahrt. Beleuchtung ist ziemlich gr\u00fcn, wobei ich mir irgendwann nicht mehr sicher war, ob der Schnee nicht auch schon gr\u00fcn war :)<\/p>\n<p><a href='http:\/\/ski.inmontanis.info\/d\/136193-2\/DSC00349.jpg'><img src=http:\/\/ski.inmontanis.info\/d\/136192-3\/DSC00349.jpg \/><\/a><br \/>\n^ Leider muss man am Ende der Abfahrt aufsteigen.. hier gab&#8217;s komischerweise den besten Schnee, fast richtiger Pulver.<\/p>\n<p><a href='http:\/\/ski.inmontanis.info\/d\/136197-2\/DSC00351.jpg'><img src=http:\/\/ski.inmontanis.info\/d\/136196-3\/DSC00351.jpg \/><\/a><br \/>\n^ Einstieg zu den beiden F\u00f6rderb\u00e4ndern<\/p>\n<p><a href='http:\/\/ski.inmontanis.info\/d\/136201-2\/DSC00353.jpg'><img src=http:\/\/ski.inmontanis.info\/d\/136200-3\/DSC00353.jpg \/><\/a><br \/>\n^ Auf dem F\u00f6rderband<\/p>\n<p><a href='http:\/\/ski.inmontanis.info\/d\/136205-2\/DSC00373.jpg'><img src=http:\/\/ski.inmontanis.info\/d\/136204-3\/DSC00373.jpg \/><\/a><br \/>\n^ Die Leut sind sooo bl\u00f6d&#8230; was muss man mit den Skistecken da oben rumstochern? Absolut ekelhaft schaut das aus. Und stinken tut&#8217;s auch nach Schimmel.<\/p>\n<p><a href='http:\/\/ski.inmontanis.info\/d\/136209-2\/DSC00356.jpg'><img src=http:\/\/ski.inmontanis.info\/d\/136208-3\/DSC00356.jpg \/><\/a><br \/>\n^ Ausstieg.<\/p>\n<p><img src=http:\/\/ski.inmontanis.info\/d\/136213-2\/DSC00357.jpg \/><br \/>\n^ Ausstieg.<\/p>\n<p><img src=http:\/\/ski.inmontanis.info\/d\/136217-2\/DSC00358.jpg \/><br \/>\n^ \u00dcbergang vom F\u00f6rderband zur Skihalle. Italo-Trash-Style meets Hintertuxer-Gletscher-Sommer ;)<\/p>\n<p><a href='http:\/\/ski.inmontanis.info\/d\/136242-2\/DSC00368.jpg'><img src=http:\/\/ski.inmontanis.info\/d\/136241-3\/DSC00368.jpg \/><\/a><br \/>\n^ Halle. Zweckm\u00e4\u00dfig und dankenswerterweise keine \u00fcbertriebene Pseudo-Alpen-Romantik wie in Neuss.<\/p>\n<p><a href='http:\/\/ski.inmontanis.info\/d\/136222-2\/DSC00370.jpg'><img src=http:\/\/ski.inmontanis.info\/d\/136221-3\/DSC00370.jpg \/><\/a><br \/>\n^ Essen vom Buffet. Geschmacklich jetzt nicht weltbewegend, aber All-Inklusive und satt macht&#8217;s auch, 2x hab ich so einen Teller verdr\u00fcckt ;)<\/p>\n<p><a href='http:\/\/ski.inmontanis.info\/d\/136226-2\/DSC00371.jpg'><img src=http:\/\/ski.inmontanis.info\/d\/136225-3\/DSC00371.jpg \/><\/a><br \/>\n^ Wobei die Puddings und Joghurts und Cremes von der Nachspeise waren wirklich gut. Auch hier hab ich mir 2 Teller geholt. <\/p>\n<p>(Also, genauer gesagt: ich hab vorm Skifahren jeweils einen Teller gegessen und nach ca. 1 Stunde bin ich nochmal rein und hab nochmal jeweils einen Teller gegessen)<\/p>\n<p><a href='http:\/\/ski.inmontanis.info\/d\/136230-2\/DSC00375.jpg'><img src=http:\/\/ski.inmontanis.info\/d\/136229-3\/DSC00375.jpg \/><\/a><br \/>\n^ Skipass am Handgelenk. Im Gegegensatz zu manchen Skigebieten muss man hier aber nicht aufpassen &#8211; das Ding ist so reissfest, dass ich&#8217;s beinahe nicht runterbekam!<\/p>\n<p><img src=http:\/\/ski.inmontanis.info\/d\/136234-2\/DSC00378.jpg \/><br \/>\n^ Nacht-Pano (ISO 1600, f\/3.5, 1\/4s, freihand)<\/p>\n<p><img src=http:\/\/ski.inmontanis.info\/d\/136238-2\/DSC00381.jpg \/><br \/>\n^ Nacht-Pano (ISO 2000, f\/2.0, 1\/30s)<\/p>\n<p>Mittlerweile war es nach 23 Uhr, und mein urspr\u00fcnglicher Plan, hier oben zu \u00fcberachten, schlug fehl, da der Parkplatz nachts wohl gern besucht wird&#8230;<\/p>\n<p>&#8230; also zur Autobahn und auf einem Rastplatz \u00fcbernachten. Kurz vor der Autobahnauffahrt entdeckte ich einen Parkplatz an der Kreuzung, keine 5 Autos standen dort, ein paar B\u00e4ume verdeckten die Sicht, machte mir in Summe doch einen brauchbaren Eindruck, und ich fahr ja morgen wieder relativ fr\u00fch, also sollte kein Problem sein. Nun, am n\u00e4chsten Tag war ich doch etwas \u00fcberrascht&#8230;..<\/p>\n<p>(am n\u00e4chsten Tag war ich ja in Landgraaf Skifahren, und nachdem ich nun in Neuss, Landgraaf und Bottrop war, hat mir Bottrop doch am Besten gefallen.)<\/p>\n<p>.. und noch die Videos:<\/p>\n<p>SSB Stuttgart:<br \/>\n<object style=\"height: 500px; width: 900px\"><param name=\"movie\" value=\"http:\/\/www.youtube.com\/v\/0F4oKVb2ve8\"><\/param><param name=\"wmode\" value=\"transparent\"><\/param><embed src=\"http:\/\/www.youtube.com\/v\/0F4oKVb2ve8\" type=\"application\/x-shockwave-flash\" wmode=\"transparent\"  width=\"900\" height=\"480\"><\/embed><\/object><\/p>\n<p>SSB Heidelberg:<br \/>\n<object style=\"height: 500px; width: 900px\"><param name=\"movie\" value=\"http:\/\/www.youtube.com\/v\/vcBTVLUaLV0\"><\/param><param name=\"wmode\" value=\"transparent\"><\/param><embed src=\"http:\/\/www.youtube.com\/v\/vcBTVLUaLV0\" type=\"application\/x-shockwave-flash\" wmode=\"transparent\"  width=\"900\" height=\"480\"><\/embed><\/object><\/p>\n<p>SSB Wiesbaden:<br \/>\n<object style=\"height: 500px; width: 900px\"><param name=\"movie\" value=\"http:\/\/www.youtube.com\/v\/GPOkfzM_87U\"><\/param><param name=\"wmode\" value=\"transparent\"><\/param><embed src=\"http:\/\/www.youtube.com\/v\/GPOkfzM_87U\" type=\"application\/x-shockwave-flash\" wmode=\"transparent\"  width=\"900\" height=\"480\"><\/embed><\/object><\/p>\n<p>Sommerski Bottrop:<br \/>\n<object style=\"height: 500px; width: 900px\"><param name=\"movie\" value=\"http:\/\/www.youtube.com\/v\/xYW4N-w2su8\"><\/param><param name=\"wmode\" value=\"transparent\"><\/param><embed src=\"http:\/\/www.youtube.com\/v\/xYW4N-w2su8\" type=\"application\/x-shockwave-flash\" wmode=\"transparent\"  width=\"900\" height=\"480\"><\/embed><\/object><\/p>\n","protected":false},"excerpt":{"rendered":"<p>Grenzgebiete 4. Tag, Di, 30.8.2011 &#8211; Stuttgart, Heidelberg, Neroberg, Alpincenter<\/p>\n<p>Obwohl ich etwas w\u00e4rmer angezogen war und ein paar hundert H\u00f6henmeter tiefer schlief und weniger Wind war &#8211; die Nacht war wieder zu kalt. Hab&#8217;s aber doch 7 Std. im Bett ausgehalten und bin um 6 Uhr aufgestanden. Jedenfalls hatte ich somit gen\u00fcgend Zeit, da <a href=\"http:\/\/blog.inmontanis.info\/?p=1744\">[&#8230;]<\/a><\/p>\n","protected":false},"author":1,"featured_media":0,"comment_status":"open","ping_status":"closed","sticky":false,"template":"","format":"standard","meta":{"footnotes":""},"categories":[101,258,12,59,34],"tags":[90,46,40,41],"class_list":["post-1744","post","type-post","status-publish","format-standard","hentry","category-201109-grenzgebiete","category-bottrop","category-germany","category-nostalgie","category-skifahren-hallenskiing-indoor","tag-infrarot","tag-ssb","tag-strasenbahn","tag-zahnradbahn","odd"],"_links":{"self":[{"href":"http:\/\/blog.inmontanis.info\/index.php?rest_route=\/wp\/v2\/posts\/1744","targetHints":{"allow":["GET"]}}],"collection":[{"href":"http:\/\/blog.inmontanis.info\/index.php?rest_route=\/wp\/v2\/posts"}],"about":[{"href":"http:\/\/blog.inmontanis.info\/index.php?rest_route=\/wp\/v2\/types\/post"}],"author":[{"embeddable":true,"href":"http:\/\/blog.inmontanis.info\/index.php?rest_route=\/wp\/v2\/users\/1"}],"replies":[{"embeddable":true,"href":"http:\/\/blog.inmontanis.info\/index.php?rest_route=%2Fwp%2Fv2%2Fcomments&post=1744"}],"version-history":[{"count":6,"href":"http:\/\/blog.inmontanis.info\/index.php?rest_route=\/wp\/v2\/posts\/1744\/revisions"}],"predecessor-version":[{"id":1759,"href":"http:\/\/blog.inmontanis.info\/index.php?rest_route=\/wp\/v2\/posts\/1744\/revisions\/1759"}],"wp:attachment":[{"href":"http:\/\/blog.inmontanis.info\/index.php?rest_route=%2Fwp%2Fv2%2Fmedia&parent=1744"}],"wp:term":[{"taxonomy":"category","embeddable":true,"href":"http:\/\/blog.inmontanis.info\/index.php?rest_route=%2Fwp%2Fv2%2Fcategories&post=1744"},{"taxonomy":"post_tag","embeddable":true,"href":"http:\/\/blog.inmontanis.info\/index.php?rest_route=%2Fwp%2Fv2%2Ftags&post=1744"}],"curies":[{"name":"wp","href":"https:\/\/api.w.org\/{rel}","templated":true}]}}