{"id":1740,"date":"2011-08-29T22:00:16","date_gmt":"2011-08-29T20:00:16","guid":{"rendered":"http:\/\/blog.inmontanis.info\/?p=1740"},"modified":"2011-11-06T22:52:27","modified_gmt":"2011-11-06T21:52:27","slug":"chasseral-schauinsland-ruhestein-29-8-2011","status":"publish","type":"post","link":"http:\/\/blog.inmontanis.info\/?p=1740","title":{"rendered":"Chasseral, Schauinsland, Ruhestein, 29.8.2011"},"content":{"rendered":"<p><strong>Grenzgebiete 3. Tag, Mo, 29.8.2011<\/strong><\/p>\n<p>Da ich noch viel vor hatte &#8211; und nat\u00fcrlich es nicht verpassen wollte &#8211; hab ich mich zum Sonnenaufgang wecken lassen. War zwar etwas bew\u00f6lkt, aber immerhin teilweise ganz guter Blick in die Alpen.<!--more--><\/p>\n<p>Die Nacht verlief recht st\u00fcrmisch und zu k\u00fchl. Wobei, w\u00e4hrend F\u00fc\u00dfe und Arme\/Schultern eher zu kalt waren, war&#8217;s mir im Schritt zu warm &#8230;.<\/p>\n<p><em>Fotos anklicken zum Vergr\u00f6\u00dfern, soweit nicht vergr\u00f6\u00dfert gepostet:<\/em><\/p>\n<p><img src=http:\/\/extra.inmontanis.info\/d\/10602-2\/ge20110829.jpg \/><br \/>\n^ Fahrstrecke und Orte 29.8.2011<\/p>\n<p><a href='http:\/\/extra.inmontanis.info\/d\/10606-2\/DSC09678.jpg'><img src=http:\/\/extra.inmontanis.info\/d\/10604-3\/DSC09678.jpg \/><\/a><br \/>\n^ Sonnenaufgang am Chasseral (6:42 Uhr)<\/p>\n<p><img src=http:\/\/extra.inmontanis.info\/d\/10610-2\/DSC09686.jpg \/><br \/>\n^ Sonnenaufgang am Chasseral (6:44 Uhr)<\/p>\n<p><img src=http:\/\/extra.inmontanis.info\/d\/10614-2\/DSC09688.jpg \/><br \/>\n^ S\u00fcd-Ost-Pano am Chasseral<\/p>\n<p><img src=http:\/\/extra.inmontanis.info\/d\/10618-2\/DSC09690.jpg \/><br \/>\n^ S\u00fcd-West-Pano am Chasseral<\/p>\n<p><img src=http:\/\/extra.inmontanis.info\/d\/10622-2\/DSC09692.jpg \/><br \/>\n^ West-Pano Chasseral<\/p>\n<p><img src=http:\/\/extra.inmontanis.info\/d\/10626-2\/DSC09694.jpg \/><br \/>\n^ Nord-West-Pano Chasseral<\/p>\n<p><img src=http:\/\/extra.inmontanis.info\/d\/10630-2\/DSC09698.jpg \/><br \/>\n^ Parkplatz und Hotel<\/p>\n<p><a href='http:\/\/extra.inmontanis.info\/d\/10634-2\/DSC08269.jpg'><img src=http:\/\/extra.inmontanis.info\/d\/10632-3\/DSC08269.jpg \/><\/a><br \/>\n^ Lac de Neuch\u00e2tel, Sicht in die Alpen selbst mit IR nur sehr eingeschr\u00e4nkt m\u00f6glich.<\/p>\n<p><a href='http:\/\/extra.inmontanis.info\/d\/10638-2\/DSC08270.jpg'><img src=http:\/\/extra.inmontanis.info\/d\/10636-3\/DSC08270.jpg \/><\/a><br \/>\n^ Nord-West-Pano, da sind ein paar Berge zu sehen, wird wohl die Grenze zu Frankreich sein<\/p>\n<p><a href='http:\/\/extra.inmontanis.info\/d\/10642-2\/DSC08272.jpg'><img src=http:\/\/extra.inmontanis.info\/d\/10640-3\/DSC08272.jpg \/><\/a><br \/>\n^ West-Pano (IR)<\/p>\n<p><img src=http:\/\/extra.inmontanis.info\/d\/10646-2\/DSC08275.jpg \/><br \/>\n^ S\u00fcd-Ost-Pano (IR) in die Alpen. Im rechten Drittel, die Doppelspitze, das ist links das Matterhorn.<\/p>\n<p><img src=http:\/\/extra.inmontanis.info\/d\/10650-2\/DSC09680_001.jpg \/><br \/>\n^ S\u00fcd-Ost-Pano in die Alpen (z.B. Eiger-M\u00f6nch-Jungfrau, in Bildmitte)<\/p>\n<p><img src=http:\/\/extra.inmontanis.info\/d\/10654-2\/DSC08278.jpg \/><br \/>\n^ Infrarot geht&#8217;s etwas besser: S\u00fcd-Ost-Pano in die Alpen (z.B. Eiger-M\u00f6nch-Jungfrau, in Bildmitte)<\/p>\n<p><img src=http:\/\/extra.inmontanis.info\/d\/10658-2\/DSC09709.jpg \/><br \/>\n^ Chasseral Sendeanlage und Hotel<\/p>\n<p>Erstes Ziel heute: Schauinslandbahn. Da der TMC gleich haufenweise Staus richtung Basel im Programm hatte, bin ich den diagonalen Landweg gefahren (vmtl. eh k\u00fcrzer). Somit kam ich leider nicht mehr an einer Rastst\u00e4tte in der Schweiz vorbei &#8211; die direkt an der Grenze war leider schon in DE &#8211; und auf 70 Cent f\u00fcr 1x Klo gehen hatte ich keine Lust, muss es eben bis zur Schauinslandbahn warten &#8230;<\/p>\n<p>Gegen 10 Uhr war ich an der Schauinslandbahn, Hin &#038; Retour kostet 12,-. Schon imposantes Teil, wenn auch die Kabinen nur noch halb so gro\u00df wie fr\u00fcher sind (Fr\u00fcher ca. 10-20 Kabinen \u00e0 23 Personen, heute ca. 37 Kabinen \u00e0 11 Personen (7 Sitzpl\u00e4tze)).<\/p>\n<p>Oben zum Aussichtsturm am Gipfel raufgegangen, aber Sicht war heute leider nicht so toll &#8211; kein Blick in die Alpen.<\/p>\n<p>Danach am Restaurant in der Bergstation reingeschaut &#8211; oha, heftige Preise. 0,3l Mineralwasser im Glas um 2,50 und Schnitzel auch so knapp 10,- \u20ac sind eher undeutsche Preise. Hab einen Wurstsalat mit R\u00f6sti gegessen &#8211; ein Teller mit einem riesigen Berg Wurstsalat, garniert mit Salat- und Essigkurken, Zwiebel, Tomaten und Blattsalaten, dazu 3 kleine Fertig-R\u00f6sti. Ordentlich gro\u00dfe Portion f\u00fcr 8,90, hat auch gut geschmeckt.<\/p>\n<p><a href='http:\/\/ski.inmontanis.info\/d\/135751-2\/DSC09856.jpg'><img src=http:\/\/ski.inmontanis.info\/d\/135749-3\/DSC09856.jpg \/><\/a><br \/>\n^ Talstation. Schwierig im Gesamten zu fotografieren.<\/p>\n<p><a href='http:\/\/ski.inmontanis.info\/d\/135755-2\/DSC09853.jpg'><img src=http:\/\/ski.inmontanis.info\/d\/135754-3\/DSC09853.jpg \/><\/a><br \/>\n^ Pistenplan<\/p>\n<p><a href='http:\/\/ski.inmontanis.info\/d\/135759-2\/DSC09722.jpg'><img src=http:\/\/ski.inmontanis.info\/d\/135758-3\/DSC09722.jpg \/><\/a><br \/>\n^ Modellbahn in der Talstation. F\u00e4hrt aber nicht im Umlauf, sondern im Pendelbetrieb.<\/p>\n<p><a href='http:\/\/ski.inmontanis.info\/d\/135763-2\/DSC09723.jpg'><img src=http:\/\/ski.inmontanis.info\/d\/135762-3\/DSC09723.jpg \/><\/a><br \/>\n^ Talstation<\/p>\n<p><a href='http:\/\/ski.inmontanis.info\/d\/135767-2\/DSC09724.jpg'><img src=http:\/\/ski.inmontanis.info\/d\/135766-3\/DSC09724.jpg \/><\/a><br \/>\n^ Tafel<\/p>\n<p><img src=http:\/\/ski.inmontanis.info\/d\/135771-2\/DSC09725.jpg \/><br \/>\n^ Talstation<\/p>\n<p><a href='http:\/\/ski.inmontanis.info\/d\/135775-2\/DSC09730.jpg'><img src=http:\/\/ski.inmontanis.info\/d\/135774-3\/DSC09730.jpg \/><\/a><br \/>\n^ Talstation<\/p>\n<p><a href='http:\/\/ski.inmontanis.info\/d\/135779-2\/DSC09740.jpg'><img src=http:\/\/ski.inmontanis.info\/d\/135778-3\/DSC09740.jpg \/><\/a><br \/>\n^ Kabine f\u00fcr 11 Personen (davon 7 Sitzpl\u00e4tze, auf der Seite wo ich stehe ist ein Klappsitz), die alten Kabinen vor 1987 hatten 23-25 Personen, mind. 10 St\u00fcck, mit Personal.<\/p>\n<p><a href='http:\/\/ski.inmontanis.info\/d\/135783-2\/DSC09752.jpg'><img src=http:\/\/ski.inmontanis.info\/d\/135782-3\/DSC09752.jpg \/><\/a><br \/>\n^ Zwischenspannstation und Kabine<\/p>\n<p><a href='http:\/\/ski.inmontanis.info\/d\/135787-2\/DSC09754.jpg'><img src=http:\/\/ski.inmontanis.info\/d\/135786-3\/DSC09754.jpg \/><\/a><br \/>\n^ Strecke oberer Teil und St\u00fctze 6<\/p>\n<p><img src=http:\/\/ski.inmontanis.info\/d\/135791-2\/DSC09756.jpg \/><br \/>\n^ St\u00fctze 6, wie man sch\u00f6n sieht, ist die Schauinslandbahn eine 3S-Bahn: 1 Tragseil, 2 Zugseile<\/p>\n<p><a href='http:\/\/ski.inmontanis.info\/d\/135876-2\/DSC09762.jpg'><img src=http:\/\/ski.inmontanis.info\/d\/135875-3\/DSC09762.jpg \/><\/a><br \/>\n^ Strecke unterer Teil<\/p>\n<p><a href='http:\/\/ski.inmontanis.info\/d\/135796-2\/DSC09765.jpg'><img src=http:\/\/ski.inmontanis.info\/d\/135795-3\/DSC09765.jpg \/><\/a><br \/>\n^ Bergstation<\/p>\n<p><img src=http:\/\/ski.inmontanis.info\/d\/135800-2\/DSC09774.jpg \/><br \/>\n^ Bergstation<\/p>\n<p><a href='http:\/\/ski.inmontanis.info\/d\/135804-2\/DSC09777.jpg'><img src=http:\/\/ski.inmontanis.info\/d\/135803-3\/DSC09777.jpg \/><\/a><br \/>\n^ Riesen-St\u00fctze an der Bergstation. Gibt&#8217;s in Deutschland ja \u00f6fters.<\/p>\n<p><img src=http:\/\/ski.inmontanis.info\/d\/135808-2\/DSC09778.jpg \/><br \/>\n^ H\u00fcbscher Aussichtsturm am Gipfel<\/p>\n<p><img src=http:\/\/ski.inmontanis.info\/d\/135812-2\/DSC09786.jpg \/><br \/>\n^ Pano<\/p>\n<p><img src=http:\/\/ski.inmontanis.info\/d\/135816-2\/DSC08290.jpg \/><br \/>\n^ IR-Pano<\/p>\n<p><img src=http:\/\/ski.inmontanis.info\/d\/135820-3\/DSC09788.jpg \/><br \/>\n^ Pano, im Bereich in Bildmitte sind irgendwie irgendwo die Skilfite verstreut. Hier sollte man bis in die Alpen schauen k\u00f6nnen, heute leider nicht.<\/p>\n<p><img src=http:\/\/ski.inmontanis.info\/d\/135880-2\/DSC09790.jpg \/><br \/>\n^ Pano. Generell leider kaum Fernsicht.<\/p>\n<p><a href='http:\/\/ski.inmontanis.info\/d\/135825-2\/DSC09793.jpg'><img src=http:\/\/ski.inmontanis.info\/d\/135824-3\/DSC09793.jpg \/><\/a><br \/>\n^ Aussichtsturm<\/p>\n<p><img src=http:\/\/ski.inmontanis.info\/d\/135829-2\/DSC09795.jpg \/><br \/>\n^ .. und noch mal der nette Aussichtsturm. Ganz sch\u00f6n lange Baumst\u00e4mme an den 3 Seiten!<\/p>\n<p><img src=http:\/\/ski.inmontanis.info\/d\/135833-2\/DSC09804.jpg \/><br \/>\n^ St\u00fctze \/ Einfahrt Bergstation<\/p>\n<p><a href='http:\/\/ski.inmontanis.info\/d\/135837-2\/DSC09805.jpg'><img src=http:\/\/ski.inmontanis.info\/d\/135836-3\/DSC09805.jpg \/><\/a><br \/>\n^ Bergstation<\/p>\n<p><img src=http:\/\/ski.inmontanis.info\/d\/135841-2\/DSC09809.jpg \/><br \/>\n^ St\u00fctze \/ Ausfahrt Bergstation<\/p>\n<p><a href='http:\/\/ski.inmontanis.info\/d\/135845-2\/DSC09815.jpg'><img src=http:\/\/ski.inmontanis.info\/d\/135844-3\/DSC09815.jpg \/><\/a><br \/>\n^ Das ehemalige Bergwerk hatte auch eine \u00fcber 6,5 km lange Materialseilbahn (links oben, 1899-1954)<\/p>\n<p><img src=http:\/\/ski.inmontanis.info\/d\/135849-2\/DSC09817.jpg \/><br \/>\n^ Bergstation<\/p>\n<p><img src=http:\/\/ski.inmontanis.info\/d\/135884-2\/DSC09821.jpg \/><br \/>\n^ Strecke talw\u00e4rts<\/p>\n<p><a href='http:\/\/ski.inmontanis.info\/d\/135854-2\/DSC09822.jpg'><img src=http:\/\/ski.inmontanis.info\/d\/135853-3\/DSC09822.jpg \/><\/a><br \/>\n^ Laufwerk<\/p>\n<p><a href='http:\/\/ski.inmontanis.info\/d\/135858-2\/DSC09832.jpg'><img src=http:\/\/ski.inmontanis.info\/d\/135857-3\/DSC09832.jpg \/><\/a><br \/>\n^ Zwischenspannstation. Vor dem Umbau 1987\/88 konnte man hier  auch ein &#038; aussteigen. Allerdings, falls hier nicht ausgekuppelt wurde(?), musste die Bahn wohl komplett stehen bleiben?<\/p>\n<p><a href='http:\/\/ski.inmontanis.info\/d\/135888-2\/DSC09836.jpg'><img src=http:\/\/ski.inmontanis.info\/d\/135887-3\/DSC09836.jpg \/><\/a><br \/>\n^ Zwischenspannstation.<\/p>\n<p><a href='http:\/\/ski.inmontanis.info\/d\/135863-2\/DSC09838.jpg'><img src=http:\/\/ski.inmontanis.info\/d\/135862-3\/DSC09838.jpg \/><\/a><br \/>\n^ Zwischenspannstation.<\/p>\n<p><a href='http:\/\/ski.inmontanis.info\/d\/135867-2\/DSC09843.jpg'><img src=http:\/\/ski.inmontanis.info\/d\/135866-3\/DSC09843.jpg \/><\/a><br \/>\n^ Kabine und St\u00fctze 3<\/p>\n<p><img src=http:\/\/ski.inmontanis.info\/d\/135892-2\/DSC09848.jpg \/><br \/>\n^ Talstation<\/p>\n<p>An der Talstation gab&#8217;s ein kleines Museum und dort lief u.a. der Film zum Bau der Schauinslandbahn (1930!). Und das Chronik-Buch um 12,- hab ich mir auch nicht entgehen lassen. Wobei das doch etwas d\u00fcrftig ist, k\u00f6nnte ruhig mehr Text und viel mehr Bilder haben &#8230;<\/p>\n<p><a href='http:\/\/ski.inmontanis.info\/d\/135872-2\/DSC09850.jpg'><img src=http:\/\/ski.inmontanis.info\/d\/135871-3\/DSC09850.jpg \/><\/a><br \/>\n^ In der Talstation gibt&#8217;s ein Museum mit alten Fotos, hier ein Foto mit alter und neuer Kabine.<\/p>\n<p><a href='http:\/\/extra.inmontanis.info\/d\/10662-2\/DSC09862.jpg'><img src=http:\/\/extra.inmontanis.info\/d\/10660-3\/DSC09862.jpg \/><\/a><br \/>\n^ Die Stra\u00dfe samt Stra\u00dfenbahn f\u00fchrt hier mitten durch ein Haus, kurios.<\/p>\n<p>Weiter gings auf die Schwarzwaldhochstra\u00dfe zum ESL Ruhestein. Ufz, h\u00e4tte ich mir vorher nochmal genauer anschauen sollen, das Teil ist ja extrem kurz und hat nur 100 hm &#8211; und oben an der Bergstation ist man auch ziemlich im Nirgendwo, ohne Aussicht usw &#8211; etl. htte man noch zu einem Gipfel gehen k\u00f6nnen, keine Ahnung, stand auch nichts wirklich angeschrieben. Wozu der l\u00e4uft? Die paar Meter kann man dann auch noch zu Fu\u00df gehen &#8230; Bin auch gleich wieder runter. H&#038;R mit 3,- immerhin preislich ok.<\/p>\n<p><img src=http:\/\/ski.inmontanis.info\/d\/135898-2\/DSC09865.jpg \/><br \/>\n^ ESL Ruhestein. Ist das alles? Ja, leider.<\/p>\n<p><a href='http:\/\/ski.inmontanis.info\/d\/135902-2\/DSC09870.jpg'><img src=http:\/\/ski.inmontanis.info\/d\/135901-3\/DSC09870.jpg \/><\/a><br \/>\n^ Im ESL, St\u00fctze 2. Nette Farbgebung an den Sesseln.<\/p>\n<p><a href='http:\/\/ski.inmontanis.info\/d\/135906-2\/DSC08293.jpg'><img src=http:\/\/ski.inmontanis.info\/d\/135905-3\/DSC08293.jpg \/><\/a><br \/>\n^ St\u00fctze 3 in IR<\/p>\n<p><a href='http:\/\/ski.inmontanis.info\/d\/135910-2\/DSC09873.jpg'><img src=http:\/\/ski.inmontanis.info\/d\/135909-3\/DSC09873.jpg \/><\/a><br \/>\n^ Oberer Teil und St\u00fctze 5<\/p>\n<p><a href='http:\/\/ski.inmontanis.info\/d\/135914-2\/DSC09874.jpg'><img src=http:\/\/ski.inmontanis.info\/d\/135913-3\/DSC09874.jpg \/><\/a><br \/>\n^ Bergstation. Wie man sieht ist der Lift im Winter ein SL. Und wie man sieht, ist da oben nur Wald.<\/p>\n<p><a href='http:\/\/ski.inmontanis.info\/d\/135918-2\/DSC09878.jpg'><img src=http:\/\/ski.inmontanis.info\/d\/135917-3\/DSC09878.jpg \/><\/a><br \/>\n^ Bergstation ESL Ruhestein<\/p>\n<p><a href='http:\/\/ski.inmontanis.info\/d\/135991-2\/DSC09882.jpg'><img src=http:\/\/ski.inmontanis.info\/d\/135990-3\/DSC09882.jpg \/><\/a><br \/>\n^ Talfahrt<\/p>\n<p><a href='http:\/\/ski.inmontanis.info\/d\/135923-2\/DSC09884.jpg'><img src=http:\/\/ski.inmontanis.info\/d\/135922-3\/DSC09884.jpg \/><\/a><br \/>\n^ St\u00fctze im Detail<\/p>\n<p><a href='http:\/\/ski.inmontanis.info\/d\/135927-2\/DSC09886.jpg'><img src=http:\/\/ski.inmontanis.info\/d\/135926-3\/DSC09886.jpg \/><\/a><br \/>\n^ Talstation<\/p>\n<p><a href='http:\/\/ski.inmontanis.info\/d\/135931-2\/DSC09890.jpg'><img src=http:\/\/ski.inmontanis.info\/d\/135930-3\/DSC09890.jpg \/><\/a><br \/>\n^ Talstation.<\/p>\n<p><img src=http:\/\/ski.inmontanis.info\/d\/135935-2\/DSC09892.jpg \/><br \/>\n^ ESL Ruhestein, komplett. So kurz, so flach, und oben eh nix, warum der im Sommer l\u00e4uft, ist mir komplett unverst\u00e4ndlich.<\/p>\n<p>Noch kurz in Baiersbronn an der DSB vorbei, aber die ist im Sommer tats\u00e4chlich nur am Sonntag in Betrieb. <\/p>\n<p><a href='http:\/\/ski.inmontanis.info\/d\/135939-2\/DSC09894.jpg'><img src=http:\/\/ski.inmontanis.info\/d\/135938-3\/DSC09894.jpg \/><\/a><br \/>\n^ DSB Baiersbronn, etwas unterhalb der Schwarzwaldhochstra\u00dfe befindlich.<\/p>\n<p><a href='http:\/\/ski.inmontanis.info\/d\/135943-2\/DSC09895.jpg'><img src=http:\/\/ski.inmontanis.info\/d\/135942-3\/DSC09895.jpg \/><\/a><br \/>\n^ Zoom Bergstation DSB Baiersbronn<\/p>\n<p><a href='http:\/\/ski.inmontanis.info\/d\/135947-2\/DSC09896.jpg'><img src=http:\/\/ski.inmontanis.info\/d\/135946-3\/DSC09896.jpg \/><\/a><br \/>\n^ DSB Talstation<\/p>\n<p><img src=http:\/\/ski.inmontanis.info\/d\/135951-2\/DSC09901.jpg \/><br \/>\n^ Strecke DSB Baiersbronn<\/p>\n<p><a href='http:\/\/ski.inmontanis.info\/d\/135955-2\/DSC09902.jpg'><img src=http:\/\/ski.inmontanis.info\/d\/135954-3\/DSC09902.jpg \/><\/a><br \/>\n^ Sessel DSB Baiersbronn. Ungew\u00f6hnlich, aber nicht wirklich sch\u00f6n.<\/p>\n<p>F\u00fcr die SSB in Stuttgart war&#8217;s inzwischen zu sp\u00e4t, also wieder rauf und die Schwarzwaldhochstra\u00dfe gen Baden Baden gefahren. Bzw. etwas kurz vorher wieder runter. <\/p>\n<p>Ja, Schwarzwaldhochstra\u00dfe. H\u00f6rt sich so romantisch an, ein gem\u00fctliches, kurivges Bergstr\u00e4\u00dfchen, vielleicht ein Hauch von Grenzkammstra\u00dfe? Pf, Fehleinsch\u00e4tzung. Gut und breit ausgebaut ist sie, die Stellen, an denen man ins Tal schauen kann, sind auch nicht gerade h\u00e4ufig, die Skilifte, an denen man vorbei f\u00e4hrt .. muss ich mir auch nicht geben. Tankstelle gibt&#8217;s oben kurioserweise aber auch keine, obwohl die Stra\u00dfe im Gesamten gar nicht so kurz ist!<\/p>\n<p><a href='http:\/\/ski.inmontanis.info\/d\/135959-2\/DSC09905.jpg'><img src=http:\/\/ski.inmontanis.info\/d\/135958-3\/DSC09905.jpg \/><\/a><br \/>\n^ Schwarzwaldhochstra\u00dfe und Flachland-Pano.<\/p>\n<p>Bin die erste Rastst\u00e4tte an der Autobahn angefahren, Dusche kostet 3,- &#8211; (WC inklusive, also netterweise das Extra-Geld gespart). Verglichen mit einem Campingplatz ist das echt die pure Luxus-Dusche ;)<\/p>\n<p>Noch zum McDonalds (und nebenan im Real ein paar Getr\u00e4nke gekauft) &#8211; und dann halt die Schwarzwaldhochstra\u00dfe wieder rauf, was soll ich hier im Tal oder gar an der AB \u00fcbenachten, wenn ich auch oben schlafen kann? Eben :) SSB in Stuttgart f\u00e4hrt eh erst ab 9 Uhr, also kann ich da problemlos 1,5h morgen fr\u00fch noch fahren&#8230;.<\/p>\n<p>Haufenweise Franzosen fahren hier rum, dagegen sieht man in Tirol ja direkt wenig Holl\u00e4nder :) Sogar die G\u00e4nge im Real-Markt da vor Baden-Baden sind zweisprachig in Deutsch und Franz\u00f6sisch angeschrieben!! <\/p>\n<p><a href='http:\/\/ski.inmontanis.info\/d\/135963-2\/DSC09910.jpg'><img src=http:\/\/ski.inmontanis.info\/d\/135962-3\/DSC09910.jpg \/><\/a><br \/>\n^ Pano<\/p>\n<p><a href='http:\/\/ski.inmontanis.info\/d\/135967-2\/DSC09917.jpg'><img src=http:\/\/ski.inmontanis.info\/d\/135966-3\/DSC09917.jpg \/><\/a><br \/>\n^ Pano an der Schwarzwaldhochstra\u00dfe<\/p>\n<p><a href='http:\/\/ski.inmontanis.info\/d\/135971-2\/DSC08298.jpg'><img src=http:\/\/ski.inmontanis.info\/d\/135970-3\/DSC08298.jpg \/><\/a><br \/>\n^ .. und in IR<\/p>\n<p><img src=http:\/\/ski.inmontanis.info\/d\/135975-2\/DSC09925.jpg \/><br \/>\n^ Sonnenuntergang<\/p>\n<p><img src=http:\/\/ski.inmontanis.info\/d\/135979-2\/DSC09935.jpg \/><br \/>\n^ Sonnenuntergang<\/p>\n<p><img src=http:\/\/ski.inmontanis.info\/d\/135983-2\/DSC08303.jpg \/><br \/>\n^ Sonnenuntergang (IR)<\/p>\n<p><img src=http:\/\/ski.inmontanis.info\/d\/135987-2\/DSC09941.jpg \/><br \/>\n^ Sonnenuntergang an der Schwarzwaldhochstra\u00dfe<\/p>\n<p>Parkpl\u00e4tze gibt&#8217;s an der Schwarzwaldhochstra\u00dfe etliche. Somit hatte ich heute ausnahmsweise mal etwas mehr Zeit abends und konnte mir noch gem\u00fctlich einen Film auf dem Netbook reinziehen bevor ich mich &#8211; abermals leicht fr\u00f6stelnd und daher etwas w\u00e4rmer angezogen &#8211; in meinen Schlafsack verkroch.<\/p>\n<p>Hier noch das Filmchen der Schauinslandbahn:<br \/>\n<object style=\"height: 500px; width: 900px\"><param name=\"movie\" value=\"http:\/\/www.youtube.com\/v\/Y3CcGkNhjNk\"><\/param><param name=\"wmode\" value=\"transparent\"><\/param><embed src=\"http:\/\/www.youtube.com\/v\/Y3CcGkNhjNk\" type=\"application\/x-shockwave-flash\" wmode=\"transparent\"  width=\"900\" height=\"480\"><\/embed><\/object><\/p>\n<p>.. und hier das Filmchen zum Ruhestein-ESL:<br \/>\n<object style=\"height: 500px; width: 900px\"><param name=\"movie\" value=\"http:\/\/www.youtube.com\/v\/cmVp3QOFGHo\"><\/param><param name=\"wmode\" value=\"transparent\"><\/param><embed src=\"http:\/\/www.youtube.com\/v\/cmVp3QOFGHo\" type=\"application\/x-shockwave-flash\" wmode=\"transparent\"  width=\"900\" height=\"480\"><\/embed><\/object><\/p>\n","protected":false},"excerpt":{"rendered":"<p>Grenzgebiete 3. Tag, Mo, 29.8.2011<\/p>\n<p>Da ich noch viel vor hatte &#8211; und nat\u00fcrlich es nicht verpassen wollte &#8211; hab ich mich zum Sonnenaufgang wecken lassen. War zwar etwas bew\u00f6lkt, aber immerhin teilweise ganz guter Blick in die Alpen.<\/p>\n<p> <a href=\"http:\/\/blog.inmontanis.info\/?p=1740\">[&#8230;]<\/a><\/p>\n","protected":false},"author":1,"featured_media":0,"comment_status":"open","ping_status":"closed","sticky":false,"template":"","format":"standard","meta":{"footnotes":""},"categories":[101,12,14],"tags":[38,35,90,40],"class_list":["post-1740","post","type-post","status-publish","format-standard","hentry","category-201109-grenzgebiete","category-germany","category-swiss","tag-dsb","tag-esl","tag-infrarot","tag-strasenbahn","odd"],"_links":{"self":[{"href":"http:\/\/blog.inmontanis.info\/index.php?rest_route=\/wp\/v2\/posts\/1740","targetHints":{"allow":["GET"]}}],"collection":[{"href":"http:\/\/blog.inmontanis.info\/index.php?rest_route=\/wp\/v2\/posts"}],"about":[{"href":"http:\/\/blog.inmontanis.info\/index.php?rest_route=\/wp\/v2\/types\/post"}],"author":[{"embeddable":true,"href":"http:\/\/blog.inmontanis.info\/index.php?rest_route=\/wp\/v2\/users\/1"}],"replies":[{"embeddable":true,"href":"http:\/\/blog.inmontanis.info\/index.php?rest_route=%2Fwp%2Fv2%2Fcomments&post=1740"}],"version-history":[{"count":2,"href":"http:\/\/blog.inmontanis.info\/index.php?rest_route=\/wp\/v2\/posts\/1740\/revisions"}],"predecessor-version":[{"id":1743,"href":"http:\/\/blog.inmontanis.info\/index.php?rest_route=\/wp\/v2\/posts\/1740\/revisions\/1743"}],"wp:attachment":[{"href":"http:\/\/blog.inmontanis.info\/index.php?rest_route=%2Fwp%2Fv2%2Fmedia&parent=1740"}],"wp:term":[{"taxonomy":"category","embeddable":true,"href":"http:\/\/blog.inmontanis.info\/index.php?rest_route=%2Fwp%2Fv2%2Fcategories&post=1740"},{"taxonomy":"post_tag","embeddable":true,"href":"http:\/\/blog.inmontanis.info\/index.php?rest_route=%2Fwp%2Fv2%2Ftags&post=1740"}],"curies":[{"name":"wp","href":"https:\/\/api.w.org\/{rel}","templated":true}]}}