{"id":1737,"date":"2011-08-28T20:00:45","date_gmt":"2011-08-28T18:00:45","guid":{"rendered":"http:\/\/blog.inmontanis.info\/?p=1737"},"modified":"2023-08-03T22:15:40","modified_gmt":"2023-08-03T20:15:40","slug":"courmayeur-aiguille-du-midi-28-8-2011","status":"publish","type":"post","link":"http:\/\/blog.inmontanis.info\/?p=1737","title":{"rendered":"Courmayeur &#8211; Aiguille du Midi, 28.8.2011"},"content":{"rendered":"<p><strong>Grenzgebiete 2. Tag, So, 28.8.2011 &#8211; Mont Blanc<\/strong><\/p>\n<p>Auch in der Fr\u00fch gab es von Bielmonte einen einwandfreien Blick in die Poebene. So gut ist es wohl sehr selten, selbst im Winter hat man nicht jeden Tag so eine Fernsicht. <!--more-->Also, wenn man jemals tats\u00e4chlich vom Dachstein die Adria sehen k\u00f6nne sollte, wie im Prospekt angegeben, muss es an Tagen wie heute sein. <\/p>\n<p><em>Fotos anklicken zum Vergr\u00f6\u00dfern, soweit nicht vergr\u00f6\u00dfert gepostet:<\/em><\/p>\n<p><img src=http:\/\/extra.inmontanis.info\/d\/10332-2\/ge-20110828e.jpg \/><br \/>\n^ Fahrstrecke 28.8.2011<\/p>\n<p><img src=http:\/\/ski.inmontanis.info\/d\/135398-2\/DSC09103.jpg \/><br \/>\n^ 6:30 Uhr: Sonnenaufgang \u00fcber der Po-Ebene<\/p>\n<p><img src=http:\/\/ski.inmontanis.info\/d\/135402-2\/DSC09122.jpg \/><br \/>\n^ Sonnenaufgang \u00fcber der Po-Ebene, man kann in und \u00fcber die ganze Ebene schauen<\/p>\n<p><img src=http:\/\/ski.inmontanis.info\/d\/135407-2\/DSC08127.jpg \/><br \/>\n^ Morgendliches IR-Pano \u00fcber die Po-Ebene<\/p>\n<p><img src=http:\/\/ski.inmontanis.info\/d\/135446-2\/DSC08134.jpg \/><br \/>\n^ IR Po-Ebene-Appennino<\/p>\n<p><img src=http:\/\/ski.inmontanis.info\/d\/135411-2\/DSC08117.jpg \/><br \/>\n^ IR-Pano der Po-Ebene mit dem westlichen und s\u00fcdlichen Alpenbogen<\/p>\n<p><img src=http:\/\/ski.inmontanis.info\/d\/135416-2\/DSC08137.jpg \/><br \/>\n^ IR Po-Ebene, rechts der Monteviso<\/p>\n<p><img src=http:\/\/ski.inmontanis.info\/d\/135420-2\/DSC08122.jpg \/><br \/>\n^ Richtung wie vorher mit mehr Zoom, so ca. links der Bildmitte sollten die Skigebiete der Alpi Mondovi sein wie z.B. Frabosa, Artesina, Lurisia &#8230; Und: So eben ist die Po-Ebene hier noch gar nicht!<\/p>\n<p><img src=http:\/\/ski.inmontanis.info\/d\/135424-2\/DSC08113.jpg \/><br \/>\n^ Po-Ebene Zoom richtung Turin\/Monviso<\/p>\n<p><img src=http:\/\/ski.inmontanis.info\/d\/135437-2\/DSC09125.jpg \/><br \/>\n^ Zoom Turin (75 km) und zum Monte Viso (135 km), auch f\u00fcr menschliche Augen konnte man das heute sehr gut sehen.<\/p>\n<p><img src=http:\/\/ski.inmontanis.info\/d\/135428-2\/DSC08121.jpg \/><br \/>\n^ &#8230; aber in IR geht&#8217;s halt besser: IR-Zoom Turin (75 km, links) und zum Monte Viso (135 km, die markante Spitze).<\/p>\n<p><img src=http:\/\/ski.inmontanis.info\/d\/135432-2\/DSC09127.jpg \/><br \/>\n^ 7:15 Uhr &#8211; mittlerweile steht die Sonne schon ein sch\u00f6nes St\u00fcck weiter oben. Von diesem Standort &#8230;<\/p>\n<p><img src=http:\/\/ski.inmontanis.info\/d\/135442-2\/DSC08146.jpg \/><br \/>\n^ &#8230; kann man auch noch mal einen sch\u00f6nen IR-Zoom \u00fcber die hier wirklich sehr ebene Po-Ebene machen, die Hochh\u00e4user in der Bildmitte k\u00f6nnten zu Mailand geh\u00f6ren (w\u00e4ren dann 90 km)<\/p>\n<p>Konnte mich kaum losreisen von diesem Pano, aber ich hatte ja noch einige Fahrerei vor mir. Runter nach Biella, durch Biella durch (immer wieder sehr spannend, da es unz\u00e4hlige Wege gibt und mein Navi immer was anderes vorschl\u00e4gt als die Stra\u00dfenschilder sagen und man daher immer etwas zocken muss, wann man nach Navi f\u00e4hrt und wann man nach Schild f\u00e4hrt &#8230;), dann querfeldein r\u00fcber nach Quincinetto und dort auf die A5 durch&#8217;s Aosta-Tal.<\/p>\n<p><a href='http:\/\/extra.inmontanis.info\/d\/10338-2\/DSC09146.jpg'><img src=http:\/\/extra.inmontanis.info\/d\/10336-3\/DSC09146.jpg \/><\/a><br \/>\n^ Die A5 von Aosta zum MB-Tunnel ist ca. 30,4 km lang &#8211; und ca. 22,7 km davon gehen durch Tunnel! (Und trotzdem sind die 22 km Tunnel wesentlich g\u00fcnstiger als die 11,6 vom MB-Tunnel&#8230;.)<\/p>\n<p><a href='http:\/\/extra.inmontanis.info\/d\/10342-2\/DSC09148.jpg'><img src=http:\/\/extra.inmontanis.info\/d\/10341-3\/DSC09148.jpg \/><\/a><br \/>\n^ PB-Stationen Pavillon (unten), Rifugio Torino (oben) und Punta Helbronner (ganz oben, 3.400m)<\/p>\n<p>Kurz vor 10 war ich in Courmayeur, unterer Parkplatz ist gratis, Hin&#038;Retourfahrkarte um 39,- \u20ac gekauft und Platzkarte f\u00fcr 10:20 Uhr erhalten. Durch die Platzkarten ist das Anstehen ja quasi nicht vorhanden und man kann bequem ein paar Fotos machen &#8230;<\/p>\n<p><img src=http:\/\/extra.inmontanis.info\/d\/10346-2\/DSC09152.jpg \/><br \/>\n^ Talstation La Palud. Dieser Parkplatz ist kostenpflichtig, der gro\u00dfe etwas unterhalb ist gratis.<\/p>\n<p><a href='http:\/\/extra.inmontanis.info\/d\/10350-2\/DSC09154.jpg'><img src=http:\/\/extra.inmontanis.info\/d\/10349-3\/DSC09154.jpg \/><\/a><br \/>\n^ Sektion 1<\/p>\n<p><a href='http:\/\/extra.inmontanis.info\/d\/10354-2\/DSC09158.jpg'><img src=http:\/\/extra.inmontanis.info\/d\/10353-3\/DSC09158.jpg \/><\/a><br \/>\n^ Kabine Sektion I<\/p>\n<p><a href='http:\/\/extra.inmontanis.info\/d\/10358-2\/DSC09160.jpg'><img src=http:\/\/extra.inmontanis.info\/d\/10357-3\/DSC09160.jpg \/><\/a><br \/>\n^ Talstation La Palud. Dank Platznummern  ist das Anstehen stressfrei.<\/p>\n<p><a href='http:\/\/extra.inmontanis.info\/d\/10362-2\/DSC09164.jpg'><img src=http:\/\/extra.inmontanis.info\/d\/10361-3\/DSC09164.jpg \/><\/a><br \/>\n^ Courmayeur. Genauso unauff\u00e4llig wie hier die A5 h\u00e4tte man auch die Autobahn Zillertal-Cortina bauen k\u00f6nnen.<\/p>\n<p><a href='http:\/\/extra.inmontanis.info\/d\/10366-2\/DSC09168.jpg'><img src=http:\/\/extra.inmontanis.info\/d\/10365-3\/DSC09168.jpg \/><\/a><br \/>\n^ St\u00fctze Sektion 1, leider hatte ich keinen brauchbaren Platz zum Fotografieren.<\/p>\n<p><img src=http:\/\/extra.inmontanis.info\/d\/10370-2\/DSC09173.jpg \/><br \/>\n^ Sektion 1<\/p>\n<p><a href='http:\/\/extra.inmontanis.info\/d\/10374-2\/DSC09174.jpg'><img src=http:\/\/extra.inmontanis.info\/d\/10373-3\/DSC09174.jpg \/><\/a><br \/>\n^ Mittelstation Pavillon<\/p>\n<p><img src=http:\/\/extra.inmontanis.info\/d\/10378-2\/DSC09176.jpg \/><br \/>\n^ Mittelstation Pavillon<\/p>\n<p><img src=http:\/\/extra.inmontanis.info\/d\/10382-2\/DSC09190.jpg \/><br \/>\n^ Bergstation Sektion II, Rif. Torino.<\/p>\n<p>In wenigen Jahren, wenn die neue PB direkt auf die Punta Helbronner geht, wird diese Station ja stillgelegt sein &#8211; und hoffentlich f\u00fcr Jahrzehnte vor sich higammeln, wie die Stationen in Cervinia :)<\/p>\n<p><a href='http:\/\/extra.inmontanis.info\/d\/10386-2\/DSC09198.jpg'><img src=http:\/\/extra.inmontanis.info\/d\/10385-3\/DSC09198.jpg \/><\/a><br \/>\n^ Talstation Sektion 3 Rif. Torino<\/p>\n<p><img src=http:\/\/extra.inmontanis.info\/d\/10390-2\/DSC09199.jpg \/><br \/>\n^ Talstation Sektion 3. Sehr urig mit der Glasfront.<\/p>\n<p><img src=http:\/\/extra.inmontanis.info\/d\/10394-2\/DSC09209.jpg \/><br \/>\n^ Bergstation Sektion III, Punta Helbronner<\/p>\n<p><img src=http:\/\/extra.inmontanis.info\/d\/10398-2\/DSC09212.jpg \/><br \/>\n^ Panorama-Dach<\/p>\n<p><img src=http:\/\/extra.inmontanis.info\/d\/10402-2\/DSC09213.jpg \/><br \/>\n^ Gletscher bzw. ehemaliges Sommerskigebiet<\/p>\n<p><img src=http:\/\/extra.inmontanis.info\/d\/10406-2\/DSC09218.jpg \/><br \/>\n^ S\u00fcd-Pano Courmayeur<\/p>\n<p><img src=http:\/\/extra.inmontanis.info\/d\/10410-2\/DSC08156.jpg \/><br \/>\n^ IR-Pano S\u00fcd<\/p>\n<p><a href='http:\/\/extra.inmontanis.info\/d\/10414-2\/DSC09219.jpg'><img src=http:\/\/extra.inmontanis.info\/d\/10413-3\/DSC09219.jpg \/><\/a><br \/>\n^ Zoom Gran Paradiso, 45km<\/p>\n<p><a href='http:\/\/extra.inmontanis.info\/d\/10418-2\/DSC09221.jpg'><img src=http:\/\/extra.inmontanis.info\/d\/10417-3\/DSC09221.jpg \/><\/a><br \/>\n^ Rutor-Gletscher. Riesig, warum ist da kein Sommerskigebiet?!<\/p>\n<p><a href='http:\/\/extra.inmontanis.info\/d\/10422-2\/DSC08154-.jpg'><img src=http:\/\/extra.inmontanis.info\/d\/10421-3\/DSC08154-.jpg \/><\/a><br \/>\n^ IR-Pano, u.a. Grande Motte<\/p>\n<p><img src=http:\/\/ski.inmontanis.info\/d\/135450-2\/DSC09225.jpg \/><br \/>\n^ Zoom Grand Motte, 49km von P. Helbronner. Hat wohl etwas Neuschnee abbekommen? Lt. Webcams liegt auf den Abfahrten schon seit Wochen fast Null Schnee mehr &#8230; Links dahinter: Punta Sommeiller lt. Pano-Tool, aber das ehemalige Sommerskigebiet m\u00fcsste &#8211; soweit ich das in GE absch\u00e4tzen konnte, nicht sichtbar sein.<\/p>\n<p><img src=http:\/\/extra.inmontanis.info\/d\/10430-2\/DSC08171.jpg \/><br \/>\n^ IR-Zoom La Meije (105 km) und rechts sieht man auch etwas vom Sommerskigebiet in Les 2 Alpes (110 km)<\/p>\n<p><img src=http:\/\/extra.inmontanis.info\/d\/10426-2\/DSC08161.jpg \/><br \/>\n^ Achja, Matterhorn und Monte Rosa sieht man nat\u00fcrlich auch ;-)<\/p>\n<p><img src=http:\/\/ski.inmontanis.info\/d\/135454-2\/DSC09236.jpg \/><br \/>\n^ Zoom Skigebiet Plateau Rosa mit Testa Grigia, Kleinmatterhorn (im Schwatten vor dem Breithorn, kaum sichtbar), SL Gobba di Rollin und Grenzlift, von Punta Helbronner, 63km<\/p>\n<p><a href='http:\/\/extra.inmontanis.info\/d\/10434-2\/DSC09241.jpg'><img src=http:\/\/extra.inmontanis.info\/d\/10433-3\/DSC09241.jpg \/><\/a><br \/>\n^ Nord-Pano, mittig rechts hinten kann man bis in den Schweizer Jura schauen, z.B. Chasseral, 143km<\/p>\n<p><a href='http:\/\/extra.inmontanis.info\/d\/10438-2\/DSC08181.jpg'><img src=http:\/\/extra.inmontanis.info\/d\/10437-3\/DSC08181.jpg \/><\/a><br \/>\n^ .. und im IR-Zoom, hinten der Schweizer Jura, ca. 140km<\/p>\n<p><img src=http:\/\/extra.inmontanis.info\/d\/10442-2\/DSC09248.jpg \/><br \/>\n^ Um diesen Arbeitsplatz d\u00fcrften diesen Kranf\u00fchrer wohl viele beneiden :) Die wei\u00dfe Linie soll die Grenze Italien-Frankreich sein.<\/p>\n<p><a href='http:\/\/extra.inmontanis.info\/d\/10446-2\/DSC09249.jpg'><img src=http:\/\/extra.inmontanis.info\/d\/10445-3\/DSC09249.jpg \/><\/a><br \/>\n^ Mont Blanc, m.E. so ziemlich das unspektakul\u00e4rste hier an der Punta Helbronner :)<\/p>\n<p><img src=http:\/\/ski.inmontanis.info\/d\/135458-2\/DSC09246.jpg \/><br \/>\n^ Die Panoramic-GUB zur Aiguille du Midi, eine der genialsten, l\u00e4ngsten und h\u00f6chsten Seilbahnen der Alpen ca. 3.400-3.800m, das Seil h\u00e4ngt wohl noch ein paar hundert Meter tiefer durch)<\/p>\n<p><img src=http:\/\/ski.inmontanis.info\/d\/135462-2\/DSC09238.jpg \/><br \/>\n^ Zoom Aiguille du Midi und Kurvenstation der GUB (rechts unten)<\/p>\n<p>Danach hab ich mich in der Warteschlange an der Panoramic eingereiht &#8211; keine Ahnung wie lang ich warten musste, vielleicht 10-20 Minuten, nicht so schlimm jedenfalls. An der Kasse hatte ich mich ja darauf eingestellt ein &#8220;Andata-Ritorno&#8221; zu verlangen, als ich aber mit einem &#8220;Bonjour&#8221; begr\u00fc\u00dft wurde und mir einfiel &#8220;stimmt, wir sind ja schon in Frankreich&#8221; konterte ich gekonnt mit einem &#8220;Aller-Retour&#8221;. (24,- \u20ac)<\/p>\n<p>Als Einzelfahrer hat man ja meist das Gl\u00fcck, eine Gruppe weniger warten zu m\u00fcssen und als letzter irgendwo einsteigen zu d\u00fcrfen &#8230;<\/p>\n<p>Nat\u00fcrlich hatte ich meinen Stativ-Skistock dabei, den ich fast die ganze Zeit zum fotografieren und filmen aus dem Fenster hielt.<\/p>\n<p><a href='http:\/\/ski.inmontanis.info\/d\/135466-2\/DSC09255.jpg'><img src=http:\/\/ski.inmontanis.info\/d\/135465-3\/DSC09255.jpg \/><\/a><br \/>\n^ Die Wartezeit hielt sich in Grenzen.<\/p>\n<p><img src=http:\/\/ski.inmontanis.info\/d\/135470-2\/DSC09259.jpg \/><br \/>\n^ Talstation der Panoramic<\/p>\n<p><img src=http:\/\/ski.inmontanis.info\/d\/135474-2\/DSC09264.jpg \/><br \/>\n^ Talstation Panoramic (Helbronner). Die Station ist so eng, ohne Fisheye kann man hier fast gar nichts fotografieren &#8230;<\/p>\n<p><img src=http:\/\/ski.inmontanis.info\/d\/135478-2\/DSC09265.jpg \/><br \/>\n^ Talstation Panoramic<\/p>\n<p>Die Kabinen fahren manchmal langsam durch, manchmal halten sie &#8211; je nachdem, was f\u00fcr Personen gerade einstiegen&#8230;<\/p>\n<p><img src=http:\/\/ski.inmontanis.info\/d\/135540-2\/DSC09268.jpg \/><br \/>\n^ Die vielleicht coolste Seilbahnst\u00fctze der Alpen<\/p>\n<p><img src=http:\/\/ski.inmontanis.info\/d\/135483-2\/DSC09270.jpg \/><br \/>\n^ Seilbahnst\u00fctze und Pointe Helbronner<\/p>\n<p>Man muss sich grad wundern, dass die so ruhig h\u00e4lt &#8211; und dass die Spurweite hier noch so eng ist.<\/p>\n<p><img src=http:\/\/ski.inmontanis.info\/d\/135487-2\/DSC09278.jpg \/><br \/>\n^ Seilbahn ins Nichts (oder sieht jemand die Seile weitergehen?)<\/p>\n<p><img src=http:\/\/ski.inmontanis.info\/d\/135491-2\/DSC09280.jpg \/><br \/>\n^ Gletscher-Pano Mont Blanc<\/p>\n<p><img src=http:\/\/ski.inmontanis.info\/d\/135544-2\/DSC09281.jpg \/><br \/>\n^ Gletscher-Pano mit Panoramic-Gondeln<\/p>\n<p><img src=http:\/\/ski.inmontanis.info\/d\/135496-2\/DSC09283.jpg \/><br \/>\n^ Blick retour richtung fliegende St\u00fctze<\/p>\n<p><img src=http:\/\/ski.inmontanis.info\/d\/135500-2\/DSC09287.jpg \/><br \/>\n^ Kurvenstation (oben rechts) und Bergstation (mittig links hinten, auf der rechten Seite der Aiguille du Midi)<\/p>\n<p><a href='http:\/\/ski.inmontanis.info\/d\/135504-2\/DSC09291.jpg'><img src=http:\/\/ski.inmontanis.info\/d\/135503-3\/DSC09291.jpg \/><\/a><br \/>\n^ Panoramic und Gletscher<\/p>\n<p><img src=http:\/\/ski.inmontanis.info\/d\/135508-2\/DSC09295.jpg \/><br \/>\n^ Ein wahrhaft spektakul\u00e4r durchh\u00e4ngendes Spannfeld hat die Bahn hier<\/p>\n<p><img src=http:\/\/ski.inmontanis.info\/d\/135512-2\/DSC09297.jpg \/><br \/>\n^ Blick retour zur fliegenden St\u00fctze, hinten am Kran die Talstation, wesentlich h\u00f6her als der tiefste Punkt der Seilbahn<\/p>\n<p>Sch\u00f6n auch die winzigen Gondel im Vgl. zum riesigen Gletscher. Sollte die Bahn jemals ersetzt werden m\u00fcssen, hoffentlich nicht mit einer riesgen 3S-Bahn. 4er Gondeln sind perfekt, je gr\u00f6\u00dfer die Kabinen, desto weniger w\u00fcrde man sehen k\u00f6nnen &#8230;.<\/p>\n<p><img src=http:\/\/ski.inmontanis.info\/d\/135516-2\/DSC09300.jpg \/><br \/>\n^ Panoramic-Pano mit Mont Maudit. Das sch\u00f6nste im Sommer? Der Schnee auf den Gletschern, hier gibt&#8217;s noch genug ;)<\/p>\n<p><img src=http:\/\/ski.inmontanis.info\/d\/135520-2\/DSC09303.jpg \/><br \/>\n^ Die wohl genialste Seilbahnkurve der Alpen, insb. da man nicht stehen bleibt sondern mit voller Fahrt durchf\u00e4hrt &#8211; wenn nicht gerade eine Gruppe in der Berg\/Talstation ist und man deshalb langsamer f\u00e4hrt &#8230;<\/p>\n<p><img src=http:\/\/ski.inmontanis.info\/d\/135524-2\/DSC09306.jpg \/><br \/>\n^ Kurvenstation (Blick retour)<\/p>\n<p><img src=http:\/\/ski.inmontanis.info\/d\/135528-2\/DSC09312.jpg \/><br \/>\n^ Letztes St\u00fcck zur Aiguille du Midi<\/p>\n<p><img src=http:\/\/ski.inmontanis.info\/d\/135532-2\/DSC09317.jpg \/><br \/>\n^ Bergstation Aiguille du Midi<\/p>\n<p><img src=http:\/\/ski.inmontanis.info\/d\/135536-2\/DSC09319.jpg \/><br \/>\n^ Bergstation Panoramic (Aig. du Midi)<\/p>\n<p>An der Aiguille du Midi hab ich mir den Aufzug diesmal gespart &#8211; mit den vielen Terrassen in allen Richtungen sieht man eh alles, auch hier sehr gute Fernsicht zum Genfer See und ins Flachland (ok, das war dann etwas begrenzt), so dass man sich die Zusatzkosten und die zus\u00e4tzliche Wartezeit ggf. sparen kann. Sp\u00e4ter war der Aufzug wegen eines technischen Defekts eh au\u00dfer Betrieb.<\/p>\n<p>Hot Dog an der einen Bar um 6,50 \u20ac war mir doch etwas zu teuer, und das andere SB-Restaurant war mir zu voll, somit blieb ich bei dem vorhin gegessenen Croissant von der italienischen Seite (1,50 \u20ac).<\/p>\n<p><a href='http:\/\/ski.inmontanis.info\/d\/135548-2\/DSC09308.jpg'><img src=http:\/\/ski.inmontanis.info\/d\/135547-3\/DSC09308.jpg \/><\/a><br \/>\n^ Huch &#8211; der Gletscher da oben macht aber ein grimmiges Gesicht!<\/p>\n<p><img src=http:\/\/ski.inmontanis.info\/d\/135701-2\/DSC09329.jpg \/><br \/>\n^ Ost-Pano<\/p>\n<p><img src=http:\/\/ski.inmontanis.info\/d\/135553-2\/DSC09332.jpg \/><br \/>\n^ Diverse Aussichtsplattformen und Terrassen an vielen Stellen rund um den Gipfel, da wird&#8217;s einem nicht langweilig&#8230;<\/p>\n<p><img src=http:\/\/ski.inmontanis.info\/d\/135557-2\/DSC09335.jpg \/><br \/>\n^ Mont Blanc. Im Juli 2005 war rechts anschlie\u00dfend an den H\u00e4usern ein Schneewall und darunter ggf. eine Eish\u00f6hle, wenn ich meinen Aufzeichnungen Glauben schenken darf &#8211; jedenfalls las ich heuer nichts von einer Eish\u00f6hle.<\/p>\n<p><a href='http:\/\/ski.inmontanis.info\/d\/36356-2\/07030132_G.jpg'><img src=http:\/\/ski.inmontanis.info\/d\/36356-2\/07030132_G.jpg \/><\/a><br \/>\n^ 3.7.2005 <\/p>\n<p><img src=http:\/\/ski.inmontanis.info\/d\/135561-2\/DSC09343.jpg \/><br \/>\n^ Panoramic und Panorama<\/p>\n<p><img src=http:\/\/ski.inmontanis.info\/d\/135566-2\/DSC09351.jpg \/><br \/>\n^ Eine der Aussichtsterrassen an der PB-Bergstation<\/p>\n<p><img src=http:\/\/ski.inmontanis.info\/d\/135705-2\/DSC09359.jpg \/><br \/>\n^ Mont Blanc und Gletscher-Plateau. Bergstation Punta Helbronner ist \u00fcbrigens fast genau in der Mitte.<\/p>\n<p><img src=http:\/\/ski.inmontanis.info\/d\/135570-2\/DSC09397.jpg \/><br \/>\n^ Flachland-Pano von der Aiguille du Midi links (Frankreich)<\/p>\n<p><img src=http:\/\/ski.inmontanis.info\/d\/135574-2\/DSC09361.jpg \/><br \/>\n^ Flachland-Pano von der Aiguille du Midi rechts (Frankreich, Schweiz)<\/p>\n<p><a href='http:\/\/ski.inmontanis.info\/d\/135578-2\/DSC08230.jpg'><img src=http:\/\/ski.inmontanis.info\/d\/135577-3\/DSC08230.jpg \/><\/a><br \/>\n^ IR-Zoom, die Gipfel da hinten sind ca. 240km entfernt (Monts d&#8217;Ard\u00e8che oder so)<\/p>\n<p><a href='http:\/\/ski.inmontanis.info\/d\/135709-2\/DSC08193.jpg'><img src=http:\/\/ski.inmontanis.info\/d\/135708-3\/DSC08193.jpg \/><\/a><br \/>\n^ IR-Pano<\/p>\n<p><img src=http:\/\/ski.inmontanis.info\/d\/135583-2\/DSC08237-.jpg \/><br \/>\n^ IR-Pano Genf und Genfer See<\/p>\n<p><a href='http:\/\/ski.inmontanis.info\/d\/135587-2\/DSC08219.jpg'><img src=http:\/\/ski.inmontanis.info\/d\/135586-3\/DSC08219.jpg \/><\/a><br \/>\n^ IR-Zoom Genfer See, Jura und dar\u00fcber hinaus.<\/p>\n<p><img src=http:\/\/ski.inmontanis.info\/d\/135713-2\/DSC08202.jpg \/><br \/>\n^ IR-Pano mit Genfer See<\/p>\n<p><img src=http:\/\/ski.inmontanis.info\/d\/135592-2\/DSC08214.jpg \/><br \/>\n^ IR-Zoom Genfer See und Jura<\/p>\n<p><img src=http:\/\/ski.inmontanis.info\/d\/135596-2\/DSC08204.jpg \/><br \/>\n^ IR-Zoom, in Bildmitte sollte man bis zu den Vogesen (Hohneck, 240km) sehen k\u00f6nnen &#8211; leider kein Zoomfoto, ob es heute m\u00f6glich war oder ob die Wolken st\u00f6ren<\/p>\n<p><img src=http:\/\/ski.inmontanis.info\/d\/135717-2\/DSC08242.jpg \/><br \/>\n^ IR-Blick zu den bekannten Gipfeln der Schweiz &#8230;<\/p>\n<p><a href='http:\/\/ski.inmontanis.info\/d\/135601-2\/DSC09367.jpg'><img src=http:\/\/ski.inmontanis.info\/d\/135600-3\/DSC09367.jpg \/><\/a><br \/>\n^ u.a. Dom, Dent Blanche<\/p>\n<p><a href='http:\/\/ski.inmontanis.info\/d\/135605-2\/DSC09368.jpg'><img src=http:\/\/ski.inmontanis.info\/d\/135604-3\/DSC09368.jpg \/><\/a><br \/>\n^ u.a. Dent Blanche, Alphubel, Allalinhorn (80km)<\/p>\n<p><a href='http:\/\/ski.inmontanis.info\/d\/135721-2\/DSC09369.jpg'><img src=http:\/\/ski.inmontanis.info\/d\/135720-3\/DSC09369.jpg \/><\/a><br \/>\n^ u.a. Grand Combin, Matterhorn (61km)<\/p>\n<p><a href='http:\/\/ski.inmontanis.info\/d\/135610-2\/DSC09371.jpg'><img src=http:\/\/ski.inmontanis.info\/d\/135609-3\/DSC09371.jpg \/><\/a><br \/>\n^ Monte Rosa (67-76km) und Sommerskigebiet Plateau Rosa<\/p>\n<p><img src=http:\/\/ski.inmontanis.info\/d\/135614-2\/DSC09377.jpg \/><br \/>\n^ Grandes Jorasses und der Riesenzahn<\/p>\n<p><img src=http:\/\/ski.inmontanis.info\/d\/135618-2\/DSC09405.jpg \/><br \/>\n^ Route auf den Mont Blanc<\/p>\n<p><img src=http:\/\/ski.inmontanis.info\/d\/135622-2\/DSC09410.jpg \/><br \/>\n^ Glacier des Bossons. Hat sich seit 2005 nicht sichtbar ver\u00e4ndert.<\/p>\n<p><a href='http:\/\/ski.inmontanis.info\/d\/36386-2\/07030144_G.jpg'><img src=http:\/\/ski.inmontanis.info\/d\/36386-2\/07030144_G.jpg \/><\/a><br \/>\n^ 3.7.2005<\/p>\n<p><img src=http:\/\/ski.inmontanis.info\/d\/135626-2\/DSC09425.jpg \/><br \/>\n^ Spektakul\u00e4r steile PB von Chamonix<\/p>\n<p><img src=http:\/\/ski.inmontanis.info\/d\/135630-2\/DSC09427.jpg \/><br \/>\n^ Seit nun \u00fcber 60 Jahren stehen die \u00dcberreste der unvollendeten 3. Sektion zum Col du Midi<\/p>\n<p><img src=http:\/\/ski.inmontanis.info\/d\/135634-2\/DSC09429.jpg \/><br \/>\n^ Seit \u00fcber 60 Jahren verlassen &#8211; Baustelle der ehemaligen, nie vollendeten 3. Sektion<\/p>\n<p><img src=http:\/\/ski.inmontanis.info\/d\/135638-2\/DSC09433.jpg \/><br \/>\n^ Leichter Zoom \u00fcber den Verbindungssteg zum Monte Rosa<\/p>\n<p><a href='http:\/\/ski.inmontanis.info\/d\/135642-2\/DSC09440.jpg'><img src=http:\/\/ski.inmontanis.info\/d\/135641-3\/DSC09440.jpg \/><\/a><br \/>\n^ 30 Minuten dauert die 5km lange Fahrt? Mir kommt das immer viel k\u00fcrzer vor ;)<\/p>\n<p><a href='http:\/\/ski.inmontanis.info\/d\/135646-2\/DSC09444.jpg'><img src=http:\/\/ski.inmontanis.info\/d\/135645-3\/DSC09444.jpg \/><\/a><br \/>\n^ Wartebereich Panoramic richtung Italien, war kaum der Rede wert.<\/p>\n<p><img src=http:\/\/ski.inmontanis.info\/d\/135650-2\/DSC09445.jpg \/><br \/>\n^ Bergstation Panoramic<\/p>\n<p><img src=http:\/\/ski.inmontanis.info\/d\/135725-2\/DSC09449.jpg \/><br \/>\n^ Bergstation Panoramic (HDR, glaub die Bahn stand da einige Zeit still, sonst w\u00e4r&#8217;s wohl nichts geworden)<\/p>\n<p><img src=http:\/\/ski.inmontanis.info\/d\/135655-2\/DSC09454.jpg \/><br \/>\n^ Fahrt zur Punta Helbronner, 5 km und 30 Minuten und egtl. ist man doch viel zu schnell dr\u00fcben.<\/p>\n<p><img src=http:\/\/ski.inmontanis.info\/d\/135659-2\/DSC09457.jpg \/><br \/>\n^ Auch eine sehr interessante Form mit Felsen und Gletscher.<\/p>\n<p><img src=http:\/\/ski.inmontanis.info\/d\/135663-2\/DSC09463.jpg \/><br \/>\n^ Kurvenstation, das lange Spannfeld, die fliegende St\u00fctze und die Punta Helbronner<\/p>\n<p><img src=http:\/\/ski.inmontanis.info\/d\/135667-2\/DSC09461.jpg \/><br \/>\n^ .. und jeder macht hier haufenweise Fotos &#8230; und in 200 Jahren werden davon kaum noch welche vorhanden sein &#8230; ob es hier dann noch Gletscher gibt?<\/p>\n<p><img src=http:\/\/ski.inmontanis.info\/d\/135671-2\/DSC09465.jpg \/><br \/>\n^ Kurvenstation, schade dass man hier nicht aussteigen kann ;)<\/p>\n<p><img src=http:\/\/ski.inmontanis.info\/d\/135729-2\/DSC09467.jpg \/><br \/>\n^ Kurvenstation<\/p>\n<p><a href='http:\/\/ski.inmontanis.info\/d\/135676-2\/DSC09470.jpg'><img src=http:\/\/ski.inmontanis.info\/d\/135675-3\/DSC09470.jpg \/><\/a><br \/>\n^ Man kann sich jedenfalls nicht beklagen, dass man hier zu wenig Gletscher zu sehen bek\u00e4me &#8230;<\/p>\n<p><img src=http:\/\/ski.inmontanis.info\/d\/135680-2\/DSC09472.jpg \/><br \/>\n^ Wieder das riesige und tiefe Spannfeld<\/p>\n<p><a href='http:\/\/ski.inmontanis.info\/d\/135733-2\/DSC09475.jpg'><img src=http:\/\/ski.inmontanis.info\/d\/135732-3\/DSC09475.jpg \/><\/a><br \/>\n^ Mer de Glace \/ Vallee Blanche<\/p>\n<p><img src=http:\/\/ski.inmontanis.info\/d\/135685-2\/DSC09477.jpg \/><br \/>\n^ Tiefste Stelle fast erreicht<\/p>\n<p><img src=http:\/\/ski.inmontanis.info\/d\/135689-2\/DSC09481.jpg \/><br \/>\n^ Fliegende St\u00fctze. Oder eher schwebende St\u00fctze &#8230;<\/p>\n<p><img src=http:\/\/ski.inmontanis.info\/d\/135693-2\/DSC09484.jpg \/><br \/>\n^ Eine Gruppe der Panoramic und ihre schwebende St\u00fctze<\/p>\n<p><img src=http:\/\/ski.inmontanis.info\/d\/135697-2\/DSC09487.jpg \/><br \/>\n^ Talstation der Panoramic, Station Punta Helbronner.<\/p>\n<p>Aber irgendwann muss man wieder runter. An der PH noch ein paar Fotos gemacht, und noch die Treppe zum Rifugio Torino aufgestiegen (wird ja vmtl. stillgelegt werden, wenn die 2. Sektion dann dirkt rauff\u00e4hrt) &#8211; ganz sch\u00f6n steil und lang und steil und anstrengend und vor allem runterw\u00e4rts nichts f\u00fcr schwache Nerven, da muss man Schwindelfrei sein &#8211; und auf jeden Tritt aufpassen, denn runterfallen k\u00f6nnte hier t\u00f6dlich sein. Die Stufen eine nach der anderen, da wird man mit der Zeit ganz sch\u00f6n benommen!<\/p>\n<p><img src=http:\/\/ski.inmontanis.info\/d\/135737-2\/DSC09488.jpg \/><br \/>\n^ Nochmal die komplette Strecke der Panoramic, von der PH-Bergstation aus<\/p>\n<p><a href='http:\/\/ski.inmontanis.info\/d\/135741-2\/DSC09490.jpg'><img src=http:\/\/ski.inmontanis.info\/d\/135740-3\/DSC09490.jpg \/><\/a><br \/>\n^ Abstieg zum Gletscher<\/p>\n<p><a href='http:\/\/ski.inmontanis.info\/d\/135745-2\/DSC09491.jpg'><img src=http:\/\/ski.inmontanis.info\/d\/135744-3\/DSC09491.jpg \/><\/a><br \/>\n^ .. und der traurige Rest des Sommerskigebiets.<\/p>\n<p><img src=http:\/\/extra.inmontanis.info\/d\/10450-2\/DSC09492.jpg \/><br \/>\n^ Es gibt ja m.E. nicht viele sinnvolle Verwendungsm\u00f6glichkeiten f\u00fcr die seit der letzten Firmware vorhandenen Funktion &#8216;Teilfarbe Rot&#8217; &#8211; aber in diesem Fall passt die Funktion super.<\/p>\n<p><img src=http:\/\/extra.inmontanis.info\/d\/10454-2\/DSC09495.jpg \/><br \/>\n^ Netter Cam-Effekt<\/p>\n<p><a href='http:\/\/extra.inmontanis.info\/d\/10458-2\/DSC09500.jpg'><img src=http:\/\/extra.inmontanis.info\/d\/10457-3\/DSC09500.jpg \/><\/a><br \/>\n^ Strecke PB Sektion III, sowie neues (oben) und altes Rifugio Torino<\/p>\n<p><a href='http:\/\/extra.inmontanis.info\/d\/10462-2\/DSC09518.jpg'><img src=http:\/\/extra.inmontanis.info\/d\/10461-3\/DSC09518.jpg \/><\/a><br \/>\n^ Kabine Sektion 3<\/p>\n<p><img src=http:\/\/extra.inmontanis.info\/d\/10466-2\/DSC09521.jpg \/><br \/>\n^ Sektion 3 und der steile Verbindungstunnel zum Rifugio Torino<\/p>\n<p><img src=http:\/\/extra.inmontanis.info\/d\/10470-2\/DSC09522.jpg \/><br \/>\n^ Zoom PB-Mittelstatio Rif. Torino. Rechts d\u00fcrfte das alte Rif. Torino sein, ist das jetzt leerstehend? In wenigen Jahren werden auch beide PB-Stationen leer stehen und langsam verfallen. Wobei, die eine verf\u00e4llt ja jetzt schon ;)<\/p>\n<p><img src=http:\/\/extra.inmontanis.info\/d\/10474-2\/DSC09525.jpg \/><br \/>\n^ Strecke PB Sektion III und Bergstation Punta Helbronner<\/p>\n<p><a href='http:\/\/extra.inmontanis.info\/d\/10478-2\/DSC09586.jpg'><img src=http:\/\/extra.inmontanis.info\/d\/10477-3\/DSC09586.jpg \/><\/a><br \/>\n^ Aufgang von der 2. zur 3. Sektion (die gelben Treppen), dahinter der abenteuerliche Weg zum Rif. Torino<\/p>\n<p><a href='http:\/\/extra.inmontanis.info\/d\/10482-2\/DSC09194.jpg'><img src=http:\/\/extra.inmontanis.info\/d\/10481-3\/DSC09194.jpg \/><\/a><br \/>\n^ Aufgang zum Rifugio Torino<\/p>\n<p><img src=http:\/\/extra.inmontanis.info\/d\/10486-2\/DSC09528.jpg \/><br \/>\n^ Extrem steiler und langer Aufgang zum Rifugio Torino, links ein kleiner Lasten-Schr\u00e4gaufzug. In wenigen Jahren wird der Tunnel wohl \u00fcberfl\u00fcssig werden.<\/p>\n<p><a href='http:\/\/extra.inmontanis.info\/d\/10490-2\/DSC09535.jpg'><img src=http:\/\/extra.inmontanis.info\/d\/10489-3\/DSC09535.jpg \/><\/a><br \/>\n^ Steilheits-Check. Fast 100% ist die Treppe hier steil.<\/p>\n<p><a href='http:\/\/extra.inmontanis.info\/d\/10494-2\/DSC09536.jpg'><img src=http:\/\/extra.inmontanis.info\/d\/10493-3\/DSC09536.jpg \/><\/a><br \/>\n^ .. und unter der Metall-Treppe findet sich sogar noch eine schmale alte Treppe! Krass..<\/p>\n<p><img src=http:\/\/extra.inmontanis.info\/d\/10498-2\/DSC09538.jpg \/><br \/>\n^ \u00dcbergang vom steilen zum flacheren Treppenteil<\/p>\n<p><a href='http:\/\/extra.inmontanis.info\/d\/10502-2\/DSC09540.jpg'><img src=http:\/\/extra.inmontanis.info\/d\/10501-3\/DSC09540.jpg \/><\/a><br \/>\n^ Material-Seilbahn<\/p>\n<p><a href='http:\/\/extra.inmontanis.info\/d\/10506-2\/DSC09547.jpg'><img src=http:\/\/extra.inmontanis.info\/d\/10505-3\/DSC09547.jpg \/><\/a><br \/>\n^ Blick vom Rif. Torino zur PB-Bergstation<\/p>\n<p><img src=http:\/\/extra.inmontanis.info\/d\/10510-2\/DSC09560.jpg \/><br \/>\n^ Bergstation im Zoom<\/p>\n<p><a href='http:\/\/extra.inmontanis.info\/d\/10514-2\/DSC09556.jpg'><img src=http:\/\/extra.inmontanis.info\/d\/10513-3\/DSC09556.jpg \/><\/a><br \/>\n^ Rifugio und Gletscher<\/p>\n<p><a href='http:\/\/extra.inmontanis.info\/d\/10518-2\/DSC09557.jpg'><img src=http:\/\/extra.inmontanis.info\/d\/10517-3\/DSC09557.jpg \/><\/a><br \/>\n^ Gletscherkante<\/p>\n<p><a href='http:\/\/extra.inmontanis.info\/d\/10522-2\/DSC09559.jpg'><img src=http:\/\/extra.inmontanis.info\/d\/10521-3\/DSC09559.jpg \/><\/a><br \/>\n^ Evtl. ist der Weg deshalb neu mit Gel\u00e4nder versehen worden, weil ab n\u00e4chsten Sommer die Leute hier rauf gehen sollen zur Punta Helbronner Bergstation? Macht mehr Sinn als der Tunnel&#8230;<\/p>\n<p><a href='http:\/\/extra.inmontanis.info\/d\/10526-2\/DSC09562.jpg'><img src=http:\/\/extra.inmontanis.info\/d\/10525-3\/DSC09562.jpg \/><\/a><br \/>\n^ Tunnel<\/p>\n<p><img src=http:\/\/extra.inmontanis.info\/d\/10530-2\/DSC09567.jpg \/><br \/>\n^ Tunnelabstieg. Aufgrund der L\u00e4nge und der Steilheit hat man selbst runterw\u00e4rts ein mulmiges Gef\u00fchl.<\/p>\n<p><img src=http:\/\/extra.inmontanis.info\/d\/10534-2\/DSC09574.jpg \/><br \/>\n^ PB Sektion II<\/p>\n<p><a href='http:\/\/extra.inmontanis.info\/d\/10538-2\/DSC09577.jpg'><img src=http:\/\/extra.inmontanis.info\/d\/10537-3\/DSC09577.jpg \/><\/a><br \/>\n^ PB Sektion II<\/p>\n<p><a href='http:\/\/extra.inmontanis.info\/d\/10542-2\/DSC09583.jpg'><img src=http:\/\/extra.inmontanis.info\/d\/10541-3\/DSC09583.jpg \/><\/a><br \/>\n^ Kabine Sektion 2<\/p>\n<p><a href='http:\/\/extra.inmontanis.info\/d\/10546-2\/DSC09587.jpg'><img src=http:\/\/extra.inmontanis.info\/d\/10545-3\/DSC09587.jpg \/><\/a><br \/>\n^ Plakat mit altem Foto<\/p>\n<p><img src=http:\/\/extra.inmontanis.info\/d\/10550-3\/DSC09589.jpg \/><br \/>\n^ PB Sektion II gesamt<\/p>\n<p><a href='http:\/\/extra.inmontanis.info\/d\/10554-2\/DSC09591.jpg'><img src=http:\/\/extra.inmontanis.info\/d\/10553-3\/DSC09591.jpg \/><\/a><br \/>\n^ Lang wird man das Schild nicht mehr ben\u00f6tigen &#8230;<\/p>\n<p><a href='http:\/\/extra.inmontanis.info\/d\/10558-2\/DSC09592.jpg'><img src=http:\/\/extra.inmontanis.info\/d\/10557-3\/DSC09592.jpg \/><\/a><br \/>\n^ .. denn so sieht die Zukunft aus: 2 anstatt 3 Sektionen.<\/p>\n<p>An der Pavillon-Station muss man f\u00fcr die Talfahrt wieder Platzkarten nehmen. H\u00e4tte eigentlich eine f\u00fcr die n\u00e4chste Fahrt haben k\u00f6nnen, wollt aber noch ein paar Fotos machen &#8211; also hab ich die normale Karte genommen (3 Fahrten sp\u00e4ter, somit gen\u00fcgend Zeit).<\/p>\n<p><img src=http:\/\/extra.inmontanis.info\/d\/10562-2\/DSC09631.jpg \/><br \/>\n^ PB Sektion II und botanischer Garten<\/p>\n<p><img src=http:\/\/extra.inmontanis.info\/d\/10566-2\/DSC08266.jpg \/><br \/>\n^ PB Sektion II (IR)<\/p>\n<p><img src=http:\/\/extra.inmontanis.info\/d\/10570-2\/DSC09613.jpg \/><br \/>\n^ Zoom Bergstationen Sektion 2 und 3<\/p>\n<p><img src=http:\/\/extra.inmontanis.info\/d\/10574-2\/DSC09636.jpg \/><br \/>\n^ Mittelstation Pavillon<\/p>\n<p><a href='http:\/\/extra.inmontanis.info\/d\/10578-2\/DSC09600.jpg'><img src=http:\/\/extra.inmontanis.info\/d\/10577-3\/DSC09600.jpg \/><\/a><br \/>\n^ Blick ins Skigebiet von Courmayeur<\/p>\n<p><img src=http:\/\/extra.inmontanis.info\/d\/10582-2\/DSC09603.jpg \/><br \/>\n^ Blick ins Skigebiet von Courmayeur, schade dass die oberen PB im Sommer nicht in Betrieb sind&#8230;<\/p>\n<p><img src=http:\/\/extra.inmontanis.info\/d\/10586-2\/DSC09621.jpg \/><br \/>\n^ Mittelstation Pavillon<\/p>\n<p><img src=http:\/\/extra.inmontanis.info\/d\/10590-2\/DSC09627.jpg \/><br \/>\n^ Talpano mit PB Sektion I<\/p>\n<p><a href='http:\/\/extra.inmontanis.info\/d\/10594-2\/DSC09599.jpg'><img src=http:\/\/extra.inmontanis.info\/d\/10593-3\/DSC09599.jpg \/><\/a><br \/>\n^ PB Sektion I Bergstation<\/p>\n<p>F\u00fcr den morgigen Tag stand die Schauinslandsbahn am Plan, aber wo \u00fcbernachten? Irgendwo auf einem Autobahnrastplatz? Moment, da links von der Autobahn gibt&#8217;s doch noch Berge, war ich doch schon mal an der 2KSB &#8230; schnell mal auf die Karte schauen, was es da so gibt. Chasseral h\u00f6rt sich doch gut an, ein Pass in ordentlicher H\u00f6he und evtl. geht noch ein Str\u00e4\u00dfchen richtung Gipfel. Und der Umweg h\u00e4lt sich auch in Grenzen, na dann!<\/p>\n<p>Mautsparend ging&#8217;s \u00fcber den Grand Saint Bernard. Aber erst mal hab ich mich in Aosta verfahren &#8211; denn ich hab mich nicht an mein Navi gehalten, sondern an die Schilder. Na, vielleicht haben&#8217;s eine neue Umfahrung gebaut.. Ein paar km sp\u00e4ter .. Na geh, bin ich bl\u00f6d. Man solte nicht richtung PS Bernard fahren, wenn man doch eigentlich zum GS Bernard will&#8230; (auf Deutsch: man sollte nicht richtung Kleinen Sankt Bernhard fahren, wenn man zum Gro\u00dfen Sankt Bernhard will)<\/p>\n<p>In der Schweiz ging&#8217;s noch zum Mc Donalds &#8211; wo leider am McDrive die Beleuchtung der Tafel ausgefallen ist &#8211; woher soll ich jetzt wissen, was es gerade in der Schweiz im McD gibt? Hmpf. Hab dann Chicken Wings mit Pommes bestellen wollen. War aber etwas schwierig &#8211; keine Ahnung wie die Franzosen bzw. Franzosen-Schweizer &#8220;Chicken Wings&#8221; aussprechen, aber wenn man&#8217;s englisch ausspricht kapieren&#8217;s auch nach dem 3x nicht. Seufz. Dat M\u00e4del meinte dann, ich soll mal englisch sprechen. Ich wieder mit meinem englischen Chicken Wings, wie schon die ganze Zeit. Irgendwann hatte sie&#8217;s kapiert. <\/p>\n<p>Die Autobahn \u00fcber Neuch\u00e2tel (eine Namensmischung aus Deutsch und Franz\u00f6sisch? Oder hat das &#8220;Neu&#8221; eine andere Bedeutung als &#8220;Neu&#8221;?) fand ich recht interessant &#8211; haufenweise Tunnels, deren Sinn mir hier und da nicht wirklich klar war, zumindest in der Nacht.<\/p>\n<p>Die Stra\u00dfe auf den Chasseral war relativ schmal, aber ansonsten problemlos zu fahren, oben ist ein gro\u00dfer Parkplatz mit toller Sicht und ein Wohnwagen stand auch schon da. Ein kalter Wind ging &#8230;. aber das Pano war gut<\/p>\n<p><img src=http:\/\/extra.inmontanis.info\/d\/10598-2\/DSC09660_001.jpg \/><br \/>\n^ N\u00e4chtliches Pano am Chasseral. Ich frag mich ernsthaft, wieso da in Bildmitte hinten die Alpengipfel von hinten beleuchtet scheinen??<\/p>\n<p>Hier noch das Video von den PBs in Courmayeur und der Panoramic:<br \/>\n<object style=\"height: 500px; width: 900px\"><param name=\"movie\" value=\"http:\/\/www.youtube.com\/v\/_3njpZf68Zs\"><\/param><param name=\"wmode\" value=\"transparent\"><\/param><embed src=\"http:\/\/www.youtube.com\/v\/_3njpZf68Zs\" type=\"application\/x-shockwave-flash\" wmode=\"transparent\"  width=\"900\" height=\"480\"><\/embed><\/object><\/p>\n","protected":false},"excerpt":{"rendered":"<p>Grenzgebiete 2. Tag, So, 28.8.2011 &#8211; Mont Blanc<\/p>\n<p>Auch in der Fr\u00fch gab es von Bielmonte einen einwandfreien Blick in die Poebene. So gut ist es wohl sehr selten, selbst im Winter hat man nicht jeden Tag so eine Fernsicht. <\/p>\n<p> <a href=\"http:\/\/blog.inmontanis.info\/?p=1737\">[&#8230;]<\/a><\/p>\n","protected":false},"author":1,"featured_media":0,"comment_status":"open","ping_status":"closed","sticky":false,"template":"","format":"standard","meta":{"footnotes":""},"categories":[101,499,16,15],"tags":[60,83,90,52],"class_list":["post-1737","post","type-post","status-publish","format-standard","hentry","category-201109-grenzgebiete","category-courmayeur","category-france","category-italienitaly","tag-4zub","tag-gub","tag-infrarot","tag-pb","odd"],"_links":{"self":[{"href":"http:\/\/blog.inmontanis.info\/index.php?rest_route=\/wp\/v2\/posts\/1737","targetHints":{"allow":["GET"]}}],"collection":[{"href":"http:\/\/blog.inmontanis.info\/index.php?rest_route=\/wp\/v2\/posts"}],"about":[{"href":"http:\/\/blog.inmontanis.info\/index.php?rest_route=\/wp\/v2\/types\/post"}],"author":[{"embeddable":true,"href":"http:\/\/blog.inmontanis.info\/index.php?rest_route=\/wp\/v2\/users\/1"}],"replies":[{"embeddable":true,"href":"http:\/\/blog.inmontanis.info\/index.php?rest_route=%2Fwp%2Fv2%2Fcomments&post=1737"}],"version-history":[{"count":4,"href":"http:\/\/blog.inmontanis.info\/index.php?rest_route=\/wp\/v2\/posts\/1737\/revisions"}],"predecessor-version":[{"id":9035,"href":"http:\/\/blog.inmontanis.info\/index.php?rest_route=\/wp\/v2\/posts\/1737\/revisions\/9035"}],"wp:attachment":[{"href":"http:\/\/blog.inmontanis.info\/index.php?rest_route=%2Fwp%2Fv2%2Fmedia&parent=1737"}],"wp:term":[{"taxonomy":"category","embeddable":true,"href":"http:\/\/blog.inmontanis.info\/index.php?rest_route=%2Fwp%2Fv2%2Fcategories&post=1737"},{"taxonomy":"post_tag","embeddable":true,"href":"http:\/\/blog.inmontanis.info\/index.php?rest_route=%2Fwp%2Fv2%2Ftags&post=1737"}],"curies":[{"name":"wp","href":"https:\/\/api.w.org\/{rel}","templated":true}]}}