{"id":1729,"date":"2011-08-27T20:00:59","date_gmt":"2011-08-27T18:00:59","guid":{"rendered":"http:\/\/blog.inmontanis.info\/?p=1729"},"modified":"2011-11-06T22:42:04","modified_gmt":"2011-11-06T21:42:04","slug":"monte-generoso-27-8-2011","status":"publish","type":"post","link":"http:\/\/blog.inmontanis.info\/?p=1729","title":{"rendered":"Monte Generoso, 27.8.2011"},"content":{"rendered":"<p><strong>1. Tag, Sa, 27.8.2011 &#8211; Monte Generoso<\/strong><\/p>\n<p>Eigentlich hatte ich ja erst vor, dass der Sommerurlaub eine &#8220;Deutschlandtour&#8221; wird. Seilbahnen in DE und die eine oder andere Stadt mitnehmen &#8230;<!--more--><\/p>\n<p>Zwischendrin kamen ein paar Ziele in CZ hinzu, mit der Option auf weitere in PL und SK. Und dann wollte ich heuer auch noch zum Mont Blanc, da ja die PBs von Courmayeur neu gebaut werden.<\/p>\n<p>Nun, zuf\u00e4llig war f\u00fcr dieses Wochenende sonniges Wetter am Mont Blanc vorhergesagt, und auch f\u00fcr Sonntag sollte das Wetter im S\u00fcden besser sein als im Norden, aber noch nicht perfekt genug f\u00fcr den Mont Blanc. Also gem\u00fctlich hinfahren und irgendwas am Weg mitnehmen&#8230;<\/p>\n<p>.. aber was nur? Erst gestern Abend kam ich spontan auf die Idee &#8220;Moment, letztes Jahr am Bisbino, da hast doch den Generoso gesehen und da geht eine Zahnradbahn rauf, das k\u00f6nnte doch was sein&#8221; &#8211; und mir schnell die Abfahrtszeiten aufgeschrieben, f\u00fcr den Fall, dass ich zeitgerecht dort sein sollte &#8211; und wie es f\u00fcr den restlichen Verlauf der Tour zuf\u00e4lligerweise charakteristisch sein sollte &#8211; liegt die Grenze zwischen Schweiz und Italien direkt am Monte Generoso.<\/p>\n<p>Praktischerweise bin ich auch einigerma\u00dfen zeitig weggefahren &#8211; und wurde am Arlbergpass \u00fcberrscht, denn mit Schneematsch auf der Stra\u00dfe h\u00e4tte ich nun doch nicht gerechnet!<\/p>\n<p>(Fotos anklicken zum Vergr\u00f6\u00dfern, soweit nicht vergr\u00f6\u00dfert gepostet):<\/p>\n<p><img src=http:\/\/extra.inmontanis.info\/d\/10284-2\/ge_20110827.jpg \/><br \/>\n^ Fahrstrecke 27.8.2011<\/p>\n<p><a href='http:\/\/extra.inmontanis.info\/d\/10248-2\/DSC08855.jpg'><img src=http:\/\/extra.inmontanis.info\/d\/10246-3\/DSC08855.jpg \/><\/a><br \/>\n^ Gut, f\u00fcr August nicht so ungew\u00f6hnlich, trotzdem hatte ich heute nicht mit Schnee am Arlberg gerechnet.<\/p>\n<p><a href='http:\/\/extra.inmontanis.info\/d\/10252-2\/DSC08860_001.jpg'><img src=http:\/\/extra.inmontanis.info\/d\/10250-3\/DSC08860_001.jpg \/><\/a><br \/>\n^ Schneematsch bis 1600m &#8230;<\/p>\n<p>In der Schweiz hatte ich dann schon bef\u00fcrchtet, etwas Stau \u00fcber den Bernardino zu haben &#8211; wobei die Angaben im Navi hin und wieder weg waren und nicht immer exakt mit den Durchsagen im Radio \u00fcbereinstimmten. Und im Radio sprach man auch von schneebedeckten P\u00e4ssen, einer war sogar gesperrt. <\/p>\n<p>Als dann jedoch schon an der Abzweigung bei Flims kilometerlanger Stau war, entschied ich mich schnell um &#8211; und fuhr den Umweg \u00fcber den Lukmanier. Den bin ich eh noch nie gefahren&#8230; Au\u00dferdem lag er etwas weiter im Osten, da waren die Schneef\u00e4lle weniger ergbiebig, denn hier lag Schnee stellenweise bis ca. 1100m!<\/p>\n<p><a href='http:\/\/extra.inmontanis.info\/d\/10256-2\/DSC08866.jpg'><img src=http:\/\/extra.inmontanis.info\/d\/10254-3\/DSC08866.jpg \/><\/a><br \/>\n^ Da hinten geht&#8217;s zum Lukmanier-Pass<\/p>\n<p><a href='http:\/\/extra.inmontanis.info\/d\/10260-2\/DSC08873.jpg'><img src=http:\/\/extra.inmontanis.info\/d\/10258-3\/DSC08873.jpg \/><\/a><br \/>\n^ Lukmanier, Nordseite. Ist beidseitig einer der leichtesten P\u00e4sse, die ich kenne, auf beiden Seiten fast keine Kehren, schade dass er verkehrstechnisch so unbedeutend ist.<\/p>\n<p><img src=http:\/\/extra.inmontanis.info\/d\/10264-2\/DSC08878.jpg \/><br \/>\n^ Lukmanier, S\u00fcdseite &#8211; kein Schnee, sondern Sonne, ja so mag ich den Alpenhauptkamm!<\/p>\n<p><a href='http:\/\/extra.inmontanis.info\/d\/10268-2\/DSC08881.jpg'><img src=http:\/\/extra.inmontanis.info\/d\/10266-3\/DSC08881.jpg \/><\/a><br \/>\n^ Lukmanier, S\u00fcdseite<\/p>\n<p><a href='http:\/\/extra.inmontanis.info\/d\/10272-2\/DSC08885.jpg'><img src=http:\/\/extra.inmontanis.info\/d\/10270-3\/DSC08885.jpg \/><\/a><br \/>\n^ Betonplatten auf einer Passstra\u00dfe? Auch \u00e4u\u00dferst ungew\u00f6hnlich &#8230;<\/p>\n<p>Nat\u00fcrlich war ich somit etwas sp\u00e4ter an der Talstation der Zahnradbahn, aber zum Gl\u00fcck war mein Puffer gro\u00df genug, so dass ich zumindest die Bahn um 15:35 schaffte (aufs Mittagessen musste ich dadurch aber verzichten), mit der letzten um 17:45 ging&#8217;s wieder runter.<\/p>\n<p>Es gab &#8211; wohl dank n\u00e4chtlicher Kaltfront &#8211; eine tolle Fernsicht, auch in die Ebene und \u00fcber die Ebene, f\u00fcr Sommer au\u00dfergew\u00f6hnlich.<\/p>\n<p><img src=http:\/\/extra.inmontanis.info\/d\/10280-2\/ge_generoso2.jpg \/><br \/>\n^ Strecke der Zahnradbahn auf den Monte Generoso<\/p>\n<p><a href='http:\/\/extra.inmontanis.info\/d\/10048-2\/DSC08896.jpg'><img src=http:\/\/extra.inmontanis.info\/d\/10045-3\/DSC08896.jpg \/><\/a><br \/>\n^ Plakat und Abfahrtszeiten am Bahnhof<\/p>\n<p><a href='http:\/\/extra.inmontanis.info\/d\/10052-2\/DSC08898.jpg'><img src=http:\/\/extra.inmontanis.info\/d\/10051-3\/DSC08898.jpg \/><\/a><br \/>\n^ Fahrkarte<\/p>\n<p><a href='http:\/\/extra.inmontanis.info\/d\/10056-2\/DSC08890.jpg'><img src=http:\/\/extra.inmontanis.info\/d\/10055-3\/DSC08890.jpg \/><\/a><br \/>\n^ Bahnhof Capolago<\/p>\n<p><img src=http:\/\/extra.inmontanis.info\/d\/10060-2\/DSC08893.jpg \/><br \/>\n^ Bahnhof der Zahnradbahn<\/p>\n<p><a href='http:\/\/extra.inmontanis.info\/d\/10064-2\/DSC08901.jpg'><img src=http:\/\/extra.inmontanis.info\/d\/10063-3\/DSC08901.jpg \/><\/a><br \/>\n^ ZRB-Zug<\/p>\n<p><img src=http:\/\/extra.inmontanis.info\/d\/10068-2\/DSC08909.jpg \/><br \/>\n^ Unter der Autobahn hindurch &#8230;<\/p>\n<p><img src=http:\/\/extra.inmontanis.info\/d\/10072-2\/DSC08920.jpg \/><br \/>\n^ .. an der steilen Bergflanke empor ..<\/p>\n<p><a href='http:\/\/extra.inmontanis.info\/d\/10076-2\/DSC08924.jpg'><img src=http:\/\/extra.inmontanis.info\/d\/10075-3\/DSC08924.jpg \/><\/a><br \/>\n^ Bahnhof San Nicolao<\/p>\n<p><a href='http:\/\/extra.inmontanis.info\/d\/10080-2\/DSC08928.jpg'><img src=http:\/\/extra.inmontanis.info\/d\/10079-3\/DSC08928.jpg \/><\/a><br \/>\n^ Einer der Tunnel &#8211; besser die Cam nicht aus dem Fenster halten, schaut eng aus ;)<\/p>\n<p><a href='http:\/\/extra.inmontanis.info\/d\/10084-2\/DSC08931.jpg'><img src=http:\/\/extra.inmontanis.info\/d\/10083-3\/DSC08931.jpg \/><\/a><br \/>\n^ Bahnhof Bellavista<\/p>\n<p><a href='http:\/\/extra.inmontanis.info\/d\/10088-2\/DSC08937.jpg'><img src=http:\/\/extra.inmontanis.info\/d\/10087-3\/DSC08937.jpg \/><\/a><br \/>\n^ Bellavista<\/p>\n<p><img src=http:\/\/extra.inmontanis.info\/d\/10092-2\/DSC08940.jpg \/><br \/>\n^ Gibt wohl wenig Zugstrecken, die so eine Fernsicht bieten&#8230;.<\/p>\n<p><a href='http:\/\/extra.inmontanis.info\/d\/10096-2\/DSC08945.jpg'><img src=http:\/\/extra.inmontanis.info\/d\/10095-3\/DSC08945.jpg \/><\/a><br \/>\n^ Pano im Zug<\/p>\n<p><img src=http:\/\/extra.inmontanis.info\/d\/10100-2\/DSC08947.jpg \/><br \/>\n^ Im oberen Teil ist die Strecke wieder flacher<\/p>\n<p><img src=http:\/\/extra.inmontanis.info\/d\/10104-2\/DSC08955.jpg \/><br \/>\n^ Bergbahnhof<\/p>\n<p><img src=http:\/\/extra.inmontanis.info\/d\/10108-2\/DSC08957.jpg \/><br \/>\n^ Endstation<\/p>\n<p><img src=http:\/\/extra.inmontanis.info\/d\/10112-2\/DSC08961.jpg \/><br \/>\n^ Pano am Bahnhof. Leider hatte ich sp\u00e4ter kaum mehr Zeit, um zu diesem kleinen vorgelagerten Gipfel zu gehen.<\/p>\n<p><img src=http:\/\/extra.inmontanis.info\/d\/10116-2\/DSC08963.jpg \/><br \/>\n^ See-Pano (Lago di Lugano)<\/p>\n<p><img src=http:\/\/extra.inmontanis.info\/d\/10120-2\/DSC08967.jpg \/><br \/>\n^ Endstation Aussicht, an der Grenze zu Italien. (lt. GE etwas hinter mir)<\/p>\n<p><img src=http:\/\/extra.inmontanis.info\/d\/10124-2\/DSC08973.jpg \/><br \/>\n^ Aufgang zum Gipfel, hinter dem Haus ist der ZRB-Bahnhof.<\/p>\n<p><img src=http:\/\/extra.inmontanis.info\/d\/10128-2\/DSC08987.jpg \/><br \/>\n^ West-Pano<\/p>\n<p><img src=http:\/\/extra.inmontanis.info\/d\/10132-2\/DSC08989.jpg \/><br \/>\n^ Nord-Pano<\/p>\n<p><img src=http:\/\/extra.inmontanis.info\/d\/10136-2\/DSC08991.jpg \/><br \/>\n^ Ost-Pano<\/p>\n<p><img src=http:\/\/extra.inmontanis.info\/d\/10140-2\/DSC08995.jpg \/><br \/>\n^ S\u00fcd-Pano<\/p>\n<p><img src=http:\/\/extra.inmontanis.info\/d\/10144-2\/dsc08985-93a.jpg \/><br \/>\n^ 360\u00b0 &#8211; Pano (Stereograhisch, Planet)<\/p>\n<p><img src=http:\/\/extra.inmontanis.info\/d\/10148-2\/dsc08985-93a4.jpg \/><br \/>\n^ 360\u00b0 &#8211; Pano (Stereograhisch, Planet). Ok, in der Mitte musste ich etwas korrigieren und auch die Stitch-\u00dcberg\u00e4nge sind nicht 100%ig, da ich die Einzelfotos am Rand der Gipfelplattform gemacht hab.<\/p>\n<p><img src=http:\/\/extra.inmontanis.info\/d\/10152-2\/dsc08985-93a2.jpg \/><br \/>\n^ Ausschnitt des 360\u00b0-Pano-Planeten, also ca. 180\u00b0.<\/p>\n<p><img src=http:\/\/extra.inmontanis.info\/d\/10156-2\/dsc08985-93b2.jpg \/><br \/>\n^ 360\u00b0 &#8211; Pano (Stereograhisch, umgekehrt)<\/p>\n<p><img src=http:\/\/extra.inmontanis.info\/d\/10160-2\/DSC08061.jpg \/><br \/>\n^ Bei ca. 200km in den Appennino war auch mit IR heute Schluss, der Cimone (234km, ca. Bildmitte) blieb auch f\u00fcr mich unsichtbar.<\/p>\n<p><img src=http:\/\/extra.inmontanis.info\/d\/10164-2\/DSC08066.jpg \/><br \/>\n^ IR-Pano (S\u00fcd), die dunklen Stellen in der Ebene sind die St\u00e4dte<\/p>\n<p><img src=http:\/\/extra.inmontanis.info\/d\/10168-2\/DSC09019.jpg \/><br \/>\n^ Gro\u00dfraum Mailand<\/p>\n<p><img src=http:\/\/extra.inmontanis.info\/d\/10172-2\/DSC09017.jpg \/><br \/>\n^ Zoom Mailand und \u00fcber die Po-Ebene hinweg.<\/p>\n<p><img src=http:\/\/extra.inmontanis.info\/d\/10176-2\/DSC08079.jpg \/><br \/>\n^ IR-Zoom \u00fcber die Ebene, die Berge im Hintergrund sind ca. 180 km entfernt, links der dunkle Fleck ist Mailand.<\/p>\n<p><img src=http:\/\/extra.inmontanis.info\/d\/10180-2\/DSC08067.jpg \/><br \/>\n^ IR-Pano (S\u00fcd)<\/p>\n<p><img src=http:\/\/extra.inmontanis.info\/d\/10184-2\/DSC08999.jpg \/><br \/>\n^ Zoom-Pano (S\u00fcd-West) \u00fcber die Po-Ebene, im rechten Drittel sieht man die markante Spitze des Monte Viso<\/p>\n<p><img src=http:\/\/extra.inmontanis.info\/d\/10188-2\/DSC08077.jpg \/><br \/>\n^ Wie vorher, aber in IR: Zoom-Pano (S\u00fcd-West) \u00fcber die Po-Ebene mit dem markanten Monte Viso Gipfel. Genau in Richtung Monviso ist \u00fcbrigens Turin.<\/p>\n<p><img src=http:\/\/extra.inmontanis.info\/d\/10192-2\/DSC08071.jpg \/><br \/>\n^ IR-Pano (West) mit Lago di Lugano (die vorderen Arme), Lago Maggiore (hinten, ansatzweise) und Monte Rosa (hinten mit der Wolkenfahne)<\/p>\n<p><img src=http:\/\/extra.inmontanis.info\/d\/10196-2\/DSC08980.jpg \/><br \/>\n^ West-Pano mit Lago di Lugano (die vorderen Arme), Lago Maggiore (hinten, ansatzweise) und Monte Rosa (hinten mit der Wolkenfahne)<\/p>\n<p><img src=http:\/\/extra.inmontanis.info\/d\/10200-2\/DSC09013.jpg \/><br \/>\n^ Nord-West-Pano (leichter Zoom)<\/p>\n<p><img src=http:\/\/extra.inmontanis.info\/d\/10204-2\/DSC08087.jpg \/><br \/>\n^ Nord-West-Pano (IR)<\/p>\n<p><img src=http:\/\/extra.inmontanis.info\/d\/10208-2\/DSC08983.jpg \/><br \/>\n^ Nord-West-Zoompano mit Sighignola (vorne) &#8220;Balcone d&#8217;Italia&#8221;? Ne, der richtige steht hier in der Schweiz am Generoso :-)<\/p>\n<p><img src=http:\/\/extra.inmontanis.info\/d\/10212-2\/DSC08074.jpg \/><br \/>\n^ Nord-Ost-Pano (IR), rechts der Lago di Como<\/p>\n<p><a href='http:\/\/extra.inmontanis.info\/d\/10216-2\/DSC09021.jpg'><img src=http:\/\/extra.inmontanis.info\/d\/10215-3\/DSC09021.jpg \/><\/a><br \/>\n^ Zoom-Pano Lago di Como<\/p>\n<p><a href='http:\/\/extra.inmontanis.info\/d\/10220-2\/DSC08096.jpg'><img src=http:\/\/extra.inmontanis.info\/d\/10219-3\/DSC08096.jpg \/><\/a><br \/>\n^ IR-Zoom Lago di Como<\/p>\n<p><img src=http:\/\/extra.inmontanis.info\/d\/10224-2\/DSC09022.jpg \/><br \/>\n^ Bahnhof ZRB und Monte Generoso &#8211; Gipfel<\/p>\n<p><img src=http:\/\/extra.inmontanis.info\/d\/10228-2\/DSC09027.jpg \/><br \/>\n^ See-Pano von dem kleineren Vorgipfel bzw. kurz davor, der Gipfel w\u00e4re noch etwas rechts gewesen, hatte ich leider keine Zeit mehr.<\/p>\n<p><img src=http:\/\/extra.inmontanis.info\/d\/10232-2\/DSC09045.jpg \/><br \/>\n^ Talfahrt<\/p>\n<p><img src=http:\/\/extra.inmontanis.info\/d\/10236-2\/DSC09049.jpg \/><br \/>\n^ See-Blick von der ZRB aus<\/p>\n<p><a href='http:\/\/extra.inmontanis.info\/d\/10240-2\/DSC09056.jpg'><img src=http:\/\/extra.inmontanis.info\/d\/10239-3\/DSC09056.jpg \/><\/a><br \/>\n^ Einer der Tunnel und Fahrerpult<\/p>\n<p><a href='http:\/\/extra.inmontanis.info\/d\/10244-2\/DSC09059.jpg'><img src=http:\/\/extra.inmontanis.info\/d\/10243-3\/DSC09059.jpg \/><\/a><br \/>\n^ Talw\u00e4rts<\/p>\n<p>Fazit: Der Monte Generoso ist einer der sch\u00f6nsten Aussichtsberge der n\u00f6rdlichen italienischen Alpen &#8211; und steht dabei fieserweise zur H\u00e4lfte in der Schweiz.<\/p>\n<p>Danach ging&#8217;s nach Italien, richtung Aosta-Tal, die \u00fcbliche Strecke &#8211; also Varese, A26, &#8230; Endlich mal wieder Italien. Kam Skim\u00e4\u00dfig heuer schon etwas kurz im Vergleich zu den Vorjahren &#8211; aus diesem Grund ist das Ziel der 2-w\u00f6chigen Skireise im folgenden Winter auch schon klar &#8211; Appennino bis runter nach Sizilien. <\/p>\n<p><a href='http:\/\/extra.inmontanis.info\/d\/10276-2\/DSC09076.jpg'><img src=http:\/\/extra.inmontanis.info\/d\/10274-3\/DSC09076.jpg \/><\/a><br \/>\n^ Blick zum Monte Rosa von der A26<\/p>\n<p>.. und wieder einmal auf die Panoramastra\u00dfe oberhalb von Biella &#8211; nach Bielmonte. Dazwischendrin Abendessen in der Pizzeria &#8211; mit der ich mit 3303 nach Oropa schon mal war. War wieder sehr voll, aber die Bedienung &#8230; 10-15 Minuten Warten bis man mal die Karte bekommt &#8211; das werd ich mir nun kein drittes Mal mehr antun.<\/p>\n<p>Auf der Pano-Stra\u00dfe dann wieder sehr klarer Blick in die Ebene, viele Lichter, aber stark verschwommen (Luftflimmern) &#8211; also leider nur schlechte Bilder machen k\u00f6nnen.. Zudem gab&#8217;s einen eisigen Wind hier oben&#8230;.<\/p>\n<p><img src=http:\/\/extra.inmontanis.info\/d\/10320-2\/DSC09082_001.jpg \/><br \/>\n^ Po-Ebene bei Nacht<\/p>\n<p><img src=http:\/\/extra.inmontanis.info\/d\/10324-3\/DSC09089.jpg \/><br \/>\n^ Zoom in die stark beleuchtete Po-Ebene, leider war die Luft sehr unruhig, weshalb die Lichter so verschwommen sind<\/p>\n<p>Wecker auf Sonnenaufgang gestellt, schlie\u00dflich fahr ich noch einige Stunden bis Courmayeur von hier aus &#8230;<\/p>\n<p>Hier noch das Video zur Monte Generoso Zahnradbahn:<br \/>\n<object style=\"height: 500px; width: 900px\"><param name=\"movie\" value=\"http:\/\/www.youtube.com\/v\/Hozb6-kf1No\"><\/param><param name=\"wmode\" value=\"transparent\"><\/param><embed src=\"http:\/\/www.youtube.com\/v\/Hozb6-kf1No\" type=\"application\/x-shockwave-flash\" wmode=\"transparent\"  width=\"900\" height=\"480\"><\/embed><\/object><\/p>\n","protected":false},"excerpt":{"rendered":"<p>1. Tag, Sa, 27.8.2011 &#8211; Monte Generoso<\/p>\n<p>Eigentlich hatte ich ja erst vor, dass der Sommerurlaub eine &#8220;Deutschlandtour&#8221; wird. Seilbahnen in DE und die eine oder andere Stadt mitnehmen &#8230;<\/p>\n<p> <a href=\"http:\/\/blog.inmontanis.info\/?p=1729\">[&#8230;]<\/a><\/p>\n","protected":false},"author":1,"featured_media":0,"comment_status":"open","ping_status":"closed","sticky":false,"template":"","format":"standard","meta":{"footnotes":""},"categories":[101,15,30],"tags":[102,90,45,41],"class_list":["post-1729","post","type-post","status-publish","format-standard","hentry","category-201109-grenzgebiete","category-italienitaly","category-wandern","tag-360-pano","tag-infrarot","tag-see","tag-zahnradbahn","odd"],"_links":{"self":[{"href":"http:\/\/blog.inmontanis.info\/index.php?rest_route=\/wp\/v2\/posts\/1729","targetHints":{"allow":["GET"]}}],"collection":[{"href":"http:\/\/blog.inmontanis.info\/index.php?rest_route=\/wp\/v2\/posts"}],"about":[{"href":"http:\/\/blog.inmontanis.info\/index.php?rest_route=\/wp\/v2\/types\/post"}],"author":[{"embeddable":true,"href":"http:\/\/blog.inmontanis.info\/index.php?rest_route=\/wp\/v2\/users\/1"}],"replies":[{"embeddable":true,"href":"http:\/\/blog.inmontanis.info\/index.php?rest_route=%2Fwp%2Fv2%2Fcomments&post=1729"}],"version-history":[{"count":5,"href":"http:\/\/blog.inmontanis.info\/index.php?rest_route=\/wp\/v2\/posts\/1729\/revisions"}],"predecessor-version":[{"id":1734,"href":"http:\/\/blog.inmontanis.info\/index.php?rest_route=\/wp\/v2\/posts\/1729\/revisions\/1734"}],"wp:attachment":[{"href":"http:\/\/blog.inmontanis.info\/index.php?rest_route=%2Fwp%2Fv2%2Fmedia&parent=1729"}],"wp:term":[{"taxonomy":"category","embeddable":true,"href":"http:\/\/blog.inmontanis.info\/index.php?rest_route=%2Fwp%2Fv2%2Fcategories&post=1729"},{"taxonomy":"post_tag","embeddable":true,"href":"http:\/\/blog.inmontanis.info\/index.php?rest_route=%2Fwp%2Fv2%2Ftags&post=1729"}],"curies":[{"name":"wp","href":"https:\/\/api.w.org\/{rel}","templated":true}]}}