{"id":1708,"date":"2011-06-26T22:29:32","date_gmt":"2011-06-26T20:29:32","guid":{"rendered":"http:\/\/blog.inmontanis.info\/?p=1708"},"modified":"2023-07-30T21:38:35","modified_gmt":"2023-07-30T19:38:35","slug":"ruckfahrt-uber-cormet-de-roselend-espace-diamant-chamonix-26-6-2011","status":"publish","type":"post","link":"http:\/\/blog.inmontanis.info\/?p=1708","title":{"rendered":"Cormet de Roselend, Espace Diamant, Chamonix, 26.6.2011"},"content":{"rendered":"<p>Gegen 13:20 fuhr ich mit der U-SSB wieder talw\u00e4rts, als ich um 13:24 pl\u00f6tzlich eine SMS erhielt&#8230; Alpinforum-User &#8220;Turms&#8221; (der aus Griechenland) hat auf dem Parkplatz mein Auto gesehen &#8211; zuf\u00e4lligerweise war er mit seiner Freundin (Frau?) auch in Tignes, machen eine 2-w\u00f6chige Alpen-Rundfahrt! Die Welt ist klein, wenn sich einer aus Griechenland und einer aus \u00d6sterreich zuf\u00e4llig am gleichen Tag beim Sommerskifahren in Tignes treffen .. :)<!--more--><\/p>\n<p>Nun, so haben wir uns in Tignes-le-lac getroffen und wollten etwas Essen gehen &#8211; w\u00e4hrend es in L2A zig kleine Hamburger-L\u00e4den und offene Restaurants gibt, schaut&#8217;s hier in Tignes schon etwas sp\u00e4rlicher aus. Ok, ist noch nicht Saison&#8230; wir sind dann in einer Pizzeria gelandet, und au\u00dfer Pizza kann unsereins sich dort auch kein Essen leisten :) (Die Pizzen kosteten so um die 11-12,- \u00a4 wenn ich micht recht erinnere)<\/p>\n<p>Die Auswahl war etwas ungew\u00f6hnlich, am ungew\u00f6hnlichsten fand ich aber folgende Pizza:<br \/>\n.. mit Cr\u00e8me fra\u00eeche, Ziegenk\u00e4se, Waln\u00fcsse, Honig. ???<\/p>\n<p>Kurios. Ziegenk\u00e4se und Honig? Ok, s\u00fc\u00dfen Ziegenk\u00e4se kenne ich ja aus Norwegen &#8230; das muss ich mal probieren. War dann auch recht lecker, muss ich gestehen :)<\/p>\n<p><u>WestAlpen-SommerSki-Tour 2011<\/u> &#8211; <em>Teil 8<\/em><\/p>\n<p><font color=#BBBBBB>Do, 23.6.: Stubaier Gletscher, Sommerski (Ostalpen)<br \/>\nFr, 24.6.: Les 2 Alpes, Sommerski<br \/>\nFr, 24.6.: Les 2 Alpes, 4EUB Diable &#038; 6EUB Venosc &#038; DSB Bons<br \/>\nFr, 24.6.: Grenoble, GUB auf die Bastille zum Sonnenuntergang &#038; Grenoble bei Nacht<br \/>\nSa, 25.6.: Val d&#8217;Is\u00e8re \/ Pissaillas, Sommerski (mit k2k &#038; Trincerone)<br \/>\nSa, 25.6.: Wanderung s\u00fcdl. des Col de l&#8217;Iseran (mit k2k &#038; Trincerone)<br \/>\nSa, 25.6.: Val d&#8217;Is\u00e8re, diverse Seilbahnen im Sommerschlaf (mit k2k)<br \/>\nSo, 26.6.: Tignes, Sommerski<\/font><br \/>\n<strong>So, 26.6.: R\u00fcckfahrt \u00fcber Cormet de Roselend, Espace Diamant, Chamonix<\/strong><\/p>\n<p><em>Fotos, anklicken zum Vergr\u00f6\u00dfern, soweit nicht vergr\u00f6\u00dfert gepostet.<\/em><\/p>\n<p><a href='http:\/\/extra.inmontanis.info\/d\/8790-3\/DSC06900.jpg'><img src=http:\/\/extra.inmontanis.info\/d\/8788-3\/DSC06900.jpg \/><\/a><br \/>\n^ Pizza mit Cr\u00e8me fra\u00eeche, Waln\u00fcssen, Ziegenk\u00e4se und Honig.<\/p>\n<p><img src=http:\/\/ski.inmontanis.info\/d\/132206-3\/DSC06902.jpg \/><br \/>\n^ Blick von der Restaurant-Terrasse \u00fcber den See ins Sommerskigebiet<\/p>\n<p>Nuja, Pizza-Essen dauert dann doch etwas l\u00e4nger als ein Hamburger mit Pommes, und ein bissl unterhalten haben wir uns auch noch &#8211; und ich hatte noch keine Idee, wie ich heimfahren sollte&#8230;<\/p>\n<p>.. Brenner? Lt. Navi die schnellste M\u00f6glichkeit, aber auch recht teuer (ca. 40,- \u00a4 ita-Maut)<br \/>\n.. Bernardino? W\u00e4re egtl. meine erste Wahl, aber .. ich bin an einem dieser verl\u00e4ngerten Wochenden um Pfingsten doch schon mal ziemlich im Stau dort gewesen, erst auf der italienischen Autobahn, dann am Pass. K\u00f6nnte also heute schlecht sein und auch Zeitverlust bedeuten.<br \/>\n.. und \u00fcberhaupt, wie nach Italien? Kl. St. Bernard + Aosta? Oder Col de l&#8217;Iseran + Mont Cenis + Susa + Turin? Maut \u00fcber Aosta teurer, auch etwas langsamer. Aber ohne Tanken m\u00f6chte ich nicht \u00fcber den Iseran&#8230; und mit den hohen P\u00e4ssen verlier ich sicher auch wieder Zeit &#8230;<br \/>\n.. Kl. + Gr. St. Bernard? W\u00e4re m\u00f6glich, dauert aber l\u00e4nger.<br \/>\n.. ohne Pass \u00fcber die frz. Autobahn und Genf? W\u00e4re m\u00f6glich, dauert aber l\u00e4nger &#8211; und kostet wohl genauso viel Maut wie durch Italien (warum dann also so fahren)<br \/>\n.. \u00fcber den netten Cormet de Roselend? Aber dann, richtung Autobahn und Genf? Oder \u00fcber Chamonix?<\/p>\n<p>Erst mal Tanken. Was? 1,49 kostet der Diesel in der Tankstelle in Tignes? Ihr spinnts doch. Da fahr ich nach Bourg-St-Maurice zum Supermarkt. Da hat&#8217;s dann auch nur 1,30 gekostet. Ok, lt. Navi ist jetzt die Strecke \u00fcber den Roselend gar nicht mehr sooo umwegig. Und ob ich danach richtung Autobahn oder Chamonix fahr, kann ich mir ja noch \u00fcberlegen. Dass wir schon weit nach 16 Uhr hatten &#8211; und die geplante Ankunfszeit bereits nach Mitternacht war, hellte meine Stimmung allerdings nicht gerade auf.<\/p>\n<p><a href='http:\/\/ski.inmontanis.info\/d\/132210-3\/DSC06903.jpg'><img src=http:\/\/ski.inmontanis.info\/d\/132209-4\/DSC06903.jpg \/><\/a><br \/>\n^ Tignes, alte Stra\u00dfe bzw. Verbindung nach &#8220;ganz unten&#8221;. Schade, der sch\u00f6ne Tunnel ist gesperrt&#8230;<\/p>\n<p><a href='http:\/\/ski.inmontanis.info\/d\/132214-3\/DSC06906.jpg'><img src=http:\/\/ski.inmontanis.info\/d\/132213-4\/DSC06906.jpg \/><\/a><br \/>\n^ Tignes &#8220;ganz unten&#8221;<\/p>\n<p><a href='http:\/\/extra.inmontanis.info\/d\/8794-3\/DSC06908.jpg'><img src=http:\/\/extra.inmontanis.info\/d\/8792-3\/DSC06908.jpg \/><\/a><br \/>\n^ So spart man sich zwar viel Maut in Frankreich und Italien &#8230; aber viel Puffer f\u00fcr Staus hab ich bei der geplanten Ankunfszeit (0:46 Uhr!) auch nicht mehr.<\/p>\n<p><a href='http:\/\/extra.inmontanis.info\/d\/8798-3\/DSC06914.jpg'><img src=http:\/\/extra.inmontanis.info\/d\/8796-3\/DSC06914.jpg \/><\/a><br \/>\n^ Cormet de Roseland. Bis ich auf der anderen Seite war hatte ich einiges an Zeitverlust (musste auch etliche Langsamfahrer \u00fcberholen), inzwischen stand die Uhr schon auf nach 1 Uhr &#8230;<\/p>\n<p><img src=http:\/\/extra.inmontanis.info\/d\/8802-3\/DSC06921.jpg \/><br \/>\n^ Blick auf die R\u00fcckseite des Mont Blanc<\/p>\n<p>Immer wieder hab ich am Navi durchgespielt, welche Variante ich nun fahren soll &#8211; konnte mich einfach nicht entscheiden. Schlussendlich hab ich mich doch f\u00fcr die g\u00fcnstigste Variante entschieden &#8211; \u00fcber Chamonix ins Wallis, ohne Ben\u00fctzung der mautpflichtigen franz\u00f6sischen Autobahnen (bis auf ein kurzes St\u00fcck glaub ich)<\/p>\n<p><a href='http:\/\/extra.inmontanis.info\/d\/8806-3\/DSC06938.jpg'><img src=http:\/\/extra.inmontanis.info\/d\/8804-3\/DSC06938.jpg \/><\/a><br \/>\n^ Mont Blanc spitzt&#8230;<\/p>\n<p><a href='http:\/\/extra.inmontanis.info\/d\/8810-3\/DSC06941.jpg'><img src=http:\/\/extra.inmontanis.info\/d\/8808-3\/DSC06941.jpg \/><\/a><br \/>\n^ Mont Blanc spitzt&#8230;<\/p>\n<p><img src=http:\/\/extra.inmontanis.info\/d\/8814-3\/DSC06945.jpg \/><br \/>\n^ wieder der Mont Blanc<\/p>\n<p>Dass hier nochmal ein Pass auf mich lauert, hab ich aber nicht erwartet. Daf\u00fcr hat man einiges vom Skigebiet &#8220;Espace Diamant&#8221; gesehen. Nat\u00fcrlich hatte ich keine Zeit, irgendwo anzuhalten, hab nur aus dem Auto raus fotografiert:<\/p>\n<p>Pistenplan:<br \/>\n<a href='http:\/\/www.espacediamant.com\/pdf\/plan-pistes-espace-diamant.pdf'>http:\/\/www.espacediamant.com\/pdf\/plan-pistes-espace-diamant.pdf<\/a><\/p>\n<p><a href='http:\/\/ski.inmontanis.info\/d\/132220-2\/DSC06950.jpg'><img src=http:\/\/ski.inmontanis.info\/d\/132218-3\/DSC06950.jpg \/><\/a><br \/>\n^ Les Saisies<\/p>\n<p><a href='http:\/\/ski.inmontanis.info\/d\/132224-2\/DSC06956.jpg'><img src=http:\/\/ski.inmontanis.info\/d\/132223-3\/DSC06956.jpg \/><\/a><br \/>\n^ Saisies \/ Bisanne<\/p>\n<p><a href='http:\/\/ski.inmontanis.info\/d\/132228-2\/DSC06958.jpg'><img src=http:\/\/ski.inmontanis.info\/d\/132227-3\/DSC06958.jpg \/><\/a><br \/>\n^ Saisies \/ Chard du Beurre<\/p>\n<p><img src=http:\/\/ski.inmontanis.info\/d\/132232-2\/DSC06961.jpg \/><br \/>\n^ Saisies \/ Bisanne<\/p>\n<p><a href='http:\/\/ski.inmontanis.info\/d\/132298-3\/DSC06967.jpg'><img src=http:\/\/ski.inmontanis.info\/d\/132297-4\/DSC06967.jpg \/><\/a><br \/>\n^ Am Col Saisies<\/p>\n<p><a href='http:\/\/ski.inmontanis.info\/d\/132237-2\/DSC06968.jpg'><img src=http:\/\/ski.inmontanis.info\/d\/132236-3\/DSC06968.jpg \/><\/a><br \/>\n^ Saisies \/ Chard du Beurre. Das schmale Skibr\u00fccklein schaut doch nett aus.<\/p>\n<p><a href='http:\/\/ski.inmontanis.info\/d\/132241-2\/DSC06971.jpg'><img src=http:\/\/ski.inmontanis.info\/d\/132240-3\/DSC06971.jpg \/><\/a><br \/>\n^ Mont Lachat, Kurven-KSSL im Wald<\/p>\n<p><img src=http:\/\/ski.inmontanis.info\/d\/132245-2\/DSC06973.jpg \/><br \/>\n^ Notre Dame de Bellecombe \/ Mont Rond<\/p>\n<p><a href='http:\/\/ski.inmontanis.info\/d\/132249-2\/DSC06978.jpg'><img src=http:\/\/ski.inmontanis.info\/d\/132248-3\/DSC06978.jpg \/><\/a><br \/>\n^ Notre Dame de Bellecombe \/ Mont Rond (Boulang\u00e8re)<\/p>\n<p><img src=http:\/\/ski.inmontanis.info\/d\/132253-2\/DSC06979.jpg \/><br \/>\n^ Notre Dame de Bellecombe \/ Mont Reguet. Die DSB (?) geht hier ohne eine Piste am Lift ganz easy rauf ..<\/p>\n<p><a href='http:\/\/ski.inmontanis.info\/d\/132257-2\/DSC06980.jpg'><img src=http:\/\/ski.inmontanis.info\/d\/132256-3\/DSC06980.jpg \/><\/a><br \/>\n^ Notre Dame de Bellecombe \/ Mont Rond<\/p>\n<p><a href='http:\/\/ski.inmontanis.info\/d\/132302-3\/DSC06985.jpg'><img src=http:\/\/ski.inmontanis.info\/d\/132301-4\/DSC06985.jpg \/><\/a><br \/>\n^ R\u00fcckblick<\/p>\n<p><a href='http:\/\/ski.inmontanis.info\/d\/132262-2\/DSC06987.jpg'><img src=http:\/\/ski.inmontanis.info\/d\/132261-3\/DSC06987.jpg \/><\/a><br \/>\n^ Notre Dame de Bellecombe \/ Mont Reguet<\/p>\n<p><a href='http:\/\/ski.inmontanis.info\/d\/132266-2\/DSC06989.jpg'><img src=http:\/\/ski.inmontanis.info\/d\/132265-3\/DSC06989.jpg \/><\/a><br \/>\n^ Notre Dame de Bellecombe \/ Mont Reguet<\/p>\n<p><a href='http:\/\/ski.inmontanis.info\/d\/132270-2\/DSC06993.jpg'><img src=http:\/\/ski.inmontanis.info\/d\/132269-3\/DSC06993.jpg \/><\/a><br \/>\n^ Notre Dame \/ Flumet \/ Mont Reguet<\/p>\n<p><a href='http:\/\/ski.inmontanis.info\/d\/132274-2\/DSC06996.jpg'><img src=http:\/\/ski.inmontanis.info\/d\/132273-3\/DSC06996.jpg \/><\/a><br \/>\n^ Flumet \/ Mont Reguet<\/p>\n<p><a href='http:\/\/ski.inmontanis.info\/d\/132278-2\/DSC06997.jpg'><img src=http:\/\/ski.inmontanis.info\/d\/132277-3\/DSC06997.jpg \/><\/a><br \/>\n^ Flumet \/ Evettes (vmtl.) Hier gibt&#8217;s also doch ein paar sinnlose Pistenmodellierungen.<\/p>\n<p><img src=http:\/\/ski.inmontanis.info\/d\/132282-3\/DSC06998.jpg \/><br \/>\n^ vmtl. Praz sur Arly, hinten der Mont Blanc<\/p>\n<p><a href='http:\/\/ski.inmontanis.info\/d\/132286-3\/DSC07000.jpg'><img src=http:\/\/ski.inmontanis.info\/d\/132285-4\/DSC07000.jpg \/><\/a><br \/>\n^ Praz sur Arly<\/p>\n<p><a href='http:\/\/ski.inmontanis.info\/d\/132290-3\/DSC07002.jpg'><img src=http:\/\/ski.inmontanis.info\/d\/132289-4\/DSC07002.jpg \/><\/a><br \/>\n^ Praz sur Arly, das hintere k\u00f6nnte aber evtl. schon zu einem anderen Skigebiet geh\u00f6ren<\/p>\n<p><img src=http:\/\/ski.inmontanis.info\/d\/132294-3\/DSC07003.jpg \/><br \/>\n^ Praz sur Arly<\/p>\n<p>Machte mir in Summe einen netten Eindruck. Kaum modelliert, sch\u00f6ne schmale Waldabfahrten, viele KSSL, viele verbundene Gipfel\/H\u00fcgel (wohl so um die 11, wenn ich&#8217;s am Plan recht interpretiere). Muss ich mal im Winter vorbei.<\/p>\n<p>Weiter ging&#8217;s u.a. \u00fcber Megeve bis nach Chamonix.<\/p>\n<p><img src=http:\/\/extra.inmontanis.info\/d\/8818-3\/DSC07009.jpg \/><br \/>\n^ da spitzt der Mont Blanc schon wieder :)<\/p>\n<p><img src=http:\/\/extra.inmontanis.info\/d\/8822-3\/DSC07015.jpg \/><br \/>\n^ Blick zum Mont Blanc von Gervais<\/p>\n<p><a href='http:\/\/extra.inmontanis.info\/d\/8826-3\/DSC07016.jpg'><img src=http:\/\/extra.inmontanis.info\/d\/8824-3\/DSC07016.jpg \/><\/a><br \/>\n^ Schnellstra\u00dfe nach Chamonix<\/p>\n<p><img src=http:\/\/ski.inmontanis.info\/d\/132306-3\/DSC07018.jpg \/><br \/>\n^ Blick von der Schnellstra\u00dfe zum Mont Blanc<\/p>\n<p><img src=http:\/\/ski.inmontanis.info\/d\/132320-3\/DSC07021.jpg \/><br \/>\n^ Mont Blanc<\/p>\n<p><img src=http:\/\/ski.inmontanis.info\/d\/132311-3\/DSC07022.jpg \/><br \/>\n^ Aiguille du Midi<\/p>\n<p><a href='http:\/\/ski.inmontanis.info\/d\/132315-3\/DSC07029.jpg'><img src=http:\/\/ski.inmontanis.info\/d\/132314-4\/DSC07029.jpg \/><\/a><br \/>\n^ Wartezeit in Chamonix &#8230;<\/p>\n<p><img src=http:\/\/ski.inmontanis.info\/d\/132324-3\/DSC07031.jpg \/><br \/>\n^ Argentiere. Eins der vielen ehemaligen Sommerskigebiete :-(<\/p>\n<p><a href='http:\/\/extra.inmontanis.info\/d\/8830-3\/DSC07035.jpg'><img src=http:\/\/extra.inmontanis.info\/d\/8828-3\/DSC07035.jpg \/><\/a><br \/>\n^ Blick nach Martigny und ins Rh\u00f4ne-Tal<\/p>\n<p><img src=http:\/\/extra.inmontanis.info\/d\/8834-3\/DSC07036.jpg \/><br \/>\n^ Vorbei am Lac Leman. (Genfersee)<\/p>\n<p>Auf der Autobahn um Z\u00fcrich, es war bereits nach 22 Uhr, hatte ich noch ein Problem: Stau. Extremer Stau. Haben die doch eine Tunnelseite gesperrt, 3 Spuren m\u00fcssen auf 1 zusammen. Der Stau war im TMC schon Stunden vorher gemeldet, dann aber irgendwann nicht mehr &#8211; und just als ich an der Verzweigung war, wo ich noch richtung Chur h\u00e4tte fahren k\u00f6nnen, war der Stau wieder im Navi. Hm. Keine Ahnung, wo der Tunnel ist, vielleicht gleich nach der Kurve? Lt. Navi ist die Strecke \u00fcber Chur ein Umweg. Und au\u00dferdem sind hier so viel Z\u00fcricher Autos, also kanns ja gar nicht so schlimm sein.<\/p>\n<p>Ja, denkste. \u00dcber &#8216;ne halbe Stunde Zeitverlust.<\/p>\n<p>Danach ging&#8217;s ohne Probleme weiter, und dass ich diesmal die ca. 8 Minuten Umweg \u00fcbern Arlbergpass nicht fahre, sondern die 8,50 \u00a4 f\u00fcr den Tunnel zahle &#8211; liegt einzig und allein an der sp\u00e4ten Uhrzeit: Erst nach 1:30 Uhr war ich daheim, \u00fcbrigens ohne eine einzige Pause, weder zum Essen noch zum Pinkeln, 9 Stunden durchgefahren. Da waren die Knie flattrig. Hab ich auch noch nie geschafft :) Aber jetzt nix wie ins Bett, um 8 Uhr f\u00e4ngt die Arbeit wieder an, d.h. allersp\u00e4testens um 7:25 aufstehen.<\/p>\n<p>Somit war das verl\u00e4ngerte Wochenende und die 3-4 Tage zu Ende. Viel mehr kann man an 4 Tagen wohl nicht machen\/erleben ;-)<\/p>\n","protected":false},"excerpt":{"rendered":"<p>Gegen 13:20 fuhr ich mit der U-SSB wieder talw\u00e4rts, als ich um 13:24 pl\u00f6tzlich eine SMS erhielt&#8230; Alpinforum-User &#8220;Turms&#8221; (der aus Griechenland) hat auf dem Parkplatz mein Auto gesehen &#8211; zuf\u00e4lligerweise war er mit seiner Freundin (Frau?) auch in Tignes, machen eine 2-w\u00f6chige Alpen-Rundfahrt! Die Welt ist klein, wenn sich einer aus Griechenland und einer <a href=\"http:\/\/blog.inmontanis.info\/?p=1708\">[&#8230;]<\/a><\/p>\n","protected":false},"author":1,"featured_media":0,"comment_status":"open","ping_status":"closed","sticky":false,"template":"","format":"standard","meta":{"footnotes":""},"categories":[99,306,16],"tags":[48,45],"class_list":["post-1708","post","type-post","status-publish","format-standard","hentry","category-201106-wasst","category-espace-diamant","category-france","tag-kssl","tag-see","odd"],"_links":{"self":[{"href":"http:\/\/blog.inmontanis.info\/index.php?rest_route=\/wp\/v2\/posts\/1708","targetHints":{"allow":["GET"]}}],"collection":[{"href":"http:\/\/blog.inmontanis.info\/index.php?rest_route=\/wp\/v2\/posts"}],"about":[{"href":"http:\/\/blog.inmontanis.info\/index.php?rest_route=\/wp\/v2\/types\/post"}],"author":[{"embeddable":true,"href":"http:\/\/blog.inmontanis.info\/index.php?rest_route=\/wp\/v2\/users\/1"}],"replies":[{"embeddable":true,"href":"http:\/\/blog.inmontanis.info\/index.php?rest_route=%2Fwp%2Fv2%2Fcomments&post=1708"}],"version-history":[{"count":4,"href":"http:\/\/blog.inmontanis.info\/index.php?rest_route=\/wp\/v2\/posts\/1708\/revisions"}],"predecessor-version":[{"id":8918,"href":"http:\/\/blog.inmontanis.info\/index.php?rest_route=\/wp\/v2\/posts\/1708\/revisions\/8918"}],"wp:attachment":[{"href":"http:\/\/blog.inmontanis.info\/index.php?rest_route=%2Fwp%2Fv2%2Fmedia&parent=1708"}],"wp:term":[{"taxonomy":"category","embeddable":true,"href":"http:\/\/blog.inmontanis.info\/index.php?rest_route=%2Fwp%2Fv2%2Fcategories&post=1708"},{"taxonomy":"post_tag","embeddable":true,"href":"http:\/\/blog.inmontanis.info\/index.php?rest_route=%2Fwp%2Fv2%2Ftags&post=1708"}],"curies":[{"name":"wp","href":"https:\/\/api.w.org\/{rel}","templated":true}]}}