{"id":1702,"date":"2011-06-25T19:37:06","date_gmt":"2011-06-25T17:37:06","guid":{"rendered":"http:\/\/blog.inmontanis.info\/?p=1702"},"modified":"2023-07-31T18:22:21","modified_gmt":"2023-07-31T16:22:21","slug":"col-de-liseran-val-disere-25-6-2011","status":"publish","type":"post","link":"http:\/\/blog.inmontanis.info\/?p=1702","title":{"rendered":"Col de l&#8217;Iseran &#038; Val d&#8217;Is\u00e8re, 25.6.2011"},"content":{"rendered":"<p>Am Col de l&#8217;Iseran, besser gesagt im Restaurant dort, gabelte ich die 3 Mitstreiter wieder auf&#8230;.<!--more--> Da das Essen dort weder besonders gut noch besonders g\u00fcnstig war, entschied ich mich, nichts zu essen. Nachdem au\u00dferdem die &#8220;Toilette heute nicht vorhanden&#8221; war, und im Gletscherskigebiet ja auch keine Restaurants oder Toiletten zu sein scheinen, sind wir erst nach Bonneval runter, wo uns Trinc einlud &#8211; und noch 2 K\u00e4se-Schinken-Toastpaninis verspeist wurden.<\/p>\n<p>Hernach hat uns Trincerone noch eine Wanderung vorgeschlagen, an der S\u00fcdseite des Col de l&#8217;Iseran, mit wenig H\u00f6henmeter, &#8220;Balkonm\u00e4\u00dfig&#8221; in das Tal hinen vis-a-vis diversen Gletschern.<\/p>\n<p>Vom Parkplatz ging&#8217;s aber erst mal ein sch\u00f6nes St\u00fcck hinauf, bis man gerade weiter hinein wandern konnte&#8230;. \u00dcbrigens mein erster Wandertag heuer, das erste Mal die Wanderschuhe an. Anscheinend geht die Skisaison jetzt langsam zu Ende? <\/p>\n<p><u>WestAlpen-SommerSki-Tour 2011<\/u> &#8211; <em>Teil 6<\/em><\/p>\n<p><font color=#BBBBBB>Do, 23.6.: Stubaier Gletscher, Sommerski (Ostalpen)<br \/>\nFr, 24.6.: Les 2 Alpes, Sommerski<br \/>\nFr, 24.6.: Les 2 Alpes, 4EUB Diable &#038; 6EUB Venosc &#038; DSB Bons<br \/>\nFr, 24.6.: Grenoble, GUB auf die Bastille zum Sonnenuntergang &#038; Grenoble bei Nacht<br \/>\nSa, 25.6.: Val d&#8217;Is\u00e8re \/ Pissaillas, Sommerski (mit k2k &#038; Trincerone)<\/font><br \/>\n<strong>Sa, 25.6.: Wanderung s\u00fcdl. des Col de l&#8217;Iseran (mit k2k &#038; Trincerone)<br \/>\nSa, 25.6.: Val d&#8217;Is\u00e8re, diverse Seilbahnen im Sommerschlaf (mit k2k)<\/strong><br \/>\n<font color=#BBBBBB>So, 26.6.: Tignes, Sommerski<br \/>\nSo, 26.6.: R\u00fcckfahrt \u00fcber Cormet de Roselend, Espace Diamant, Chamonix<\/font><\/p>\n<p><em>Fotos anklicken zum Vergr\u00f6\u00dfern, soweit nicht vergr\u00f6\u00dfert gepostet:<\/em><\/p>\n<p><a href='http:\/\/ski.inmontanis.info\/d\/131893-3\/DSC06699.jpg'><img src=http:\/\/ski.inmontanis.info\/d\/131892-4\/DSC06699.jpg \/><\/a><br \/>\n^ Talstation einer Material-Seilbahn<\/p>\n<p><a href='http:\/\/ski.inmontanis.info\/d\/131897-3\/DSC06700.jpg'><img src=http:\/\/ski.inmontanis.info\/d\/131896-4\/DSC06700.jpg \/><\/a><br \/>\n^ Strecke der Materialseilbahn, f\u00fchrt mitten in den Schotterhaufen zu einem Zelt. Links das Gef\u00e4hrt, das vmtl. ans Seil geh\u00e4ngt wird. Evtl. sucht dort einer Kristalle?<\/p>\n<p><a href='http:\/\/ski.inmontanis.info\/d\/131901-3\/DSC06703.jpg'><img src=http:\/\/ski.inmontanis.info\/d\/131900-4\/DSC06703.jpg \/><\/a><br \/>\n^ Die Rolle der Materialseilbahn.<\/p>\n<p><img src=http:\/\/ski.inmontanis.info\/d\/131905-3\/DSC06705.jpg \/><br \/>\n^ Wanderweg mit Gletscherblick<\/p>\n<p><a href='http:\/\/ski.inmontanis.info\/d\/131910-3\/DSC06715.jpg'><img src=http:\/\/ski.inmontanis.info\/d\/131909-4\/DSC06715.jpg \/><\/a><br \/>\n^ Blick retour, unten unterhalb des Fotos ginge die Pass-Stra\u00dfe (HDR-Modus)<\/p>\n<p><img src=http:\/\/ski.inmontanis.info\/d\/131914-3\/DSC06720.jpg \/><br \/>\n^ &#8216;ne kleine Hochebene und (fast) rundrum Gletscher.<\/p>\n<p><img src=http:\/\/ski.inmontanis.info\/d\/132043-3\/DSC06711.jpg \/><br \/>\n^ Netter Gletscherbruch da &#8230;<\/p>\n<p><a href='http:\/\/ski.inmontanis.info\/d\/131918-3\/DSC06718.jpg'><img src=http:\/\/ski.inmontanis.info\/d\/131917-4\/DSC06718.jpg \/><\/a><br \/>\n^ Pano Talausw\u00e4rts. Hier oben hat&#8217;s einen Haufen Schafe &#8211; und ein paar Murmeltiere (von denen mir in der fr\u00fch schon etliche \u00fcber die Stra\u00dfe gelaufen sind).<\/p>\n<p><img src=http:\/\/ski.inmontanis.info\/d\/131922-3\/DSC06722.jpg \/><br \/>\n^ Cpt. Retro on tour. Ziemlich z\u00fcgig, die zwei, zu schnell f\u00fcr mich.<\/p>\n<p><img src=http:\/\/ski.inmontanis.info\/d\/131926-3\/DSC06724.jpg \/><br \/>\n^ Hier oben gibt&#8217;s 1-2 kleine Seen, hier der unspektakul\u00e4rere der beiden.<\/p>\n<p><img src=http:\/\/ski.inmontanis.info\/d\/131930-3\/DSC06726.jpg \/><br \/>\n^ Ende des Sees, hinter der Kurve ist ein etwas gr\u00f6\u00dferer See.<\/p>\n<p><a href='http:\/\/ski.inmontanis.info\/d\/131934-3\/DSC06727.jpg'><img src=http:\/\/ski.inmontanis.info\/d\/131933-4\/DSC06727.jpg \/><\/a><br \/>\n^ Gletscherpano<\/p>\n<p><a href='http:\/\/ski.inmontanis.info\/d\/131889-3\/DSC06734.jpg'><img src=http:\/\/ski.inmontanis.info\/d\/131888-4\/DSC06734.jpg \/><\/a><br \/>\n^ Blick ins Skigebiet von Bonneval<\/p>\n<p><a href='http:\/\/ski.inmontanis.info\/d\/131938-3\/DSC06729.jpg'><img src=http:\/\/ski.inmontanis.info\/d\/131937-4\/DSC06729.jpg \/><\/a><br \/>\n^ Gletscherpano. Genug gelaufen f\u00fcr heute.<\/p>\n<p>Mein iPod-Pedometer zeigte nach ca. 2 Stunden Wanderung knapp 7.000 Schritte an, k2k und ich wollten &#8211; u.a. auch aufgrund der sp\u00e4ten Stunde &#8211; zur\u00fcck. Trincerone ging mit seiner Freundin noch weiter Richtung Rifugio.<\/p>\n<p><img src=http:\/\/ski.inmontanis.info\/d\/131942-3\/DSC06737.jpg \/><br \/>\n^ Es gab sehr (sehr) viel Enzian hier, ab &#038; zu gab&#8217;s auch solche Moos-Steine mit Enzian drauf. Sehr h\u00fcbsch.<\/p>\n<p><img src=http:\/\/ski.inmontanis.info\/d\/131946-3\/DSC06735.jpg \/><br \/>\n^ Enzian-Moos<\/p>\n<p><img src=http:\/\/ski.inmontanis.info\/d\/131950-3\/DSC06739.jpg \/><br \/>\n^ Enzian-Moos<\/p>\n<p><img src=http:\/\/ski.inmontanis.info\/d\/131954-3\/DSC06743.jpg \/><br \/>\n^ Der gr\u00f6\u00dfere See.<\/p>\n<p><img src=http:\/\/ski.inmontanis.info\/d\/131958-3\/DSC06745.jpg \/><br \/>\n^ Verbindung zwischen den beiden Seen<\/p>\n<p><a href='http:\/\/ski.inmontanis.info\/d\/131962-3\/DSC06749.jpg'><img src=http:\/\/ski.inmontanis.info\/d\/131961-4\/DSC06749.jpg \/><\/a><br \/>\n^ Blick zur Iseran-Stra\u00dfe (S\u00fcdseitig)<\/p>\n<p>Auf dem Weg zur\u00fcck nach Tignes haben wir noch bei einigen Seilbahnen im Skigebiet von Val d&#8217;Is\u00e8re Halt gemacht:<\/p>\n<p><a href='http:\/\/ski.inmontanis.info\/d\/131966-3\/DSC06751.jpg'><img src=http:\/\/ski.inmontanis.info\/d\/131965-4\/DSC06751.jpg \/><\/a><br \/>\n^ KSB Leissieres mit Tunnel-Piste (HDR-Modus)<\/p>\n<p><a href='http:\/\/ski.inmontanis.info\/d\/131970-3\/P1600619-.jpg'><img src=http:\/\/ski.inmontanis.info\/d\/131969-4\/P1600619-.jpg \/><\/a><br \/>\n^ Zoom zum Tunnel der Tunnel-Piste.<\/p>\n<p><img src=http:\/\/ski.inmontanis.info\/d\/132061-3\/DSC06770.jpg \/><br \/>\n^ Vallon \/ Pyramides<\/p>\n<p><a href='http:\/\/ski.inmontanis.info\/d\/132048-3\/DSC06762.jpg'><img src=http:\/\/ski.inmontanis.info\/d\/132047-4\/DSC06762.jpg \/><\/a><br \/>\n^ Pininfarina-6EUB Vallon (HDR-Modus)<\/p>\n<p><img src=http:\/\/ski.inmontanis.info\/d\/131975-3\/P1600622.jpg \/><br \/>\n^ Mittelstation Fornet &#8211; Vallon (IR)<\/p>\n<p><a href='http:\/\/ski.inmontanis.info\/d\/131980-3\/DSC06767.jpg'><img src=http:\/\/ski.inmontanis.info\/d\/131979-4\/DSC06767.jpg \/><\/a><br \/>\n^ PB Fornet, Zoom Talstation<\/p>\n<p><a href='http:\/\/ski.inmontanis.info\/d\/131984-3\/DSC06768.jpg'><img src=http:\/\/ski.inmontanis.info\/d\/131983-4\/DSC06768.jpg \/><\/a><br \/>\n^ PB Fornet, Bergstation<\/p>\n<p><a href='http:\/\/ski.inmontanis.info\/d\/131988-3\/DSC06769.jpg'><img src=http:\/\/ski.inmontanis.info\/d\/131987-4\/DSC06769.jpg \/><\/a><br \/>\n^ PB Fornet, Bergstation<\/p>\n<p><a href='http:\/\/ski.inmontanis.info\/d\/131992-3\/DSC06775.jpg'><img src=http:\/\/ski.inmontanis.info\/d\/131991-4\/DSC06775.jpg \/><\/a><br \/>\n^ Rocher de Bellevarde \/ Olympique<\/p>\n<p><a href='http:\/\/ski.inmontanis.info\/d\/131996-3\/DSC06772.jpg'><img src=http:\/\/ski.inmontanis.info\/d\/131995-4\/DSC06772.jpg \/><\/a><br \/>\n^ Solaise \/ Rogoney \/ Solaise<\/p>\n<p><img src=http:\/\/ski.inmontanis.info\/d\/132000-3\/DSC06777.jpg \/><br \/>\n^ Talstation PB Solaise. H\u00fcbsch.<\/p>\n<p><a href='http:\/\/ski.inmontanis.info\/d\/132004-3\/DSC06781.jpg'><img src=http:\/\/ski.inmontanis.info\/d\/132003-4\/DSC06781.jpg \/><\/a><br \/>\n^ PB Solaise<\/p>\n<p><a href='http:\/\/ski.inmontanis.info\/d\/132008-3\/DSC06782.jpg'><img src=http:\/\/ski.inmontanis.info\/d\/132007-4\/DSC06782.jpg \/><\/a><br \/>\n^ PB Solaise<\/p>\n<p><a href='http:\/\/ski.inmontanis.info\/d\/132052-3\/DSC06784.jpg'><img src=http:\/\/ski.inmontanis.info\/d\/132051-4\/DSC06784.jpg \/><\/a><br \/>\n^ Neuer Komfort-Sessel :)<\/p>\n<p><a href='http:\/\/ski.inmontanis.info\/d\/132013-3\/DSC06786.jpg'><img src=http:\/\/ski.inmontanis.info\/d\/132012-4\/DSC06786.jpg \/><\/a><br \/>\n^ 4EUB La Daille<\/p>\n<p><a href='http:\/\/ski.inmontanis.info\/d\/132056-3\/DSC06787.jpg'><img src=http:\/\/ski.inmontanis.info\/d\/132055-4\/DSC06787.jpg \/><\/a><br \/>\n^ 3SB Etroits neben der Daille.<\/p>\n<p><img src=http:\/\/ski.inmontanis.info\/d\/132018-3\/DSC06788.jpg \/><br \/>\n^ 3SB Etroits. Hat erstaunlicherweise eine h\u00f6henverstellbare Talstation!<\/p>\n<p><a href='http:\/\/ski.inmontanis.info\/d\/132022-3\/DSC06789.jpg'><img src=http:\/\/ski.inmontanis.info\/d\/132021-4\/DSC06789.jpg \/><\/a><br \/>\n^ 3SB Etroits \/ 4 EUB Daille. Die 3SB hat dort oben kurioserweise 2 einseitige St\u00fctzen<\/p>\n<p><a href='http:\/\/ski.inmontanis.info\/d\/132066-3\/DSC06796.jpg'><img src=http:\/\/ski.inmontanis.info\/d\/132065-4\/DSC06796.jpg \/><\/a><br \/>\n^ 4EUB La Daille Talstation<\/p>\n<p><img src=http:\/\/ski.inmontanis.info\/d\/132027-3\/DSC06798.jpg \/><br \/>\n^ H\u00e4userkomplex in La Daille. Mir gef\u00e4llt&#8217;s.<\/p>\n<p><a href='http:\/\/ski.inmontanis.info\/d\/132031-3\/DSC06800.jpg'><img src=http:\/\/ski.inmontanis.info\/d\/132030-4\/DSC06800.jpg \/><\/a><br \/>\n^ Zoom Solaise (KSB und PB)<\/p>\n<p>Danach ging&#8217;s Duschen und sp\u00e4ter noch zum Essen in eine Pizzeria in Tignes, es war inzwischen so um 22 Uhr war, kurze Zeit nach uns auch Trincerone &#038; Cie wieder zu uns stie\u00dfen und wir den Tag bei Pasta und 3 Savoyarde-Pizzen (mit Creme fraiche, Kartoffeln, Schinken, &#8230;) ausklingen lie\u00dfen.<br \/>\nIch fuhr wieder nach Val d&#8217;Is\u00e8re runter, wo ich an einem gro\u00dfen Parkplatz in der N\u00e4he der SSB \u00fcbernachtet hab, nicht ohne noch 2 Langzeitfotos zu machen:<br \/>\n<img src=http:\/\/ski.inmontanis.info\/d\/132035-3\/DSC06814.jpg \/><br \/>\n^ Funival by night (15 sec)<\/p>\n<p><img src=http:\/\/ski.inmontanis.info\/d\/132039-3\/DSC06811.jpg \/><br \/>\n^ Funival, KSSL und 4EUB bei Nacht (20 sec)<\/p>\n","protected":false},"excerpt":{"rendered":"<p>Am Col de l&#8217;Iseran, besser gesagt im Restaurant dort, gabelte ich die 3 Mitstreiter wieder auf&#8230;.<\/p>\n<p> <a href=\"http:\/\/blog.inmontanis.info\/?p=1702\">[&#8230;]<\/a><\/p>\n","protected":false},"author":1,"featured_media":0,"comment_status":"open","ping_status":"closed","sticky":false,"template":"","format":"standard","meta":{"footnotes":""},"categories":[99,16,341,30],"tags":[55,49,39,100,52,45],"class_list":["post-1702","post","type-post","status-publish","format-standard","hentry","category-201106-wasst","category-france","category-val-disere","category-wandern","tag-3sb","tag-4sb","tag-6eub","tag-langzeitbelichtung","tag-pb","tag-see","odd"],"_links":{"self":[{"href":"http:\/\/blog.inmontanis.info\/index.php?rest_route=\/wp\/v2\/posts\/1702","targetHints":{"allow":["GET"]}}],"collection":[{"href":"http:\/\/blog.inmontanis.info\/index.php?rest_route=\/wp\/v2\/posts"}],"about":[{"href":"http:\/\/blog.inmontanis.info\/index.php?rest_route=\/wp\/v2\/types\/post"}],"author":[{"embeddable":true,"href":"http:\/\/blog.inmontanis.info\/index.php?rest_route=\/wp\/v2\/users\/1"}],"replies":[{"embeddable":true,"href":"http:\/\/blog.inmontanis.info\/index.php?rest_route=%2Fwp%2Fv2%2Fcomments&post=1702"}],"version-history":[{"count":3,"href":"http:\/\/blog.inmontanis.info\/index.php?rest_route=\/wp\/v2\/posts\/1702\/revisions"}],"predecessor-version":[{"id":8946,"href":"http:\/\/blog.inmontanis.info\/index.php?rest_route=\/wp\/v2\/posts\/1702\/revisions\/8946"}],"wp:attachment":[{"href":"http:\/\/blog.inmontanis.info\/index.php?rest_route=%2Fwp%2Fv2%2Fmedia&parent=1702"}],"wp:term":[{"taxonomy":"category","embeddable":true,"href":"http:\/\/blog.inmontanis.info\/index.php?rest_route=%2Fwp%2Fv2%2Fcategories&post=1702"},{"taxonomy":"post_tag","embeddable":true,"href":"http:\/\/blog.inmontanis.info\/index.php?rest_route=%2Fwp%2Fv2%2Ftags&post=1702"}],"curies":[{"name":"wp","href":"https:\/\/api.w.org\/{rel}","templated":true}]}}