{"id":1699,"date":"2011-06-25T12:00:53","date_gmt":"2011-06-25T10:00:53","guid":{"rendered":"http:\/\/blog.inmontanis.info\/?p=1699"},"modified":"2023-07-31T18:24:23","modified_gmt":"2023-07-31T16:24:23","slug":"col-de-liseran-pissaillas-sommerski-25-6-2011","status":"publish","type":"post","link":"http:\/\/blog.inmontanis.info\/?p=1699","title":{"rendered":"Col de l&#8217;Iseran &#8211; Pissaillas (Sommerski), 25.6.2011"},"content":{"rendered":"<p>Wie schon gesagt, irgendwann um 6 oder nach 6 Uhr ging&#8217;s wieder weiter, durch die Maurienne auf den Col de l&#8217;Iseran. 14,30 \u20ac Maut von Gronble bis zum Ende der Autobahn fand ich ziemlich heftig.<!--more--> N\u00e4chstes Jahr fahr ich wieder einen der P\u00e4sse von L2A.<\/p>\n<p>Ab 9 Uhr (und auch morgen irgendwann) war die Stra\u00dfe bei Bonneval wg. eines Rollen-Langlauf-Events gesperrt, puh, zum Gl\u00fcck war ich etwas fr\u00fcher dran. Glaub so gegen 8:45 war ich oben am Parkplatz der KSB und sah gerade 3 Leutchen von der Kasse zur KSB latschen &#8211; und die Jacke.. das ist doch Trincerone? Nunja, bis ich fertig bin, sollen die mal eine Runde fahren. Aber wieso drei? k2k, Trincerone &#8230; wo haben&#8217;s denn den 3. aufgegabelt?<\/p>\n<p>Geparkt hab ich \u00fcbrigens normal am oberen Parkplatz, die meisten anderen waren ja unten direkt an der KSB, aber das St\u00fcck  Feldweg da runter war mir entschieden zu steil &#8211; wollte nicht riskieren, da nachmittags nicht mehr rauf zu kommen &#8211; mit steileren Schotterstra\u00dfen hab ich ja da schon einige negative Erfahrungen gemacht.<\/p>\n<p>Tageskarte um 23,- gekauft und mit der KSB nach oben. Versucht, k2k anzurufen, ging aber nicht ans Handy. Hm. Naja, wird man sich schon finden, dort oben. Oben angekommen: Ahja, da f\u00e4hrt ja gerade Trincerone runter. Nix wie hin. \u00c4h&#8230; H\u00e4? Ne, das ist nicht Trincerone. So&#8217;was, dass diese Jacke noch jemand anders tr\u00e4gt&#8230;.. \u00c4h? Ah, da kommt er ja. Stellte sich heraus, dass das seine Freundin war. Aber in dem Skigebiet f\u00e4hrt man sich \u00f6fters \u00fcber den Weg, auch sp\u00e4ter, als wir uns noch mal f\u00fcr einige Zeit getrennt hatten.<\/p>\n<p>Am SL war extrem viel los, Wartezeiten den ganzen Tag (Betriebsschluss 12 Uhr!) \u00fcber, jugendliche Trainingsgruppen, und eine extreme Dr\u00e4ngelei. War recht nervig, so dass wir gleich mal die Talabfahrt in Angriff nahmen &#8211; im oberen Bereich super, danach etwas naja, wobei das &#8220;Naja&#8221;-St\u00fcck mit der anderen Talabfahrt umfahren werden konnt, die ging dann wirklich gut. So bin ich ein paar Mal die Talabfahrt gefahren bis ich wieder in den SL stieg. W\u00e4re w\u00fcnschenswert, dass der SL rechts von der KSB auch wieder reaktiviert werden w\u00fcrde.<\/p>\n<p><u>WestAlpen-SommerSki-Tour 2011<\/u> &#8211; <em>Teil 5<\/em><\/p>\n<p><font color=#BBBBBB>Do, 23.6.: Stubaier Gletscher, Sommerski (Ostalpen)<br \/>\nFr, 24.6.: Les 2 Alpes, Sommerski<br \/>\nFr, 24.6.: Les 2 Alpes, 4EUB Diable &#038; 6EUB Venosc &#038; DSB Bons<br \/>\nFr, 24.6.: Grenoble, GUB auf die Bastille zum Sonnenuntergang &#038; Grenoble bei Nacht<\/font><br \/>\n<strong>Sa, 25.6.: Val d&#8217;Is\u00e8re \/ Pissaillas, Sommerski (mit k2k &#038; Trincerone)<\/strong><br \/>\n<font color=#BBBBBB>Sa, 25.6.: Wanderung s\u00fcdl. des Col de l&#8217;Iseran (mit k2k &#038; Trincerone)<br \/>\nSa, 25.6.: Val d&#8217;Is\u00e8re, diverse Seilbahnen im Sommerschlaf (mit k2k)<br \/>\nSo, 26.6.: Tignes, Sommerski<br \/>\nSo, 26.6.: R\u00fcckfahrt \u00fcber Cormet de Roselend, Espace Diamant, Chamonix<\/font><\/p>\n<p><em>Fotos, anklicken zum Vergr\u00f6\u00dfern, soweit nicht vergr\u00f6\u00dfert gepostet.<\/em><\/p>\n<p><img src=http:\/\/ski.inmontanis.info\/d\/131798-2\/DSC06669.jpg \/><br \/>\n^ Pissaillas-Gletscher von der Zufahrt vom Col de l&#8217;Iseran aus<\/p>\n<p><img src=http:\/\/ski.inmontanis.info\/d\/131877-2\/DSC06671.jpg \/><br \/>\n^ Zoom Parkplatz, Talstation 4KSB und Abfahrt. Wie man sieht, war die Abfahrt noch bis fast ganz unten fahrbar und pr\u00e4pariert (im oberen Bereich sogar beide), nur minimaler Fu\u00dfweg.<\/p>\n<p><img src=http:\/\/ski.inmontanis.info\/d\/131803-2\/DSC06673.jpg \/><br \/>\n^ Wartezeiten und riesige Dr\u00e4ngelei den ganzen Vormittag \u00fcber am SL. Sehr nervig.<\/p>\n<p><img src=http:\/\/ski.inmontanis.info\/d\/131807-2\/DSC06675.jpg \/><br \/>\n^ In der 4KSB<\/p>\n<p><img src=http:\/\/ski.inmontanis.info\/d\/131811-2\/DSC06676.jpg \/><br \/>\n^ Pano von der SL-Bergstation, in Bildmitte die Grande Motte mit dem Gletscherskigebiet von Tignes.<\/p>\n<p><img src=http:\/\/ski.inmontanis.info\/d\/131815-2\/P1600616-.jpg \/><br \/>\n^ Pano in IR mit Blick zum Gletscherskigebiet von Tignes an der Grande Motte<\/p>\n<p><img src=http:\/\/ski.inmontanis.info\/d\/131819-2\/DSC06680.jpg \/><br \/>\n^ Toller Firnschnee an den gesperrten Abfahrten zur 4KSB &#8211; Talstation<\/p>\n<p><img src=http:\/\/ski.inmontanis.info\/d\/131881-2\/DSC06681.jpg \/><br \/>\n^ .. und im Retro-Look<\/p>\n<p><a href='http:\/\/ski.inmontanis.info\/d\/131824-2\/DSC06682.jpg'><img src=http:\/\/ski.inmontanis.info\/d\/131823-3\/DSC06682.jpg \/><\/a><br \/>\n^ Abfahrt im mittleren Teil. Die nicht im Bild befindliche linke Abfahrt war besser (und somit bis zum Rest des Tages nur noch die linke Abfahrt gefahren)<\/p>\n<p><img src=http:\/\/ski.inmontanis.info\/d\/131828-2\/DSC06683.jpg \/><br \/>\n^ Es gab jedenfalls gen\u00fcgend Freiraum, und dort tollen Firnschnee.<\/p>\n<p><img src=http:\/\/ski.inmontanis.info\/d\/131885-2\/DSC06684.jpg \/><br \/>\n^ Am sp\u00e4teren Vormittag war auch zwischen den linken Trainingsh\u00e4ngen am SL und in Verl\u00e4ngerung weiter runter zur KSB-Talstation traumhafte Firn-Verh\u00e4ltnisse off-piste.<\/p>\n<p><img src=http:\/\/ski.inmontanis.info\/d\/131833-2\/DSC06686.jpg \/><br \/>\n^ Off-Piste weiter unten, an der ehemaligen DSB-Strecke ..<\/p>\n<p><img src=http:\/\/ski.inmontanis.info\/d\/131837-2\/DSC06687.jpg \/><br \/>\n^ Firn-Fun im Retro-Look. k2k und Trincerone sind begeistert, ich .. hatte in Livigno Anfang Mai noch geileren Firn :) (Hei\u00dft: Es gab heute kein Meeresrauschen!)<\/p>\n<p><img src=http:\/\/ski.inmontanis.info\/d\/131841-2\/DSC06688.jpg \/><br \/>\n^ Zwischen den beiden Trainingsh\u00e4ngen am SL. Vorne die rechteste Spur war meine.<\/p>\n<p><a href='http:\/\/ski.inmontanis.info\/d\/131845-2\/DSC06689.jpg'><img src=http:\/\/ski.inmontanis.info\/d\/131844-3\/DSC06689.jpg \/><\/a><br \/>\n^ Hier rauf sind immer wieder Leute aufgestiegen. Den pr\u00e4parierten Weg bin ich auch noch rauf &#8230;<\/p>\n<p><a href='http:\/\/ski.inmontanis.info\/d\/131849-2\/DSC06693.jpg'><img src=http:\/\/ski.inmontanis.info\/d\/131848-3\/DSC06693.jpg \/><\/a><br \/>\n^ .. entpuppte sich doch weniger weit und weniger steil, aber allein wollte ich&#8217;s doch nicht riskieren, weiter auf zu steigen.<\/p>\n<p><img src=http:\/\/ski.inmontanis.info\/d\/131853-2\/DSC06691.jpg \/><br \/>\n^ Pano vom Ende der Raupenspur<\/p>\n<p><img src=http:\/\/ski.inmontanis.info\/d\/131857-2\/DSC06695.jpg \/><br \/>\n^ SL und Trainingsh\u00e4nge<\/p>\n<p><a href='http:\/\/ski.inmontanis.info\/d\/131861-2\/DSC06697.jpg'><img src=http:\/\/ski.inmontanis.info\/d\/131860-3\/DSC06697.jpg \/><\/a><br \/>\n^ Zum Schluss bin ich unten noch eine andere Abfahrt gefahren, musste zwar ein paar mal Abschnallen &#8230;<\/p>\n<p><a href='http:\/\/ski.inmontanis.info\/d\/131865-2\/DSC06698.jpg'><img src=http:\/\/ski.inmontanis.info\/d\/131864-3\/DSC06698.jpg \/><\/a><br \/>\n^ .. daf\u00fcr konnte ich von hier aus bequemer und ohne Aufstieg zu meinem Auto gehen. (Nein, nicht das vor der ehemaligen DSB-Talstation, schon noch den Weg bis zur Kurve weiter vor)<\/p>\n<p><img src=http:\/\/ski.inmontanis.info\/d\/131869-2\/DSC06862.jpg \/><br \/>\n^ Zoom Pissaillas von der Grande Motte vom Tag darauf<\/p>\n<p><img src=http:\/\/ski.inmontanis.info\/d\/131873-2\/P1600646.jpg \/><br \/>\n^ IR-Zoom von Tignes \/ Grande Motte vom Tag darauf<\/p>\n<p>Fazit: Kurzer aber g\u00fcnstiger Skitag, der gr\u00f6\u00dfte Vorteil Ende Juni \/ Anfang Juli ist der tolle Schnee und die vielen Off-Piste-Firn-M\u00f6glichkeiten an der 4KSB, je nach Jahr mal mehr mal weniger, aber die 2x die ich jetzt hier war in den letzten Jahren, wurde ich nicht entt\u00e4uscht. Sehr gerne wieder.<\/p>\n","protected":false},"excerpt":{"rendered":"<p>Wie schon gesagt, irgendwann um 6 oder nach 6 Uhr ging&#8217;s wieder weiter, durch die Maurienne auf den Col de l&#8217;Iseran. 14,30 \u20ac Maut von Gronble bis zum Ende der Autobahn fand ich ziemlich heftig.<\/p>\n<p> <a href=\"http:\/\/blog.inmontanis.info\/?p=1699\">[&#8230;]<\/a><\/p>\n","protected":false},"author":1,"featured_media":0,"comment_status":"open","ping_status":"closed","sticky":false,"template":"","format":"standard","meta":{"footnotes":""},"categories":[99,16,28,341],"tags":[49,78,47],"class_list":["post-1699","post","type-post","status-publish","format-standard","hentry","category-201106-wasst","category-france","category-skifahren-sommer","category-val-disere","tag-4sb","tag-restschnee","tag-sl","odd"],"_links":{"self":[{"href":"http:\/\/blog.inmontanis.info\/index.php?rest_route=\/wp\/v2\/posts\/1699","targetHints":{"allow":["GET"]}}],"collection":[{"href":"http:\/\/blog.inmontanis.info\/index.php?rest_route=\/wp\/v2\/posts"}],"about":[{"href":"http:\/\/blog.inmontanis.info\/index.php?rest_route=\/wp\/v2\/types\/post"}],"author":[{"embeddable":true,"href":"http:\/\/blog.inmontanis.info\/index.php?rest_route=\/wp\/v2\/users\/1"}],"replies":[{"embeddable":true,"href":"http:\/\/blog.inmontanis.info\/index.php?rest_route=%2Fwp%2Fv2%2Fcomments&post=1699"}],"version-history":[{"count":3,"href":"http:\/\/blog.inmontanis.info\/index.php?rest_route=\/wp\/v2\/posts\/1699\/revisions"}],"predecessor-version":[{"id":8948,"href":"http:\/\/blog.inmontanis.info\/index.php?rest_route=\/wp\/v2\/posts\/1699\/revisions\/8948"}],"wp:attachment":[{"href":"http:\/\/blog.inmontanis.info\/index.php?rest_route=%2Fwp%2Fv2%2Fmedia&parent=1699"}],"wp:term":[{"taxonomy":"category","embeddable":true,"href":"http:\/\/blog.inmontanis.info\/index.php?rest_route=%2Fwp%2Fv2%2Fcategories&post=1699"},{"taxonomy":"post_tag","embeddable":true,"href":"http:\/\/blog.inmontanis.info\/index.php?rest_route=%2Fwp%2Fv2%2Ftags&post=1699"}],"curies":[{"name":"wp","href":"https:\/\/api.w.org\/{rel}","templated":true}]}}