{"id":1696,"date":"2011-06-24T23:00:03","date_gmt":"2011-06-24T21:00:03","guid":{"rendered":"http:\/\/blog.inmontanis.info\/?p=1696"},"modified":"2011-07-28T19:30:20","modified_gmt":"2011-07-28T17:30:20","slug":"grenoble-bastille-24-6-2011-abend","status":"publish","type":"post","link":"http:\/\/blog.inmontanis.info\/?p=1696","title":{"rendered":"Grenoble &#8211; Bastille, 24.6.2011 (Abend)"},"content":{"rendered":"<p>Nach L2A ging&#8217;s nach Grenoble, \u00fcbrigens eine der Partnerst\u00e4dte von Innsbruck. Zum Sonnenuntergang will ich an der wundersch\u00f6nen Kugel-GUB sein, also blieb noch Zeit zum Einkaufen und Essen&#8230;.<!--more--> Gar nicht immer so einfach, einen Supermarkt zu finden: 5-10 km vorher das Schild hinstellen ist ja sch\u00f6n und gut, aber wenn dann am entscheidenden Kreisverkehr nirgends erkennbar ist, wo man abbiegen muss, und wenn das Navi noch meint, es g\u00e4be eine Einfahrt von der anderen Seite &#8211; die dann aber nur zur Tankstelle f\u00fchrt &#8230; nun, dann eben zum n\u00e4chsten.<\/p>\n<p>Ja, und in Grenoble bzw. im Umland .. Einkaufszentrum. Riesiges Areal, geht von einer Autobahnausfahrt zur anderen. McDonalds gesehen und gegessen. Aber Supermarkt? Hab ich keinen gesehen. Daf\u00fcr einen KFC. Och Menno, das wenn ich gewusst h\u00e4tte! KFC in Frankreich hatte ich meines Wissens noch nie &#8211; und sp\u00e4ter in der Nacht kam ich noch an einem Quick vorbei, den ich auch nochmal gerne ausgetestet h\u00e4tte.<\/p>\n<p>Nun, ich hab einen Supermarkt gefunden und wollte dann noch einen anderen anfahren &#8211; hab ich auch, aber &#8211; ca. 20 Minunten an der Kasse angestanden! Von den \u00fcber 35 Kassen waren vielleicht 10 besetzt, wobei es ja diverse Kassen gab: Selbstbedienungskassen mit mobilen Barcodelesern, Kassen f\u00fcr Behinderte, Kassen f\u00fcr Kleineink\u00e4ufe, Kassen wo man nur bar zahlen durfte, Kassen wo man nur mit Karte zahlen durfte, Kassen, wo man nur mit speziellen Karten zahlen durfte &#8230; und die Leute hatten die riesigen franz\u00f6sichen Einkaufswagen bis zum Rand voll. Und die Kassierer sind ja nicht gerade schnell &#8211; und die Leute mit dem Einkaufswagen einr\u00e4umen und Scheck- oder Kartenzahlen ja auch lahm, typsisch franz\u00f6sisch halt. Da dauert ein Kassiervorgang eben 5 Minuten oder l\u00e4nger. Nerv.<\/p>\n<p>Dadurch kam ich doch sp\u00e4ter an der GUB zur Bastille <em>(Bastij)<\/em> an als gedacht (gro\u00dfer gratis Parkplatz ein paar hundert Meter entfernt). Netterweise f\u00e4hrt die GUB durchgehend bis zum Sonnenuntergang (auch in der Station h\u00e4lt sie nicht!), so dass sich gen\u00fcgend Fotomotive ergaben, im Talstationsbereich war die Sonne schon weg &#8211; was mich etwas ge\u00e4rgert hat.<\/p>\n<p>Daf\u00fcr wurde ich oben mit einem sch\u00f6nen Sonnenuntergang belohnt.<\/p>\n<p><u>WestAlpen-SommerSki-Tour 2011<\/u> &#8211; <em>Teil 4<\/em><\/p>\n<p><font color=#BBBBBB>Do, 23.6.: Stubaier Gletscher, Sommerski (Ostalpen)<br \/>\nFr, 24.6.: Les 2 Alpes, Sommerski<br \/>\nFr, 24.6.: Les 2 Alpes, 4EUB Diable &#038; 6EUB Venosc &#038; DSB Bons<\/font><br \/>\n<strong>Fr, 24.6.: Grenoble, GUB auf die Bastille zum Sonnenuntergang &#038; Grenoble bei Nacht<\/strong><br \/>\n<font color=#BBBBBB>Sa, 25.6.: Val d&#8217;Is\u00e8re \/ Pissaillas, Sommerski (mit k2k &#038; Trincerone)<br \/>\nSa, 25.6.: Wanderung s\u00fcdl. des Col de l&#8217;Iseran (mit k2k &#038; Trincerone)<br \/>\nSa, 25.6.: Val d&#8217;Is\u00e8re, diverse Seilbahnen im Sommerschlaf (mit k2k)<br \/>\nSo, 26.6.: Tignes, Sommerski<br \/>\nSo, 26.6.: R\u00fcckfahrt \u00fcber Cormet de Roselend, Espace Diamant, Chamonix<\/font><\/p>\n<p><em>Fotos, anklicken zum Vergr\u00f6\u00dfern, soweit nicht vergr\u00f6\u00dfert gepostet.<\/em><\/p>\n<p><a href='http:\/\/extra.inmontanis.info\/d\/8582-2\/DSC06478.jpg'><img src=http:\/\/extra.inmontanis.info\/d\/8580-3\/DSC06478.jpg \/><\/a><br \/>\n^ Porte de France<\/p>\n<p><img src=http:\/\/extra.inmontanis.info\/d\/8586-2\/DSC06481.jpg \/><br \/>\n^ Talstation GUB Bastille<\/p>\n<p><img src=http:\/\/extra.inmontanis.info\/d\/8590-2\/DSC06484.jpg \/><br \/>\n^ GUB Bastille \u00fcber die (den?) Is\u00e8re<\/p>\n<p><a href='http:\/\/extra.inmontanis.info\/d\/8594-2\/DSC06485.jpg'><img src=http:\/\/extra.inmontanis.info\/d\/8593-3\/DSC06485.jpg \/><\/a><br \/>\n^ Auf der Strecke (im Retro-Look)<\/p>\n<p><img src=http:\/\/extra.inmontanis.info\/d\/8598-2\/DSC06495.jpg \/><br \/>\n^ Talstation GUB Bastille im Retro-Foto-Look<\/p>\n<p><img src=http:\/\/extra.inmontanis.info\/d\/8602-2\/DSC06490.jpg \/><br \/>\n^ GUB Begegnung<\/p>\n<p><img src=http:\/\/extra.inmontanis.info\/d\/8606-2\/DSC06498.jpg \/><br \/>\n^ GUB St\u00fctze und Zoom zur Bergstation<\/p>\n<p><img src=http:\/\/extra.inmontanis.info\/d\/8610-2\/DSC06505.jpg \/><br \/>\n^ Talstation<\/p>\n<p><img src=http:\/\/extra.inmontanis.info\/d\/8614-2\/DSC06510.jpg \/><br \/>\n^ Ausfahrt an der Talstation (Gondel 1-3)<\/p>\n<p><img src=http:\/\/extra.inmontanis.info\/d\/8618-2\/DSC06511.jpg \/><br \/>\n^ Ausfahrt an der Talstation<\/p>\n<p><img src=http:\/\/extra.inmontanis.info\/d\/8622-2\/DSC06513.jpg \/><br \/>\n^ Komplette Strecke und der Fluss Is\u00e8re<\/p>\n<p><a href='http:\/\/extra.inmontanis.info\/d\/8626-2\/DSC06514.jpg'><img src=http:\/\/extra.inmontanis.info\/d\/8625-3\/DSC06514.jpg \/><\/a><br \/>\n^ Auch Musiker fahren mit der GUB &#8230;<\/p>\n<p><a href='http:\/\/extra.inmontanis.info\/d\/8630-2\/DSC06517.jpg'><img src=http:\/\/extra.inmontanis.info\/d\/8629-3\/DSC06517.jpg \/><\/a><br \/>\n^ Talstation<\/p>\n<p><a href='http:\/\/extra.inmontanis.info\/d\/8634-2\/DSC06522.jpg'><img src=http:\/\/extra.inmontanis.info\/d\/8633-3\/DSC06522.jpg \/><\/a><br \/>\n^ Einfahrt Talstation<\/p>\n<p><a href='http:\/\/extra.inmontanis.info\/d\/8638-2\/DSC06528.jpg'><img src=http:\/\/extra.inmontanis.info\/d\/8637-3\/DSC06528.jpg \/><\/a><br \/>\n^ In der Kabine<\/p>\n<p><a href='http:\/\/extra.inmontanis.info\/d\/8642-2\/DSC06530.jpg'><img src=http:\/\/extra.inmontanis.info\/d\/8641-3\/DSC06530.jpg \/><\/a><br \/>\n^ Ausblick aus der Kabine<\/p>\n<p><a href='http:\/\/extra.inmontanis.info\/d\/8646-2\/DSC06533.jpg'><img src=http:\/\/extra.inmontanis.info\/d\/8645-3\/DSC06533.jpg \/><\/a><br \/>\n^ Einfahrt Bergstation<\/p>\n<p><img src=http:\/\/extra.inmontanis.info\/d\/8650-2\/DSC06535.jpg \/><br \/>\n^ Bergstation<\/p>\n<p><img src=http:\/\/extra.inmontanis.info\/d\/8654-2\/DSC06539.jpg \/><br \/>\n^ Panorama-B\u00e4nke neben der Bergstation mit Blick auf Grenoble<\/p>\n<p><img src=http:\/\/extra.inmontanis.info\/d\/8658-2\/DSC06540.jpg \/><br \/>\n^ West-Panorama, da vorne m\u00fcndet von links der Drac in die (oder den) Is\u00e8re (HDR-Modus)<\/p>\n<p><img src=http:\/\/extra.inmontanis.info\/d\/8662-2\/DSC06543.jpg \/><br \/>\n^ Grenoble-Pano mit GUB<\/p>\n<p><img src=http:\/\/extra.inmontanis.info\/d\/8666-2\/DSC06548.jpg \/><br \/>\n^ Einfahrt Bergstation im Abendlicht<\/p>\n<p><img src=http:\/\/extra.inmontanis.info\/d\/8670-2\/DSC06551.jpg \/><br \/>\n^ Ausfahrt Bergstation im Abendlicht<\/p>\n<p><img src=http:\/\/extra.inmontanis.info\/d\/8674-2\/DSC06553.jpg \/><br \/>\n^ Abendstimmung<\/p>\n<p><img src=http:\/\/extra.inmontanis.info\/d\/8678-2\/DSC06558.jpg \/><br \/>\n^ Strecke und Zoom Talstation<\/p>\n<p><img src=http:\/\/extra.inmontanis.info\/d\/8682-2\/DSC06556.jpg \/><br \/>\n^ Grenoble-Pano<\/p>\n<p><img src=http:\/\/extra.inmontanis.info\/d\/8686-2\/DSC06562.jpg \/><br \/>\n^ Bergstation<\/p>\n<p><img src=http:\/\/extra.inmontanis.info\/d\/8690-2\/DSC06567.jpg \/><br \/>\n^ Abendstimmung an der GUB<\/p>\n<p><img src=http:\/\/extra.inmontanis.info\/d\/8694-2\/DSC06569.jpg \/><br \/>\n^ Abendstimmung<\/p>\n<p><img src=http:\/\/extra.inmontanis.info\/d\/8698-2\/DSC06573.jpg \/><br \/>\n^ GUB talw\u00e4rts<\/p>\n<p><img src=http:\/\/extra.inmontanis.info\/d\/8702-2\/DSC06574.jpg \/><br \/>\n^ GUB bergw\u00e4rts (Retro-Look)<\/p>\n<p><a href='http:\/\/extra.inmontanis.info\/d\/8706-2\/DSC06579.jpg'><img src=http:\/\/extra.inmontanis.info\/d\/8705-3\/DSC06579.jpg \/><\/a><br \/>\n^ GUB Bergstation<\/p>\n<p><a href='http:\/\/extra.inmontanis.info\/d\/8710-2\/DSC06582.jpg'><img src=http:\/\/extra.inmontanis.info\/d\/8709-3\/DSC06582.jpg \/><\/a><br \/>\n^ Ausfahrt Bergstation im Zoom<\/p>\n<p><a href='http:\/\/extra.inmontanis.info\/d\/8714-2\/DSC06583.jpg'><img src=http:\/\/extra.inmontanis.info\/d\/8713-3\/DSC06583.jpg \/><\/a><br \/>\n^ Ausfahrt Bergstation im Zoom<\/p>\n<p><img src=http:\/\/extra.inmontanis.info\/d\/8718-2\/DSC06595.jpg \/><br \/>\n^ GUB, Strecke, Grenoble.<\/p>\n<p><a href='http:\/\/extra.inmontanis.info\/d\/8722-2\/DSC06598.jpg'><img src=http:\/\/extra.inmontanis.info\/d\/8721-3\/DSC06598.jpg \/><\/a><br \/>\n^ Einfahrt Bergstation mal von der anderen Seite &#8230;<\/p>\n<p><img src=http:\/\/extra.inmontanis.info\/d\/8726-2\/DSC06593.jpg \/><br \/>\n^ West-Pano mit Sonnenuntergang<\/p>\n<p><img src=http:\/\/extra.inmontanis.info\/d\/8730-2\/DSC06610.jpg \/><br \/>\n^ Grenoble, es wird langsam dunkel<\/p>\n<p><img src=http:\/\/extra.inmontanis.info\/d\/8734-2\/DSC06614.jpg \/><br \/>\n^ Sonnenuntergang<\/p>\n<p><img src=http:\/\/extra.inmontanis.info\/d\/8738-2\/DSC06617.jpg \/><br \/>\n^ .. die Stra\u00dfenbeleuchtung wurde eingeschaltet<\/p>\n<p><img src=http:\/\/extra.inmontanis.info\/d\/8742-2\/DSC06619.jpg \/><br \/>\n^ Abend-Pano mit Stra\u00dfenbeleuchtung (ISO 1600 1\/20s)<\/p>\n<p><img src=http:\/\/extra.inmontanis.info\/d\/8746-2\/DSC06625.jpg \/><br \/>\n^ Die GUB zur D\u00e4mmerung<\/p>\n<p><img src=http:\/\/extra.inmontanis.info\/d\/8750-2\/DSC06629.jpg \/><br \/>\n^ Die Nacht bricht ein, die Lichter der Stadt ergl\u00fchen (22:01 Uhr)<\/p>\n<p><img src=http:\/\/extra.inmontanis.info\/d\/8754-2\/DSC06638.jpg \/><br \/>\n^ Langzeit-Foto (ISO 200, kleine Blende, 13 sec)<\/p>\n<p><img src=http:\/\/extra.inmontanis.info\/d\/8758-2\/DSC06637.jpg \/><br \/>\n^ Langzeit-Foto (ISO 400, kleine Blende, 6 sec)<\/p>\n<p><a href='http:\/\/extra.inmontanis.info\/d\/8762-2\/DSC06645.jpg'><img src=http:\/\/extra.inmontanis.info\/d\/8761-3\/DSC06645.jpg \/><\/a><br \/>\n^ GUB bei Nacht<\/p>\n<p><img src=http:\/\/extra.inmontanis.info\/d\/8766-2\/DSC06649.jpg \/><br \/>\n^ Grenoble bei Nacht (ISO 200, kleine Blende, 6s, 22:25 Uhr)<\/p>\n<p><img src=http:\/\/extra.inmontanis.info\/d\/8770-2\/DSC06651.jpg \/><br \/>\n^ Bahnhof von Grenoble bei Nacht in Langzeit (ISO 200, kleine Blende, 8 sec)<\/p>\n<p><img src=http:\/\/extra.inmontanis.info\/d\/8774-2\/DSC06653.jpg \/><br \/>\n^ West-Pano (4 sec)<\/p>\n<p><a href='http:\/\/extra.inmontanis.info\/d\/8778-2\/DSC06654.jpg'><img src=http:\/\/extra.inmontanis.info\/d\/8777-3\/DSC06654.jpg \/><\/a><br \/>\n^ Zugang GUB<\/p>\n<p><a href='http:\/\/extra.inmontanis.info\/d\/8782-2\/DSC06659.jpg'><img src=http:\/\/extra.inmontanis.info\/d\/8781-3\/DSC06659.jpg \/><\/a><br \/>\n^ GUB Einfahrt Bergstation bei Nacht (22:30 Uhr, ISO 800, 1\/30 sec)<\/p>\n<p><a href='http:\/\/extra.inmontanis.info\/d\/8786-2\/DSC06668.jpg'><img src=http:\/\/extra.inmontanis.info\/d\/8785-3\/DSC06668.jpg \/><\/a><br \/>\n^ Wieder an der Talstation angekommen, mittlerweile ist es zu dunkel, die GUB in Fahrt zu fotografieren.<\/p>\n<p><a href='http:\/\/ski.inmontanis.info\/d\/37130-2\/07050064_G.jpg'><img src=http:\/\/ski.inmontanis.info\/d\/37130-2\/07050064_G.jpg \/><\/a><br \/>\n^ Dank an Creissels und Pomagalski f\u00fcr diese wundersch\u00f6ne Seilbahn! (Foto von 2005, mittlerweile wurde die Talstation ja sch\u00f6n neu in Rot gestrichen)<\/p>\n<p>So ging&#8217;s reichlich sp\u00e4t wieder zum Parkplatz und weiter in Richtung Col de l&#8217;Iseran &#8211; wobei ich gleich an der ersten Autobahnrastst\u00e4tte \u00fcbernachtet hab &#8211; quasi gegen\u00fcber von gestern&#8230;. und morgen fr\u00fch noch \u00fcber 2 Stunden Auto fahren. Aber f\u00fcr das kleine Skigebiet am Col de l&#8217;Iseran muss man nicht um 7 Uhr dort sein &#8211; da reicht auch 8:30 Uhr. 6 Stunden Schlaf m\u00f6chte ich heute schon noch, war ja doch ein langer Tag. Leider diesmal wesentlich schlechter geschlafen, immer wieder aufgewacht&#8230;<\/p>\n<p><object style=\"height: 500px; width: 900px\"><param name=\"movie\" value=\"http:\/\/www.youtube.com\/v\/d0AvHV8NvKY\"><\/param><param name=\"wmode\" value=\"transparent\"><\/param><embed src=\"http:\/\/www.youtube.com\/v\/d0AvHV8NvKY\" type=\"application\/x-shockwave-flash\" wmode=\"transparent\"  width=\"900\" height=\"480\"><\/embed><\/object><\/p>\n","protected":false},"excerpt":{"rendered":"<p>Nach L2A ging&#8217;s nach Grenoble, \u00fcbrigens eine der Partnerst\u00e4dte von Innsbruck. Zum Sonnenuntergang will ich an der wundersch\u00f6nen Kugel-GUB sein, also blieb noch Zeit zum Einkaufen und Essen&#8230;.<\/p>\n<p> <a href=\"http:\/\/blog.inmontanis.info\/?p=1696\">[&#8230;]<\/a><\/p>\n","protected":false},"author":1,"featured_media":0,"comment_status":"open","ping_status":"closed","sticky":false,"template":"","format":"standard","meta":{"footnotes":""},"categories":[99,16,59],"tags":[83,100],"class_list":["post-1696","post","type-post","status-publish","format-standard","hentry","category-201106-wasst","category-france","category-nostalgie","tag-gub","tag-langzeitbelichtung","odd"],"_links":{"self":[{"href":"http:\/\/blog.inmontanis.info\/index.php?rest_route=\/wp\/v2\/posts\/1696","targetHints":{"allow":["GET"]}}],"collection":[{"href":"http:\/\/blog.inmontanis.info\/index.php?rest_route=\/wp\/v2\/posts"}],"about":[{"href":"http:\/\/blog.inmontanis.info\/index.php?rest_route=\/wp\/v2\/types\/post"}],"author":[{"embeddable":true,"href":"http:\/\/blog.inmontanis.info\/index.php?rest_route=\/wp\/v2\/users\/1"}],"replies":[{"embeddable":true,"href":"http:\/\/blog.inmontanis.info\/index.php?rest_route=%2Fwp%2Fv2%2Fcomments&post=1696"}],"version-history":[{"count":2,"href":"http:\/\/blog.inmontanis.info\/index.php?rest_route=\/wp\/v2\/posts\/1696\/revisions"}],"predecessor-version":[{"id":1698,"href":"http:\/\/blog.inmontanis.info\/index.php?rest_route=\/wp\/v2\/posts\/1696\/revisions\/1698"}],"wp:attachment":[{"href":"http:\/\/blog.inmontanis.info\/index.php?rest_route=%2Fwp%2Fv2%2Fmedia&parent=1696"}],"wp:term":[{"taxonomy":"category","embeddable":true,"href":"http:\/\/blog.inmontanis.info\/index.php?rest_route=%2Fwp%2Fv2%2Fcategories&post=1696"},{"taxonomy":"post_tag","embeddable":true,"href":"http:\/\/blog.inmontanis.info\/index.php?rest_route=%2Fwp%2Fv2%2Ftags&post=1696"}],"curies":[{"name":"wp","href":"https:\/\/api.w.org\/{rel}","templated":true}]}}