{"id":1684,"date":"2011-06-23T19:16:49","date_gmt":"2011-06-23T17:16:49","guid":{"rendered":"http:\/\/blog.inmontanis.info\/?p=1684"},"modified":"2023-08-06T11:08:33","modified_gmt":"2023-08-06T09:08:33","slug":"stubaier-gletscher-23-6-2011","status":"publish","type":"post","link":"http:\/\/blog.inmontanis.info\/?p=1684","title":{"rendered":"Stubaier Gletscher, 23.6.2011"},"content":{"rendered":"<p>Wie auch schon in den letzten beiden Jahren ging&#8217;s wieder f\u00fcr ein paar Tage Ende Juni in die West-Alpen, das Wetter sollte am verl\u00e4ngerten Wochenende ja ganz gut werden. Auf dem Plan standen neben Les 2 Alpes und Tignes eventuell der Pissaillas, wenn Talabfahrt noch einigerma\u00dfen fahrbar, ansonsten Courmayeur mit Panorama-GUB&#8230;<!--more--><\/p>\n<p>Leider war aber f\u00fcr Donnerstag schlechtes Wetter vorhergesagt &#8211; in der ganzen Schweiz, und am ganzen n\u00f6rdlichen italienischen Alpenbogen. Nur ganz im S\u00fcden richtung Nizza waren ein paar mehr Sonnenbilder auf den Wettervorhersagen zu sehen. Nun, das machte irgendwie keinen Sinn, eine Seilbahn am Weg anzufahren .. Auch f\u00fcr Grenoble, das ich teilweise am Donnerstag Abend anfahren wollte, k\u00f6nnte der Abend nicht ganz trocken verlaufen. Also fuhr ich erst noch mal auf den Stubaier, wof\u00fcr hat man heuer denn wieder mal die Regio Card.<\/p>\n<p>Kurzer \u00dcberblick der Tour:<\/p>\n<p>Do, 23.6.: Stubaier Gletscher, Sommerski (Ostalpen)<br \/>\nFr, 24.6.: Les 2 Alpes, Sommerski<br \/>\nFr, 24.6.: Les 2 Alpes, 4EUB  Diable &#038; 6EUB Venosc &#038; DSB Bons<br \/>\nFr, 24.6.: Grenoble, GUB auf die Bastille zum Sonnenuntergang &#038; Grenoble bei Nacht<br \/>\nSa, 25.6.: Val d&#8217;Is\u00e8re \/ Pissaillas, Sommerski (mit k2k &#038; Trincerone)<br \/>\nSa, 25.6.: Wanderung s\u00fcdl. des Col de l&#8217;Iseran (mit k2k &#038; Trincerone)<br \/>\nSa, 25.6.: Val d&#8217;Is\u00e8re, diverse Seilbahnen im Sommerschlaf (mit k2k)<br \/>\nSo, 26.6.: Tignes, Sommerski<br \/>\nSo, 26.6.: R\u00fcckfahrt \u00fcber Cormet de Roselend, Espace Diamant, Chamonix<\/p>\n<p>In Summe \u00fcber 900 Fotos &#038; Filme, aber so ein sommerlicher Tag geht ja auch mindestens von 7 bis 22 Uhr ;)<\/p>\n<p><strong>Do, 23.6.2011 &#8211; Stubaier Gletscher, Sommerski (Ostalpen)<\/strong><\/p>\n<p>Nun, aufgrund der geringen Schneeschmelze der letzten Wochen entschieden sich die Stubaier, noch eien Woche dran zu h\u00e4ngen, und bis zum 26.6. zu fahren. Scheint sich aber nicht wirklich rumgesprochen zu haben, es war sehr wenig los, Renngruppen gar keine. Hab zu keinem Zeitpunkt 10 Skifahrer gez\u00e4hlt. Schnee war wieder etwas schlechter als das WE davor, Wetter zu erst trocken, dann Nieselregen, dann st\u00e4rkerer Regen. War von ca. 10:30 bis 12:30 oder 13:30 droben. In Summe sah das heute immerhin mehr nach Sommerski aus als die Male davor. Die Abfahrt \u00fcber den Eisjoch-Steilhang ging auch ganz gut.<\/p>\n<p>Fotos, anklicken zum Vergr\u00f6\u00dfern:<\/p>\n<p><a href='http:\/\/ski.inmontanis.info\/d\/131441-2\/DSC06221.jpg'><img src=http:\/\/ski.inmontanis.info\/d\/131440-3\/DSC06221.jpg \/><\/a><br \/>\n^ Gamsgarten<\/p>\n<p><a href='http:\/\/ski.inmontanis.info\/d\/131445-2\/DSC06222.jpg'><img src=http:\/\/ski.inmontanis.info\/d\/131444-3\/DSC06222.jpg \/><\/a><br \/>\n^ Rotadl-4KSB mit Eisjoch-Hang (nur inoffiziell gut fahrbar)<\/p>\n<p><a href='http:\/\/ski.inmontanis.info\/d\/131449-2\/DSC06225.jpg'><img src=http:\/\/ski.inmontanis.info\/d\/131448-3\/DSC06225.jpg \/><\/a><br \/>\n^ Dachte der rote Schnee sei ein Zeichen f\u00fcr Gletscherfl\u00f6he &#8211; lt. Wikipedia sind das aber Schneealgen. Gibt&#8217;s scheinbar am Stubaier recht vermehrt&#8230;<\/p>\n<p><a href='http:\/\/ski.inmontanis.info\/d\/131453-2\/DSC06226.jpg'><img src=http:\/\/ski.inmontanis.info\/d\/131452-3\/DSC06226.jpg \/><\/a><br \/>\n^ Daunferner. Viel los war heute nicht :-)<\/p>\n<p><a href='http:\/\/ski.inmontanis.info\/d\/131457-2\/DSC06232.jpg'><img src=http:\/\/ski.inmontanis.info\/d\/131456-3\/DSC06232.jpg \/><\/a><br \/>\n^ SL Eisjoch nun auch vermattet &#8211; gibt also definitiv keinen Sommerskibetrieb an Eisjoch-Windach mehr.<\/p>\n<p>Hm. Damit geht nun meine &#8220;erweiterte&#8221; Skisaison am Stubaier zu Ende &#8211; und seit Mitte Mai hatte ich keinen einzigen Tag mit tollem Wetter und tollem Schnee. Bl\u00f6des Wetter, dieser Sp\u00e4tfr\u00fchling heuer. Immerhin, ohne die Saisonkarte w\u00e4re ich die letzten Wochen wohl kaum zum Skifahren gekommen, da ich f\u00fcr schlechtes Wetter und schlechten Schnee keine Tageskarten gekauft h\u00e4tte&#8230;<\/p>\n<p>Nun waren noch um die 9 Stunden Fahrt zu erledigen, diesmal mautsparend \u00fcber die Schweizer Autobahnen, nicht wie sonst \u00fcber Bernardino-Turin. Mautsparend aber nur bis zum Genfer See, denn die franz\u00f6sische Autobahn von Genf nach Grenoble, was ja nicht wirklich soooo weit ist, schlug mit 15,70 \u00a4 zu Buche  &#8211; da h\u00e4tte ich auch \u00fcber Bernardino-Turin fahren k\u00f6nnen. Zumal ich abends, als ich in Hohenems am McDonalds war und die TMC-Meldungen am Navi las, die etwas l\u00e4ngere Strecke \u00fcber Luzern fuhr, da dort weniger Verkehr gemeldet wurde&#8230;<\/p>\n<p>\u00dcbernachtet hab ich am letzten Rastplatz vor Grenoble, sogar erstaunlich gut geschlafen. So von ca. 23 bis 5 Uhr. Denn nach L2A waren&#8217;s noch \u00fcber 2 Stunden &#8230;.<\/p>\n","protected":false},"excerpt":{"rendered":"<p>Wie auch schon in den letzten beiden Jahren ging&#8217;s wieder f\u00fcr ein paar Tage Ende Juni in die West-Alpen, das Wetter sollte am verl\u00e4ngerten Wochenende ja ganz gut werden. Auf dem Plan standen neben Les 2 Alpes und Tignes eventuell der Pissaillas, wenn Talabfahrt noch einigerma\u00dfen fahrbar, ansonsten Courmayeur mit Panorama-GUB&#8230;<\/p>\n<p> <a href=\"http:\/\/blog.inmontanis.info\/?p=1684\">[&#8230;]<\/a><\/p>\n","protected":false},"author":1,"featured_media":0,"comment_status":"open","ping_status":"closed","sticky":false,"template":"","format":"standard","meta":{"footnotes":""},"categories":[99,13,28,895],"tags":[39,47],"class_list":["post-1684","post","type-post","status-publish","format-standard","hentry","category-201106-wasst","category-austria","category-skifahren-sommer","category-stubaier-gletscher","tag-6eub","tag-sl","odd"],"_links":{"self":[{"href":"http:\/\/blog.inmontanis.info\/index.php?rest_route=\/wp\/v2\/posts\/1684","targetHints":{"allow":["GET"]}}],"collection":[{"href":"http:\/\/blog.inmontanis.info\/index.php?rest_route=\/wp\/v2\/posts"}],"about":[{"href":"http:\/\/blog.inmontanis.info\/index.php?rest_route=\/wp\/v2\/types\/post"}],"author":[{"embeddable":true,"href":"http:\/\/blog.inmontanis.info\/index.php?rest_route=\/wp\/v2\/users\/1"}],"replies":[{"embeddable":true,"href":"http:\/\/blog.inmontanis.info\/index.php?rest_route=%2Fwp%2Fv2%2Fcomments&post=1684"}],"version-history":[{"count":2,"href":"http:\/\/blog.inmontanis.info\/index.php?rest_route=\/wp\/v2\/posts\/1684\/revisions"}],"predecessor-version":[{"id":1686,"href":"http:\/\/blog.inmontanis.info\/index.php?rest_route=\/wp\/v2\/posts\/1684\/revisions\/1686"}],"wp:attachment":[{"href":"http:\/\/blog.inmontanis.info\/index.php?rest_route=%2Fwp%2Fv2%2Fmedia&parent=1684"}],"wp:term":[{"taxonomy":"category","embeddable":true,"href":"http:\/\/blog.inmontanis.info\/index.php?rest_route=%2Fwp%2Fv2%2Fcategories&post=1684"},{"taxonomy":"post_tag","embeddable":true,"href":"http:\/\/blog.inmontanis.info\/index.php?rest_route=%2Fwp%2Fv2%2Ftags&post=1684"}],"curies":[{"name":"wp","href":"https:\/\/api.w.org\/{rel}","templated":true}]}}