{"id":1674,"date":"2011-06-12T19:08:40","date_gmt":"2011-06-12T17:08:40","guid":{"rendered":"http:\/\/blog.inmontanis.info\/?p=1674"},"modified":"2023-08-06T21:03:38","modified_gmt":"2023-08-06T19:03:38","slug":"kaunertaler-gletscher-12-6-2011","status":"publish","type":"post","link":"http:\/\/blog.inmontanis.info\/?p=1674","title":{"rendered":"Kaunertaler Gletscher, 12.6.2011"},"content":{"rendered":"<p>Auch heute wieder Neuschnee + Pappschnee.. absolut nervig, das heurige Fr\u00fchjahr. Vielleicht auch deshalb waren heute mehr Ausflugsg\u00e4ste als Skifahrer unterwegs. Skibetrieb derzeit 7-13 Uhr, SL Wei\u00dfseeferner (links) und SL N\u00f6rderjoch 1+2 ge\u00f6ffnet.<!--more--><\/p>\n<p><a href='http:\/\/ski.inmontanis.info\/d\/131046-2\/DSC05968.jpg'><img src=http:\/\/ski.inmontanis.info\/d\/131044-3\/DSC05968.jpg \/><\/a><br \/>\n^ Standard-Foto vom N\u00f6rderjoch II. Schnee w\u00fcrde an der 8EUB schon noch reichen<\/p>\n<p><a href='http:\/\/ski.inmontanis.info\/d\/131050-2\/DSC05970.jpg'><img src=http:\/\/ski.inmontanis.info\/d\/131048-3\/DSC05970.jpg \/><\/a><br \/>\n^ Zoom Bergstation SL N\u00f6rderjoch I mit Schneedepot<\/p>\n<p><a href='http:\/\/ski.inmontanis.info\/d\/131054-2\/DSC05971.jpg'><img src=http:\/\/ski.inmontanis.info\/d\/131052-3\/DSC05971.jpg \/><\/a><br \/>\n^ Talstation SL Wei\u00dfseeferner mit Schneedepot<\/p>\n<p><a href='http:\/\/ski.inmontanis.info\/d\/131058-2\/DSC05972.jpg'><img src=http:\/\/ski.inmontanis.info\/d\/131056-3\/DSC05972.jpg \/><\/a><br \/>\n^ Bergstation SL Wei\u00dfseeferner, auch hier Schneedepotarbeiten<\/p>\n","protected":false},"excerpt":{"rendered":"<p>Auch heute wieder Neuschnee + Pappschnee.. absolut nervig, das heurige Fr\u00fchjahr. Vielleicht auch deshalb waren heute mehr Ausflugsg\u00e4ste als Skifahrer unterwegs. Skibetrieb derzeit 7-13 Uhr, SL Wei\u00dfseeferner (links) und SL N\u00f6rderjoch 1+2 ge\u00f6ffnet.<\/p>\n<p> <a href=\"http:\/\/blog.inmontanis.info\/?p=1674\">[&#8230;]<\/a><\/p>\n","protected":false},"author":1,"featured_media":0,"comment_status":"open","ping_status":"closed","sticky":false,"template":"","format":"standard","meta":{"footnotes":""},"categories":[905,25,13,28],"tags":[47],"class_list":["post-1674","post","type-post","status-publish","format-standard","hentry","category-kaunertaler-gletscher","category-noreport","category-austria","category-skifahren-sommer","tag-sl","odd"],"_links":{"self":[{"href":"http:\/\/blog.inmontanis.info\/index.php?rest_route=\/wp\/v2\/posts\/1674","targetHints":{"allow":["GET"]}}],"collection":[{"href":"http:\/\/blog.inmontanis.info\/index.php?rest_route=\/wp\/v2\/posts"}],"about":[{"href":"http:\/\/blog.inmontanis.info\/index.php?rest_route=\/wp\/v2\/types\/post"}],"author":[{"embeddable":true,"href":"http:\/\/blog.inmontanis.info\/index.php?rest_route=\/wp\/v2\/users\/1"}],"replies":[{"embeddable":true,"href":"http:\/\/blog.inmontanis.info\/index.php?rest_route=%2Fwp%2Fv2%2Fcomments&post=1674"}],"version-history":[{"count":4,"href":"http:\/\/blog.inmontanis.info\/index.php?rest_route=\/wp\/v2\/posts\/1674\/revisions"}],"predecessor-version":[{"id":9299,"href":"http:\/\/blog.inmontanis.info\/index.php?rest_route=\/wp\/v2\/posts\/1674\/revisions\/9299"}],"wp:attachment":[{"href":"http:\/\/blog.inmontanis.info\/index.php?rest_route=%2Fwp%2Fv2%2Fmedia&parent=1674"}],"wp:term":[{"taxonomy":"category","embeddable":true,"href":"http:\/\/blog.inmontanis.info\/index.php?rest_route=%2Fwp%2Fv2%2Fcategories&post=1674"},{"taxonomy":"post_tag","embeddable":true,"href":"http:\/\/blog.inmontanis.info\/index.php?rest_route=%2Fwp%2Fv2%2Ftags&post=1674"}],"curies":[{"name":"wp","href":"https:\/\/api.w.org\/{rel}","templated":true}]}}