{"id":1661,"date":"2011-05-21T00:05:18","date_gmt":"2011-05-20T22:05:18","guid":{"rendered":"http:\/\/blog.inmontanis.info\/?p=1661"},"modified":"2023-08-06T21:03:41","modified_gmt":"2023-08-06T19:03:41","slug":"kaunertaler-gletscher-21-5-2011","status":"publish","type":"post","link":"http:\/\/blog.inmontanis.info\/?p=1661","title":{"rendered":"Kaunertaler Gletscher, 21.5.2011"},"content":{"rendered":"<p>3 Worte: Neuschnee, Papp, Nerv.<!--more--><\/p>\n<p>In Betrieb sind derzeit nur mehr die 4 Haupt-SL. Die 8EUB l\u00e4uft nur noch f\u00fcr Fu\u00dfg\u00e4nger &#8211; obwohl&#8217;s gen\u00fcgend Schnee g\u00e4be.<\/p>\n<p>Talabfahrt mit 2x kurz Abschnallen m\u00f6glich, war schneem\u00e4\u00dfig heute aber ebenfalls sehr anstrengend und nichts, das ich h\u00e4tte 2x machen wollen.<\/p>\n<p>Fotos anklicken zum Vergr\u00f6\u00dfern:<\/p>\n<p><a href='http:\/\/ski.inmontanis.info\/d\/129885-2\/DSC05779.jpg'><img src=http:\/\/ski.inmontanis.info\/d\/129883-3\/DSC05779.jpg \/><\/a><br \/>\n^ SL N\u00f6rderjoch<\/p>\n<p><a href='http:\/\/ski.inmontanis.info\/d\/129889-2\/DSC05780.jpg'><img src=http:\/\/ski.inmontanis.info\/d\/129887-3\/DSC05780.jpg \/><\/a><br \/>\n^ SL Wei\u00dfseeferner<\/p>\n<p><a href='http:\/\/ski.inmontanis.info\/d\/129893-2\/DSC05781.jpg'><img src=http:\/\/ski.inmontanis.info\/d\/129891-3\/DSC05781.jpg \/><\/a><br \/>\n^ Noch gen\u00fcgend Schnee, aber 8EUB nur noch f\u00fcr Fu\u00dfg\u00e4nger offen :(<\/p>\n<p><a href='http:\/\/ski.inmontanis.info\/d\/129906-2\/DSC05782.jpg'><img src=http:\/\/ski.inmontanis.info\/d\/129904-3\/DSC05782.jpg \/><\/a><br \/>\n^ Abfahrt N\u00f6rderjoch &#8211; Mittelstation. War etwas schwierig, aber fahrbar in diesem Teil &#8230;<\/p>\n<p><a href='http:\/\/ski.inmontanis.info\/d\/129898-2\/DSC05783.jpg'><img src=http:\/\/ski.inmontanis.info\/d\/129896-3\/DSC05783.jpg \/><\/a><br \/>\n^ .. weiter zur Mittelstation recht pappig ..<\/p>\n<p><a href='http:\/\/ski.inmontanis.info\/d\/129902-3\/DSC05785.jpg'><img src=http:\/\/ski.inmontanis.info\/d\/129900-3\/DSC05785.jpg \/><\/a><br \/>\n^ .. und auch weiter zum Tal tw. recht schwer zu fahren. 2x kurz abschnallen.<\/p>\n","protected":false},"excerpt":{"rendered":"<p>3 Worte: Neuschnee, Papp, Nerv.<\/p>\n<p> <a href=\"http:\/\/blog.inmontanis.info\/?p=1661\">[&#8230;]<\/a><\/p>\n","protected":false},"author":1,"featured_media":0,"comment_status":"open","ping_status":"closed","sticky":false,"template":"","format":"standard","meta":{"footnotes":""},"categories":[905,25,13,28],"tags":[47],"class_list":["post-1661","post","type-post","status-publish","format-standard","hentry","category-kaunertaler-gletscher","category-noreport","category-austria","category-skifahren-sommer","tag-sl","odd"],"_links":{"self":[{"href":"http:\/\/blog.inmontanis.info\/index.php?rest_route=\/wp\/v2\/posts\/1661","targetHints":{"allow":["GET"]}}],"collection":[{"href":"http:\/\/blog.inmontanis.info\/index.php?rest_route=\/wp\/v2\/posts"}],"about":[{"href":"http:\/\/blog.inmontanis.info\/index.php?rest_route=\/wp\/v2\/types\/post"}],"author":[{"embeddable":true,"href":"http:\/\/blog.inmontanis.info\/index.php?rest_route=\/wp\/v2\/users\/1"}],"replies":[{"embeddable":true,"href":"http:\/\/blog.inmontanis.info\/index.php?rest_route=%2Fwp%2Fv2%2Fcomments&post=1661"}],"version-history":[{"count":4,"href":"http:\/\/blog.inmontanis.info\/index.php?rest_route=\/wp\/v2\/posts\/1661\/revisions"}],"predecessor-version":[{"id":9300,"href":"http:\/\/blog.inmontanis.info\/index.php?rest_route=\/wp\/v2\/posts\/1661\/revisions\/9300"}],"wp:attachment":[{"href":"http:\/\/blog.inmontanis.info\/index.php?rest_route=%2Fwp%2Fv2%2Fmedia&parent=1661"}],"wp:term":[{"taxonomy":"category","embeddable":true,"href":"http:\/\/blog.inmontanis.info\/index.php?rest_route=%2Fwp%2Fv2%2Fcategories&post=1661"},{"taxonomy":"post_tag","embeddable":true,"href":"http:\/\/blog.inmontanis.info\/index.php?rest_route=%2Fwp%2Fv2%2Ftags&post=1661"}],"curies":[{"name":"wp","href":"https:\/\/api.w.org\/{rel}","templated":true}]}}