{"id":1652,"date":"2011-05-01T23:24:13","date_gmt":"2011-05-01T21:24:13","guid":{"rendered":"http:\/\/blog.inmontanis.info\/?p=1652"},"modified":"2023-08-03T22:02:16","modified_gmt":"2023-08-03T20:02:16","slug":"alle-jahre-wieder-fedaia-korbliftmarmolada-1-5-2011","status":"publish","type":"post","link":"http:\/\/blog.inmontanis.info\/?p=1652","title":{"rendered":"Alle Jahre wieder: Fedaia Korblift\/Marmolada, 1.5.2011"},"content":{"rendered":"<p>Zum 6. Jahr in Folge ging&#8217;s zum Fedaia-Korblift, kann man da noch neue Fotos zeigen? Nun, mit neuer Cam, neuen Objektiven, IR-Cam .. ja!<br \/>\n<!--more--><br \/>\nSchneeverh\u00e4ltnisse waren besser als bef\u00fcrchtet &#8211; dank klarer Nacht hat&#8217;s sch\u00f6n gefroren, der Neuschnee von gestern war gar nicht sooo pappig, und bis nach Mittag konnte man auch au\u00dferhalb der Piste ganz gut fahren &#8211; danach war&#8217;s mir stellenweise aber etwas zu anstrengend (aber erst um 13 Uhr bin ich die Abfahrt von oben bis unten das erste Mal komplett gefahren).<\/p>\n<p>Es waren wieder viele Tourengeher unterwegs, aber ansonsten hatte ich die letzten Jahre mehr Skifahrer in Erinnerung&#8230;<\/p>\n<p>Fotos, anklicken zum Vergr\u00f6\u00dfern, soweit nicht vergr\u00f6\u00dfert gepostet:<\/p>\n<p><a href='http:\/\/ski.inmontanis.info\/d\/128370-3\/DSC04831.jpg'><img src=http:\/\/ski.inmontanis.info\/d\/128369-3\/DSC04831.jpg \/><\/a><br \/>\n^ Einfahrt ins fr\u00fchlingshafte Gr\u00f6dnertal<\/p>\n<p><a href='http:\/\/ski.inmontanis.info\/d\/128374-3\/DSC04837.jpg'><img src=http:\/\/ski.inmontanis.info\/d\/128373-3\/DSC04837.jpg \/><\/a><br \/>\n^ PB Piz Sella<\/p>\n<p><img src=http:\/\/ski.inmontanis.info\/d\/128378-3\/DSC04847.jpg \/><br \/>\n^ Lifte am Sellajoch<\/p>\n<p><img src=http:\/\/ski.inmontanis.info\/d\/128382-3\/DSC04850.jpg \/><br \/>\n^ Fahnen am Passo Sella<\/p>\n<p><a href='http:\/\/ski.inmontanis.info\/d\/128386-3\/DSC04851.jpg'><img src=http:\/\/ski.inmontanis.info\/d\/128385-3\/DSC04851.jpg \/><\/a><br \/>\n^ Passo Sella, herrlich altmodisch<\/p>\n<p><img src=http:\/\/ski.inmontanis.info\/d\/128390-3\/DSC04866.jpg \/><br \/>\n^ S\u00fcd-Pano am Sellajoch (direkt aus der Cam, die eingebaute Panorama-Funktion funktioniert um einiges besser als an meiner &#8220;alten&#8221; Finepix HS10), die S\u00fcdh\u00e4nge sind im Vgl. zu den letzten Jahren schon sehr aper.<\/p>\n<p><a href='http:\/\/ski.inmontanis.info\/d\/128394-3\/DSC04857.jpg'><img src=http:\/\/ski.inmontanis.info\/d\/128393-3\/DSC04857.jpg \/><\/a><br \/>\n^ Der \u00fcbliche Blick zu Belvedere und Marmolada, aber heuer im Vordergrund bereits sehr gr\u00fcn.<\/p>\n<p><a href='http:\/\/ski.inmontanis.info\/d\/128398-3\/P1600482-.jpg'><img src=http:\/\/ski.inmontanis.info\/d\/128397-3\/P1600482-.jpg \/><\/a><br \/>\n^ Belvedere + Marmolada vom Sellajoch in IR<\/p>\n<p><img src=http:\/\/ski.inmontanis.info\/d\/128402-3\/P1600483-.jpg \/><br \/>\n^ IR-Zoom Belvedere \/ Marmolada vom Sellajoch<\/p>\n<p><img src=http:\/\/ski.inmontanis.info\/d\/128406-3\/P1600487.jpg \/><br \/>\n^ IR-Zoom Belvedere (Lezuo-Bec\u00e8) \/ Marmolada (Serauta)<\/p>\n<p><a href='http:\/\/ski.inmontanis.info\/d\/128410-3\/P1600488-.jpg'><img src=http:\/\/ski.inmontanis.info\/d\/128409-3\/P1600488-.jpg \/><\/a><br \/>\n^ Sellajoch vs. Langkofel (IR)<\/p>\n<p><a href='http:\/\/ski.inmontanis.info\/d\/128414-3\/DSC04877.jpg'><img src=http:\/\/ski.inmontanis.info\/d\/128413-3\/DSC04877.jpg \/><\/a><br \/>\n^ Staumauer und Korblift-Skigebiet<\/p>\n<p><img src=http:\/\/ski.inmontanis.info\/d\/128418-3\/DSC04879.jpg \/><br \/>\n^ Zoom Korblift \/ PB-Bergstation<\/p>\n<p><img src=http:\/\/ski.inmontanis.info\/d\/128422-2\/P1600493.jpg \/><br \/>\n^ .. wieder viele Tourengeher heute unterwegs &#8230; (IR-Zoom)<\/p>\n<p><img src=http:\/\/ski.inmontanis.info\/d\/128426-3\/DSC04883.jpg \/><br \/>\n^ Korblift samt Abfahrten (im Retro-Look)<\/p>\n<p><a href='http:\/\/ski.inmontanis.info\/d\/128430-3\/P1600491-.jpg'><img src=http:\/\/ski.inmontanis.info\/d\/128429-3\/P1600491-.jpg \/><\/a><br \/>\n^ Korblift \/ Talstationsbereich in IR<\/p>\n<p><img src=http:\/\/ski.inmontanis.info\/d\/128434-3\/P1600490-.jpg \/><br \/>\n^ Blick \u00fcber den Stausee in IR<\/p>\n<p><a href='http:\/\/ski.inmontanis.info\/d\/128438-3\/DSC04886.jpg'><img src=http:\/\/ski.inmontanis.info\/d\/128437-3\/DSC04886.jpg \/><\/a><br \/>\n^ Korblift (Retro-Look)<\/p>\n<p><img src=http:\/\/ski.inmontanis.info\/d\/128442-3\/DSC04889.jpg \/><br \/>\n^ Im Korblift<\/p>\n<p><img src=http:\/\/ski.inmontanis.info\/d\/128446-3\/P1600496.jpg \/><br \/>\n^ Korblift (IR)<\/p>\n<p><img src=http:\/\/ski.inmontanis.info\/d\/128450-3\/DSC04896.jpg \/><br \/>\n^ Im Korblift (Retro-Look)<\/p>\n<p><img src=http:\/\/ski.inmontanis.info\/d\/128454-3\/DSC04902.jpg \/><br \/>\n^ Korblift \/ Staumauer (Cam am Stecken). Relativ wenig Autos heute da gewesen &#8230;.<\/p>\n<p><a href='http:\/\/ski.inmontanis.info\/d\/128458-3\/P1600499-.jpg'><img src=http:\/\/ski.inmontanis.info\/d\/128457-3\/P1600499-.jpg \/><\/a><br \/>\n^ Korblift \/ Staumauer in IR<\/p>\n<p><a href='http:\/\/ski.inmontanis.info\/d\/128462-3\/DSC04905.jpg'><img src=http:\/\/ski.inmontanis.info\/d\/128461-3\/DSC04905.jpg \/><\/a><br \/>\n^ Korblift-St\u00fctzenfahrt (Cam am Stecken)<\/p>\n<p><img src=http:\/\/ski.inmontanis.info\/d\/128466-3\/DSC04912.jpg \/><br \/>\n^ Im Korblift (Cam am Stecken)<\/p>\n<p><a href='http:\/\/ski.inmontanis.info\/d\/128470-3\/DSC04932.jpg'><img src=http:\/\/ski.inmontanis.info\/d\/128469-3\/DSC04932.jpg \/><\/a><br \/>\n^ Im Korblift, Cam am Stativ-Stecken montiert und Kopf\u00fcber aus dem Korb gehalten (!)<\/p>\n<p><a href='http:\/\/ski.inmontanis.info\/d\/128474-3\/DSC04933.jpg'><img src=http:\/\/ski.inmontanis.info\/d\/128473-3\/DSC04933.jpg \/><\/a><br \/>\n^ Zoom Korblift-Bergstation und Tourenhang, oben die PB-Bergstation<\/p>\n<p><a href='http:\/\/ski.inmontanis.info\/d\/128478-2\/DSC04939.jpg'><img src=http:\/\/ski.inmontanis.info\/d\/128477-3\/DSC04939.jpg \/><\/a><br \/>\n^ Korblift im Zoom<\/p>\n<p><img src=http:\/\/ski.inmontanis.info\/d\/128482-2\/DSC04950.jpg \/><br \/>\n^ Korblift im Zoom<\/p>\n<p><img src=http:\/\/ski.inmontanis.info\/d\/128486-3\/DSC04953.jpg \/><br \/>\n^ Zoom Serauta<\/p>\n<p><img src=http:\/\/ski.inmontanis.info\/d\/128490-2\/DSC04957.jpg \/><br \/>\n^ Zoom Korblift. Daf\u00fcr, dass das ein ungestelltes Schnappschuss-Foto ist .. Natur-Poser :)<\/p>\n<p><img src=http:\/\/ski.inmontanis.info\/d\/128494-3\/DSC04961.jpg \/><br \/>\n^ Zoom Korblift. Wie geil ist das denn, dass der hier zuf\u00e4llig den Arm rausstreckt? Danke! :)<\/p>\n<p><a href='http:\/\/ski.inmontanis.info\/d\/128498-3\/DSC04964.jpg'><img src=http:\/\/ski.inmontanis.info\/d\/128497-4\/DSC04964.jpg \/><\/a><br \/>\n^ Korblift im Zoom<\/p>\n<p><img src=http:\/\/ski.inmontanis.info\/d\/128502-3\/DSC04977.jpg \/><br \/>\n^ Wolkenkontraste (schaut doch aus wie ein spielendes K\u00e4tzchen, oder?)<\/p>\n<p><a href='http:\/\/ski.inmontanis.info\/d\/128506-3\/DSC04976.jpg'><img src=http:\/\/ski.inmontanis.info\/d\/128505-4\/DSC04976.jpg \/><\/a><br \/>\n^ Wolkenkontraste und Korblift. Ein paar einzelne Schneeflocken gab&#8217;s sp\u00e4ter auch noch.<\/p>\n<p><a href='http:\/\/ski.inmontanis.info\/d\/128510-3\/DSC04979.jpg'><img src=http:\/\/ski.inmontanis.info\/d\/128509-4\/DSC04979.jpg \/><\/a><br \/>\n^ Skipass von vorne, hat sich nicht ge\u00e4ndert<\/p>\n<p><a href='http:\/\/ski.inmontanis.info\/d\/128514-3\/DSC04980.jpg'><img src=http:\/\/ski.inmontanis.info\/d\/128513-4\/DSC04980.jpg \/><\/a><br \/>\n^ .. aber hinten ist nun nicht mehr das Graffer-Logo drauf! (Ist das der neue Inhaber des Korblifts? Oder versucht man nur mit Werbung etwas mehr Geld einzunehmen?)<\/p>\n<p><a href='http:\/\/ski.inmontanis.info\/d\/128518-3\/DSC04984.jpg'><img src=http:\/\/ski.inmontanis.info\/d\/128517-4\/DSC04984.jpg \/><\/a><br \/>\n^ Alte Prinoth Big, noch im Einsatz (irgendwer wollte da doch mal Fotos haben &#8230;)<\/p>\n<p><img src=http:\/\/ski.inmontanis.info\/d\/128522-3\/P1600503-.jpg \/><br \/>\n^ Prinoth Big vs. Sella\/Langkofel, in IR<\/p>\n<p><a href='http:\/\/ski.inmontanis.info\/d\/128526-3\/DSC04983.jpg'><img src=http:\/\/ski.inmontanis.info\/d\/128525-4\/DSC04983.jpg \/><\/a><br \/>\n^ Korblift Bergstation und Rifugio<\/p>\n<p><img src=http:\/\/ski.inmontanis.info\/d\/128707-3\/DSC04986-87.jpg \/><br \/>\n^ Abfahrt und Korblift. Warum nicht mal ein Hoch- und ein Querformat-Foto stitchen? Eben!<\/p>\n<p><img src=http:\/\/ski.inmontanis.info\/d\/128531-3\/DSC04995.jpg \/><br \/>\n^ Abfahrt und Korblift (Retro-Look)<\/p>\n<p>Nachdem das Restaurant oberhalb der Talstation heute nach dem Motto vorging &#8220;lieber weniger G\u00e4ste als mehr putzen&#8221; und der hintere Raumteil geschlossen war (und vorne alles besetzt war), ging ich nach dem Skifahren noch in das kleine Bar\/Restaurant etwas unterhalb der Talstation (also das erste der dreien), netterweise gab&#8217;s dort Polenta mit Salsiccia &#8230;<\/p>\n<p>Danach wurde es etwas kurioser. Erst fragt mich ein Italiener, ob ich eine Tageskarte h\u00e4tte, und er sie haben k\u00f6nnte &#8211; na gut, von mir aus. Eine Stunde ist der Korblift ja noch offen&#8230;.<\/p>\n<p>Dann fragt mich der n\u00e4chste (ganz gut deutsch sprechende) Italiener, wo ich hinfahre, was ich mit einem &#8220;ich wei\u00df noch nicht&#8221; quittierte &#8211; weil ich erst auf der Karte nachschauen wollte, wie es wohl einfacher \/ k\u00fcrzer zum Passo Campologno ist, wollte n\u00e4mlich nicht mehr \u00fcber Sella + Gr\u00f6dner raus, sondern \u00fcber Badia und W\u00fcrzjoch (da schon l\u00e4nger nicht mehr gefahren). Nun, er meinte, \u00fcber Westen w\u00e4re es zumindest schneller, weil man nicht \u00fcbers Pordoi m\u00fcsste. Und fragte mich, ob ich ihn mitnehmen k\u00f6nnte, da er sein Auto weiter unten stehen h\u00e4tte, und die, mit denen er hochgefahren ist, richtung Canazei fahren mussten, weil&#8217;s einem von denen schlecht ging und mit dem Hubschrauber abtransportiert werden musste (ich glaub ich war noch nie Ende April \/ Anfang Mai hier, ohne dass ich einen gelben Hubschrauber gesehen h\u00e4tte!!) &#8211; na gut, hab ich ihn halt mit genommen&#8230;<\/p>\n<p>K\u00fcrzer d\u00fcrfte die Strecke vmtl. nicht sein, aber man fahrt doch um einiges weniger Kehren, das Sellajoch zieht sich doch ziemlich &#8230;<\/p>\n<p><a href='http:\/\/ski.inmontanis.info\/d\/128535-3\/DSC05010.jpg'><img src=http:\/\/ski.inmontanis.info\/d\/128534-3\/DSC05010.jpg \/><\/a><br \/>\n^ Arabba<\/p>\n<p><a href='http:\/\/ski.inmontanis.info\/d\/128539-3\/DSC05014.jpg'><img src=http:\/\/ski.inmontanis.info\/d\/128538-3\/DSC05014.jpg \/><\/a><br \/>\n^ Arabba \/ Pordoi-Stra\u00dfe<\/p>\n<p><a href='http:\/\/ski.inmontanis.info\/d\/128543-3\/DSC05022.jpg'><img src=http:\/\/ski.inmontanis.info\/d\/128542-3\/DSC05022.jpg \/><\/a><br \/>\n^ SL Crep de Mont. Einer der wenigen Lifte, f\u00fcr die ich mal wieder in die Sellarunde fahren w\u00fcrde&#8230;<\/p>\n<p>Die Strecke \u00fcber&#8217;s W\u00fcrzjoch bin ich ja egtl. schon mind. 2x gefahren, aber sie kam mir doch recht unbekannt vor. Und sie zog sich. In Summe doch 45-60 Minuten Umweg im Vgl. zu Sellajoch+Gr\u00f6dnertal&#8230;. aber landschaftlich um einiges interessanter als das Pustertal :-)<\/p>\n<p><a href='http:\/\/extra.inmontanis.info\/d\/7310-2\/DSC05030.jpg'><img src=http:\/\/extra.inmontanis.info\/d\/7308-3\/DSC05030.jpg \/><\/a><br \/>\n^ Stra\u00dfe zum W\u00fcrzjoch<\/p>\n<p><a href='http:\/\/extra.inmontanis.info\/d\/7314-2\/DSC05035.jpg'><img src=http:\/\/extra.inmontanis.info\/d\/7312-3\/DSC05035.jpg \/><\/a><br \/>\n^ Stra\u00dfe zum W\u00fcrzjoch<\/p>\n<p>Und jetzt k\u00f6nnen wir nur nur noch hoffen, dass es nicht der letzte 1. Mai war, an dem der Korblift in Betrieb war&#8230;.<\/p>\n","protected":false},"excerpt":{"rendered":"<p>Zum 6. Jahr in Folge ging&#8217;s zum Fedaia-Korblift, kann man da noch neue Fotos zeigen? Nun, mit neuer Cam, neuen Objektiven, IR-Cam .. ja!<\/p>\n<p> <a href=\"http:\/\/blog.inmontanis.info\/?p=1652\">[&#8230;]<\/a><\/p>\n","protected":false},"author":1,"featured_media":0,"comment_status":"open","ping_status":"closed","sticky":false,"template":"","format":"standard","meta":{"footnotes":""},"categories":[24,489,15,59,27],"tags":[91,90,63,45,47],"class_list":["post-1652","post","type-post","status-publish","format-standard","hentry","category-tagestour","category-fedaia-fiacconi","category-italienitaly","category-nostalgie","category-skifahren-winterskiing-winter","tag-graffer","tag-infrarot","tag-korblift","tag-see","tag-sl","odd"],"_links":{"self":[{"href":"http:\/\/blog.inmontanis.info\/index.php?rest_route=\/wp\/v2\/posts\/1652","targetHints":{"allow":["GET"]}}],"collection":[{"href":"http:\/\/blog.inmontanis.info\/index.php?rest_route=\/wp\/v2\/posts"}],"about":[{"href":"http:\/\/blog.inmontanis.info\/index.php?rest_route=\/wp\/v2\/types\/post"}],"author":[{"embeddable":true,"href":"http:\/\/blog.inmontanis.info\/index.php?rest_route=\/wp\/v2\/users\/1"}],"replies":[{"embeddable":true,"href":"http:\/\/blog.inmontanis.info\/index.php?rest_route=%2Fwp%2Fv2%2Fcomments&post=1652"}],"version-history":[{"count":4,"href":"http:\/\/blog.inmontanis.info\/index.php?rest_route=\/wp\/v2\/posts\/1652\/revisions"}],"predecessor-version":[{"id":9026,"href":"http:\/\/blog.inmontanis.info\/index.php?rest_route=\/wp\/v2\/posts\/1652\/revisions\/9026"}],"wp:attachment":[{"href":"http:\/\/blog.inmontanis.info\/index.php?rest_route=%2Fwp%2Fv2%2Fmedia&parent=1652"}],"wp:term":[{"taxonomy":"category","embeddable":true,"href":"http:\/\/blog.inmontanis.info\/index.php?rest_route=%2Fwp%2Fv2%2Fcategories&post=1652"},{"taxonomy":"post_tag","embeddable":true,"href":"http:\/\/blog.inmontanis.info\/index.php?rest_route=%2Fwp%2Fv2%2Ftags&post=1652"}],"curies":[{"name":"wp","href":"https:\/\/api.w.org\/{rel}","templated":true}]}}