{"id":1644,"date":"2011-04-25T23:18:27","date_gmt":"2011-04-25T21:18:27","guid":{"rendered":"http:\/\/blog.inmontanis.info\/?p=1644"},"modified":"2023-08-06T21:20:55","modified_gmt":"2023-08-06T19:20:55","slug":"kaunertaler-gletscher-25-4-2011","status":"publish","type":"post","link":"http:\/\/blog.inmontanis.info\/?p=1644","title":{"rendered":"Kaunertaler Gletscher, 25.4.2011"},"content":{"rendered":"<p><!--more--><br \/>\n<img src=http:\/\/ski.inmontanis.info\/d\/128077-2\/DSC04329.jpg \/><br \/>\n^ Kaunertaler Gletscherstra\u00dfe (HDR-Foto, Auto-HDR-Modus der Sony Nex-5, nachtr\u00e4glich allerdings noch aufgehellt, um den (Pseudo)-HDR-Effekt zu verst\u00e4rken)<\/p>\n<p><img src=http:\/\/ski.inmontanis.info\/d\/128081-2\/DSC04330.jpg \/><br \/>\n^ Kaunertaler Gletscherstra\u00dfe<\/p>\n<p><a href='http:\/\/ski.inmontanis.info\/d\/128085-2\/DSC04335.jpg'><img src=http:\/\/ski.inmontanis.info\/d\/128083-3\/DSC04335.jpg \/><\/a><br \/>\n^ Staudamm<\/p>\n<p><img src=http:\/\/ski.inmontanis.info\/d\/128089-2\/DSC04339.jpg \/><br \/>\n^ Stausee und Wei\u00dfseespitze<\/p>\n<p><a href='http:\/\/ski.inmontanis.info\/d\/128093-2\/DSC04340.jpg'><img src=http:\/\/ski.inmontanis.info\/d\/128091-3\/DSC04340.jpg \/><\/a><br \/>\n^ Ziemlich leer, der Stausee&#8230;<\/p>\n<p><a href='http:\/\/ski.inmontanis.info\/d\/128097-2\/DSC04342.jpg'><img src=http:\/\/ski.inmontanis.info\/d\/128095-3\/DSC04342.jpg \/><\/a><br \/>\n^ Tafel: Ausbau KW Kaunertal, Sondierstollen Klasgarten.<br \/>\nAnschlag am 11.03.2011.<br \/>\nEdith &#8211; Stollen<\/p>\n<p><img src=http:\/\/ski.inmontanis.info\/d\/128101-2\/DSC04373.jpg \/><br \/>\n^ Kaunertaler Gletscherstra\u00dfe<\/p>\n<p><img src=http:\/\/ski.inmontanis.info\/d\/128105-2\/DSC04377.jpg \/><br \/>\n^ ziemlich leerer Stausee<\/p>\n<p><img src=http:\/\/ski.inmontanis.info\/d\/128109-2\/DSC04381.jpg \/><br \/>\n^ Kaunertaler Gletscherstra\u00dfe, im Bereich vorne macht die Stra\u00dfe 13 Kehren kurz hintereinander.<\/p>\n<p><img src=http:\/\/ski.inmontanis.info\/d\/128113-2\/DSC04391.jpg \/><br \/>\n^ Stausee<\/p>\n<p><img src=http:\/\/ski.inmontanis.info\/d\/128117-2\/DSC04395.jpg \/><br \/>\n^ Kaunertaler Gletscherstra\u00dfe<\/p>\n<p><img src=http:\/\/ski.inmontanis.info\/d\/128121-2\/DSC04398.jpg \/><br \/>\n^ Kaunertaler Gletscherstra\u00dfe mit Postbus<\/p>\n<p><img src=http:\/\/ski.inmontanis.info\/d\/128125-2\/DSC04400.jpg \/><br \/>\n^ Kurz vorm Parkplatz &#8211; Talstation Ochsenalm<\/p>\n<p>Alle obigen Fotos sind durch eine verdreckte Windschutzscheibe im fahrenden Auto gemacht. Allein f\u00fcr das Fotografieren aus dem fahrenden Auto bei verdreckten Scheiben hat sich der Kauf der neuen Cam (Sony Nex-5) und das alte, gebrauchte, g\u00fcnstige, &#8220;analoge&#8221; Festbrennweiten-Objektiv (mamiya \/ sekor 1:2, 50 mm (Crop 1,5), M42) gelohnt, was meint ihr?<\/p>\n<p><img src=http:\/\/ski.inmontanis.info\/d\/128129-2\/DSC04410.jpg \/><br \/>\n^ Beide Abfahrten zur Talstation ge\u00f6ffnet.<\/p>\n<p><img src=http:\/\/ski.inmontanis.info\/d\/128133-2\/DSC04413.jpg \/><br \/>\n^ 4KSB Ochsenalm I, die blaue Abfahrt ist noch in Verl\u00e4ngerung ge\u00f6ffnet (im gez\u00e4unten Bereich ist allerdings ein Loch).<\/p>\n<p><img src=http:\/\/ski.inmontanis.info\/d\/128137-2\/DSC04414.jpg \/><br \/>\n^ Zoom Restaurant \/ Wei\u00dfseeferner + 8EUB<\/p>\n<p><a href='http:\/\/ski.inmontanis.info\/d\/128141-2\/DSC04419.jpg'><img src=http:\/\/ski.inmontanis.info\/d\/128139-3\/DSC04419.jpg \/><\/a><br \/>\n^ SL Falgin, heuer anscheinend keine Abfahrt auf der rechten Seite, daf\u00fcr wieder viel Schneeverschiebungen. In ein paar Jahren wird man hier eine rote Abfahrt haben :-)<\/p>\n<p><img src=http:\/\/ski.inmontanis.info\/d\/128145-2\/DSC04420.jpg \/><br \/>\n^ Wei\u00dfseespitze. Na, heuer wird&#8217;s wohl soweit sein, dass der Gletscher nicht mehr durchgehend die Wand hochgehen wird&#8230;. (Vermutung)<\/p>\n<p><a href='http:\/\/ski.inmontanis.info\/d\/128149-2\/DSC04422.jpg'><img src=http:\/\/ski.inmontanis.info\/d\/128147-3\/DSC04422.jpg \/><\/a><br \/>\n^ Schwarze Abfahrt an der Karlesjoch-8EUB.<\/p>\n<p><img src=http:\/\/ski.inmontanis.info\/d\/128153-2\/DSC04418.jpg \/><br \/>\n^ Zoom zur schwarzen Abfahrt an der Karlesjoch-8EUB. Meines Erachtens durch viel Schnee im unteren Bereich ziemlich entsch\u00e4rft, das kannte ich schon steiler.<\/p>\n","protected":false},"excerpt":{"rendered":"<p><a href=\"http:\/\/blog.inmontanis.info\/?p=1644\">[&#8230;]<\/a><\/p>\n","protected":false},"author":1,"featured_media":0,"comment_status":"open","ping_status":"closed","sticky":false,"template":"","format":"standard","meta":{"footnotes":""},"categories":[905,25,13,27],"tags":[49,53,45,47],"class_list":["post-1644","post","type-post","status-publish","format-standard","hentry","category-kaunertaler-gletscher","category-noreport","category-austria","category-skifahren-winterskiing-winter","tag-4sb","tag-8eub","tag-see","tag-sl","odd"],"_links":{"self":[{"href":"http:\/\/blog.inmontanis.info\/index.php?rest_route=\/wp\/v2\/posts\/1644","targetHints":{"allow":["GET"]}}],"collection":[{"href":"http:\/\/blog.inmontanis.info\/index.php?rest_route=\/wp\/v2\/posts"}],"about":[{"href":"http:\/\/blog.inmontanis.info\/index.php?rest_route=\/wp\/v2\/types\/post"}],"author":[{"embeddable":true,"href":"http:\/\/blog.inmontanis.info\/index.php?rest_route=\/wp\/v2\/users\/1"}],"replies":[{"embeddable":true,"href":"http:\/\/blog.inmontanis.info\/index.php?rest_route=%2Fwp%2Fv2%2Fcomments&post=1644"}],"version-history":[{"count":5,"href":"http:\/\/blog.inmontanis.info\/index.php?rest_route=\/wp\/v2\/posts\/1644\/revisions"}],"predecessor-version":[{"id":9301,"href":"http:\/\/blog.inmontanis.info\/index.php?rest_route=\/wp\/v2\/posts\/1644\/revisions\/9301"}],"wp:attachment":[{"href":"http:\/\/blog.inmontanis.info\/index.php?rest_route=%2Fwp%2Fv2%2Fmedia&parent=1644"}],"wp:term":[{"taxonomy":"category","embeddable":true,"href":"http:\/\/blog.inmontanis.info\/index.php?rest_route=%2Fwp%2Fv2%2Fcategories&post=1644"},{"taxonomy":"post_tag","embeddable":true,"href":"http:\/\/blog.inmontanis.info\/index.php?rest_route=%2Fwp%2Fv2%2Ftags&post=1644"}],"curies":[{"name":"wp","href":"https:\/\/api.w.org\/{rel}","templated":true}]}}