{"id":1637,"date":"2011-04-23T23:13:41","date_gmt":"2011-04-23T21:13:41","guid":{"rendered":"http:\/\/blog.inmontanis.info\/?p=1637"},"modified":"2023-08-06T08:53:24","modified_gmt":"2023-08-06T06:53:24","slug":"hochzeiger-23-4-2011","status":"publish","type":"post","link":"http:\/\/blog.inmontanis.info\/?p=1637","title":{"rendered":"Hochzeiger, 23.4.2011"},"content":{"rendered":"<p>Heute am Hochzeiger &#8230;<br \/>\n<!--more--><br \/>\n&#8211; Achtung, L\u00fcge: Entgegen der Angabe auf der Homepage ist die Panorama-Abfahrt nicht mehr ge\u00f6ffnet.<br \/>\n&#8211; Wer sie trotzdem fahren will: Oben super, aber unten l\u00e4ngerer Fu\u00dfweg<br \/>\n&#8211; Talabfahrt auch f\u00fcr mich zu schneelos<br \/>\n&#8211; Zwischen 4KSB und SL haufenweise nette Offpiste-Varianten.<\/p>\n<p>Profitipp f\u00fcr kurze schneearme Stellen:<\/p>\n<p><a href='http:\/\/ski.inmontanis.info\/d\/127981-2\/DSCF1069.jpg'><img src=http:\/\/ski.inmontanis.info\/d\/127979-3\/DSCF1069.jpg \/><\/a><br \/>\n^ Kein Schnee? Kein Problem. Kr\u00e4ftig abbremsen &#8230;<\/p>\n<p><a href='http:\/\/ski.inmontanis.info\/d\/127985-2\/P1600471.jpg'><img src=http:\/\/ski.inmontanis.info\/d\/127983-3\/P1600471.jpg \/><\/a><br \/>\n^ .. kr\u00e4ftig abbremsen und schon liegt wieder gen\u00fcgend Schnee zum dr\u00fcberfahren :-)<\/p>\n<p>Hab ich auch gefilmt:<br \/>\n<object style=\"height: 500px; width: 900px\"><param name=\"movie\" value=\"http:\/\/www.youtube.com\/v\/zf0LGXZPE0M\"><\/param><param name=\"wmode\" value=\"transparent\"><\/param><embed src=\"http:\/\/www.youtube.com\/v\/zf0LGXZPE0M\" type=\"application\/x-shockwave-flash\" wmode=\"transparent\"  width=\"900\" height=\"480\"><\/embed><\/object><\/p>\n<p>Fotos anklicken zum Vergr\u00f6\u00dfern, soweit nicht vergr\u00f6\u00dfert gepostet:<\/p>\n<p><a href='http:\/\/ski.inmontanis.info\/d\/127965-2\/DSCF1002.jpg'><img src=http:\/\/ski.inmontanis.info\/d\/127963-3\/DSCF1002.jpg \/><\/a><br \/>\n^ Zoom Bergstation 4KSB<\/p>\n<p><a href='http:\/\/ski.inmontanis.info\/d\/127969-2\/DSCF1020.jpg'><img src=http:\/\/ski.inmontanis.info\/d\/127967-3\/DSCF1020.jpg \/><\/a><br \/>\n^ Abfahrten an der 4KSB<\/p>\n<p><a href='http:\/\/ski.inmontanis.info\/d\/127973-2\/DSCF1066.jpg'><img src=http:\/\/ski.inmontanis.info\/d\/127971-3\/DSCF1066.jpg \/><\/a><br \/>\n^ Off-Piste an der 4KSB \/ Zollberg-SL<\/p>\n<p><a href='http:\/\/ski.inmontanis.info\/d\/127977-2\/DSCF1068.jpg'><img src=http:\/\/ski.inmontanis.info\/d\/127975-3\/DSCF1068.jpg \/><\/a><br \/>\n^ Abfahrten 4KSB &#8211; DSB &#8211; 6KSB<\/p>\n<p><a href='http:\/\/ski.inmontanis.info\/d\/127989-2\/DSCF1073.jpg'><img src=http:\/\/ski.inmontanis.info\/d\/127987-3\/DSCF1073.jpg \/><\/a><br \/>\n^ Off-Piste an der Zirben-KSB<\/p>\n<p><a href='http:\/\/ski.inmontanis.info\/d\/127993-2\/DSCF1074.jpg'><img src=http:\/\/ski.inmontanis.info\/d\/127991-3\/DSCF1074.jpg \/><\/a><br \/>\n^ Panoramaabfahrt. Im oberen Teil supi<\/p>\n<p><a href='http:\/\/ski.inmontanis.info\/d\/127997-2\/DSCF1075.jpg'><img src=http:\/\/ski.inmontanis.info\/d\/127995-3\/DSCF1075.jpg \/><\/a><br \/>\n^ Panoramaabfahrt. Im unteren Teil doch ein etwas l\u00e4ngerer Fu\u00dfweg&#8230;<\/p>\n<p><a href='http:\/\/ski.inmontanis.info\/d\/127957-2\/DSCF1006a.jpg'><img src=http:\/\/ski.inmontanis.info\/d\/127955-3\/DSCF1006a.jpg \/><\/a><br \/>\n^ IR-Blick zur 8EUB, auf der Talabfahrt war selbst f\u00fcr mich zu wenig Schnee&#8230;<\/p>\n<p><a href='http:\/\/ski.inmontanis.info\/d\/127961-2\/DSCF1010a.jpg'><img src=http:\/\/ski.inmontanis.info\/d\/127959-3\/DSCF1010a.jpg \/><\/a><br \/>\n^ Farb-IR (Orange-Filter)<\/p>\n<p><a href='http:\/\/ski.inmontanis.info\/d\/128001-2\/P1600441a.jpg'><img src=http:\/\/ski.inmontanis.info\/d\/127999-3\/P1600441a.jpg \/><\/a><br \/>\n^ IR-Foto ins Inntal<\/p>\n<p><a href='http:\/\/ski.inmontanis.info\/d\/128005-2\/DSCF1042a.jpg'><img src=http:\/\/ski.inmontanis.info\/d\/128003-3\/DSCF1042a.jpg \/><\/a><br \/>\n^ IR-Zoom Inn und Autobahn<\/p>\n<p><a href='http:\/\/ski.inmontanis.info\/d\/128009-2\/DSCF1036_.jpg'><img src=http:\/\/ski.inmontanis.info\/d\/128007-3\/DSCF1036_.jpg \/><\/a><br \/>\n^ IR-Zoom Wetterstein\/Zugspitze<\/p>\n<p><a href='http:\/\/ski.inmontanis.info\/d\/128013-2\/P1600465.jpg'><img src=http:\/\/ski.inmontanis.info\/d\/128011-3\/P1600465.jpg \/><\/a><br \/>\n^ IR-Zoom Imst (Originalfarbe mit Orange-Filter)<\/p>\n<p><a href='http:\/\/ski.inmontanis.info\/d\/128017-2\/P1600463a.jpg'><img src=http:\/\/ski.inmontanis.info\/d\/128015-3\/P1600463a.jpg \/><\/a><br \/>\n^ IR-Zoom Imst<\/p>\n","protected":false},"excerpt":{"rendered":"<p>Heute am Hochzeiger &#8230;<\/p>\n<p> <a href=\"http:\/\/blog.inmontanis.info\/?p=1637\">[&#8230;]<\/a><\/p>\n","protected":false},"author":1,"featured_media":0,"comment_status":"open","ping_status":"closed","sticky":false,"template":"","format":"standard","meta":{"footnotes":""},"categories":[24,870,13,27],"tags":[90,78],"class_list":["post-1637","post","type-post","status-publish","format-standard","hentry","category-tagestour","category-hochzeiger","category-austria","category-skifahren-winterskiing-winter","tag-infrarot","tag-restschnee","odd"],"_links":{"self":[{"href":"http:\/\/blog.inmontanis.info\/index.php?rest_route=\/wp\/v2\/posts\/1637","targetHints":{"allow":["GET"]}}],"collection":[{"href":"http:\/\/blog.inmontanis.info\/index.php?rest_route=\/wp\/v2\/posts"}],"about":[{"href":"http:\/\/blog.inmontanis.info\/index.php?rest_route=\/wp\/v2\/types\/post"}],"author":[{"embeddable":true,"href":"http:\/\/blog.inmontanis.info\/index.php?rest_route=\/wp\/v2\/users\/1"}],"replies":[{"embeddable":true,"href":"http:\/\/blog.inmontanis.info\/index.php?rest_route=%2Fwp%2Fv2%2Fcomments&post=1637"}],"version-history":[{"count":3,"href":"http:\/\/blog.inmontanis.info\/index.php?rest_route=\/wp\/v2\/posts\/1637\/revisions"}],"predecessor-version":[{"id":9208,"href":"http:\/\/blog.inmontanis.info\/index.php?rest_route=\/wp\/v2\/posts\/1637\/revisions\/9208"}],"wp:attachment":[{"href":"http:\/\/blog.inmontanis.info\/index.php?rest_route=%2Fwp%2Fv2%2Fmedia&parent=1637"}],"wp:term":[{"taxonomy":"category","embeddable":true,"href":"http:\/\/blog.inmontanis.info\/index.php?rest_route=%2Fwp%2Fv2%2Fcategories&post=1637"},{"taxonomy":"post_tag","embeddable":true,"href":"http:\/\/blog.inmontanis.info\/index.php?rest_route=%2Fwp%2Fv2%2Ftags&post=1637"}],"curies":[{"name":"wp","href":"https:\/\/api.w.org\/{rel}","templated":true}]}}