{"id":1629,"date":"2011-04-17T23:06:13","date_gmt":"2011-04-17T21:06:13","guid":{"rendered":"http:\/\/blog.inmontanis.info\/?p=1629"},"modified":"2023-08-06T20:11:16","modified_gmt":"2023-08-06T18:11:16","slug":"serfausfiss-16-17-4-2011","status":"publish","type":"post","link":"http:\/\/blog.inmontanis.info\/?p=1629","title":{"rendered":"Serfaus+Fiss, 16.+17.4.2011"},"content":{"rendered":"<p><!--more--><br \/>\nSerfaus, 16.4.2011, anklicken zum Vergr\u00f6\u00dfern:<\/p>\n<p><a href='http:\/\/ski.inmontanis.info\/d\/127366-2\/DSC04211.jpg'><img src=http:\/\/ski.inmontanis.info\/d\/127364-3\/DSC04211.jpg \/><\/a><br \/>\n^ Gampen \/ Plansegg, vorne wurden wohl die Schneekanonen wieder angeworfen<\/p>\n<p><a href='http:\/\/ski.inmontanis.info\/d\/127370-2\/DSC04212.jpg'><img src=http:\/\/ski.inmontanis.info\/d\/127368-3\/DSC04212.jpg \/><\/a><br \/>\n^ Lazid, Trujeabfahrt wird&#8217;s wohl nicht mehr lang machen<\/p>\n<p><a href='http:\/\/ski.inmontanis.info\/d\/127374-2\/DSC04215.jpg'><img src=http:\/\/ski.inmontanis.info\/d\/127372-3\/DSC04215.jpg \/><\/a><br \/>\n^ Auch im Laustal wird nochmal beschneit&#8230;<\/p>\n<p><a href='http:\/\/ski.inmontanis.info\/d\/127378-2\/P1600417a.jpg'><img src=http:\/\/ski.inmontanis.info\/d\/127376-3\/P1600417a.jpg \/><\/a><br \/>\n^ Lazidbahn in Farb-IR<\/p>\n<p><a href='http:\/\/ski.inmontanis.info\/d\/127382-2\/DSC04216.jpg'><img src=http:\/\/ski.inmontanis.info\/d\/127380-3\/DSC04216.jpg \/><\/a><br \/>\n^ Verbindungen Fiss-Serfaus in beiden Richtungen wg. Schneearmut bereits geschlossen :-(<\/p>\n<p><a href='http:\/\/ski.inmontanis.info\/d\/127386-2\/DSC04218.jpg'><img src=http:\/\/ski.inmontanis.info\/d\/127384-3\/DSC04218.jpg \/><\/a><br \/>\n^ Das B\u00e4chlein nahe der Pezid-Talstation schaut so unnat\u00fcrlich freigeschaufelt aus&#8230;?!<\/p>\n<p><img src=http:\/\/ski.inmontanis.info\/d\/127390-2\/DSC04221.jpg \/><br \/>\n^ Pezidbahn<\/p>\n<p><a href='http:\/\/ski.inmontanis.info\/d\/127394-2\/DSC04224.jpg'><img src=http:\/\/ski.inmontanis.info\/d\/127392-3\/DSC04224.jpg \/><\/a><br \/>\n^ Pezidbahn<\/p>\n<p>\u00dcbrigens kamen mir die Bergbahnmitarbeiter heute ungew\u00f6hnlich freundlich vor &#8211; der eine gr\u00fc\u00dft, zwei andere tun die Ski aus den Gondeln, der dritte h\u00e4lt sogar den SL-B\u00fcgel &#8211; alles in \u00d6sterreich nicht selbstverst\u00e4ndlich.<\/p>\n<p>Schnee: Zumeist Pulver oder Firn, an einigen ganz wenigen Stellen auch etwas h\u00e4rter, an einigen ganz wenigen Stellen auch etwas pappig, und hier und da am Nachmittag etwas tieferer Sulz. In Summe also recht gut.<\/p>\n<p>Nachdem der SL Minders wohl diesen Sommer ersetzt werden wird und er somit in 2 Wochen Geschichte ist &#8211; hier eine kleine Hommage an die letzte ruhige, gem\u00fctliche Ecke SFLs (Wobei der Masner-Berich ja bereits seit der Pezidbahn nicht mehr ruhig und gem\u00fctlich ist, leider):<\/p>\n<p><img src=http:\/\/ski.inmontanis.info\/d\/127398-2\/DSC04226.jpg \/><\/p>\n<p><img src=http:\/\/ski.inmontanis.info\/d\/127402-2\/DSC04229.jpg \/><\/p>\n<p><img src=http:\/\/ski.inmontanis.info\/d\/127406-2\/DSC04232.jpg \/><\/p>\n<p><img src=http:\/\/ski.inmontanis.info\/d\/127410-2\/DSC04233.jpg \/><\/p>\n<p><img src=http:\/\/ski.inmontanis.info\/d\/127414-2\/DSC04236.jpg \/><\/p>\n<p><img src=http:\/\/ski.inmontanis.info\/d\/127418-2\/DSC04241.jpg \/><\/p>\n<p><img src=http:\/\/ski.inmontanis.info\/d\/127422-2\/DSC04251.jpg \/><\/p>\n<p>&#8212;<\/p>\n<p>Fiss, 17.4.2011<\/p>\n<p>Nordh\u00e4nge waren leider sehr hart, teilweise eisig, bis weit in den Nachmittag. Erst ab 14 Uhr machte es dort Spa\u00df auf den Pisten. Frommes war vormittags OK, teils noch etwas hart, teils sch\u00f6n firnig, teils etwas sulzig.<\/p>\n<p>Beste Abfahrt war die geschlossene Sch\u00f6njoch-West und dann in Verl\u00e4ngerung \u00fcber die M\u00f6seralm runter. Nur 1x kurz f\u00fcr 20m abschnalen.<\/p>\n<p>Zum Schluss bin ich noch die Direttissima von der Bergstation der Almbahn gefahren, die war etwas schwerer zu fahren (da schon l\u00e4nger nicht mehr pr\u00e4pariert), ebenfalls nicht soo toll war die Verl\u00e4ngerung \u00fcber die Sch\u00f6njoch-Mittelstation \/ Wonneabfahrt. (Sorry nochmal an Dachstein, Schafi und Tribal (die sind mir n\u00e4mlich zuf\u00e4llig \u00fcber den Weg gelaufen), dass ich euch nicht &#8220;gezwungen&#8221; hab, \u00fcber die M\u00f6seralm zu fahren und dass ich&#8217;s so eilig hatte, um 16:30 noch die Gondel nach Ladis zu erwischen :) )<\/p>\n<p>Jedenfalls gab&#8217;s hier gr\u00f6\u00dftenteils einen genialen Firnschnee (und keinerlei Papp oder Sulz), und wer noch nie einen echten Firnschnee gefahren ist und somit noch nie das Meeresrauschen bei jedem Schwung geh\u00f6rt hat, m\u00f6ge bitte sich meinen kurzen Clip reinziehen und den Sound laut aufdrehen:<\/p>\n<p><object style=\"height: 500px; width: 900px\"><param name=\"movie\" value=\"http:\/\/www.youtube.com\/v\/viLGPK6j70s\"><\/param><param name=\"wmode\" value=\"transparent\"><\/param><embed src=\"http:\/\/www.youtube.com\/v\/viLGPK6j70s\" type=\"application\/x-shockwave-flash\" wmode=\"transparent\"  width=\"900\" height=\"480\"><\/embed><\/object><\/p>\n<p>Fotos vom 17.4.2011, anklicken zum Vergr\u00f6\u00dfern:<\/p>\n<p><a href='http:\/\/ski.inmontanis.info\/d\/127426-2\/DSC04261.jpg'><img src=http:\/\/ski.inmontanis.info\/d\/127424-3\/DSC04261.jpg \/><\/a><br \/>\n^ Ladisabfahrt, noch ge\u00f6ffnet<\/p>\n<p><a href='http:\/\/ski.inmontanis.info\/d\/127430-2\/DSC04264.jpg'><img src=http:\/\/ski.inmontanis.info\/d\/127428-3\/DSC04264.jpg \/><\/a><br \/>\n^ Fisser S\u00fcdseite aufgrund schneemangels schon komplett geschlossen&#8230;<\/p>\n<p><a href='http:\/\/ski.inmontanis.info\/d\/127434-2\/DSC04265.jpg'><img src=http:\/\/ski.inmontanis.info\/d\/127432-3\/DSC04265.jpg \/><\/a><br \/>\n^ Fisser S\u00fcdseite. Aber ihr wisst ja, wo Schnee ist, kommt man auch auf Skiern runter.<\/p>\n<p><a href='http:\/\/ski.inmontanis.info\/d\/127438-2\/DSC04275.jpg'><img src=http:\/\/ski.inmontanis.info\/d\/127436-3\/DSC04275.jpg \/><\/a><br \/>\n^ Firnschnee vom feinsten! (rechts ausserhalb des Bildes w\u00e4re der SL Wonne)<\/p>\n<p><img src=http:\/\/ski.inmontanis.info\/d\/127442-2\/DSC04277.jpg \/><br \/>\n^ Zoom von der Gondel auf meine Spur<\/p>\n<p><a href='http:\/\/ski.inmontanis.info\/d\/127446-2\/DSC04278.jpg'><img src=http:\/\/ski.inmontanis.info\/d\/127444-3\/DSC04278.jpg \/><\/a><br \/>\n^ Die Direttissima war etwas schwerer zu fahren als die Sch\u00f6njoch-West, da sie wohl schon l\u00e4nger nicht mehr pr\u00e4pariert wurde.<\/p>\n<p><a href='http:\/\/ski.inmontanis.info\/d\/127450-2\/DSC04279.jpg'><img src=http:\/\/ski.inmontanis.info\/d\/127448-3\/DSC04279.jpg \/><\/a><br \/>\n^ Links die Direttissima, rechts die Sch\u00f6njoch West (da war echt genialer Firn, fragt mal die drei im folgenden Bild)<\/p>\n<p><a href='http:\/\/ski.inmontanis.info\/d\/127454-2\/DSC04281.jpg'><img src=http:\/\/ski.inmontanis.info\/d\/127452-3\/DSC04281.jpg \/><\/a><br \/>\n^ Komisch, wieso schnallen die 3 hier ab? Liegt doch Schnee, kann man doch auf den Skiern bleiben &#8230;. (im ernst, ich hab auf der Abfahrt 2x abgeschnallt, die 3 aber einige Male \u00f6fters. Bin da halt nich so empfindlich.)<\/p>\n","protected":false},"excerpt":{"rendered":"<p><a href=\"http:\/\/blog.inmontanis.info\/?p=1629\">[&#8230;]<\/a><\/p>\n","protected":false},"author":1,"featured_media":0,"comment_status":"open","ping_status":"closed","sticky":false,"template":"","format":"standard","meta":{"footnotes":""},"categories":[24,13,899,27],"tags":[39,53,78,47],"class_list":["post-1629","post","type-post","status-publish","format-standard","hentry","category-tagestour","category-austria","category-serfaus-fiss-ladis","category-skifahren-winterskiing-winter","tag-6eub","tag-8eub","tag-restschnee","tag-sl","odd"],"_links":{"self":[{"href":"http:\/\/blog.inmontanis.info\/index.php?rest_route=\/wp\/v2\/posts\/1629","targetHints":{"allow":["GET"]}}],"collection":[{"href":"http:\/\/blog.inmontanis.info\/index.php?rest_route=\/wp\/v2\/posts"}],"about":[{"href":"http:\/\/blog.inmontanis.info\/index.php?rest_route=\/wp\/v2\/types\/post"}],"author":[{"embeddable":true,"href":"http:\/\/blog.inmontanis.info\/index.php?rest_route=\/wp\/v2\/users\/1"}],"replies":[{"embeddable":true,"href":"http:\/\/blog.inmontanis.info\/index.php?rest_route=%2Fwp%2Fv2%2Fcomments&post=1629"}],"version-history":[{"count":8,"href":"http:\/\/blog.inmontanis.info\/index.php?rest_route=\/wp\/v2\/posts\/1629\/revisions"}],"predecessor-version":[{"id":9261,"href":"http:\/\/blog.inmontanis.info\/index.php?rest_route=\/wp\/v2\/posts\/1629\/revisions\/9261"}],"wp:attachment":[{"href":"http:\/\/blog.inmontanis.info\/index.php?rest_route=%2Fwp%2Fv2%2Fmedia&parent=1629"}],"wp:term":[{"taxonomy":"category","embeddable":true,"href":"http:\/\/blog.inmontanis.info\/index.php?rest_route=%2Fwp%2Fv2%2Fcategories&post=1629"},{"taxonomy":"post_tag","embeddable":true,"href":"http:\/\/blog.inmontanis.info\/index.php?rest_route=%2Fwp%2Fv2%2Ftags&post=1629"}],"curies":[{"name":"wp","href":"https:\/\/api.w.org\/{rel}","templated":true}]}}