{"id":1616,"date":"2011-04-08T22:55:31","date_gmt":"2011-04-08T20:55:31","guid":{"rendered":"http:\/\/blog.inmontanis.info\/?p=1616"},"modified":"2023-08-04T19:48:59","modified_gmt":"2023-08-04T17:48:59","slug":"spjelkavik-stryn-8-4-2011","status":"publish","type":"post","link":"http:\/\/blog.inmontanis.info\/?p=1616","title":{"rendered":"Spjelkavik, Stryn, 8.4.2011"},"content":{"rendered":"<p><strong>16. Tag: Fr, 8.4.2011 &#8211; Spjelkavik, Stryn<\/strong><\/p>\n<p>Nun, das Wetter war &#8211; wie gemeldet &#8211; schlecht, so dass ich schon mal nicht in Oppdal skigefahren bin, stattdessen weiter nach  Spjelkavik, nachschauen, ob noch Schnee liegt, ob die DSB am WE l\u00e4uft.<\/p>\n<p>Auf dem Weg gab&#8217;s tw. ziemlichen Schneesturm, tw. hat man nicht mal 10m gesehen!<!--more--><\/p>\n<p><em>(Fotos anklicken zum Vergr\u00f6\u00dfern, soweit nicht vergr\u00f6\u00dfert gepostet)<\/em><\/p>\n<p><img src=http:\/\/extra.inmontanis.info\/d\/8954-2\/ge-20110408.jpg \/><br \/>\n^ Fahrstrecke 8.4.2011 (ca. 560 km, von Nord\/Ost nach S\u00fcd\/West))<\/p>\n<p><a href='http:\/\/extra.inmontanis.info\/d\/8958-2\/DSC03312.jpg'><img src=http:\/\/extra.inmontanis.info\/d\/8956-3\/DSC03312.jpg \/><\/a><br \/>\n^ Regennasse Windschutzscheibe. War eine kleine Herausforderung, das w\u00e4hrend der Fahrt zu machen und den (manuellen) Fokus zu erwischen.<\/p>\n<p><a href='http:\/\/extra.inmontanis.info\/d\/8962-2\/DSC03321.jpg'><img src=http:\/\/extra.inmontanis.info\/d\/8960-3\/DSC03321.jpg \/><\/a><br \/>\n^ Nu, dann eben kein Regen mehr, sondern starker Schneefall &#8230;<\/p>\n<p><a href='http:\/\/extra.inmontanis.info\/d\/8966-2\/DSC03335.jpg'><img src=http:\/\/extra.inmontanis.info\/d\/8964-3\/DSC03335.jpg \/><\/a><br \/>\n^ Starker Schneefall auf der E6<\/p>\n<p><a href='http:\/\/extra.inmontanis.info\/d\/8970-2\/DSC03343.jpg'><img src=http:\/\/extra.inmontanis.info\/d\/8968-3\/DSC03343.jpg \/><\/a><br \/>\n^ E6, n\u00e4he Gr\u00f8nbakken<\/p>\n<p><img src=http:\/\/extra.inmontanis.info\/d\/8974-2\/DSC03348_001.jpg \/><br \/>\n^ Blindflug auf der E6 n\u00e4he Sn\u00f8hetta. Da ging nur noch Schrittempo &#8211; und der Blick auf&#8217;s Navi, ob die Stra\u00dfe eine Kurve macht oder geradeaus weiter geht &#8230;.<\/p>\n<p><img src=http:\/\/extra.inmontanis.info\/d\/8978-2\/DSC03364.jpg \/><br \/>\n^ E136, Romsdalen. Schmales Tal und steile Felsen hier.<\/p>\n<p><a href='http:\/\/extra.inmontanis.info\/d\/8982-2\/DSC03390.jpg'><img src=http:\/\/extra.inmontanis.info\/d\/8980-3\/DSC03390.jpg \/><\/a><br \/>\n^ Wieder starker Regen auf der E136 (n\u00e4he Horgheim)<\/p>\n<p><a href='http:\/\/extra.inmontanis.info\/d\/8986-2\/DSC03395.jpg'><img src=http:\/\/extra.inmontanis.info\/d\/8984-3\/DSC03395.jpg \/><\/a><br \/>\n^ E136, kurz vor \u00c5ndalsnes<\/p>\n<p><a href='http:\/\/extra.inmontanis.info\/d\/8990-2\/DSC03416.jpg'><img src=http:\/\/extra.inmontanis.info\/d\/8988-3\/DSC03416.jpg \/><\/a><br \/>\n^ E136, Tresfjord mit Regenbogen<\/p>\n<p><a href='http:\/\/extra.inmontanis.info\/d\/8994-2\/DSC03419.jpg'><img src=http:\/\/extra.inmontanis.info\/d\/8992-3\/DSC03419.jpg \/><\/a><br \/>\n^ E136, Tresfjord<\/p>\n<p><img src=http:\/\/extra.inmontanis.info\/d\/8998-2\/DSC03421.jpg \/><br \/>\n^ E136 \/ E39, kurz nach dem Tresfjord. Man beachte die zuf\u00e4llige Symmetrie des Bogens der Stra\u00dfe mit dem Bogen des Berges und die Diagonale des Waldes. Echt, rein zuf\u00e4llig so fotografiert, noch nicht mal ausgeschnitten oder gedreht das Bild!<\/p>\n<p>In Spjelkavik angekommen &#8211; nein, da ist nix mehr mit Schnee. Schade, (vor)letzte Woche h\u00e4tte es vielleicht noch gereicht, vielleicht doch fr\u00fcher hier vorbei fahren sollen&#8230;<\/p>\n<p><a href='http:\/\/ski.inmontanis.info\/d\/132596-2\/DSC03436.jpg'><img src=http:\/\/ski.inmontanis.info\/d\/132594-3\/DSC03436.jpg \/><\/a><br \/>\n^ Blick von der E39\/E136 zur Skiabfahrt von Spjelkavik. Da liegt kein Schnee mehr :-(<\/p>\n<p><img src=http:\/\/ski.inmontanis.info\/d\/132600-2\/DSC03437.jpg \/><br \/>\n^ Talstation der altehrw\u00fcrdigen M\u00fcller-DSB<\/p>\n<p><img src=http:\/\/ski.inmontanis.info\/d\/132604-2\/DSC03440.jpg \/><br \/>\n^ DSB und Abfahrt. Ne, da kann selbst ich nicht mehr fahren.<\/p>\n<p><a href='http:\/\/ski.inmontanis.info\/d\/132608-2\/DSC03443.jpg'><img src=http:\/\/ski.inmontanis.info\/d\/132607-3\/DSC03443.jpg \/><\/a><br \/>\n^ Typische Antriebs-Spannstation von M\u00fcller<\/p>\n<p><a href='http:\/\/ski.inmontanis.info\/d\/132612-2\/DSC03447.jpg'><img src=http:\/\/ski.inmontanis.info\/d\/132611-3\/DSC03447.jpg \/><\/a><br \/>\n^ Strecke<\/p>\n<p><a href='http:\/\/ski.inmontanis.info\/d\/132616-2\/DSC03448.jpg'><img src=http:\/\/ski.inmontanis.info\/d\/132615-3\/DSC03448.jpg \/><\/a><br \/>\n^ Strecke<\/p>\n<p><a href='http:\/\/ski.inmontanis.info\/d\/132620-2\/DSC03451.jpg'><img src=http:\/\/ski.inmontanis.info\/d\/132619-3\/DSC03451.jpg \/><\/a><br \/>\n^ DSB-Sessel<\/p>\n<p><img src=http:\/\/ski.inmontanis.info\/d\/132624-2\/DSC03452.jpg \/><br \/>\n^ St\u00fctze 1<\/p>\n<p><a href='http:\/\/ski.inmontanis.info\/d\/132628-2\/DSC03453.jpg'><img src=http:\/\/ski.inmontanis.info\/d\/132627-3\/DSC03453.jpg \/><\/a><br \/>\n^ St\u00fctze 1<\/p>\n<p><a href='http:\/\/ski.inmontanis.info\/d\/132632-2\/DSC03455.jpg'><img src=http:\/\/ski.inmontanis.info\/d\/132631-3\/DSC03455.jpg \/><\/a><br \/>\n^ DSB-Sessel von hinten. Schauen ja schon etwas komisch aus mit ihren gro\u00dfen &#8220;Anal\u00f6ffnungen&#8221; :)<\/p>\n<p>An der Talstation fand sich ein Hinweis auf die Facebook-Seite:<br \/>\nhttp:\/\/www.facebook.com\/pages\/Spjelkavikheis\/183709768324652<\/p>\n<p>Demnach war der letzte Eintrag von Ende Februar &#8211; evtl. also schon im M\u00e4rz kein Skibetrieb mehr dort gewesen. Muss ich n\u00e4chstes Mal im Sommer vorbei.<\/p>\n<p>Dann eben weiter nach Stryn, vielleicht geht da ja heute Abend was, lt. Homepage steht nichts gegenteiligeres ..<\/p>\n<p><a href='http:\/\/extra.inmontanis.info\/d\/9002-2\/DSC03456.jpg'><img src=http:\/\/extra.inmontanis.info\/d\/9000-3\/DSC03456.jpg \/><\/a><br \/>\n^ Rv. 60, Kurzes Warten auf die F\u00e4hre nach \u00d8rsneset<\/p>\n<p><a href='http:\/\/extra.inmontanis.info\/d\/9006-2\/DSC03476.jpg'><img src=http:\/\/extra.inmontanis.info\/d\/9004-3\/DSC03476.jpg \/><\/a><br \/>\n^ Rv. 60 zwischen Stranda und Helstad<\/p>\n<p><a href='http:\/\/extra.inmontanis.info\/d\/9010-2\/DSC03477.jpg'><img src=http:\/\/extra.inmontanis.info\/d\/9008-3\/DSC03477.jpg \/><\/a><br \/>\n^ Rv. 60 n\u00e4he Helstad<\/p>\n<p><a href='http:\/\/extra.inmontanis.info\/d\/9014-2\/DSC03480.jpg'><img src=http:\/\/extra.inmontanis.info\/d\/9012-3\/DSC03480.jpg \/><\/a><br \/>\n^ Rv. 60 n\u00e4he R\u00f8yr. Dort vorn geht das Tal (Strandadalen) zu Ende und man f\u00e4hrt durch einen Tunnel zum Fjord &#8230;<\/p>\n<p><a href='http:\/\/extra.inmontanis.info\/d\/9018-2\/DSC03482.jpg'><img src=http:\/\/extra.inmontanis.info\/d\/9016-3\/DSC03482.jpg \/><\/a><br \/>\n^ Bauma\u00dfnahmen f\u00fcr Rassikring = Lawinenschutz. (Da gibt&#8217;s wortm\u00e4\u00dfig wohl keinen Zusammenhang mit Deutsch oder Englisch.)<\/p>\n<p><a href='http:\/\/extra.inmontanis.info\/d\/9022-2\/DSC03493.jpg'><img src=http:\/\/extra.inmontanis.info\/d\/9020-3\/DSC03493.jpg \/><\/a><br \/>\n^ Rv.60, kurz vor Hellesylt. Bauma\u00dfnahmen auch auf der anderen Seite der Tunnel.<\/p>\n<p>Bei Hellesylt in der n\u00e4he des Geirangerfjords hab ich mich ins Vandrerhjem \/ Hostel einquartiert &#8211; die haben da momentan haupts\u00e4chlich Stra\u00dfenbauarbeiter,  vmtl. dadurch die Container-Erweiterung. EZ mit Du\/WC kostete 550,- (70,50 \u00a4) im Container, ohne Du\/WC im alten Geb\u00e4ude h\u00e4tte es 470,- gekostet). Ok, manch einer mag so ein kleines Containerzimmer vielleicht als Gef\u00e4ngniszelle ansehen &#8211; mich erinnert das eher an eine Schiffskabine.<\/p>\n<p>In Stryn zeigte sich sp\u00e4ter wie vorhergesagt tats\u00e4chlich die Sonne &#8211; aber Skilift fuhr keiner :-(<\/p>\n<p>Gut, dann eben noch in Stryn zur Tankstelle und einen 160g Bacon-Hamburger mit Pommes (um 90,- = \u00a4 11,50 ohne Getr\u00e4nk) reingezogen. Es gibt hier 3 Tankstellen, also auch 3 verschiedene Tankstellenfastfood, hab zur Abwechslung mal an einer x hoch y &#8211; Tankstelle gehalten. So ein  frischer Hamburger von der norwegischen Tanke ist einfach besser als die Mikrowellen-Burger von McDonalds und BurgerKing bei uns ;)<\/p>\n<p><a href='http:\/\/extra.inmontanis.info\/d\/9026-2\/DSC03508.jpg'><img src=http:\/\/extra.inmontanis.info\/d\/9024-3\/DSC03508.jpg \/><\/a><br \/>\n^ Rv. 60 \/ Kreuzung mit Rv 15 bei Kj\u00f8s am Hornindalsvatnet<\/p>\n<p><a href='http:\/\/extra.inmontanis.info\/d\/9030-2\/DSC03511.jpg'><img src=http:\/\/extra.inmontanis.info\/d\/9028-3\/DSC03511.jpg \/><\/a><br \/>\n^ Dieser Zipfel des Hornindasvatnet ist noch gefroren<\/p>\n<p><a href='http:\/\/extra.inmontanis.info\/d\/9034-2\/DSC03514.jpg'><img src=http:\/\/extra.inmontanis.info\/d\/9032-3\/DSC03514.jpg \/><\/a><br \/>\n^ Rv. 60, Fjordpano n\u00e4he Faleide<\/p>\n<p><img src=http:\/\/extra.inmontanis.info\/d\/9038-2\/DSC03516_001.jpg \/><br \/>\n^ Rv. 60, n\u00e4he Svarstad<\/p>\n<p><a href='http:\/\/extra.inmontanis.info\/d\/9042-2\/DSC03517.jpg'><img src=http:\/\/extra.inmontanis.info\/d\/9040-3\/DSC03517.jpg \/><\/a><br \/>\n^ Rv. 60 mit Regenbogen<\/p>\n<p><img src=http:\/\/extra.inmontanis.info\/d\/9046-2\/DSC03520.jpg \/><br \/>\n^ Rv. 60 zwischen Svarstad und Stryn am Fjrod entlang mit leichtem Regenbogen<\/p>\n<p><a href='http:\/\/ski.inmontanis.info\/d\/132636-2\/DSC03524.jpg'><img src=http:\/\/ski.inmontanis.info\/d\/132635-3\/DSC03524.jpg \/><\/a><br \/>\n^ Ankunft in Stryn, schon wieder ein Regenbogen.<\/p>\n<p><a href='http:\/\/ski.inmontanis.info\/d\/132640-2\/DSC03528.jpg'><img src=http:\/\/ski.inmontanis.info\/d\/132639-3\/DSC03528.jpg \/><\/a><br \/>\n^ Stryn und Fjord<\/p>\n<p><img src=http:\/\/ski.inmontanis.info\/d\/132644-2\/DSC03530.jpg \/><br \/>\n^ Stryn mit Regenbogen.<\/p>\n<p><a href='http:\/\/ski.inmontanis.info\/d\/132648-2\/DSC03532.jpg'><img src=http:\/\/ski.inmontanis.info\/d\/132647-3\/DSC03532.jpg \/><\/a><br \/>\n^ Der untere SL in Stryn. Leider doch kein Abendbetrieb heute. Wobei ja eh der obere SL interessanter w\u00e4re.<\/p>\n<p><a href='http:\/\/ski.inmontanis.info\/d\/132652-2\/DSC03539.jpg'><img src=http:\/\/ski.inmontanis.info\/d\/132651-3\/DSC03539.jpg \/><\/a><br \/>\n^ Blick nach Stryn von gegen\u00fcber, der SL w\u00fcrde linkerseits auf den Berg gehen (bzw. eher hinter der linken Flanke)<\/p>\n<p><a href='http:\/\/extra.inmontanis.info\/d\/9050-2\/DSC03547.jpg'><img src=http:\/\/extra.inmontanis.info\/d\/9048-3\/DSC03547.jpg \/><\/a><br \/>\n^ Fjord-Pano mal anders fokusiert :)<\/p>\n<p><img src=http:\/\/extra.inmontanis.info\/d\/9054-2\/DSC03549.jpg \/><br \/>\n^ Fjordpano n\u00e4he Stryn<\/p>\n<p><img src=http:\/\/extra.inmontanis.info\/d\/9058-2\/DSC03551.jpg \/><br \/>\n^ Am Fjord n\u00e4he Stryn<\/p>\n<p><a href='http:\/\/extra.inmontanis.info\/d\/9062-2\/DSC03568.jpg'><img src=http:\/\/extra.inmontanis.info\/d\/9060-3\/DSC03568.jpg \/><\/a><br \/>\n^ Hellesylt<\/p>\n<p><a href='http:\/\/extra.inmontanis.info\/d\/9066-2\/DSC03571.jpg'><img src=http:\/\/extra.inmontanis.info\/d\/9064-3\/DSC03571.jpg \/><\/a><br \/>\n^ Hellesylt. Die F\u00e4hre nach Geiranger f\u00e4hrt im Winter wohl nicht. Oben das Hostel mit seinen Containern &#8211; haupts\u00e4chlich f\u00fcr die Stra\u00dfenarbeiter.<\/p>\n<p><img src=http:\/\/extra.inmontanis.info\/d\/9070-2\/DSC03574.jpg \/><br \/>\n^ Hellesylt<\/p>\n<p><img src=http:\/\/extra.inmontanis.info\/d\/9074-2\/DSC03575_001.jpg \/><br \/>\n^ Hellesylt und Sunnylvsfjord<\/p>\n<p><a href='http:\/\/extra.inmontanis.info\/d\/9078-2\/DSC03578.jpg'><img src=http:\/\/extra.inmontanis.info\/d\/9076-3\/DSC03578.jpg \/><\/a><br \/>\n^ Wohncontainer vom Hostel. Bissl klein, aber nett eingerichtet.<\/p>\n<p><a href='http:\/\/extra.inmontanis.info\/d\/9082-2\/DSC03579.jpg'><img src=http:\/\/extra.inmontanis.info\/d\/9080-3\/DSC03579.jpg \/><\/a><br \/>\n^ .. sogar einen kleinen Dusche\/WC-Bereich hat der Container.<\/p>\n<p>Nachdem ich heute Abend noch etwas Zeit hatte, den bisherigen Urlaub etwas Revue passieren zu lassen, die Bilder der einzelnen Tage an zu sehen und ein Best-Of zusammen zu stellen &#8230;.<\/p>\n<p>.. ich wei\u00df nicht. Zu viel, das ich fahren wollte, fiel wetterm\u00e4\u00dfig ins Wasser. Zu viel Tage ohne oder nur mit mittelm\u00e4\u00dfigen Skigebieten, aber s\u00fcndteuren Preisen. Und doch gab es jeden Tag etwas interessantes zu sehen. Und die Skitage in Narvik und Harstad! Und das Polarlicht in Alta! Das war schon sehr geil. Aber sind 3-4 &#8220;sehr geile Tage&#8221; in 2 Wochen ein zufriedenstellendes Ergebnis? Wenn es demgegen\u00fcber 5 skilose Tage gab und 3-5 allenfalls durchschnittliche? Ja, auch auf der Griechenland-Bulgarien-Tour letztes Jahr gab es viele fragw\u00fcrdige Tage, vmtl. hatte ich in Summe diesmal sogar mehr bessere Tage bzw. mehr tolle Fotos, allerdings waren die &#8220;Nulltage&#8221; aufgrund des halben oder drittel Preises bei der S\u00fcdosteuropa-Tour leichter verdaubar &#8230;<\/p>\n<p>Kann locker 200-300 Fotos zeigen, nach denen man meinen m\u00fcsste, die Tour sei so unheimlich toll gewesen. Kann auch genauso gut hunderte Fotos zeigen, wo man  meinen m\u00fcsste, ich war nur in langweiligen Skigebieten unterwegs und hatte schlechtes Wetter. Aktuell \u00fcberwiegen die negativen Eindr\u00fccke, das Verpasste; wenn ich die Fotos bearbeitet hab, die Berichte online hab, werde ich die Reise wohl positiver in Erinnerung haben. Nur eins will ich nicht machen: Genau nachz\u00e4hlen, was mir der Spa\u00df gekostet hat. Das mach ich bei Urlauben zwar generell nicht, aber in diesem Fall will ich&#8217;s erst recht nicht wissen. Allein die 10.000 km Autofahrt &#8230; ca. 800,- Sprit, 15 \u00dcbernachtungen \u00e0 60-100,-, 13 Skip\u00e4sse \u00e0 35-45,- \u20ac, 15 Essen \u00e0 10-18,- also wohl irgendwas zwischen 2.500,- und 4.000,- \u20ac. LALALALA denk an &#8216;was anderes, ich wills nicht wissen&#8230;. <em>Mittlerweile in der Aufbearbeitung der Berichte und aufgrund von Fragen hatte ich&#8217;s ja doch irgendwo zusammengez\u00e4hlt, aber zum Gl\u00fcck auch schon wieder vergessen :) <\/em><\/p>\n<p>Und warum m\u00fcssen die geilsten Gebiete eigentlich so ewig weit weit weg sein? Narvik, \u00c4tna, Vitosha .. ausgerechnet die drei so weit entfernten will ich unbedingt wieder besuchen ..<\/p>\n","protected":false},"excerpt":{"rendered":"<p>16. Tag: Fr, 8.4.2011 &#8211; Spjelkavik, Stryn<\/p>\n<p>Nun, das Wetter war &#8211; wie gemeldet &#8211; schlecht, so dass ich schon mal nicht in Oppdal skigefahren bin, stattdessen weiter nach Spjelkavik, nachschauen, ob noch Schnee liegt, ob die DSB am WE l\u00e4uft.<\/p>\n<p>Auf dem Weg gab&#8217;s tw. ziemlichen Schneesturm, tw. hat man nicht mal 10m gesehen!<\/p>\n<p> <a href=\"http:\/\/blog.inmontanis.info\/?p=1616\">[&#8230;]<\/a><\/p>\n","protected":false},"author":1,"featured_media":0,"comment_status":"open","ping_status":"closed","sticky":false,"template":"","format":"standard","meta":{"footnotes":""},"categories":[95,18,59,580],"tags":[38,37,97,45],"class_list":["post-1616","post","type-post","status-publish","format-standard","hentry","category-skanditour2011","category-norwegennorway","category-nostalgie","category-spjelkavik","tag-dsb","tag-meer","tag-regenbogen","tag-see","odd"],"_links":{"self":[{"href":"http:\/\/blog.inmontanis.info\/index.php?rest_route=\/wp\/v2\/posts\/1616","targetHints":{"allow":["GET"]}}],"collection":[{"href":"http:\/\/blog.inmontanis.info\/index.php?rest_route=\/wp\/v2\/posts"}],"about":[{"href":"http:\/\/blog.inmontanis.info\/index.php?rest_route=\/wp\/v2\/types\/post"}],"author":[{"embeddable":true,"href":"http:\/\/blog.inmontanis.info\/index.php?rest_route=\/wp\/v2\/users\/1"}],"replies":[{"embeddable":true,"href":"http:\/\/blog.inmontanis.info\/index.php?rest_route=%2Fwp%2Fv2%2Fcomments&post=1616"}],"version-history":[{"count":4,"href":"http:\/\/blog.inmontanis.info\/index.php?rest_route=\/wp\/v2\/posts\/1616\/revisions"}],"predecessor-version":[{"id":9079,"href":"http:\/\/blog.inmontanis.info\/index.php?rest_route=\/wp\/v2\/posts\/1616\/revisions\/9079"}],"wp:attachment":[{"href":"http:\/\/blog.inmontanis.info\/index.php?rest_route=%2Fwp%2Fv2%2Fmedia&parent=1616"}],"wp:term":[{"taxonomy":"category","embeddable":true,"href":"http:\/\/blog.inmontanis.info\/index.php?rest_route=%2Fwp%2Fv2%2Fcategories&post=1616"},{"taxonomy":"post_tag","embeddable":true,"href":"http:\/\/blog.inmontanis.info\/index.php?rest_route=%2Fwp%2Fv2%2Ftags&post=1616"}],"curies":[{"name":"wp","href":"https:\/\/api.w.org\/{rel}","templated":true}]}}