{"id":1613,"date":"2011-04-07T22:52:39","date_gmt":"2011-04-07T20:52:39","guid":{"rendered":"http:\/\/blog.inmontanis.info\/?p=1613"},"modified":"2023-08-04T19:37:26","modified_gmt":"2023-08-04T17:37:26","slug":"vassfjellet-7-4-2011","status":"publish","type":"post","link":"http:\/\/blog.inmontanis.info\/?p=1613","title":{"rendered":"Vassfjellet, 7.4.2011"},"content":{"rendered":"<p><strong>15. Tag: Do, 7.4.2011 &#8211; Vassfjellet<\/strong><\/p>\n<p>Nachdem in \u00c5re wetterm\u00e4\u00dfig heute keine Sonne in Sicht war, wohl aber abends an der Westk\u00fcste Norwegens vorhergesagt, und ich ja haupts\u00e4chlich die Fjord-Skigebiete abklappern wollte &#8211; wollte ich dorthin. Kurzer Check auf die Websites allerdings:<\/p>\n<p>&#8211; Tusten &#8220;diese Woche kein Abendski&#8221; (wobei &#8220;diese Woche&#8221; unspezifiziert ohne Datum war)<br \/>\n&#8211; Breimsbygda &#8220;wg. warmen Wetters Di+Do geschlossen&#8221; (also ebenfalls kein Abendski diese Woche)<br \/>\n&#8211; Spjelkavik schreibt ja eh keine aktuellen Daten hin, werden aber dann vmtl. genauso zu haben :-(<\/p>\n<p>Mist. Dazwischen, bei Trondheim, h\u00e4tte ich mir Vassfjellet mit &#8220;Priorit\u00e4t 3&#8221; notiert. Wetterbericht war ganz OK.<\/p>\n<p><em>(Fotos anklicken zum Vergr\u00f6\u00dfern, soweit nicht vergr\u00f6\u00dfert gepostet)<\/em><\/p>\n<p><img src=http:\/\/extra.inmontanis.info\/d\/8894-2\/ge_20110407.jpg \/><br \/>\n^ Fahrstrecke 7.4.2011, ca. 325 km (Ost nach West)<\/p>\n<p><a href='http:\/\/extra.inmontanis.info\/d\/8898-2\/DSC03209.jpg'><img src=http:\/\/extra.inmontanis.info\/d\/8896-3\/DSC03209.jpg \/><\/a><br \/>\n^ E14, paar km oberhalb von \u00d6stersund<\/p>\n<p><a href='http:\/\/extra.inmontanis.info\/d\/8902-2\/DSC03212.jpg'><img src=http:\/\/extra.inmontanis.info\/d\/8900-3\/DSC03212.jpg \/><\/a><br \/>\n^ &#8220;Berliner Schnitzelstuga&#8221; an der E14<\/p>\n<p><a href='http:\/\/extra.inmontanis.info\/d\/8906-2\/DSC03216.jpg'><img src=http:\/\/extra.inmontanis.info\/d\/8904-3\/DSC03216.jpg \/><\/a><br \/>\n^ E14, n\u00e4he J\u00e4rpen<\/p>\n<p><a href='http:\/\/ski.inmontanis.info\/d\/132507-2\/DSC03222.jpg'><img src=http:\/\/ski.inmontanis.info\/d\/132506-3\/DSC03222.jpg \/><\/a><br \/>\n^ Starker Schneefall und Nebel in \u00c5re &#8211; hat leider keinen Sinn, dort heute zu fahren :-(<\/p>\n<p><a href='http:\/\/extra.inmontanis.info\/d\/8910-2\/DSC03234.jpg'><img src=http:\/\/extra.inmontanis.info\/d\/8908-3\/DSC03234.jpg \/><\/a><br \/>\n^ E14, vor Storlien (Skigebiet)<\/p>\n<p><a href='http:\/\/extra.inmontanis.info\/d\/8914-2\/DSC03239.jpg'><img src=http:\/\/extra.inmontanis.info\/d\/8912-3\/DSC03239.jpg \/><\/a><br \/>\n^ E14, vor Mer\u00e5ker<\/p>\n<p><img src=http:\/\/extra.inmontanis.info\/d\/8918-2\/DSC03245.jpg \/><br \/>\n^ Stillgelegte Sesselbahn an der E14 n\u00e4he Mer\u00e5ker<\/p>\n<p><a href='http:\/\/extra.inmontanis.info\/d\/8922-2\/DSC03247.jpg'><img src=http:\/\/extra.inmontanis.info\/d\/8920-3\/DSC03247.jpg \/><\/a><br \/>\n^ Stillgelegte Sesselbahn an der E14 n\u00e4he Mer\u00e5ker<\/p>\n<p><a href='http:\/\/extra.inmontanis.info\/d\/8926-2\/DSC03254.jpg'><img src=http:\/\/extra.inmontanis.info\/d\/8924-3\/DSC03254.jpg \/><\/a><br \/>\n^ E14, n\u00e4he Hegra. So wenig Schnee hier, gr\u00fcne Wiesen &#8211; hab ich ja seit Tagen nicht mehr gesehen!<\/p>\n<p><a href='http:\/\/extra.inmontanis.info\/d\/8930-2\/DSC03259.jpg'><img src=http:\/\/extra.inmontanis.info\/d\/8928-3\/DSC03259.jpg \/><\/a><br \/>\n^ E6 Maut bei Trondheim, anno 2006 konnte man hier noch direkt zahlen. Mittlerweile ist es also so, dass man entweder an einer Tankstelle nachtr\u00e4glich zahlen muss (was ich erstmals heuer bei Voss gemacht hab und ziemlich zeitaufwendig ist), oder &#8211; lt. Internet &#8211; wartet man, bis man etliche Monate sp\u00e4ter aus England eine Rechnung erh\u00e4lt. (Kann auch ein halbes Jahr dauern, ich warte noch&#8230;.)<\/p>\n<p><a href='http:\/\/extra.inmontanis.info\/d\/8934-2\/DSC03261.jpg'><img src=http:\/\/extra.inmontanis.info\/d\/8932-3\/DSC03261.jpg \/><\/a><br \/>\n^ E6, Br\u00fcckenrestaurant\/-Hotel<\/p>\n<p><img src=http:\/\/extra.inmontanis.info\/d\/8938-2\/DSC03267_001.jpg \/><br \/>\n^ Blick von der E6 kurz vor Trondheim auf den Fjord<\/p>\n<p><a href='http:\/\/extra.inmontanis.info\/d\/8942-2\/DSC03270.jpg'><img src=http:\/\/extra.inmontanis.info\/d\/8940-3\/DSC03270.jpg \/><\/a><br \/>\n^ E6 bei Trondheim, der Gipfel dort oben mit der Kugel k\u00f6nnte der Grakallen sein, an dem g\u00e4be es auf der S\u00fcdseite ein kleines Skigebiet<\/p>\n<p>Um 13 Uhr war ich am Vassfjellet, 3h-Karte kostete 280,- 4h 300,- und Tageskarte 310,- NOK. Wie lang ist offen? Bis 21 Uhr. Da ich nicht wusste,  ob das Wetter nicht doch noch besser wird, hab ich mich eben f\u00fcr die TK entschieden (39,30 \u00a4). Ja, Wetter. Hat mich der Wettbericht wieder geh\u00f6rig verarscht. Hatte n\u00e4mlich l\u00e4nger und intensiver geschneit und die Sonne war nur minimalst mal zu sehen. Also praktisch schlechter als egtl. f\u00fcr \u00c5re gemeldet wurde, und das, obwohl es hier h\u00e4tte besser sein sollen&#8230;<\/p>\n<p>Los war nix, zwischen ca. 14.30 und ca. 15:30 war ich ganz alleine unterwegs. Schnee war im Prinzip recht gut, nur unten hat er manchmal etwas gepappt, hat sich aber wieder gelegt. Die (zumeist blauen) Abfahrten links des Doppel-SL hatten den besten Schnee und gehen tw. auch recht sch\u00f6n schmal und kurvig durch die Landschaft, der KSSL oben ist ganz sch\u00f6n steil und bietet neben zwei steileren  Abfahrten rechts rum eine sch\u00f6ne Au\u00dfenrumabfahrt zur Talstation des unteren SL. Da der mittlere SL aber nicht fuhr, musste man von der<br \/>\nBergstation des Doppel-SL zum KSSL ganz sch\u00f6n laufen.<\/p>\n<p><a href='http:\/\/ski.inmontanis.info\/d\/132513-2\/DSC03275.jpg'><img src=http:\/\/ski.inmontanis.info\/d\/132511-3\/DSC03275.jpg \/><\/a><br \/>\n^ Ankunft am Vassfjellet<\/p>\n<p><img src=http:\/\/ski.inmontanis.info\/d\/132517-2\/DSC03305.jpg \/><br \/>\n^ Pistenplan. Die l\u00e4ngste Abfahrt (1 -> 4) ist immerhin ca. 3,7 km lang bei 450 hm. Abfahrt 8 ist der Funpark.<\/p>\n<p>Als Deutscher kann man ja einiges im Norwegischen verstehen &#8211; und vieles kann man aus dem Zusammenhang erkennen, das ist im Finnischen schon gaaaanz anders.<\/p>\n<p>Kleiner Sprachkurs anhand der obigen Tafel:<br \/>\nDagskort = Tageskarte<br \/>\n4 timer = 4 Stunden(karte)<br \/>\nKveldskort = Abendkarte<br \/>\nSesongkort = Saisonkarte<br \/>\nEnkeltur = Einzelfahrt<br \/>\nBarn = Kind(er) -> Barneheis = Kinderlift<br \/>\nKeycard gibt&#8217;s um 75,- NOK, man bekommt aber nur 30,- retour. Das ist in Skandinavien sehr \u00fcblich, daf\u00fcr werden \u00fcberall auch alle Keycards akzeptiert.<br \/>\nDie Studenten- und Familienrabatte mit 10% sind nicht gerade berauschend.<br \/>\nKinder unter 7 Jahre fahren Gratis &#8211; wenn sie Helm und Keycard haben.<br \/>\n..<\/p>\n<p><img src=http:\/\/ski.inmontanis.info\/d\/132521-2\/ge_vassfjellet2.jpg \/><br \/>\n^ GPS-Track, man sieht schon die sch\u00f6nen vielen schmalen Waldvarianten links der SL.<\/p>\n<p><a href='http:\/\/ski.inmontanis.info\/d\/132525-2\/DSC03276.jpg'><img src=http:\/\/ski.inmontanis.info\/d\/132524-3\/DSC03276.jpg \/><\/a><br \/>\n^ Doppel-SL Hovedheis (1,2, links)<\/p>\n<p><a href='http:\/\/ski.inmontanis.info\/d\/132529-2\/DSC03277.jpg'><img src=http:\/\/ski.inmontanis.info\/d\/132528-3\/DSC03277.jpg \/><\/a><br \/>\n^ \u00d6ffnungszeiten: Wochenende 10-16:30, Montag 17-21, \u00fcbrige Tage und in den Winterferien 10-21 Uhr. Coole Sache, oder?<\/p>\n<p><a href='http:\/\/ski.inmontanis.info\/d\/132533-2\/DSC03280.jpg'><img src=http:\/\/ski.inmontanis.info\/d\/132532-3\/DSC03280.jpg \/><\/a><br \/>\n^ Au\u00dfenrum-Abfahrt 1, leicht, aber schl\u00e4ngelt sich sch\u00f6n schmal durch den Wald &#8211; gef\u00e4llt mir.<\/p>\n<p><a href='http:\/\/ski.inmontanis.info\/d\/132537-2\/DSC03281.jpg'><img src=http:\/\/ski.inmontanis.info\/d\/132536-3\/DSC03281.jpg \/><\/a><br \/>\n^ Abfahrt 9 dagegen ist die breiteste<\/p>\n<p><a href='http:\/\/ski.inmontanis.info\/d\/132541-2\/DSC03282.jpg'><img src=http:\/\/ski.inmontanis.info\/d\/132540-3\/DSC03282.jpg \/><\/a><br \/>\n^ Blick von der Bergstation des Doppel-SL zur Bergstation SL 3 (gr\u00fcn in Bildmitte) und KSSL 4 (oben zu sehen)<\/p>\n<p><a href='http:\/\/ski.inmontanis.info\/d\/132545-2\/DSC03283.jpg'><img src=http:\/\/ski.inmontanis.info\/d\/132544-3\/DSC03283.jpg \/><\/a><br \/>\n^ Off-Piste-Abfahrt am KSSL, ganz sch\u00f6n steil. Bin ich nicht gefahren, weil oben immer alles so vernebelt war &#8230;.<\/p>\n<p><a href='http:\/\/ski.inmontanis.info\/d\/132549-2\/DSC03284.jpg'><img src=http:\/\/ski.inmontanis.info\/d\/132548-3\/DSC03284.jpg \/><\/a><br \/>\n^ Abfahrt 2 (links, das leicht bewaldete, unpr\u00e4pariert) und 3 (rechts, die breitere Schneise).<\/p>\n<p><img src=http:\/\/ski.inmontanis.info\/d\/132553-2\/DSC03285.jpg \/><br \/>\n^ Kuven-KSSL Toppheisen, extrem kultig.<\/p>\n<p><a href='http:\/\/ski.inmontanis.info\/d\/132557-2\/DSC03286.jpg'><img src=http:\/\/ski.inmontanis.info\/d\/132556-3\/DSC03286.jpg \/><\/a><br \/>\n^ Kurven-KSSL mit schmaler und steiler Lifttrasse. Geil :)<\/p>\n<p><a href='http:\/\/ski.inmontanis.info\/d\/132561-2\/DSC03291.jpg'><img src=http:\/\/ski.inmontanis.info\/d\/132560-3\/DSC03291.jpg \/><\/a><br \/>\n^ Blick vom neueren \u00dcbungs-SSL Lekelia (8) ins Skigebiet, vorne der SL 5<\/p>\n<p>SL 5 und SL 8 liefen praktisch den ganzen Nachmittag ohne Besucher, jeweils einmal hab ich mich dann erbarmt und bin gefahren &#8211; aber bei dem Pappschnee war das eher ein Bergabschieben denn ein Bergabfahren &#8230; von mir aus h\u00e4tten&#8217;s die auch einstellen k\u00f6nnen. Da w\u00e4r der obere mittige SL 3 sinnvoller gewesen.<\/p>\n<p><img src=http:\/\/ski.inmontanis.info\/d\/132565-2\/DSC03297.jpg \/><br \/>\n^ SSL 8 vorne, dahinter Parkplatz und Talstation SSL und .. noch viele Parkpl\u00e4tze weiter oben.<\/p>\n<p><a href='http:\/\/ski.inmontanis.info\/d\/132570-2\/DSC03300.jpg'><img src=http:\/\/ski.inmontanis.info\/d\/132569-3\/DSC03300.jpg \/><\/a><br \/>\n^ Abfahrt 7<\/p>\n<p><a href='http:\/\/ski.inmontanis.info\/d\/132574-2\/DSC03301.jpg'><img src=http:\/\/ski.inmontanis.info\/d\/132573-3\/DSC03301.jpg \/><\/a><br \/>\n^ Blaue Abfahrt 5, geht mit 2-3 Varianten sch\u00f6n schmal durch den Wald, gef\u00e4llt.<\/p>\n<p><a href='http:\/\/ski.inmontanis.info\/d\/132578-2\/DSC03302.jpg'><img src=http:\/\/ski.inmontanis.info\/d\/132577-3\/DSC03302.jpg \/><\/a><br \/>\n^ Eine der Varianten der Abfahrt 5. Eine Pistenraupenspurbreite ist die perfekte Breite f\u00fcr eine Abfahrt :)<\/p>\n<p><a href='http:\/\/ski.inmontanis.info\/d\/132582-2\/DSC03304.jpg'><img src=http:\/\/ski.inmontanis.info\/d\/132581-3\/DSC03304.jpg \/><\/a><br \/>\n^ Abfahrt 7, zwar beschneit, aber nicht modelliert, jungfr\u00e4ulich pr\u00e4pariert, sehr gut zu fahren<\/p>\n<p><a href='http:\/\/ski.inmontanis.info\/d\/132586-2\/DSC03299.jpg'><img src=http:\/\/ski.inmontanis.info\/d\/132585-3\/DSC03299.jpg \/><\/a><br \/>\n^ Schwarze Abfahrt 2, unpr\u00e4pariert, durchaus steil hier am KSSL.<\/p>\n<p>Kurzes Video vom KSSL:<br \/>\n<object style=\"height: 500px; width: 900px\"><param name=\"movie\" value=\"http:\/\/www.youtube.com\/v\/cDqBbgtZbrM\"><\/param><param name=\"wmode\" value=\"transparent\"><\/param><embed src=\"http:\/\/www.youtube.com\/v\/cDqBbgtZbrM\" type=\"application\/x-shockwave-flash\" wmode=\"transparent\"  width=\"900\" height=\"480\"><\/embed><\/object><\/p>\n<p>In Summe fand ich&#8217;s ganz nett, der obere KSSL lief leider doch nur bis 16 Uhr, und um kurz nach 17 Uhr hab ich&#8217;s gelassen, da man unten laufend im Papp landete. H\u00e4tte die 4h-Karte also gereicht.<\/p>\n<p>Wollte ja am Motell direkt an der E6 \u00fcbenachten, leider kein EZ mehr frei &#8211; und f\u00fcr&#8217;s DZ h\u00e4tten sie \u00fcber 1000,- NOK verlangen m\u00fcssen.. N\u00f6. Dann mal weiter die E6 richtung Oppdal, Hotel lt. Navi in St\u00f6ren angefahren. EZ kostete 795,- also ungf\u00e4hr genau 100,- \u00a4. War zwar erst ca. 19 Uhr und evtl. h\u00e4tte ich auch noch was g\u00fcnstigeres gefunden, evtl. aber auch nicht, also blieb ich hier.<\/p>\n<p><a href='http:\/\/extra.inmontanis.info\/d\/8946-2\/DSC03306.jpg'><img src=http:\/\/extra.inmontanis.info\/d\/8944-3\/DSC03306.jpg \/><\/a><br \/>\n^ Hotelzimmer<\/p>\n<p><a href='http:\/\/extra.inmontanis.info\/d\/8950-2\/DSC03307.jpg'><img src=http:\/\/extra.inmontanis.info\/d\/8948-3\/DSC03307.jpg \/><\/a><br \/>\n^ Hotelzimmer; wie in Italien gibt&#8217;s auch hier in Skandinavien h\u00e4ufig Duschen ohne Duschwanne<\/p>\n<p>Noch ein  Hamburgermen\u00fc um 146,- an einem &#8220;Imbiss-Stand&#8221; n\u00e4he einer Tankstelle (ca. 18,50 \u00a4 und damit immer noch g\u00fcnstiger als eine Pizza ebendort) reingedr\u00fcckt und wieder das WLAN ausgen\u00fctzt. Allerdings in der Lobby, da ich nat\u00fcrlich (!) im fast leeren Hotel das allerletzte Zimmer bekommen musste, und WLAN-Empfang ging nur bis zum vorletzten. Im \u00dcbrigen war der Angestellte (P\u00e4chter?) hier und seine Frau Deutsche!<\/p>\n<p>F\u00fcr den morgigen Tag g\u00e4be es wieder einiges zur Auswahl:<\/p>\n<p>&#8211; Oppdal, in ca. 1h Entfernung, mit seinen 3 verbundenen Orten vielleicht gar nicht so schlecht<\/p>\n<p>&#8211; 3-4h Fahrt nach Tusten, was ich ja egtl. morgen fahren wollte. Wetterm\u00e4\u00dfig evtl. doch nur geringen Schneefall, also im Prinzip meldet er so wie&#8217;s heute auch war, wobei ich eben nicht wei\u00df, ob es \u00fcberhaupt offen hat, ggf. mit Option auf Spjelkavik abends bzw. generell mal nachschauen ob da Schnee liegt und es evtl. am Sa\/So offen haben k\u00f6nnte. Ah, die halten ihre Homepage aktuell, jetzt steht drin, dass Freitag doch nicht offen ist, aber es sollte am WE offen sein. Leider hat das WE nur 2 Tage und davon soll nur einer etwas Sonne bieten&#8230;<\/p>\n<p>&#8211; 5-6h Fahrt nach Tyin und dort Nachmitags\/Abendski (liegt allerdings etwas suboptimaler f\u00fcrs WE)<\/p>\n<p>&#8211; 6-7h Fahrt nach Stryn und dort Abendski<\/p>\n<p><em>(.. schlussendlich sollte es aber wieder ganz anders kommen ..)<br \/>\n<\/em><\/p>\n","protected":false},"excerpt":{"rendered":"<p>15. Tag: Do, 7.4.2011 &#8211; Vassfjellet<\/p>\n<p>Nachdem in \u00c5re wetterm\u00e4\u00dfig heute keine Sonne in Sicht war, wohl aber abends an der Westk\u00fcste Norwegens vorhergesagt, und ich ja haupts\u00e4chlich die Fjord-Skigebiete abklappern wollte &#8211; wollte ich dorthin. Kurzer Check auf die Websites allerdings:<\/p>\n<p>&#8211; Tusten &#8220;diese Woche kein Abendski&#8221; (wobei &#8220;diese Woche&#8221; unspezifiziert ohne Datum war) <a href=\"http:\/\/blog.inmontanis.info\/?p=1613\">[&#8230;]<\/a><\/p>\n","protected":false},"author":1,"featured_media":0,"comment_status":"open","ping_status":"closed","sticky":false,"template":"","format":"standard","meta":{"footnotes":""},"categories":[95,18,27,569],"tags":[48,37,47],"class_list":["post-1613","post","type-post","status-publish","format-standard","hentry","category-skanditour2011","category-norwegennorway","category-skifahren-winterskiing-winter","category-vassfjellet","tag-kssl","tag-meer","tag-sl","odd"],"_links":{"self":[{"href":"http:\/\/blog.inmontanis.info\/index.php?rest_route=\/wp\/v2\/posts\/1613","targetHints":{"allow":["GET"]}}],"collection":[{"href":"http:\/\/blog.inmontanis.info\/index.php?rest_route=\/wp\/v2\/posts"}],"about":[{"href":"http:\/\/blog.inmontanis.info\/index.php?rest_route=\/wp\/v2\/types\/post"}],"author":[{"embeddable":true,"href":"http:\/\/blog.inmontanis.info\/index.php?rest_route=\/wp\/v2\/users\/1"}],"replies":[{"embeddable":true,"href":"http:\/\/blog.inmontanis.info\/index.php?rest_route=%2Fwp%2Fv2%2Fcomments&post=1613"}],"version-history":[{"count":2,"href":"http:\/\/blog.inmontanis.info\/index.php?rest_route=\/wp\/v2\/posts\/1613\/revisions"}],"predecessor-version":[{"id":1615,"href":"http:\/\/blog.inmontanis.info\/index.php?rest_route=\/wp\/v2\/posts\/1613\/revisions\/1615"}],"wp:attachment":[{"href":"http:\/\/blog.inmontanis.info\/index.php?rest_route=%2Fwp%2Fv2%2Fmedia&parent=1613"}],"wp:term":[{"taxonomy":"category","embeddable":true,"href":"http:\/\/blog.inmontanis.info\/index.php?rest_route=%2Fwp%2Fv2%2Fcategories&post=1613"},{"taxonomy":"post_tag","embeddable":true,"href":"http:\/\/blog.inmontanis.info\/index.php?rest_route=%2Fwp%2Fv2%2Ftags&post=1613"}],"curies":[{"name":"wp","href":"https:\/\/api.w.org\/{rel}","templated":true}]}}