{"id":1609,"date":"2011-04-06T22:50:23","date_gmt":"2011-04-06T20:50:23","guid":{"rendered":"http:\/\/blog.inmontanis.info\/?p=1609"},"modified":"2023-08-05T11:54:22","modified_gmt":"2023-08-05T09:54:22","slug":"hemavan-tarnaby-6-4-2011","status":"publish","type":"post","link":"http:\/\/blog.inmontanis.info\/?p=1609","title":{"rendered":"Hemavan-T\u00e4rnaby, 6.4.2011"},"content":{"rendered":"<p><strong>14. Tag: Mi, 6.4.2011 &#8211; Hemavan-T\u00e4rnaby<\/strong><\/p>\n<p>Leider meldete der Wetterbericht seit gestern Abend wieder etwas schlechter f\u00fcr heute, und diesmal sollte er wohl auch recht behalten (bzw. egtl. war es sogar noch etwas schlechter). Dazu Pappschnee im mittleren Bereich dank Neuschnee und warmen Temperaturen&#8230;<br \/>\n<!--more--><br \/>\n<em>(Fotos anklicken zum Vergr\u00f6\u00dfern, soweit nicht vergr\u00f6\u00dfert gepostet)<\/em><\/p>\n<p><a href='http:\/\/extra.inmontanis.info\/d\/8838-2\/ge_20110406.jpg'><img src=http:\/\/extra.inmontanis.info\/d\/8836-3\/ge_20110406.jpg \/><\/a><br \/>\n^ Fahrstrecke vom 6.4.2011 (rot, von Nord bzw. Ost nach West nach S\u00fcd, ca. 700 km)<\/p>\n<p><a href='http:\/\/extra.inmontanis.info\/d\/8842-2\/DSC03054.jpg'><img src=http:\/\/extra.inmontanis.info\/d\/8840-3\/DSC03054.jpg \/><\/a><br \/>\n^ Nebenstra\u00dfe (Abk\u00fcrzung) zwischen E45 Sorsele und E12, n\u00e4he \u00c5backa)<\/p>\n<p><a href='http:\/\/extra.inmontanis.info\/d\/8846-2\/DSC03056.jpg'><img src=http:\/\/extra.inmontanis.info\/d\/8844-3\/DSC03056.jpg \/><\/a><br \/>\n^ .. wenig sp\u00e4ter<\/p>\n<p><a href='http:\/\/extra.inmontanis.info\/d\/8850-2\/DSC03062.jpg'><img src=http:\/\/extra.inmontanis.info\/d\/8848-3\/DSC03062.jpg \/><\/a><br \/>\n^ E12, n\u00e4he Slussfors<\/p>\n<p><a href='http:\/\/extra.inmontanis.info\/d\/8854-2\/DSC03064.jpg'><img src=http:\/\/extra.inmontanis.info\/d\/8852-3\/DSC03064.jpg \/><\/a><br \/>\n^ E12, paar km vor Forsmark<\/p>\n<p><a href='http:\/\/extra.inmontanis.info\/d\/8858-2\/DSC03076.jpg'><img src=http:\/\/extra.inmontanis.info\/d\/8856-3\/DSC03076.jpg \/><\/a><br \/>\n^ E12, paar km nach Forsmark (Gardiken \/ Lill-Bj\u00f6rkvattnet)<\/p>\n<p><a href='http:\/\/extra.inmontanis.info\/d\/8862-2\/DSC03085.jpg'><img src=http:\/\/extra.inmontanis.info\/d\/8860-3\/DSC03085.jpg \/><\/a><br \/>\n^ E12, Ajaure<\/p>\n<p>Gegen 10 Uhr kam ich in T\u00e4rnaby an, die Tageskarte f\u00fcr die beiden Skigebiete kostete 310,- SEK (ca. 34,-).<\/p>\n<p><img src=http:\/\/ski.inmontanis.info\/d\/132334-2\/DSC03086.jpg \/><br \/>\n^ Zoom nach T\u00e4rnaby von der E12 kurz vorher<\/p>\n<p><img src=http:\/\/ski.inmontanis.info\/d\/132338-2\/DSC03092.jpg \/><br \/>\n^ Skigebiet T\u00e4rnaby von der E12 aus<\/p>\n<p><a href='http:\/\/ski.inmontanis.info\/d\/132342-2\/DSC03093.jpg'><img src=http:\/\/ski.inmontanis.info\/d\/132341-3\/DSC03093.jpg \/><\/a><br \/>\n^ Beide Gipfelchen von T\u00e4rnaby im Zoom (links DSB, rechts SL)<\/p>\n<p><img src=http:\/\/ski.inmontanis.info\/d\/132346-2\/DSC03095.jpg \/><br \/>\n^ Pistenplan, Nr. 1 ist die neue DSB<\/p>\n<p><a href='http:\/\/ski.inmontanis.info\/d\/132442-2\/ge_taernaby.jpg'><img src=http:\/\/ski.inmontanis.info\/d\/132441-3\/ge_taernaby.jpg \/><\/a><br \/>\n^ GPS-Track, nicht alle Abfahrten gefahren<\/p>\n<p><a href='http:\/\/ski.inmontanis.info\/d\/132351-2\/DSC03096.jpg'><img src=http:\/\/ski.inmontanis.info\/d\/132350-3\/DSC03096.jpg \/><\/a><br \/>\n^ Anjaliften (5)<\/p>\n<p><img src=http:\/\/ski.inmontanis.info\/d\/132355-2\/DSC03098.jpg \/><br \/>\n^ Talstation SL Anja, ungew\u00f6hnlicher Einstieg von hinten direkt an der Umlenkscheibe<\/p>\n<p><a href='http:\/\/ski.inmontanis.info\/d\/132359-2\/DSC03099.jpg'><img src=http:\/\/ski.inmontanis.info\/d\/132358-3\/DSC03099.jpg \/><\/a><br \/>\n^ SL Anja, oberer Teil durchaus steil.<\/p>\n<p><a href='http:\/\/ski.inmontanis.info\/d\/132363-2\/DSC03101.jpg'><img src=http:\/\/ski.inmontanis.info\/d\/132362-3\/DSC03101.jpg \/><\/a><br \/>\n^ Pano vom SL Anja (E12 ist zu sehen, von wo ich vorher aus fotografiert hab)<\/p>\n<p><a href='http:\/\/ski.inmontanis.info\/d\/132367-2\/DSC03103.jpg'><img src=http:\/\/ski.inmontanis.info\/d\/132366-3\/DSC03103.jpg \/><\/a><br \/>\n^ Bergstation SL Anja, schaut wie die Talstation etwas \u00e4lter als die St\u00fctzen dazwischen aus&#8230;.<\/p>\n<p><a href='http:\/\/ski.inmontanis.info\/d\/132371-2\/DSC03104.jpg'><img src=http:\/\/ski.inmontanis.info\/d\/132370-3\/DSC03104.jpg \/><\/a><br \/>\n^ Verbindngsabfahrt 1, sehr flach aber nett trassiert irgendwie.<\/p>\n<p><a href='http:\/\/ski.inmontanis.info\/d\/132375-2\/DSC03105.jpg'><img src=http:\/\/ski.inmontanis.info\/d\/132374-3\/DSC03105.jpg \/><\/a><br \/>\n^ Abfahrt 2 zur DSB<\/p>\n<p><a href='http:\/\/ski.inmontanis.info\/d\/132446-2\/DSC03106.jpg'><img src=http:\/\/ski.inmontanis.info\/d\/132445-3\/DSC03106.jpg \/><\/a><br \/>\n^ DSB<\/p>\n<p><a href='http:\/\/ski.inmontanis.info\/d\/132380-2\/DSC03108.jpg'><img src=http:\/\/ski.inmontanis.info\/d\/132379-3\/DSC03108.jpg \/><\/a><br \/>\n^ DSB oberer Teil<\/p>\n<p><a href='http:\/\/ski.inmontanis.info\/d\/132384-2\/DSC03114.jpg'><img src=http:\/\/ski.inmontanis.info\/d\/132383-3\/DSC03114.jpg \/><\/a><br \/>\n^ Huh &#8211; stand hier vor der DSB ein SL aus Osttirol? Solche St\u00fctzen hab ich bisher nur an einem SL von Wito gesehen &#8230;<\/p>\n<p>Lt. einem altem Plan war der Vorg\u00e4ngerlift aber ebenfalls ein Sessellift, mit Zwischenstation.. wie passt das zu dieser Bergstation?<\/p>\n<p><a href='http:\/\/ski.inmontanis.info\/d\/132388-2\/DSC03116.jpg'><img src=http:\/\/ski.inmontanis.info\/d\/132387-3\/DSC03116.jpg \/><\/a><br \/>\n^ Abfahrt 1 im unteren Teil links der DSB, gefiel mir besser als die Abfahrt direkt an der DSB :)<\/p>\n<p><a href='http:\/\/ski.inmontanis.info\/d\/132392-2\/DSC03117.jpg'><img src=http:\/\/ski.inmontanis.info\/d\/132391-3\/DSC03117.jpg \/><\/a><br \/>\n^ SL Ingemar (4)<\/p>\n<p>Danach nach Hemavan, oben Nebel und Schneefall, daf\u00fcr besserer Schnee (aber stellenweise auch sehr pappig). Die Abfahrten sind tw. extrem flach, die weite Au\u00dfenrum-Abfahrt am oberen SL dagegen w\u00e4re ganz nett (eben weil sie so weit vom restlichen Skigebiet entfernt ist). Gibt hier aber leider nur SL, strengt auf Dauer doch ganz sch\u00f6n an.<\/p>\n<p><img src=http:\/\/ski.inmontanis.info\/d\/132396-2\/DSC03123.jpg \/><br \/>\n^ Hemavan von der E12 aus<\/p>\n<p><img src=http:\/\/ski.inmontanis.info\/d\/132400-2\/DSC03127.jpg \/><br \/>\n^ Pistenplan H\u00e4mavan. Abfahrt 11 war m.E. nicht ausgesteckt, hab ich zumindest nicht gefunden. Ok, da oben war eh alles starker Nebel. Lift 3 m\u00fcsste fr\u00fcher (oder im Sommer) die DSB gewesen sein.<\/p>\n<p><a href='http:\/\/ski.inmontanis.info\/d\/132404-2\/ge_hemavan.jpg'><img src=http:\/\/ski.inmontanis.info\/d\/132403-3\/ge_hemavan.jpg \/><\/a><br \/>\n^ GPS-Track Hemavan<\/p>\n<p><a href='http:\/\/ski.inmontanis.info\/d\/132408-2\/DSC03125.jpg'><img src=http:\/\/ski.inmontanis.info\/d\/132407-3\/DSC03125.jpg \/><\/a><br \/>\n^ Centrumliften (9, ganz rechts)<\/p>\n<p><img src=http:\/\/ski.inmontanis.info\/d\/132412-2\/DSC03128.jpg \/><br \/>\n^ Blick von der Bergstation SL Centrum um Verbindungs-SL L\u00e4nken (dessen Abfahrt geht nur bis zu seinem Zwischeneinstieg), oben SL Kungs<\/p>\n<p><a href='http:\/\/ski.inmontanis.info\/d\/132416-2\/DSC03130.jpg'><img src=http:\/\/ski.inmontanis.info\/d\/132415-3\/DSC03130.jpg \/><\/a><br \/>\n^ Kungsliften<\/p>\n<p><a href='http:\/\/ski.inmontanis.info\/d\/132450-2\/DSC03133.jpg'><img src=http:\/\/ski.inmontanis.info\/d\/132449-3\/DSC03133.jpg \/><\/a><br \/>\n^ Abfahrt 4, Solkattsliften \/ Norrliften<\/p>\n<p><a href='http:\/\/ski.inmontanis.info\/d\/132421-2\/DSC03134.jpg'><img src=http:\/\/ski.inmontanis.info\/d\/132420-3\/DSC03134.jpg \/><\/a><br \/>\n^ Talstation Norr-\/Solkattsliften, der vordere SL war eine DSB oder ist im Sommer eine.<\/p>\n<p>Lt. einem alten Plan war der Lift n\u00e4mlich schon fr\u00fcher als SL eingezeichnet. Im Internet hab ich aber ein Bild gefunden, dass den Lift (gleiche St\u00fctzen!) mit DSB-Sesseln zeigt. Evtl. also ein Kombilift?<\/p>\n<p>&gt;&gt; http:\/\/www.panoramio.com\/photo\/26310869<\/p>\n<p><a href='http:\/\/ski.inmontanis.info\/d\/132425-2\/DSC03135.jpg'><img src=http:\/\/ski.inmontanis.info\/d\/132424-3\/DSC03135.jpg \/><\/a><br \/>\n^ Abfahrt 5+6 am SL Norr<\/p>\n<p><img src=http:\/\/ski.inmontanis.info\/d\/132429-2\/DSC03138.jpg \/><br \/>\n^ Pano Abfahrt 5 \/ 6<\/p>\n<p><a href='http:\/\/ski.inmontanis.info\/d\/132433-2\/DSC03140.jpg'><img src=http:\/\/ski.inmontanis.info\/d\/132432-3\/DSC03140.jpg \/><\/a><br \/>\n^ Schr\u00e4g-SL Mellan (4 im Plan)<\/p>\n<p><a href='http:\/\/ski.inmontanis.info\/d\/132454-2\/DSC03147.jpg'><img src=http:\/\/ski.inmontanis.info\/d\/132453-3\/DSC03147.jpg \/><\/a><br \/>\n^ Teller-Verbindungs-SL Lillprinsen (5), muss man nehmen, wenn man von den linken SL zum oberen SL kommen will und man nicht den rechten SL fahren will.<\/p>\n<p><img src=http:\/\/ski.inmontanis.info\/d\/132438-2\/DSC03151.jpg \/><br \/>\n^ SL Centrum, dahinter ein Flugplatz, wo bald ein Flugzeug startet &#8230;<\/p>\n<p>Gegen 15:30 Uhr hab ich&#8217;s gelassen und bin noch kurz in die Fastfood-Kette Sibylla gegen\u00fcber, K\u00f6tbullar-Men\u00fc um 65,- SEK (ca. 7,10 \u00a4) reingezogen, also 8 &#8220;Kotk\u00fcgelchen&#8221; mit Sauce und Kartoffelbrei. Allerdings Rumkugel-Gr\u00f6\u00dfe, wirklich s\u00e4ttigend war das nicht&#8230; ca. 16 Uhr Abfahrt, etwas mehr als 5h Fahrt, \u00fcber 400km.<\/p>\n<p><a href='http:\/\/extra.inmontanis.info\/d\/8866-2\/DSC03158.jpg'><img src=http:\/\/extra.inmontanis.info\/d\/8864-3\/DSC03158.jpg \/><\/a><br \/>\n^ E12, H\u00f6he Abzweigung Juksjaur \/ Ryfj\u00e4llet<\/p>\n<p><img src=http:\/\/extra.inmontanis.info\/d\/8870-2\/DSC03164.jpg \/><br \/>\n^ E12, n\u00e4he Forsmark<\/p>\n<p><a href='http:\/\/extra.inmontanis.info\/d\/8874-2\/DSC03170.jpg'><img src=http:\/\/extra.inmontanis.info\/d\/8872-3\/DSC03170.jpg \/><\/a><br \/>\n^ E12, paar km vor Slussfors<\/p>\n<p><a href='http:\/\/extra.inmontanis.info\/d\/8878-2\/DSC03187.jpg'><img src=http:\/\/extra.inmontanis.info\/d\/8876-3\/DSC03187.jpg \/><\/a><br \/>\n^ E12, paar km vor Storuman<\/p>\n<p><a href='http:\/\/extra.inmontanis.info\/d\/8882-2\/DSC03197.jpg'><img src=http:\/\/extra.inmontanis.info\/d\/8880-3\/DSC03197.jpg \/><\/a><br \/>\n^ 2 Schw\u00e4ne<\/p>\n<p>Ankunft am im Internet rausgesuchten Hotel kurz nach \u00d6stersund kurz vor 21:30.<\/p>\n<p>T\u00fcr zu. Hmh. Was jetzt. Was anderes suchen? Aber hier ists vergleichsweise g\u00fcnstig, und bis ich wieder in \u00d6stersund zur\u00fcckfahre (und davor noch tanken muss). Na gut, ausnahmsweise, die Nummer, die an der T\u00fcr steht angerufen, Frau abgehoben, sagte mir den Code f\u00fcr&#8217;s Schloss durch, lotste mich zu einem Mitarbeiter im ersten Stock (der gerade die K\u00fcche saubermachte) und sagte mir, welchen Schl\u00fcssel er mir geben soll. Zimmer mit WC aber ohne Dusche (obwohl gro\u00dfer Raum!) und Fr\u00fchst\u00fcck kostet 700,- SEK (ca. 77,-). Dass das WLAN-Passwort auf der R\u00fcckseite des Zimmerschl\u00fcssels steht, hab ich erst am n\u00e4chsten Morgen gesehen &#8211; funktionierte aber eh nicht.<\/p>\n<p>700 km Auto gefahren heute, 50 km Ski in 4,5h, der ewige K(r)ampf um ein nicht allzu teures Zimmer, der K(r)ampf mit den Wetterberichten und generell mit der Zeit &#8211; so langsam darf der Urlaub vorbei gehen, es wird anstrengend :-)<\/p>\n<p><a href='http:\/\/extra.inmontanis.info\/d\/8886-2\/DSC03204.jpg'><img src=http:\/\/extra.inmontanis.info\/d\/8884-3\/DSC03204.jpg \/><\/a><br \/>\n^ Zimmer<\/p>\n<p><a href='http:\/\/extra.inmontanis.info\/d\/8890-2\/DSC03206.jpg'><img src=http:\/\/extra.inmontanis.info\/d\/8888-3\/DSC03206.jpg \/><\/a><br \/>\n^ .. da hab ich aber schon Hotelzimmer gesehen, die hatten in wesentlich kleineren WC-Abteilen eine Dusche &#8211; warum hier nicht?<\/p>\n<p>Am n\u00e4chsten Morgen: Fr\u00fchst\u00fcck schon wieder mit R\u00fchreier und Speck, rest wie \u00fcblich. Und starker Schneefall drau\u00dfen&#8230;.<\/p>\n","protected":false},"excerpt":{"rendered":"<p>14. Tag: Mi, 6.4.2011 &#8211; Hemavan-T\u00e4rnaby<\/p>\n<p>Leider meldete der Wetterbericht seit gestern Abend wieder etwas schlechter f\u00fcr heute, und diesmal sollte er wohl auch recht behalten (bzw. egtl. war es sogar noch etwas schlechter). Dazu Pappschnee im mittleren Bereich dank Neuschnee und warmen Temperaturen&#8230;<\/p>\n<p> <a href=\"http:\/\/blog.inmontanis.info\/?p=1609\">[&#8230;]<\/a><\/p>\n","protected":false},"author":1,"featured_media":0,"comment_status":"open","ping_status":"closed","sticky":false,"template":"","format":"standard","meta":{"footnotes":""},"categories":[95,625,19,27],"tags":[38,45,47],"class_list":["post-1609","post","type-post","status-publish","format-standard","hentry","category-skanditour2011","category-hemavan-tarnaby","category-schwedensweden","category-skifahren-winterskiing-winter","tag-dsb","tag-see","tag-sl","odd"],"_links":{"self":[{"href":"http:\/\/blog.inmontanis.info\/index.php?rest_route=\/wp\/v2\/posts\/1609","targetHints":{"allow":["GET"]}}],"collection":[{"href":"http:\/\/blog.inmontanis.info\/index.php?rest_route=\/wp\/v2\/posts"}],"about":[{"href":"http:\/\/blog.inmontanis.info\/index.php?rest_route=\/wp\/v2\/types\/post"}],"author":[{"embeddable":true,"href":"http:\/\/blog.inmontanis.info\/index.php?rest_route=\/wp\/v2\/users\/1"}],"replies":[{"embeddable":true,"href":"http:\/\/blog.inmontanis.info\/index.php?rest_route=%2Fwp%2Fv2%2Fcomments&post=1609"}],"version-history":[{"count":5,"href":"http:\/\/blog.inmontanis.info\/index.php?rest_route=\/wp\/v2\/posts\/1609\/revisions"}],"predecessor-version":[{"id":9105,"href":"http:\/\/blog.inmontanis.info\/index.php?rest_route=\/wp\/v2\/posts\/1609\/revisions\/9105"}],"wp:attachment":[{"href":"http:\/\/blog.inmontanis.info\/index.php?rest_route=%2Fwp%2Fv2%2Fmedia&parent=1609"}],"wp:term":[{"taxonomy":"category","embeddable":true,"href":"http:\/\/blog.inmontanis.info\/index.php?rest_route=%2Fwp%2Fv2%2Fcategories&post=1609"},{"taxonomy":"post_tag","embeddable":true,"href":"http:\/\/blog.inmontanis.info\/index.php?rest_route=%2Fwp%2Fv2%2Ftags&post=1609"}],"curies":[{"name":"wp","href":"https:\/\/api.w.org\/{rel}","templated":true}]}}