{"id":1601,"date":"2011-04-04T23:00:15","date_gmt":"2011-04-04T21:00:15","guid":{"rendered":"http:\/\/blog.inmontanis.info\/?p=1601"},"modified":"2023-07-30T21:03:29","modified_gmt":"2023-07-30T19:03:29","slug":"pallas-4-4-2011","status":"publish","type":"post","link":"http:\/\/blog.inmontanis.info\/?p=1601","title":{"rendered":"Pallas, 4.4.2011"},"content":{"rendered":"<p><strong>12. Tag: Mo, 4.4.2011 &#8211; Pallas, mein erster Skitag in Finnland<\/strong> <\/p>\n<p>Gegen 1 Uhr kam ich (nach der Polarlichtexpedition) ins Bett &#8211; und um 6:15 hab ich mir schon wieder den Wecker gestellt. Schlafen kann man ja auch daheim, aber das sch\u00f6ne teure bequeme Bett &#8211; tat mir schon leid, es nicht l\u00e4nger ausn\u00fctzen zu k\u00f6nnen :) <!--more-->Fr\u00fchst\u00fccksbuffet war \u00e4hnlich wie in den letzten Tagen, allerdings auch diesmal inkl. Spiegeleier mit Speck.<\/p>\n<p>Sodann ging es wieder die gleiche Strecke runter nach Finnland &#8211; inzwischen komplett schneefreie Stra\u00dfenverh\u00e4ltnisse.<\/p>\n<p><em>(Fotos anklicken zum Vergr\u00f6\u00dfern, soweit nicht vergr\u00f6\u00dfert gepostet)<\/em><\/p>\n<p><img src=http:\/\/extra.inmontanis.info\/d\/8500-2\/ge-20110404.jpg \/><br \/>\n^ Fahrstrecke (rot) vom 4.4.2011<\/p>\n<p><img src=http:\/\/extra.inmontanis.info\/d\/8504-2\/DSC02809_001.jpg \/><br \/>\n^ Rv.93, die nette Schluchtstrecke von gestern geht&#8217;s heute wieder retour<\/p>\n<p><a href='http:\/\/extra.inmontanis.info\/d\/8508-2\/DSC02812.jpg'><img src=http:\/\/extra.inmontanis.info\/d\/8506-3\/DSC02812.jpg \/><\/a><br \/>\n^ Rv. 93<\/p>\n<p><a href='http:\/\/extra.inmontanis.info\/d\/8512-2\/DSC02822.jpg'><img src=http:\/\/extra.inmontanis.info\/d\/8510-3\/DSC02822.jpg \/><\/a><br \/>\n^ Rv. 93 Alta-Enonteki\u00f6<\/p>\n<p><a href='http:\/\/extra.inmontanis.info\/d\/8516-2\/DSC02824.jpg'><img src=http:\/\/extra.inmontanis.info\/d\/8514-3\/DSC02824.jpg \/><\/a><br \/>\n^ Rv. 93 Alta-Enonteki\u00f6. Gestern lag gr\u00f6\u00dftenteils noch Schnee auf der Stra\u00dfe, heute komplett frei.<\/p>\n<p><a href='http:\/\/extra.inmontanis.info\/d\/8520-2\/DSC02838.jpg'><img src=http:\/\/extra.inmontanis.info\/d\/8518-3\/DSC02838.jpg \/><\/a><br \/>\n^ Die Sandschicht am Auto wird auch immer dicker &#8230;<\/p>\n<p>Fahrzeit war ca. 4-5 Stunden plus 1 Stunde Zeitverschiebung, um 14 Uhr war ich am Lift in Pallas.<\/p>\n<p>Der erste Blick &#8230; ne, diese Niederhalter, das kann nicht sein, oder? Graffer? Aber der Rest??<\/p>\n<p>3h-Karte kostete 25,- \u20ac, f\u00fcr das EZ h\u00e4tten sie hier 95,- \u20ac verlangt! War mir doch zu teuer. Wir sind ja nicht in Norwegen. Das Motell in Muonio an der Tankstelle war aber wohl noch im Bau (oder im Winter nicht offen oder belegt), eine andere Unterkunft war ebenfals voll &#8211; also erst mal Skifahren hier.<\/p>\n<p>Und tats\u00e4chlich, ein leicht angerosteter Graffer-SL (mit blauen R\u00f6hrs Langb\u00fcgeln), da steigt doch gleich die Stimmung. Als 2. Sektion, etwas versetzt, gibts ebenfalls einen halbverrosteten SL, blaue R\u00f6hrs-Kurzb\u00fcgel mit Liftomat. Also auch alles andere als Standardware, 2 St\u00fczen oben waren \u00fcbrigens anders.<\/p>\n<p><a href='http:\/\/ski.inmontanis.info\/d\/131102-2\/DSC02847.jpg'><img src=http:\/\/ski.inmontanis.info\/d\/131099-3\/DSC02847.jpg \/><\/a><br \/>\n^ Blick ins Skigebiet von Pallas von der Stra\u00dfe aus<\/p>\n<p><a href='http:\/\/ski.inmontanis.info\/d\/131106-2\/DSC02852.jpg'><img src=http:\/\/ski.inmontanis.info\/d\/131105-3\/DSC02852.jpg \/><\/a><br \/>\n^ Pistenplan, links der Graffer-SL mit 4 Ausstiegen, rechts der Rost-SL mit seinen vielen Abfahrtsvarianten. Schaut ja eigentlich total langweilig aus, daher hatte ich nicht viel erwartet und wurde umso positiver \u00fcberrascht.<\/p>\n<p><a href='http:\/\/ski.inmontanis.info\/d\/131110-2\/ge-pallas.jpg'><img src=http:\/\/ski.inmontanis.info\/d\/131109-3\/ge-pallas.jpg \/><\/a><br \/>\n^ GPS-Track.<\/p>\n<p><img src=http:\/\/ski.inmontanis.info\/d\/131114-2\/DSC02849-50.jpg \/><br \/>\n^ Skigebiet im Ganzen<\/p>\n<p><img src=http:\/\/ski.inmontanis.info\/d\/131118-2\/DSC02851.jpg \/><br \/>\n^ Talstation des linken SL. Uiii, ein Graffer!!<\/p>\n<p><a href='http:\/\/ski.inmontanis.info\/d\/131210-2\/DSC02853.jpg'><img src=http:\/\/ski.inmontanis.info\/d\/131209-3\/DSC02853.jpg \/><\/a><br \/>\n^ Linker SL. Aber so ganz Graffer-Typisch ist der auch nicht &#8230;<\/p>\n<p><a href='http:\/\/ski.inmontanis.info\/d\/131123-2\/DSC02855.jpg'><img src=http:\/\/ski.inmontanis.info\/d\/131122-3\/DSC02855.jpg \/><\/a><br \/>\n^ Bergstation linker SL<\/p>\n<p><a href='http:\/\/ski.inmontanis.info\/d\/131127-2\/DSC02856.jpg'><img src=http:\/\/ski.inmontanis.info\/d\/131126-3\/DSC02856.jpg \/><\/a><br \/>\n^ Bergstation linker SL<\/p>\n<p><a href='http:\/\/ski.inmontanis.info\/d\/131131-2\/DSC02857.jpg'><img src=http:\/\/ski.inmontanis.info\/d\/131130-3\/DSC02857.jpg \/><\/a><br \/>\n^ Pano am linken SL<\/p>\n<p><a href='http:\/\/ski.inmontanis.info\/d\/131135-2\/DSC02859.jpg'><img src=http:\/\/ski.inmontanis.info\/d\/131134-3\/DSC02859.jpg \/><\/a><br \/>\n^ Verbindungsabfahrt 5 zum rechten SL, von hier aus gar nicht sichtbar<\/p>\n<p><a href='http:\/\/ski.inmontanis.info\/d\/131214-2\/DSC02860.jpg'><img src=http:\/\/ski.inmontanis.info\/d\/131213-3\/DSC02860.jpg \/><\/a><br \/>\n^ Rechter SL. Lage des rechten SL erinnerte mich ein wenig an Kaimaktsalan in Griechenland.<\/p>\n<p><a href='http:\/\/ski.inmontanis.info\/d\/131140-2\/DSC02861.jpg'><img src=http:\/\/ski.inmontanis.info\/d\/131139-3\/DSC02861.jpg \/><\/a><br \/>\n^ Rechter SL<\/p>\n<p><a href='http:\/\/ski.inmontanis.info\/d\/131144-2\/DSC02862.jpg'><img src=http:\/\/ski.inmontanis.info\/d\/131143-3\/DSC02862.jpg \/><\/a><br \/>\n^ Talstation des rechten SL mit Liftomat<\/p>\n<p><img src=http:\/\/ski.inmontanis.info\/d\/131148-2\/DSC02863.jpg \/><br \/>\n^ Rechter SL. Ziemlich rostig.<\/p>\n<p><a href='http:\/\/ski.inmontanis.info\/d\/131152-2\/DSC02864.jpg'><img src=http:\/\/ski.inmontanis.info\/d\/131151-3\/DSC02864.jpg \/><\/a><br \/>\n^ Rechter SL<\/p>\n<p><img src=http:\/\/ski.inmontanis.info\/d\/131156-2\/DSC02868.jpg \/><br \/>\n^ Flachland-Pano am rechten SL<\/p>\n<p><a href='http:\/\/ski.inmontanis.info\/d\/131160-2\/DSC02872.jpg'><img src=http:\/\/ski.inmontanis.info\/d\/131159-3\/DSC02872.jpg \/><\/a><br \/>\n^ Pano am rechten SL<\/p>\n<p><img src=http:\/\/ski.inmontanis.info\/d\/131164-2\/DSC02874.jpg \/><br \/>\n^ St\u00fctze rechter SL. Graffer-SL links, rostiger SL rechts, Finnland gef\u00e4llt mir!<\/p>\n<p><a href='http:\/\/ski.inmontanis.info\/d\/131168-2\/DSC02871.jpg'><img src=http:\/\/ski.inmontanis.info\/d\/131167-3\/DSC02871.jpg \/><\/a><br \/>\n^ Flachland-Pano und leichter Zoom zum n\u00e4chsten Skigebiet (Olos)<\/p>\n<p><img src=http:\/\/ski.inmontanis.info\/d\/131223-2\/P1600378.jpg \/><br \/>\n^ IR-Zoom ins Skigebiet Olos. Bin ich mittags kurz vorbei gefahren, fand ich aber von unten langweiliger und bin dann nach Pallas weiter.<\/p>\n<p><a href='http:\/\/ski.inmontanis.info\/d\/131173-2\/DSC02875.jpg'><img src=http:\/\/ski.inmontanis.info\/d\/131172-3\/DSC02875.jpg \/><\/a><br \/>\n^ Die Abfahrt 1 am rechten SL macht einen sch\u00f6nen Bogen und entfernt sich vom SL ziemlich weit.<\/p>\n<p><img src=http:\/\/ski.inmontanis.info\/d\/131177-2\/DSC02878.jpg \/><br \/>\n^ Abfahrt 1, danach geht&#8217;s wieder flach retour.<\/p>\n<p><img src=http:\/\/ski.inmontanis.info\/d\/131181-2\/DSC02880.jpg \/><br \/>\n^ Rechter SL<\/p>\n<p><a href='http:\/\/ski.inmontanis.info\/d\/131185-2\/DSC02883.jpg'><img src=http:\/\/ski.inmontanis.info\/d\/131184-3\/DSC02883.jpg \/><\/a><br \/>\n^ Ausblick an der Talstation des rechten SL &#8211; hier ist auch ein kleiner Kiosk<\/p>\n<p><img src=http:\/\/ski.inmontanis.info\/d\/131189-2\/DSC02886.jpg \/><br \/>\n^ Abfahrten am rechten SL (Verbindungsabfahrt 5, Abfahrt 3 und 4)<\/p>\n<p><a href='http:\/\/ski.inmontanis.info\/d\/131193-2\/DSC02887.jpg'><img src=http:\/\/ski.inmontanis.info\/d\/131192-3\/DSC02887.jpg \/><\/a><br \/>\n^ Verbindungsabfahrt 9 retour<\/p>\n<p><img src=http:\/\/ski.inmontanis.info\/d\/131219-2\/DSC02889.jpg \/><br \/>\n^ Verbindungsabfahrt 9 mit Talstation linker SL<\/p>\n<p><a href='http:\/\/ski.inmontanis.info\/d\/131198-2\/P1600381.jpg'><img src=http:\/\/ski.inmontanis.info\/d\/131197-3\/P1600381.jpg \/><\/a><br \/>\n^ IR-Pano<\/p>\n<p><a href='http:\/\/ski.inmontanis.info\/d\/131202-2\/P1600374.jpg'><img src=http:\/\/ski.inmontanis.info\/d\/131201-3\/P1600374.jpg \/><\/a><br \/>\n^ IR-Pano<\/p>\n<p><a href='http:\/\/ski.inmontanis.info\/d\/131206-2\/P1600379-.jpg'><img src=http:\/\/ski.inmontanis.info\/d\/131205-3\/P1600379-.jpg \/><\/a><br \/>\n^ IR-Pano<\/p>\n<p>Fazit: Der linke SL ist zwar lang, aber sehr leicht und hat nur eine direkte Abfahrt, also recht langweilig. Interessanter sind die Verbindungen zum rechten SL und deren Abfahrten (allerdings auch alle relativ leicht). Die maximale Abfahrtsl\u00e4nge von ca. 2 km, ca. 300 hm und einem h\u00f6chsten Punkt von ca. 740 m ist f\u00fcr finnische Verh\u00e4ltnisse \u00fcbrigens \u00fcberdurchschnittlich! (Levi hat auch nur ca. 300 hm und den h\u00f6chsten Punkt auf ca. 525 m.)<\/p>\n<p>Hotelm\u00e4\u00dfig bin ich noch 25 km weiter n\u00f6rdlich gefahren ins Vuontispirti, da hatte ich mir gestern Preise um die 58,- f\u00fcr&#8217;s DZ im INet rausgeucht. Die Hotels in Levi waren,  soweit ich sie gecheckt hab, alle um oder  \u00fcber 100,- \u20ac. Krass, dachte nicht, dass Finnland hier genauso teuer ist wie Norwegen.<\/p>\n<p>EZ kostete dann ebenfalls 58,- mit Du\/WC und Fr\u00fchst\u00fcck. F\u00fcr Skandinavien eben g\u00fcnstig, was will man machen..<\/p>\n<p>Das Essensbuffet nachmittags (um 14,-) hab ich allerdings verschm\u00e4ht (Salatbuffet und ansonsten nur 1 Fleisch und 1 Beilage zur Auswahl), gab&#8217;s auch nur bis 18 Uhr oder so. Da ich ja eh noch einkaufen wollte, bin ich die 50 km (!) zum n\u00e4chsten Supermarkt (n\u00e4he Muonio) wieder retour. Finnland bietet naschm\u00e4\u00dfig doch etwas mehr Auswahl als NO\/SE und ist auch etwas g\u00fcnstiger. Mit ein paar anderen Sachen sind&#8217;s 70,- \u20ac geworden.<\/p>\n<p>Erstaunlich ja auch, was es hier (auch in NO\/SE) mit Lakritz gibt. Schokolade mit Lackritzf\u00fcllung, Lackritz-Eis, und eine Vielzahl an Stangen und sonstigen Riegeln mit Lakritz. Mir kommt&#8217;s so vor, als ob es da gewisserma\u00dfen ein Nord-S\u00fcd-Gef\u00e4lle gibt, was Lakritzbeliebtheit angeht? Ich vermute sogar, dass das auch in DE so sein k\u00f6nnte und in Norddeutschland Lakritz beliebter ist als in S\u00fcddeutschland? Aber woran liegts? Mir schmeckts. Am liebsten salzig und amoniakhaltig.<\/p>\n<p><a href='http:\/\/extra.inmontanis.info\/d\/8528-2\/IMG_0188.jpg'><img src=http:\/\/extra.inmontanis.info\/d\/8526-3\/IMG_0188.jpg \/><\/a><br \/>\n^ Andere L\u00e4nder, andere Sprachen. Unter Minipussi w\u00fcrden wir ja so einiges anderes verstehen als eine kleine Packung im Supermarkt :-)<\/p>\n<p>Danach wollte ich noch was essen, aber Fehlanzeige. Die Superm\u00e4rkte sind bis 21 Uhr offen, aber die Imbissrestaurants (an den Tankstellen, sonst gibts hier leider nichts) sind nur bis 19\/19:30 ge\u00f6ffnet. Und auch in den Hotels bekommt man hier in FI normalerweise nur bis 18\/19 Uhr was. Kurios. Um 19 Uhr bekommt man in Italien <em>noch<\/em> nichts und hier nichts <em>mehr<\/em> .-) Also dann zum 2. Supermarkt und was kaltes mitgenommen &#8230;<\/p>\n<p><img src=http:\/\/extra.inmontanis.info\/d\/8524-2\/DSC02894_001.jpg \/><br \/>\n^ Abendpano<\/p>\n<p>Was die Planung f\u00fcr die n\u00e4chsten Tage angeht &#8211; wei\u00df ich so gar nichts. Also morgen Levi, klar. Aber am Mittwoch? Halben Tag nochmal das vergleichsweise brauchbare Wetter hier ausnutzen und morgen Abend nochmal hier schlafen? Oder morgen Abend gleich wieder richtung S\u00fcdwesten fahren? Donnerstag ist das Wetter \u00fcberall m\u00fcllig, und Freitag gr\u00f6\u00dftenteils auch. Und welche Skigebietchen auf dem Weg in Schweden derzeit unter der Woche oder wann am Abend offen haben, wei\u00df ich gar nicht, weil ich mir das nur f\u00fcr Norwegen bzw. wenige schwedische notiert hatte (und heute hab ich leider kein WIFI). Hemavan, Are, das ganze Zeug in der schwedischen n\u00f6rdlichen Mitte macht wetterm\u00e4\u00dfig alles keinen Sinn (und ist von hier aus 10-13 Stunden entfernt), in Hemsedal k\u00f6nnte es am Freitag etwas besser werden, bis dahin sinds aber \u00fcber 20 Stunden Fahrzeit, und die Ecke Norwegens, die ich n\u00e4chstes WE, soferns Wetter passt, noch etwas abchecken wollte, liegt auch 20 Stunden entfernt. <\/p>\n<p>Also h\u00e4tte ich wohl die Wahl zwischen morgen Abend 4h fahren + Mittwoch 10h fahren + Donnerstag paar Stunden fahren &#8230;. bringts ja auch nicht wirklich&#8230; 2 Tage autofahren ohne Skifahren?! Oder hier noch einmal bei besserem Wetter einen halben Tag mitnehmen oder bei Regenwetter evtl. 2-4h in Schweden wo was mitnehmen&#8230; hach, alles bl\u00f6d&#8230;<\/p>\n<p><a href='http:\/\/extra.inmontanis.info\/d\/8532-2\/DSC02906.jpg'><img src=http:\/\/extra.inmontanis.info\/d\/8530-3\/DSC02906.jpg \/><\/a><br \/>\n^ So ein altes Telefon hab ich auch schon lange nicht mehr gesehen :-) (Dadurch wohl vergessen, weitere Fotos vom Hotelzimmer zu machen)<\/p>\n<p><a href='http:\/\/extra.inmontanis.info\/d\/8536-2\/DSC02909.jpg'><img src=http:\/\/extra.inmontanis.info\/d\/8534-3\/DSC02909.jpg \/><\/a><br \/>\n^ Blick aus dem Hotelzimmer zu Parkplatz und den anderen Hotelgeb\u00e4uden<\/p>\n<p>Kurzes Video von der Fahrt durch die Schlucht, \u00fcber die Ebene und den beiden SL in Pallas:<br \/>\n<object style=\"height: 500px; width: 900px\"><param name=\"movie\" value=\"http:\/\/www.youtube.com\/v\/Gy6Gt91h_PA\"><\/param><param name=\"wmode\" value=\"transparent\"><\/param><embed src=\"http:\/\/www.youtube.com\/v\/Gy6Gt91h_PA\" type=\"application\/x-shockwave-flash\" wmode=\"transparent\"  width=\"900\" height=\"480\"><\/embed><\/object><\/p>\n","protected":false},"excerpt":{"rendered":"<p>12. Tag: Mo, 4.4.2011 &#8211; Pallas, mein erster Skitag in Finnland <\/p>\n<p>Gegen 1 Uhr kam ich (nach der Polarlichtexpedition) ins Bett &#8211; und um 6:15 hab ich mir schon wieder den Wecker gestellt. Schlafen kann man ja auch daheim, aber das sch\u00f6ne teure bequeme Bett &#8211; tat mir schon leid, es nicht l\u00e4nger ausn\u00fctzen <a href=\"http:\/\/blog.inmontanis.info\/?p=1601\">[&#8230;]<\/a><\/p>\n","protected":false},"author":1,"featured_media":0,"comment_status":"open","ping_status":"closed","sticky":false,"template":"","format":"standard","meta":{"footnotes":""},"categories":[95,20,283,27],"tags":[91,90,47],"class_list":["post-1601","post","type-post","status-publish","format-standard","hentry","category-skanditour2011","category-finnlandfinland","category-pallas","category-skifahren-winterskiing-winter","tag-graffer","tag-infrarot","tag-sl","odd"],"_links":{"self":[{"href":"http:\/\/blog.inmontanis.info\/index.php?rest_route=\/wp\/v2\/posts\/1601","targetHints":{"allow":["GET"]}}],"collection":[{"href":"http:\/\/blog.inmontanis.info\/index.php?rest_route=\/wp\/v2\/posts"}],"about":[{"href":"http:\/\/blog.inmontanis.info\/index.php?rest_route=\/wp\/v2\/types\/post"}],"author":[{"embeddable":true,"href":"http:\/\/blog.inmontanis.info\/index.php?rest_route=\/wp\/v2\/users\/1"}],"replies":[{"embeddable":true,"href":"http:\/\/blog.inmontanis.info\/index.php?rest_route=%2Fwp%2Fv2%2Fcomments&post=1601"}],"version-history":[{"count":4,"href":"http:\/\/blog.inmontanis.info\/index.php?rest_route=\/wp\/v2\/posts\/1601\/revisions"}],"predecessor-version":[{"id":8903,"href":"http:\/\/blog.inmontanis.info\/index.php?rest_route=\/wp\/v2\/posts\/1601\/revisions\/8903"}],"wp:attachment":[{"href":"http:\/\/blog.inmontanis.info\/index.php?rest_route=%2Fwp%2Fv2%2Fmedia&parent=1601"}],"wp:term":[{"taxonomy":"category","embeddable":true,"href":"http:\/\/blog.inmontanis.info\/index.php?rest_route=%2Fwp%2Fv2%2Fcategories&post=1601"},{"taxonomy":"post_tag","embeddable":true,"href":"http:\/\/blog.inmontanis.info\/index.php?rest_route=%2Fwp%2Fv2%2Ftags&post=1601"}],"curies":[{"name":"wp","href":"https:\/\/api.w.org\/{rel}","templated":true}]}}