{"id":1594,"date":"2011-04-02T23:00:35","date_gmt":"2011-04-02T21:00:35","guid":{"rendered":"http:\/\/blog.inmontanis.info\/?p=1594"},"modified":"2023-08-04T20:51:27","modified_gmt":"2023-08-04T18:51:27","slug":"narvik-enontekio-alta-2-3-4-2011","status":"publish","type":"post","link":"http:\/\/blog.inmontanis.info\/?p=1594","title":{"rendered":"Narvik-Enonteki\u00f6-Alta, 2.-3.4.2011"},"content":{"rendered":"<p><strong>10. Tag: Sa, 2.4.2011. &#8211; Von Narvik nach Enonteki\u00f6<\/strong><br \/>\n<em>weiter unten: 11. Tag: So, 3.4.2011. (Teil 1) &#8211; Von Enonteki\u00f6 nach Alta<\/em> <\/p>\n<p>Aufgrund des zumindest trockenen Wetters h\u00e4tte ich mich ja f\u00fcr heute f\u00fcr Absiko entschieden, so 3 St\u00fcndchen und dann nach Finnland nach Enonteki\u00f6, dort hab ich ein paar g\u00fcnstig(ere) Hotels im Internet abgecheckt.<!--more--><\/p>\n<p>Bl\u00f6derweise hab ich nicht mit den norwegischen Gepflogenheiten gerechnet: Die Stra\u00dfe nach Riksgr\u00e4nsen war auf &#8220;Kolonnekj\u00f6ring&#8221;, also Kolonnenfahren.<\/p>\n<p><em>(Fotos anklicken zum Vergr\u00f6\u00dfern, soweit nicht vergr\u00f6\u00dfert gepostet)<\/em><\/p>\n<p><a href='http:\/\/extra.inmontanis.info\/d\/8114-2\/DSC02367.jpg'><img src=http:\/\/extra.inmontanis.info\/d\/8112-3\/DSC02367.jpg \/><\/a><br \/>\n^ E10 Bj\u00f8rnfjell, warum geht da nix weiter?<\/p>\n<p><a href='http:\/\/extra.inmontanis.info\/d\/8118-2\/P1600366.jpg'><img src=http:\/\/extra.inmontanis.info\/d\/8116-3\/P1600366.jpg \/><\/a><br \/>\n^ Ahja, Kolonnekj\u00f8ring. Wie lang das noch dauert?<\/p>\n<p>Hab eine dreiviertel Stunde gewartet, dann bin ich, wie manch anderer vor mir, umgekehrt. Keine Ahnung wie lang man da noch h\u00e4tte warten m\u00fcssen &#8230; und ob ich ohne Ketten und ohne Spikes dann \u00fcberhaupt h\u00e4tte fahren d\u00fcrfen!<\/p>\n<p>F\u00fcr Troms\u00f8 war&#8217;s nun leider zu sp\u00e4t, die zwei anderen auf dem Weg hinauf, die ich mir als interesannter eingetragen hatte, war Andselv\/Malselv Fjellandsby und Finnsnes Sandviklia. Ersteres sah beim Vorbeifahren leider sehr uninteressant f\u00fcr mich aus, und da man in Finnsnes wenigstens Fjord-Pano hat, bin ich dort hin.<\/p>\n<p>Nun, dort kam ich um 13:30 an und musste leider feststellen, dass der SL gerade geschlossen wird. Komisch, diese Norweger. Es regnete nicht, es wurde wetterm\u00e4\u00dfig sogar langsam besser, und es waren ja durchaus eine handvoll Jugendliche da (und auch nach mir wollten noch welche rauf), so dass es doch egal gewesen w\u00e4re, ob man f\u00fcr die 10 Leutchen den Lift noch 2h planm\u00e4\u00dfig offen l\u00e4sst oder nicht?! \u00dcberhaupt scheinen die Norweger wohl Sch\u00f6nwetterskifahrer zu sein, wenn ihnen ein bi\u00dfchen bedeckter Himmel und ein paar vereinzelte Regentropfen schon reichen, nicht skifahren zu gehen?! Meiner Meinung nach ist doch in NO ein solches Wetter viel h\u00e4ufiger als Sonnenschein?!<\/p>\n<p><img src=http:\/\/extra.inmontanis.info\/d\/8110-3\/ge-20110402b.jpg \/><br \/>\n^ Fahrstrecke (rot) vom 2.4.2011, ca. 540 km<\/p>\n<p><a href='http:\/\/extra.inmontanis.info\/d\/8122-2\/DSC02378.jpg'><img src=http:\/\/extra.inmontanis.info\/d\/8120-3\/DSC02378.jpg \/><\/a><br \/>\n^ E6, irgendwo n\u00e4he (oder in) Elverom<\/p>\n<p><a href='http:\/\/extra.inmontanis.info\/d\/8126-2\/DSC02391.jpg'><img src=http:\/\/extra.inmontanis.info\/d\/8124-3\/DSC02391.jpg \/><\/a><br \/>\n^ Am Finnfjord<\/p>\n<p><img src=http:\/\/extra.inmontanis.info\/d\/8130-2\/DSC02392.jpg \/><br \/>\n^ Sandviklia, heute anscheinend nur Betrieb bis 13:30 Uhr<\/p>\n<p><a href='http:\/\/extra.inmontanis.info\/d\/8134-2\/DSC02402.jpg'><img src=http:\/\/extra.inmontanis.info\/d\/8132-3\/DSC02402.jpg \/><\/a><br \/>\n^ Viele 60er hier in der Gegend machen die Fahrerei lang &#8230; (hier n\u00e4he S\u00f8rreisa)<\/p>\n<p><img src=http:\/\/extra.inmontanis.info\/d\/8138-2\/DSC02417.jpg \/><br \/>\n^ Stillgelegtes Skigebiet bei Andselv<\/p>\n<p><img src=http:\/\/extra.inmontanis.info\/d\/8142-2\/DSC02415.jpg \/><br \/>\n^ .. in Betrieb befindliches Skigebiet bei Andselv \/ Mauken<\/p>\n<p>Somit hatte ich also wieder mehr Zeit, in Alta wollte ich keine 2 N\u00e4chte \u00fcbernachten (unter 95,- \u20ac scheint&#8217;s da nix zu geben), also fuhr ich doch noch den Umweg (ca. 2h, auf die Strecke nach Alta bezogen) nach Enonteki\u00f6 in Finnland.<\/p>\n<p>Zum &#8220;Mittagessen&#8221; wieder eine Tankstelle angefahren und &#8211; nein, kein Hotdog und kein Hamburger diesmal. Hab etwas sehr norwegisches gegessen, eine (kalte) belegte (belgische) Waffel. Also nicht knusprig, teigm\u00e4\u00dfig im Prinzip wohl wie ein Pfannkuchen \/ Cr\u00eapes \/ Palatschinke. Aber belegt mit Geitost (dem norwegischen, s\u00fc\u00dflichen Karamell-Ziegenk\u00e4se) und evtl. leicht bestrichen mit salziger Butter (? k\u00f6nnte nicht sagen, was das sonst gewesen sein soll, es sah aus wie Sahne, schmeckte aber nach nix au\u00dfer leicht nach Salz). Nix, was ich jetzt t\u00e4glich br\u00e4uchte, aber das betrifft generell  diese Pfannkuchen\/Crepes\/&#8230; &#8211; Gerichte.<\/p>\n<p><a href='http:\/\/extra.inmontanis.info\/d\/8146-2\/IMG_0187.jpg'><img src=http:\/\/extra.inmontanis.info\/d\/8144-3\/IMG_0187.jpg \/><\/a><br \/>\n^ Waffel mit Geitost (s\u00fc\u00dfem Ziegenk\u00e4se)<\/p>\n<p><a href='http:\/\/extra.inmontanis.info\/d\/8150-2\/DSC02428.jpg'><img src=http:\/\/extra.inmontanis.info\/d\/8148-3\/DSC02428.jpg \/><\/a><br \/>\n^ E6 n\u00e4he Takvatnet<\/p>\n<p><a href='http:\/\/extra.inmontanis.info\/d\/8154-2\/DSC02452.jpg'><img src=http:\/\/extra.inmontanis.info\/d\/8152-3\/DSC02452.jpg \/><\/a><br \/>\n^ E6, Balsfjord<\/p>\n<p><img src=http:\/\/extra.inmontanis.info\/d\/8158-2\/DSC02457.jpg \/><br \/>\n^ E6\/E8, bemalter Stein n\u00e4he \u00d8verg\u00e5rd<\/p>\n<p><a href='http:\/\/extra.inmontanis.info\/d\/8162-2\/DSC02461.jpg'><img src=http:\/\/extra.inmontanis.info\/d\/8160-3\/DSC02461.jpg \/><\/a><br \/>\n^ E6\/E8, n\u00e4he \u00d8verg\u00e5rd<\/p>\n<p><a href='http:\/\/extra.inmontanis.info\/d\/8166-2\/DSC02463.jpg'><img src=http:\/\/extra.inmontanis.info\/d\/8164-3\/DSC02463.jpg \/><\/a><br \/>\n^ E6\/E8. Jetzt bin ich schon soooo weit im Norden &#8211; und bis ans Ende von Norwegen, Kirkenes, nahe der Grenze zu Russland, sind&#8217;s nochmal 895 km &#8230;.<\/p>\n<p><a href='http:\/\/extra.inmontanis.info\/d\/8170-2\/DSC02467.jpg'><img src=http:\/\/extra.inmontanis.info\/d\/8168-3\/DSC02467.jpg \/><\/a><br \/>\n^ E6\/E8, Storfjord<\/p>\n<p><img src=http:\/\/extra.inmontanis.info\/d\/8174-2\/DSC02470.jpg \/><br \/>\n^ E8 &#8211; Infotafel<\/p>\n<p><a href='http:\/\/extra.inmontanis.info\/d\/8178-2\/DSC02489.jpg'><img src=http:\/\/extra.inmontanis.info\/d\/8176-3\/DSC02489.jpg \/><\/a><br \/>\n^ E6\/E8, Storfjord<\/p>\n<p><a href='http:\/\/extra.inmontanis.info\/d\/8182-2\/DSC02510.jpg'><img src=http:\/\/extra.inmontanis.info\/d\/8180-3\/DSC02510.jpg \/><\/a><br \/>\n^ E8, Norwegen, paar km vor der Grenze<\/p>\n<p><img src=http:\/\/extra.inmontanis.info\/d\/8186-2\/DSC02518.jpg \/><br \/>\n^ E8, Ausblick am Galggogobba (Pass), 542m<\/p>\n<p><img src=http:\/\/extra.inmontanis.info\/d\/8190-2\/DSC02522.jpg \/><br \/>\n^ E8, Reichsgrenze Norwegen &#8211; Finnland, ohne Grenzstation (aber irgendwo hab ich im Hinterkopf, dass es da doch eine Zollstation gab, weil ich mich daran erinnern kann, mit einem Z\u00f6llner geredet und &#8220;Enonteki\u00f6&#8221; nicht raus gebracht zu haben. Und da das Bild von morgen nach Alta auch keine Grenzstation zeigt  &#8230;)<\/p>\n<p><a href='http:\/\/extra.inmontanis.info\/d\/8194-2\/DSC02532.jpg'><img src=http:\/\/extra.inmontanis.info\/d\/8192-3\/DSC02532.jpg \/><\/a><br \/>\n^ E8 Schild Northern Lights Route<\/p>\n<p><img src=http:\/\/extra.inmontanis.info\/d\/8198-2\/DSC02536.jpg \/><br \/>\n^ E8 am Alaj\u00e4rvi<\/p>\n<p><a href='http:\/\/extra.inmontanis.info\/d\/8202-2\/DSC02539.jpg'><img src=http:\/\/extra.inmontanis.info\/d\/8200-3\/DSC02539.jpg \/><\/a><br \/>\n^ E8, zwischen Alaj\u00e4rvi und Saarikoski<\/p>\n<p><img src=http:\/\/extra.inmontanis.info\/d\/8206-2\/DSC02541.jpg \/><br \/>\n^ H\u00fcgelige E8 n\u00e4he Saarikoski<\/p>\n<p>Irgendwann in Finnland hab ich mich dann gewundert, da ich lt. Navi pl\u00f6tzlich ca. 1h Zeit verloren h\u00e4tte&#8230;<br \/>\n&#8230; Nee, oder? Kann jetzt nicht sein&#8230;. iPhone, Weltzeituhr, Helsinki. Ach neee&#8230;.. die haben hier eine andere Zeitzone? Wie albern ist das denn, s\u00fcdlich ist Schweden, n\u00f6rdlich ist Norwegen und der kleine finnische Zipfel dazwischen hat +1 Stunde? Somit also Ankunft erst um 20:15 in Enonteki\u00f6? Na ob sich da noch &#8216;was zum Essen ausgeht &#8230;.<\/p>\n<p>(Noch kurioser wird&#8217;s, wenn man bedenkt, dass Kirkenes, die \u00f6stlichste Stadt Norwegens an der Grenze zu Russland, um einiges \u00f6stlicher liegt als Helsinki und es selbst in Finnland nur ganz ganz wenig gibt, was noch \u00f6stlicher liegt&#8230; -> also m\u00fcsste Norwegen egtl. 2 Zeitzonen haben :-) )<\/p>\n<p><a href='http:\/\/extra.inmontanis.info\/d\/8210-2\/DSC02545.jpg'><img src=http:\/\/extra.inmontanis.info\/d\/8208-3\/DSC02545.jpg \/><\/a><br \/>\n^ .. die teils gesandeten Stra\u00dfen hier machen das Auto ganz sch\u00f6n schmutzig.<\/p>\n<p><a href='http:\/\/extra.inmontanis.info\/d\/8214-2\/DSC02569.jpg'><img src=http:\/\/extra.inmontanis.info\/d\/8212-3\/DSC02569.jpg \/><\/a><br \/>\n^ In Enonteki\u00f6 (Finnland), Ankunft um 20:11 Uhr.<\/p>\n<p>Hab das rausgesuchte g\u00fcnstige Hotel angefahren, EZ\/\u00dcF im neuen Geb\u00e4ude mit Komfortzimmer h\u00e4tte 65,- gekostet, im alten Haus mit Etagen-WC (und Dusche und Sauna im Hauptgeb\u00e4ude gegen\u00fcber) nur 40,-. F\u00fcr eine Nacht reicht das ja lockerst. <\/p>\n<p><a href='http:\/\/extra.inmontanis.info\/d\/8218-2\/DSC02571.jpg'><img src=http:\/\/extra.inmontanis.info\/d\/8216-3\/DSC02571.jpg \/><\/a><br \/>\n^ Oranges Hotelzimmer in Enonteki\u00f6<\/p>\n<p><a href='http:\/\/extra.inmontanis.info\/d\/8222-2\/DSC02572.jpg'><img src=http:\/\/extra.inmontanis.info\/d\/8220-3\/DSC02572.jpg \/><\/a><br \/>\n^ Hotelzimmer, sch\u00f6n gro\u00df, aber nur mit Etagen-Du\/WC<\/p>\n<p>Grill\/Kiosk auf der Hauptstra\u00dfe hatte auch bis 21 Uhr offen (am anderen Hotel w\u00e4re das Restaurant evtl. noch offen gewesen, da aber keine Karte aushing, konnte ich das ungef\u00e4hre Preisgef\u00fcge ja nicht absch\u00e4tzen und wollte kein Risiko eingehen). In dem Hotel, wo ich bin, gibt&#8217;s nur von 16:30-18:30 Abendessen (nicht \u00e0 la carte), was wohl typisch f\u00fcr Finnland, zumindest aber f\u00fcr Lappland ist.<\/p>\n<p>Wetterm\u00e4\u00dfig h\u00e4tte es ja f\u00fcr Kiruna etwas aufhellen sollen zur Nacht, auf den Weg hierher war ja auch stellenweise etwas blauer Himmel zu sehen, aber hier h\u00e4ngt  eine geschlossene dicke Wolkendecke &#8211; wieder nix mit Polarlicht also. W\u00e4re in Troms\u00f8 also auch nicht schlechter gewesen. Na hoffentlich wird es morgen abend in Alta so wolkenlos, wie der Wetterbericht auch jetzt noch vorhersagt (ja, man hat hier minimalen WIFI-Empfang vom Haupthotelgeb\u00e4ude gegen\u00fcber, bricht aber zu oft ab, um vern\u00fcnftig zu arbeiten). Die Cam in Abisko zeigt heute keine Nordlichter, da zu stark bew\u00f6lkt (wobei sich die Farbe der Wolken etwas \u00e4ndert). Prinzipiell sieht man da wohl t\u00e4glich welche&#8230;  Lt.  Vorhersage h\u00e4tten heute ja st\u00e4rkere Nordlichter sein sollen als die letzen Tage (oder morgen z.B.) &#8230; <\/p>\n<p><img src=http:\/\/extra.inmontanis.info\/d\/8226-2\/DSC02576.jpg \/><br \/>\n^ Blick von meinem Hotelzimmer im alten Geb\u00e4ude r\u00fcber aufs neue Hotel-Geb\u00e4ude des Hetan Majatalo Hotels. Vermutlich das sch\u00f6nste Bild des heutigen Tages.<\/p>\n<p>Tja, das war er nun, der so wichtige Samstag. So viel Skigebiete in Norwegen hatte ich mir aufgeschrieben, die nur am WE offen w\u00e4ren, so dass es mir so wichtig war, m\u00f6glichst viel Wochenend-Tage in Norwegen zu verbringen, so dass ich extra von Donnerstag bis Dienstag Urlaub nahm. Und jetzt war ich heute gar nicht skifahren! Bitter&#8230; Und zu dem SL unten auf den Lofoten z.B. werde ich nicht mehr kommen &#8211; hat Mo+Di keinen Abendbetrieb &#8230; Troms\u00f8 k\u00f6nnte ich am Mo Nachmittag\/Abend machen, h\u00e4tte dann aber f\u00fcr Dienstag auch nichts weiteres in halbtagesreichweite anzuahren (was mich interessiert bzw. unter der Woche offen h\u00e4tte)&#8230; und Dienstag ist der letzte Sch\u00f6nwettertag&#8230;<\/p>\n<p>Ja, was das leidige Thema Wettervorhersage angeht &#8211; weiterhin ab ca. Mittwoch in allen Ecken Norwegens und Schwedens, die ich noch befahren wollte, nur Regen und Schnee, bin wohl eine Woche zu sp\u00e4t gefahren :-(<\/p>\n<p>Fr\u00fchst\u00fccksbuffet am n\u00e4chsten Tag war etwas ungew\u00f6hnlich, zum ersten hier im alten Hotelhaus, der Raum viel zu klein (es waren viele Langlauf-Hotelg\u00e4ste da!), nur gro\u00dfe Tische mit B\u00e4nken &#8211; unsympathisch. Und die Finnen essen wohl viel Salat zum Fr\u00fchst\u00fcck&#8230; ansonsten wie \u00fcblich, paar Wurst- und Schinkensorten, K\u00e4se, eine Marmeladensorte, Joghurt, M\u00fcsli usw&#8230;.<\/p>\n<p><strong>11. Tag: So, 3.4.2011. (Teil 1) &#8211; Von Enonteki\u00f6 nach Alta<\/strong> <\/p>\n<p>Durch die vegetationsarme Landschaft bin ich unproblematisch nach Norwegen und nach Alta gekommen.  Aufgrund der 1h-Zeitverschiebung hatte ich Zeit, war schon gegen 12 Uhr am Skilift in Alta. Aber diese Bilder folgen in einem eigenen Topic.<\/p>\n<p><em>(Fotos anklicken zum Vergr\u00f6\u00dfern, soweit nicht vergr\u00f6\u00dfert gepostet)<\/em><\/p>\n<p><img src=http:\/\/extra.inmontanis.info\/d\/8230-2\/ge-20110403.jpg \/><br \/>\n^ Fahrstrecke 3.4.2011 (rot, von Enonteki\u00f6 nach Alta) und \u00dcbersicht des 4-L\u00e4nderecks Nord-Norwegen, Nord-Schweden, Nord-Finnland (samt Zipfelchen zwischen Schweden und Norwegen) und dem Nordwestzipfel Russlands.<\/p>\n<p><a href='http:\/\/extra.inmontanis.info\/d\/8234-2\/DSC02577.jpg'><img src=http:\/\/extra.inmontanis.info\/d\/8232-3\/DSC02577.jpg \/><\/a><br \/>\n^ 93, Enonteki\u00f6-Alta, noch auf finnischer Seite<\/p>\n<p><img src=http:\/\/extra.inmontanis.info\/d\/8238-2\/DSC02579.jpg \/><br \/>\n^ 93, Enonteki\u00f6-Alta, noch auf finnischer Seite<\/p>\n<p><a href='http:\/\/extra.inmontanis.info\/d\/8242-2\/DSC02587.jpg'><img src=http:\/\/extra.inmontanis.info\/d\/8240-3\/DSC02587.jpg \/><\/a><br \/>\n^ 93, Paloj\u00e4rvi<\/p>\n<p><img src=http:\/\/extra.inmontanis.info\/d\/8246-2\/DSC02589.jpg \/><br \/>\n^ An der 93 bei Paloj\u00e4rvi<\/p>\n<p><a href='http:\/\/extra.inmontanis.info\/d\/8250-2\/DSC02591.jpg'><img src=http:\/\/extra.inmontanis.info\/d\/8248-3\/DSC02591.jpg \/><\/a><br \/>\n^ Grenze Finnland-Norwegen (Enonteki\u00f6-Alta)<\/p>\n<p><img src=http:\/\/extra.inmontanis.info\/d\/8254-2\/DSC02595.jpg \/><br \/>\n^ Rv. 93, kurz nach der Grenze<\/p>\n<p><a href='http:\/\/extra.inmontanis.info\/d\/8258-2\/DSC02603.jpg'><img src=http:\/\/extra.inmontanis.info\/d\/8256-3\/DSC02603.jpg \/><\/a><br \/>\n^ Rv. 93, n\u00e4he Siebe<\/p>\n<p><a href='http:\/\/extra.inmontanis.info\/d\/8262-2\/DSC02605.jpg'><img src=http:\/\/extra.inmontanis.info\/d\/8260-3\/DSC02605.jpg \/><\/a><br \/>\n^ Rv. 93, Kautokeino, hier hat&#8217;s eine Skisprungschanze (aber keinen Skilift)<\/p>\n<p><img src=http:\/\/extra.inmontanis.info\/d\/8266-2\/DSC02609.jpg \/><br \/>\n^ Kautokeino, Rv. 93<\/p>\n<p><a href='http:\/\/extra.inmontanis.info\/d\/8270-2\/DSC02616.jpg'><img src=http:\/\/extra.inmontanis.info\/d\/8268-3\/DSC02616.jpg \/><\/a><br \/>\n^ Rv. 93, n\u00e4he Geaidnovuohppi (Kyrillische Ortsnamen lesen und schreiben ist auch nicht komplizierter :) )<\/p>\n<p><a href='http:\/\/extra.inmontanis.info\/d\/8274-2\/DSC02622.jpg'><img src=http:\/\/extra.inmontanis.info\/d\/8272-3\/DSC02622.jpg \/><\/a><br \/>\n^ Rv. 93, 30 km vor Alta. Netter Wasserfall<\/p>\n<p><img src=http:\/\/extra.inmontanis.info\/d\/8278-2\/DSC02625.jpg \/><br \/>\n^ Rv. 93, nette Schlucht<\/p>\n<p><img src=http:\/\/extra.inmontanis.info\/d\/8282-2\/DSC02628.jpg \/><br \/>\n^ Rv. 93, Schlucht<\/p>\n<p><a href='http:\/\/extra.inmontanis.info\/d\/8286-2\/DSC02635.jpg'><img src=http:\/\/extra.inmontanis.info\/d\/8284-3\/DSC02635.jpg \/><\/a><br \/>\n^ Rv. 93, bei Forset<\/p>\n<p><img src=http:\/\/extra.inmontanis.info\/d\/8290-2\/DSC02648.jpg \/><br \/>\n^ N\u00e4he Alta<\/p>\n<p><a href='http:\/\/extra.inmontanis.info\/d\/8294-2\/DSC02649.jpg'><img src=http:\/\/extra.inmontanis.info\/d\/8292-3\/DSC02649.jpg \/><\/a><br \/>\n^ N\u00e4he Alta. Irgendwann mal im Sommer muss ich auch mal zum Nordkapp und nach Kirkenes :-)<\/p>\n<p><img src=http:\/\/extra.inmontanis.info\/d\/8298-2\/DSC02654.jpg \/><br \/>\n^ E6, Rafsbotn<\/p>\n<p><a href='http:\/\/extra.inmontanis.info\/d\/8302-2\/DSC02656.jpg'><img src=http:\/\/extra.inmontanis.info\/d\/8300-3\/DSC02656.jpg \/><\/a><br \/>\n^ E6, Altafjord<\/p>\n","protected":false},"excerpt":{"rendered":"<p>10. Tag: Sa, 2.4.2011. &#8211; Von Narvik nach Enonteki\u00f6 weiter unten: 11. Tag: So, 3.4.2011. (Teil 1) &#8211; Von Enonteki\u00f6 nach Alta <\/p>\n<p>Aufgrund des zumindest trockenen Wetters h\u00e4tte ich mich ja f\u00fcr heute f\u00fcr Absiko entschieden, so 3 St\u00fcndchen und dann nach Finnland nach Enonteki\u00f6, dort hab ich ein paar g\u00fcnstig(ere) Hotels im Internet <a href=\"http:\/\/blog.inmontanis.info\/?p=1594\">[&#8230;]<\/a><\/p>\n","protected":false},"author":1,"featured_media":0,"comment_status":"open","ping_status":"closed","sticky":false,"template":"","format":"standard","meta":{"footnotes":""},"categories":[95,594,20,26,18],"tags":[37,45,47],"class_list":["post-1594","post","type-post","status-publish","format-standard","hentry","category-skanditour2011","category-alta","category-finnlandfinland","category-typeski","category-norwegennorway","tag-meer","tag-see","tag-sl","odd"],"_links":{"self":[{"href":"http:\/\/blog.inmontanis.info\/index.php?rest_route=\/wp\/v2\/posts\/1594","targetHints":{"allow":["GET"]}}],"collection":[{"href":"http:\/\/blog.inmontanis.info\/index.php?rest_route=\/wp\/v2\/posts"}],"about":[{"href":"http:\/\/blog.inmontanis.info\/index.php?rest_route=\/wp\/v2\/types\/post"}],"author":[{"embeddable":true,"href":"http:\/\/blog.inmontanis.info\/index.php?rest_route=\/wp\/v2\/users\/1"}],"replies":[{"embeddable":true,"href":"http:\/\/blog.inmontanis.info\/index.php?rest_route=%2Fwp%2Fv2%2Fcomments&post=1594"}],"version-history":[{"count":2,"href":"http:\/\/blog.inmontanis.info\/index.php?rest_route=\/wp\/v2\/posts\/1594\/revisions"}],"predecessor-version":[{"id":1596,"href":"http:\/\/blog.inmontanis.info\/index.php?rest_route=\/wp\/v2\/posts\/1594\/revisions\/1596"}],"wp:attachment":[{"href":"http:\/\/blog.inmontanis.info\/index.php?rest_route=%2Fwp%2Fv2%2Fmedia&parent=1594"}],"wp:term":[{"taxonomy":"category","embeddable":true,"href":"http:\/\/blog.inmontanis.info\/index.php?rest_route=%2Fwp%2Fv2%2Fcategories&post=1594"},{"taxonomy":"post_tag","embeddable":true,"href":"http:\/\/blog.inmontanis.info\/index.php?rest_route=%2Fwp%2Fv2%2Ftags&post=1594"}],"curies":[{"name":"wp","href":"https:\/\/api.w.org\/{rel}","templated":true}]}}