{"id":1586,"date":"2011-03-31T23:00:42","date_gmt":"2011-03-31T21:00:42","guid":{"rendered":"http:\/\/blog.inmontanis.info\/?p=1586"},"modified":"2023-08-04T19:44:13","modified_gmt":"2023-08-04T17:44:13","slug":"sollifjellet-31-3-2011-abendski-am-fjord","status":"publish","type":"post","link":"http:\/\/blog.inmontanis.info\/?p=1586","title":{"rendered":"Sollifjellet, 31.3.2011 &#8211; Abendski am Fjord"},"content":{"rendered":"<p><strong>8. Tag: Do, 31.3.2011. Teil 3: Skifahren am Sollifjellt auf Hinn\u00f8ya, direkt am Fjord<\/strong><\/p>\n<p>Hier nun der 3. Teil, abendliches Skifahren auf Hinn\u00f8ya.<!--more--><\/p>\n<p><em>(Fotos anklicken zum Vergr\u00f6\u00dfern, soweit nicht vergr\u00f6\u00dfert gepostet, aber bei den geilen Pix hab ich eh fast alles gro\u00df rein)<\/em><\/p>\n<p><a href='http:\/\/ski.inmontanis.info\/d\/130341-2\/ge_sollifjellet.jpg'><img src=http:\/\/ski.inmontanis.info\/d\/130339-3\/ge_sollifjellet.jpg \/><\/a><br \/>\n^ GPS-Track<\/p>\n<p>17:30 Uhr. Nach \u00fcber 1.000 km Autofahrt vom letzten Skigebiet, nach all den Tagen &#8211; endlich dort angekommen weshalb ich nach Norwegen gefahren bin: Skifahren direkt am Fjord.<\/p>\n<p><img src=http:\/\/ski.inmontanis.info\/d\/130345-2\/DSC01978.jpg \/><br \/>\n^ Blick zum SL, Abfahrten, Funpark, wie man sieht &#8211; er ist in Betrieb. Leider ist er auf der Ostseite, auf der Westseite w\u00e4r&#8217;s abends nat\u00fcrlich noch sch\u00f6ner.<\/p>\n<p><a href='http:\/\/ski.inmontanis.info\/d\/130349-2\/DSC01980.jpg'><img src=http:\/\/ski.inmontanis.info\/d\/130348-3\/DSC01980.jpg \/><\/a><br \/>\n^ Auffahrt war etwas schwierig.<\/p>\n<p>Hier war eine Linkskurve, die ich beim ersten Mal auch nicht gepackt hatte, da ich sie zu weit innen, wo es steiler war, fahren wollte. Beim 2. Versuch im gr\u00f6\u00dferen Bogen ging es dann (wo ich das Foto gemacht hab). Danach ging&#8217;s ein paar hundert Meter ziemlich steil bergauf (so 10-20%) &#8211; hier in der Steigung stehenbleiben hie\u00dfe wieder runterfahren :)<\/p>\n<p><a href='http:\/\/ski.inmontanis.info\/d\/130353-2\/DSC01981.jpg'><img src=http:\/\/ski.inmontanis.info\/d\/130352-3\/DSC01981.jpg \/><\/a><br \/>\n^ SL in kompletter L\u00e4nge, im oberen Bereich durchaus steil.<\/p>\n<p><img src=http:\/\/ski.inmontanis.info\/d\/130357-2\/DSC01988.jpg \/><br \/>\n^ SL-Bergstation und Halo mit 2 Nebensonnen (17:57 Uhr)<\/p>\n<p><img src=http:\/\/ski.inmontanis.info\/d\/130503-2\/DSC01985.jpg \/><br \/>\n^ R\u00fcckseitenpano und Skiweg, der um den kleinen Gipfel zur leichteren Abfahrt f\u00fchrt.<\/p>\n<p><img src=http:\/\/ski.inmontanis.info\/d\/130362-2\/DSC02005.jpg \/><br \/>\n^ Andfjord und Kasfjord<\/p>\n<p><img src=http:\/\/ski.inmontanis.info\/d\/130515-2\/DSC02044.jpg \/><br \/>\n^ Andfjord-Kasfjord (sp\u00e4ter am Abend)<\/p>\n<p><img src=http:\/\/ski.inmontanis.info\/d\/130366-2\/DSC01999.jpg \/><br \/>\n^ Rechts hinten kann man auf&#8217;s offene Meer schauen &#8211; und wenn die Berge rechts daneben (Insel Gryt\u00f8ya) nicht w\u00e4ren, k\u00f6nnte man noch besser auf&#8217;s Meer schauen ..<\/p>\n<p><img src=http:\/\/ski.inmontanis.info\/d\/130370-2\/DSC02016.jpg \/><br \/>\n^ Skiweg mit Fjord-Pano. Geil.<\/p>\n<p><img src=http:\/\/ski.inmontanis.info\/d\/130374-2\/DSC02020.jpg \/><br \/>\n^ Skiweg mit Fjord-Pano<\/p>\n<p><img src=http:\/\/ski.inmontanis.info\/d\/130507-2\/DSC02022.jpg \/><br \/>\n^ Skifahren mit Fjord-Pano. Deswegen bin ich in Norwegen.<\/p>\n<p><img src=http:\/\/ski.inmontanis.info\/d\/130379-2\/DSC01993-96.jpg \/><br \/>\n^ West-Pano<\/p>\n<p><img src=http:\/\/ski.inmontanis.info\/d\/130383-2\/DSC01989-94.jpg \/><br \/>\n^ West-Nord-Ost-Pano<\/p>\n<p><img src=http:\/\/ski.inmontanis.info\/d\/130387-2\/DSC02003.jpg \/><br \/>\n^ Nord-Pano<\/p>\n<p><img src=http:\/\/ski.inmontanis.info\/d\/130391-2\/DSC02038-43.jpg \/><br \/>\n^ Pano<\/p>\n<p><img src=http:\/\/ski.inmontanis.info\/d\/130395-2\/DSC02000.jpg \/><br \/>\n^ V\u00e5gsfjord<\/p>\n<p><img src=http:\/\/ski.inmontanis.info\/d\/130399-2\/DSC02001.jpg \/><br \/>\n^ V\u00e5gsfjord<\/p>\n<p><a href='http:\/\/ski.inmontanis.info\/d\/130511-2\/DSC02012.jpg'><img src=http:\/\/ski.inmontanis.info\/d\/130510-3\/DSC02012.jpg \/><\/a><br \/>\n^ Off-Piste war der Schnee so halbwegs fahrbar (teilweise aber auch eine Bruchharsch-Schicht oben)<\/p>\n<p><a href='http:\/\/ski.inmontanis.info\/d\/130403-2\/DSC02007.jpg'><img src=http:\/\/ski.inmontanis.info\/d\/130402-3\/DSC02007.jpg \/><\/a><br \/>\n^ Die rechte Abfahrt; im Grunde ist alles recht unmodelliert hier und man hat etliche Varianten<\/p>\n<p><img src=http:\/\/ski.inmontanis.info\/d\/130407-2\/DSC01990.jpg \/><br \/>\n^ Skigebiet von oben aus, rechts der SL samt Talstationsgeb\u00e4ude und Parkplatz, hinten der V\u00e5gsfjord<\/p>\n<p><img src=http:\/\/ski.inmontanis.info\/d\/130411-2\/DSC02024.jpg \/><br \/>\n^ Zoom zu einem Schiffchen<\/p>\n<p><img src=http:\/\/ski.inmontanis.info\/d\/130416-2\/DSC02013.jpg \/><br \/>\n^ Off-Piste ganz rechts, wo man dann im Wald weiter fahren kann, was ich &#8211; siehe GPS-Track &#8211; auch einmal tat. Hinten wieder der V\u00e5gsfjord<\/p>\n<p><img src=http:\/\/ski.inmontanis.info\/d\/130420-2\/DSC02027.jpg \/><br \/>\n^ Off-Piste, diesmal auf der linken Seite.<\/p>\n<p><img src=http:\/\/ski.inmontanis.info\/d\/130424-2\/DSC02033.jpg \/><br \/>\n^ SL und V\u00e5gsfjord<\/p>\n<p><a href='http:\/\/ski.inmontanis.info\/d\/130428-2\/DSC02034.jpg'><img src=http:\/\/ski.inmontanis.info\/d\/130427-3\/DSC02034.jpg \/><\/a><br \/>\n^ Off-Piste, diesmal auf der linken Seite. Da bin ich nur bis zur Mitte des SL gefahren, andere Jugendliche bis weiter runter, aber da ich das Gel\u00e4nde nicht kannte und es sehr waldig wurde .. und au\u00dferdem mir der Schnee zu br\u00fcchig hier und weiter unten war..<\/p>\n<p><img src=http:\/\/ski.inmontanis.info\/d\/130432-2\/DSC02035.jpg \/><br \/>\n^ V\u00e5gsfjord um 18:55 Uhr, Sonne geht langsam unter ..<\/p>\n<p><img src=http:\/\/ski.inmontanis.info\/d\/130436-2\/DSC02042.jpg \/><br \/>\n^ Gipfel-Pano (Ost)<\/p>\n<p><img src=http:\/\/ski.inmontanis.info\/d\/130441-2\/DSC02046.jpg \/><br \/>\n^ Andfjord-Kasfjord (19:37 Uhr)<\/p>\n<p><img src=http:\/\/ski.inmontanis.info\/d\/130445-2\/DSC02049.jpg \/><br \/>\n^ Abendstimmung mit V\u00e5gsfjord<\/p>\n<p><img src=http:\/\/ski.inmontanis.info\/d\/130449-2\/DSC02051.jpg \/><br \/>\n^ 20:04 Uhr, die Beleuchtung wurde eingeschaltet ..<\/p>\n<p><img src=http:\/\/ski.inmontanis.info\/d\/130453-2\/DSC02053.jpg \/><br \/>\n^ 20:10 Uhr, Abendrot.<\/p>\n<p>Ich hatte durchaus mit dem Gedanken gespielt, auf den Gipfel links aufzusteigen &#8211; hab&#8217;s dann aber doch gelassen.<\/p>\n<p><img src=http:\/\/ski.inmontanis.info\/d\/130457-2\/DSC02055.jpg \/><br \/>\n^ 20:13 Uhr, auf der Ost-Seite ist es bereits recht dunkel.<\/p>\n<p>Es folgen nun ein paar Infrarot-Fotos:<\/p>\n<p><img src=http:\/\/ski.inmontanis.info\/d\/130461-2\/P1600322.jpg \/><br \/>\n^ Andfjord-Kasfjord (IR)<\/p>\n<p><img src=http:\/\/ski.inmontanis.info\/d\/130465-2\/P1600339.jpg \/><br \/>\n^ Andfjord-Kasfjord (IR)<\/p>\n<p><img src=http:\/\/ski.inmontanis.info\/d\/130519-2\/P1600329-.jpg \/><br \/>\n^ Andfjord-Kasfjord (IR)<\/p>\n<p><a href='http:\/\/ski.inmontanis.info\/d\/130470-2\/P1600330.jpg'><img src=http:\/\/ski.inmontanis.info\/d\/130469-3\/P1600330.jpg \/><\/a><br \/>\n^ Meer-Pano &#8211; in IR kann man erkennen, dass hinterm Schnee das Meer weiter geht.<\/p>\n<p><img src=http:\/\/ski.inmontanis.info\/d\/130474-2\/P1600335-.jpg \/><br \/>\n^ IR-Pano (V\u00e5gsfjord)<\/p>\n<p><img src=http:\/\/ski.inmontanis.info\/d\/130478-2\/P1600331.jpg \/><br \/>\n^ V\u00e5gsfjord (IR)<\/p>\n<p><img src=http:\/\/ski.inmontanis.info\/d\/130482-2\/P1600327-.jpg \/><br \/>\n^ V\u00e5gsfjord (IR)<\/p>\n<p><img src=http:\/\/ski.inmontanis.info\/d\/130486-2\/P1600333.jpg \/><br \/>\n^ V\u00e5gsfjord (IR)<\/p>\n<p><img src=http:\/\/ski.inmontanis.info\/d\/130490-2\/P1600326-.jpg \/><br \/>\n^ V\u00e5gsfjord (IR)<\/p>\n<p><img src=http:\/\/ski.inmontanis.info\/d\/130494-2\/P1600335-38-.jpg \/><br \/>\n^ IR-Pano (V\u00e5gsfjord)<\/p>\n<p><img src=http:\/\/ski.inmontanis.info\/d\/130524-2\/P1600340-44-2.jpg \/><br \/>\n^ IR-Pano (V\u00e5gsfjord)<\/p>\n<p><img src=http:\/\/ski.inmontanis.info\/d\/130499-2\/P1600349-50.jpg \/><br \/>\n^ IR-Pano (V\u00e5gsfjord)<\/p>\n<p>Obgleich ja der SL noch l\u00e4nger gelaufen w\u00e4re, ich hab&#8217;s gegen 20:30 sein lassen. Erstens war es sehr eisig kalt, zweitens hatte ich letzte Nacht ja bekanntlich kaum geschlafen und wollte endlich ins Bett und drittens, naja, 2,5h an dem einen SL reichen.<\/p>\n<p><a href='http:\/\/extra.inmontanis.info\/d\/8054-2\/DSC02059.jpg'><img src=http:\/\/extra.inmontanis.info\/d\/8052-3\/DSC02059.jpg \/><\/a><br \/>\n^ 21:23 Uhr, fast dunkel. Und irgendwie ein Proof of Concept: W\u00e4hrend der Autofahrt, mit ISO 3200 in 1\/40 sek mit dem alten 50mm Objektiv ohne Bildstabilsator einigerma\u00dfen scharf.<\/p>\n<p>Eins hat mich der Tag heute noch gelehrt: Die Sonne m\u00fcsste zwar hier &#8211; weil ja schon nach Fr\u00fchlingsanfang &#8211; bereits l\u00e4nger scheinen als bei uns, aber sie bewegt sich langsamer. Also, sie steigt nicht so weit hinauf, und abends zum Sonnenuntergang braucht es ewig, bis sie untergeht. Im zweiten Moment klingt das durchaus logisch, da man sich ja, je weiter man auf die Pole zugeht, umso langsamer dreht (geringere Strecke Erdumrundung pro Tag). Erkl\u00e4rt vielleicht auch, dass im Winter die Sonne zwar nicht aufgeht, aber es stundenlang d\u00e4mmert &#8211; w\u00e4hrend bei uns die D\u00e4mmerungszeit ja meist nur so ca. 1h dauert?<\/p>\n<p>Hotelm\u00e4\u00dfig hab ich ja das erstbeste Hotel nach Bjerkvik (noch vor dem Abendskifahren) angefahren und das Zimmer klar gemacht. Warb au\u00dfen mit 695,- NOK EZ\/\u00dcF, also um die 100,- \u20ac. Auf den ersten Blick sah&#8217;s gut aus, auf dem 2. doch recht abgewohnt. Nur 17 Grad im Zimmer, und ein Schimmel in der Ecke, der so extrem gestunken hatte, dass man kaum Luft bekam.<\/p>\n<p>Heizer aus dem Auto geholt, Fenster ge\u00f6ffnet, Heizer laufen lassen .. nach knapp einer Stunde war&#8217;s Zappenduster, Sicherung weg. Zur Rezeption, Sicherung wieder eindrehen lassen &#8211; und danach lieber Fenster geschlossen und Heizer ausgeschaltet.<\/p>\n<p>Danke, hier nicht mehr. Dann lieber 110,- \u20ac die Nacht zahlen und ein schimmelfreies Zimmer haben &#8230;<\/p>\n<p><a href='http:\/\/extra.inmontanis.info\/d\/8058-2\/DSC02068.jpg'><img src=http:\/\/extra.inmontanis.info\/d\/8056-3\/DSC02068.jpg \/><\/a><br \/>\n^ Hotelzimmer. Schaut ja ganz nett aus, ist aber einerseits recht kalt (daher Heizer, der dann die Sicherung rausgehaut hat) &#8230;<\/p>\n<p><a href='http:\/\/extra.inmontanis.info\/d\/8062-2\/DSC02073.jpg'><img src=http:\/\/extra.inmontanis.info\/d\/8060-3\/DSC02073.jpg \/><\/a><br \/>\n^ &#8230; andererseits stinkt&#8217;s im Zimmer extrem stark nach Schimmel.<\/p>\n<p>Fr\u00fchst\u00fccksbuffet am n\u00e4chsten Tag war &#8220;as usual&#8221;. H\u00e4tte auch Kakao gegeben, aber nur vom Kaffee-Automat, und wer dort was besonderes wollte, h\u00e4tte extra zahlen m\u00fcssen. (Den normalen Kaffee gibt&#8217;s ja immer in einer Thermoskanne.)<\/p>\n<p>Hier noch ein kleines Video vom 31.3.. Autofahren bei Nacht, und am Schluss Skifahren am Sollifjellet:<br \/>\n<object style=\"height: 500px; width: 900px\"><param name=\"movie\" value=\"http:\/\/www.youtube.com\/v\/MLQLljrUEAc\"><\/param><param name=\"wmode\" value=\"transparent\"><\/param><embed src=\"http:\/\/www.youtube.com\/v\/MLQLljrUEAc\" type=\"application\/x-shockwave-flash\" wmode=\"transparent\"  width=\"900\" height=\"480\"><\/embed><\/object><\/p>\n","protected":false},"excerpt":{"rendered":"<p>8. Tag: Do, 31.3.2011. Teil 3: Skifahren am Sollifjellt auf Hinn\u00f8ya, direkt am Fjord<\/p>\n<p>Hier nun der 3. Teil, abendliches Skifahren auf Hinn\u00f8ya.<\/p>\n<p> <a href=\"http:\/\/blog.inmontanis.info\/?p=1586\">[&#8230;]<\/a><\/p>\n","protected":false},"author":1,"featured_media":0,"comment_status":"open","ping_status":"closed","sticky":false,"template":"","format":"standard","meta":{"footnotes":""},"categories":[95,18,27,576],"tags":[90,37,65,45,47],"class_list":["post-1586","post","type-post","status-publish","format-standard","hentry","category-skanditour2011","category-norwegennorway","category-skifahren-winterskiing-winter","category-sollifjellet","tag-infrarot","tag-meer","tag-nachtski","tag-see","tag-sl","odd"],"_links":{"self":[{"href":"http:\/\/blog.inmontanis.info\/index.php?rest_route=\/wp\/v2\/posts\/1586","targetHints":{"allow":["GET"]}}],"collection":[{"href":"http:\/\/blog.inmontanis.info\/index.php?rest_route=\/wp\/v2\/posts"}],"about":[{"href":"http:\/\/blog.inmontanis.info\/index.php?rest_route=\/wp\/v2\/types\/post"}],"author":[{"embeddable":true,"href":"http:\/\/blog.inmontanis.info\/index.php?rest_route=\/wp\/v2\/users\/1"}],"replies":[{"embeddable":true,"href":"http:\/\/blog.inmontanis.info\/index.php?rest_route=%2Fwp%2Fv2%2Fcomments&post=1586"}],"version-history":[{"count":4,"href":"http:\/\/blog.inmontanis.info\/index.php?rest_route=\/wp\/v2\/posts\/1586\/revisions"}],"predecessor-version":[{"id":9078,"href":"http:\/\/blog.inmontanis.info\/index.php?rest_route=\/wp\/v2\/posts\/1586\/revisions\/9078"}],"wp:attachment":[{"href":"http:\/\/blog.inmontanis.info\/index.php?rest_route=%2Fwp%2Fv2%2Fmedia&parent=1586"}],"wp:term":[{"taxonomy":"category","embeddable":true,"href":"http:\/\/blog.inmontanis.info\/index.php?rest_route=%2Fwp%2Fv2%2Fcategories&post=1586"},{"taxonomy":"post_tag","embeddable":true,"href":"http:\/\/blog.inmontanis.info\/index.php?rest_route=%2Fwp%2Fv2%2Ftags&post=1586"}],"curies":[{"name":"wp","href":"https:\/\/api.w.org\/{rel}","templated":true}]}}