{"id":1581,"date":"2011-03-31T18:00:48","date_gmt":"2011-03-31T16:00:48","guid":{"rendered":"http:\/\/blog.inmontanis.info\/?p=1581"},"modified":"2011-05-26T23:08:36","modified_gmt":"2011-05-26T21:08:36","slug":"schnee-am-fjord-31-3-2011","status":"publish","type":"post","link":"http:\/\/blog.inmontanis.info\/?p=1581","title":{"rendered":"Schnee am Fjord, 31.3.2011"},"content":{"rendered":"<p><strong>8. Tag: Do, 31.3.2011. Teil 2: Von Riksgr\u00e4nsen nach Hinn\u00f8ya: Schnee am Fjord<\/strong><\/p>\n<p>Im 2. Teil geht es um die Strecke zwischen Riksgr\u00e4nsen und Sollifjellet (bei Harstad auf Hinn\u00f8ya):<br \/>\n<img src=http:\/\/extra.inmontanis.info\/d\/7858-2\/ge-20110331.jpg \/><\/p>\n<p>A propos Hinn\u00f8ya &#8230; lt. Wikipedia wird nur der westliche Teil den Vester\u00e5len zugeordnet, der s\u00fcdwestliche Zipfel soll noch zu den Lofoten geh\u00f6ren. Find ich irgendwie eigenartig. Der Bereich um Harstad, der \u00f6stliche Teil, ist dann wohl eine &#8220;eigenst\u00e4ndige&#8221; Insel?!<\/p>\n<p><em>(Fotos anklicken zum Vergr\u00f6\u00dfern, soweit nicht vergr\u00f6\u00dfert gepostet, aber bei den geilen Pix hab ich eh fast alles gro\u00df rein)<\/em><\/p>\n<p><img src=http:\/\/extra.inmontanis.info\/d\/7910-2\/DSC01868.jpg \/><br \/>\n^ E10 zwischen Riksgr\u00e4nsen und Narvik<\/p>\n<p><a href='http:\/\/extra.inmontanis.info\/d\/7914-2\/DSC01870.jpg'><img src=http:\/\/extra.inmontanis.info\/d\/7912-3\/DSC01870.jpg \/><\/a><br \/>\n^ E10 zwischen Riksgr\u00e4nsen und Narvik<\/p>\n<p><a href='http:\/\/extra.inmontanis.info\/d\/7918-2\/DSC01873.jpg'><img src=http:\/\/extra.inmontanis.info\/d\/7916-3\/DSC01873.jpg \/><\/a><br \/>\n^ E10 zwischen Riksgr\u00e4nsen und Narvik<\/p>\n<p><img src=http:\/\/extra.inmontanis.info\/d\/7922-2\/DSC01876.jpg \/><br \/>\n^ E10, Ofotfjord<\/p>\n<p><img src=http:\/\/extra.inmontanis.info\/d\/7926-2\/DSC01884.jpg \/><br \/>\n^ E10-E6, Rombaken<\/p>\n<p><img src=http:\/\/extra.inmontanis.info\/d\/7930-2\/DSC01889.jpg \/><br \/>\n^ E10-E6, Herjangsfjord<\/p>\n<p><img src=http:\/\/extra.inmontanis.info\/d\/7934-2\/DSC01891.jpg \/><br \/>\n^ E10-E6, Herjangsfjord<\/p>\n<p><img src=http:\/\/extra.inmontanis.info\/d\/7938-2\/DSC01896.jpg \/><br \/>\n^ E10-E6, Herjangsfjord<\/p>\n<p><img src=http:\/\/extra.inmontanis.info\/d\/7942-2\/DSC01898.jpg \/><br \/>\n^ E10-E6, Herjangsfjord \/ Bjerkvik<\/p>\n<p><img src=http:\/\/extra.inmontanis.info\/d\/7946-2\/DSC01899_001.jpg \/><br \/>\n^ Herjangsfjord \/ Bjerkvik<\/p>\n<p><img src=http:\/\/extra.inmontanis.info\/d\/7950-2\/DSC01901.jpg \/><br \/>\n^ Herjangsfjord<\/p>\n<p><img src=http:\/\/extra.inmontanis.info\/d\/7954-2\/DSC01902.jpg \/><br \/>\n^ Herjangsfjord<\/p>\n<p><img src=http:\/\/extra.inmontanis.info\/d\/7958-2\/DSC01905.jpg \/><br \/>\n^ Herjangsfjord<\/p>\n<p><img src=http:\/\/extra.inmontanis.info\/d\/7962-2\/DSC01910.jpg \/><br \/>\n^ Bjerkvik, hier trennen sich E10 und E6 nach der kurzen gemeinsamen Fahrt wieder<\/p>\n<p><img src=http:\/\/extra.inmontanis.info\/d\/7966-2\/DSC01914.jpg \/><br \/>\n^ Herjangsfjord<\/p>\n<p><img src=http:\/\/ski.inmontanis.info\/d\/130335-2\/DSC01912.jpg \/><br \/>\n^ Skigebiete Narvik (links) und Ankenes (rechts)<\/p>\n<p><img src=http:\/\/extra.inmontanis.info\/d\/7970-2\/DSC01921.jpg \/><br \/>\n^ E10, Bogen \/ Ofotfjord<\/p>\n<p><img src=http:\/\/extra.inmontanis.info\/d\/7974-2\/DSC01924.jpg \/><br \/>\n^ Ofotfjord<\/p>\n<p><a href='http:\/\/extra.inmontanis.info\/d\/7978-2\/DSC01926.jpg'><img src=http:\/\/extra.inmontanis.info\/d\/7976-3\/DSC01926.jpg \/><\/a><br \/>\n^ Bogen \/ Ofotfjord<\/p>\n<p><a href='http:\/\/extra.inmontanis.info\/d\/7982-2\/DSC01928.jpg'><img src=http:\/\/extra.inmontanis.info\/d\/7980-3\/DSC01928.jpg \/><\/a><br \/>\n^ E10<\/p>\n<p><img src=http:\/\/extra.inmontanis.info\/d\/7986-2\/DSC01932.jpg \/><br \/>\n^ Bogen \/ Ofotfjord<\/p>\n<p><img src=http:\/\/extra.inmontanis.info\/d\/7990-2\/DSC01934.jpg \/><br \/>\n^ Bogen \/ Ofotfjord<\/p>\n<p><img src=http:\/\/extra.inmontanis.info\/d\/7994-2\/DSC01936.jpg \/><br \/>\n^ Bogen \/ evtl. Inselchen Skog\u00f8ya<\/p>\n<p><img src=http:\/\/extra.inmontanis.info\/d\/7998-2\/DSC01942.jpg \/><br \/>\n^ .. weiter auf der E10 ..<\/p>\n<p><img src=http:\/\/extra.inmontanis.info\/d\/8002-2\/DSC01943.jpg \/><br \/>\n^ E10, Tjeldsundet<\/p>\n<p><img src=http:\/\/extra.inmontanis.info\/d\/8006-2\/DSC01947.jpg \/><br \/>\n^ Br\u00fccke \u00fcber den Tjeldsundet auf die Insel Hinn\u00f8ya<\/p>\n<p><img src=http:\/\/extra.inmontanis.info\/d\/8010-2\/DSC01953.jpg \/><br \/>\n^ Rv. 83, so ca. am Dreieck Tjeldsundet \/ V\u00e5gsfjorden \/ Astafjorden<\/p>\n<p><img src=http:\/\/extra.inmontanis.info\/d\/8014-2\/DSC01956.jpg \/><br \/>\n^ Rv. 83 Richtung Harstad<\/p>\n<p><img src=http:\/\/extra.inmontanis.info\/d\/8018-2\/DSC01959.jpg \/><br \/>\n^ .. Fjord-Pano irgendwo auf dem Rv. 83 ..<\/p>\n<p><img src=http:\/\/extra.inmontanis.info\/d\/8022-2\/DSC01960.jpg \/><br \/>\n^ V\u00e5gsfjord<\/p>\n<p><img src=http:\/\/extra.inmontanis.info\/d\/8026-2\/DSC01961.jpg \/><br \/>\n^ V\u00e5gsfjord<\/p>\n<p><img src=http:\/\/extra.inmontanis.info\/d\/8030-2\/DSC01968.jpg \/><br \/>\n^ Rv. 83, kurz vor Harstad<\/p>\n<p><img src=http:\/\/extra.inmontanis.info\/d\/8034-2\/DSC01970.jpg \/><br \/>\n^ V\u00e5gsfjord<\/p>\n<p><img src=http:\/\/extra.inmontanis.info\/d\/8038-2\/DSC01974.jpg \/><br \/>\n^ V\u00e5gsfjord, am Hafen in Harstad<\/p>\n<p><img src=http:\/\/extra.inmontanis.info\/d\/8042-2\/DSC01975.jpg \/><br \/>\n^ V\u00e5gsfjord<\/p>\n<p><img src=http:\/\/extra.inmontanis.info\/d\/8046-2\/DSC01976_001.jpg \/><br \/>\n^ V\u00e5gsfjord<\/p>\n<p><a href='http:\/\/extra.inmontanis.info\/d\/8050-2\/DSC01977.jpg'><img src=http:\/\/extra.inmontanis.info\/d\/8048-3\/DSC01977.jpg \/><\/a><br \/>\n^ Harstad, durchaus ein gr\u00f6\u00dferes St\u00e4dtchen mit viel Verkehr, die Durchfahrt zieht sich etwas.<\/p>\n<p>(F\u00fcr diese Landschaft lohnt sich die weite Anreise immer)<\/p>\n","protected":false},"excerpt":{"rendered":"<p>8. Tag: Do, 31.3.2011. Teil 2: Von Riksgr\u00e4nsen nach Hinn\u00f8ya: Schnee am Fjord<\/p>\n<p>Im 2. Teil geht es um die Strecke zwischen Riksgr\u00e4nsen und Sollifjellet (bei Harstad auf Hinn\u00f8ya): <\/p>\n<p>A propos Hinn\u00f8ya &#8230; lt. Wikipedia wird nur der westliche Teil den Vester\u00e5len zugeordnet, der s\u00fcdwestliche Zipfel soll noch zu den Lofoten geh\u00f6ren. Find ich <a href=\"http:\/\/blog.inmontanis.info\/?p=1581\">[&#8230;]<\/a><\/p>\n","protected":false},"author":1,"featured_media":0,"comment_status":"open","ping_status":"closed","sticky":false,"template":"","format":"standard","meta":{"footnotes":""},"categories":[95,18],"tags":[37,45],"class_list":["post-1581","post","type-post","status-publish","format-standard","hentry","category-skanditour2011","category-norwegennorway","tag-meer","tag-see","odd"],"_links":{"self":[{"href":"http:\/\/blog.inmontanis.info\/index.php?rest_route=\/wp\/v2\/posts\/1581","targetHints":{"allow":["GET"]}}],"collection":[{"href":"http:\/\/blog.inmontanis.info\/index.php?rest_route=\/wp\/v2\/posts"}],"about":[{"href":"http:\/\/blog.inmontanis.info\/index.php?rest_route=\/wp\/v2\/types\/post"}],"author":[{"embeddable":true,"href":"http:\/\/blog.inmontanis.info\/index.php?rest_route=\/wp\/v2\/users\/1"}],"replies":[{"embeddable":true,"href":"http:\/\/blog.inmontanis.info\/index.php?rest_route=%2Fwp%2Fv2%2Fcomments&post=1581"}],"version-history":[{"count":3,"href":"http:\/\/blog.inmontanis.info\/index.php?rest_route=\/wp\/v2\/posts\/1581\/revisions"}],"predecessor-version":[{"id":1584,"href":"http:\/\/blog.inmontanis.info\/index.php?rest_route=\/wp\/v2\/posts\/1581\/revisions\/1584"}],"wp:attachment":[{"href":"http:\/\/blog.inmontanis.info\/index.php?rest_route=%2Fwp%2Fv2%2Fmedia&parent=1581"}],"wp:term":[{"taxonomy":"category","embeddable":true,"href":"http:\/\/blog.inmontanis.info\/index.php?rest_route=%2Fwp%2Fv2%2Fcategories&post=1581"},{"taxonomy":"post_tag","embeddable":true,"href":"http:\/\/blog.inmontanis.info\/index.php?rest_route=%2Fwp%2Fv2%2Ftags&post=1581"}],"curies":[{"name":"wp","href":"https:\/\/api.w.org\/{rel}","templated":true}]}}