{"id":1571,"date":"2011-03-29T22:58:48","date_gmt":"2011-03-29T20:58:48","guid":{"rendered":"http:\/\/blog.inmontanis.info\/?p=1571"},"modified":"2023-08-05T13:09:26","modified_gmt":"2023-08-05T11:09:26","slug":"ungesunda-29-3-2011","status":"publish","type":"post","link":"http:\/\/blog.inmontanis.info\/?p=1571","title":{"rendered":"(Un)Gesunda, 29.3.2011"},"content":{"rendered":"<p><strong>6. Tag: Di, 29.3.2011 &#8211; Ungesunda<\/strong><\/p>\n<p>Als ich heute fr\u00fch erwachte, staunte ich nicht schlecht &#8211; Schneefall und knapp 10cm Schnee auf dem Auto! Folglich auch Schneematsch auf der Stra\u00dfe bzw. z.T. eisige Fahrbahnen. Da war erst mal Zeitverlust angesagt. Wobei man schnell vertrauen bekommt, auf den geraden Strecken 80 zu fahren, da das Eis aufgrund Reifenprofilen bzw. Spikes gut angerauht und daher griffig ist. Ziemlich laut allerdings, wie man am unten angeh\u00e4ngten Video h\u00f6ren kann.<\/p>\n<p><em>(Wie immer: Fotos anklicken zum Vergr\u00f6\u00dfern, wenn nicht vergr\u00f6\u00dfert gepostet)<\/em><\/p>\n<p><img src=http:\/\/extra.inmontanis.info\/d\/7810-2\/ge-20110329b.jpg \/><br \/>\n^ Fahrstrecke (rot) vom 29.3.2011<\/p>\n<p><em>Hab&#8217;s jetzt erst nachgemssen  &#8211; das sind 890-900 km gewesen &#8211; wow. Reife Leistung f\u00fcr eine autobahnfreie Strecke zwischen Norwegen und Schweden und inkl. Schnee- und Eisfahrbahnen :) Kam mir an dem Tag auch gar nicht sooo viel vor!<br \/>\n<\/em><\/p>\n<p><a href='http:\/\/extra.inmontanis.info\/d\/7702-2\/DSC01355.jpg'><img src=http:\/\/extra.inmontanis.info\/d\/7700-3\/DSC01355.jpg \/><\/a><br \/>\n^ Typisch norwegische Steckdose<\/p>\n<p><a href='http:\/\/extra.inmontanis.info\/d\/7706-2\/DSC01357.jpg'><img src=http:\/\/extra.inmontanis.info\/d\/7704-3\/DSC01357.jpg \/><\/a><br \/>\n^ E16, zwischen Borlo und Tyin<\/p>\n<p><img src=http:\/\/extra.inmontanis.info\/d\/7710-2\/DSC01359.jpg \/><br \/>\n^ E16, zwischen Borlo und Tyin, in Bildmitte ein stillgelegter Stemag-SL<\/p>\n<p><a href='http:\/\/extra.inmontanis.info\/d\/7714-2\/DSC01362.jpg'><img src=http:\/\/extra.inmontanis.info\/d\/7712-3\/DSC01362.jpg \/><\/a><br \/>\n^ E16, Richtung Tyin<\/p>\n<p><img src=http:\/\/extra.inmontanis.info\/d\/7718-2\/DSC01368.jpg \/><br \/>\n^ E16, Richtung Tyin<\/p>\n<p><img src=http:\/\/extra.inmontanis.info\/d\/7722-2\/DSC01370_001.jpg \/><br \/>\n^ E16, Richtung Tyin. Das ist so eine griffige Eisfahrbahn, wo man auf der Geraden auch ohne Spikes problemlos 80 fahren kann.<\/p>\n<p><img src=http:\/\/extra.inmontanis.info\/d\/7726-2\/DSC01373.jpg \/><br \/>\n^ E16, Otr\u00f8yvatnet, auf dem Berg rechts der Bildmitte befindet sich das Skigebiet von Tyin<\/p>\n<p><a href='http:\/\/ski.inmontanis.info\/d\/129841-2\/DSC01376.jpg'><img src=http:\/\/ski.inmontanis.info\/d\/129839-3\/DSC01376.jpg \/><\/a><br \/>\n^ Blick zum rechten SL im Skigebiet Tyin<\/p>\n<p><a href='http:\/\/ski.inmontanis.info\/d\/129845-2\/DSC01380.jpg'><img src=http:\/\/ski.inmontanis.info\/d\/129844-3\/DSC01380.jpg \/><\/a><br \/>\n^ Rechter SL<\/p>\n<p><img src=http:\/\/ski.inmontanis.info\/d\/129849-2\/DSC01382.jpg \/><br \/>\n^ Linker SL (Bergstation rechts hinten oben zu sehen) und mittlerer SL (vorne rechts unten)<\/p>\n<p><a href='http:\/\/ski.inmontanis.info\/d\/129853-2\/DSC01384.jpg'><img src=http:\/\/ski.inmontanis.info\/d\/129852-3\/DSC01384.jpg \/><\/a><br \/>\n^ Mittlerer SL (vorne), rechter SL (oben)<\/p>\n<p><a href='http:\/\/ski.inmontanis.info\/d\/129857-2\/DSC01389.jpg'><img src=http:\/\/ski.inmontanis.info\/d\/129856-3\/DSC01389.jpg \/><\/a><br \/>\n^ Tyin<\/p>\n<p><a href='http:\/\/ski.inmontanis.info\/d\/129861-2\/DSC01391.jpg'><img src=http:\/\/ski.inmontanis.info\/d\/129860-3\/DSC01391.jpg \/><\/a><br \/>\n^ Linker SL<\/p>\n<p>Ja, hier w\u00e4re ich gern einen halben Tag Ski gefahren, wie im gestrigen Bericht gesagt&#8230;.<\/p>\n<p><img src=http:\/\/extra.inmontanis.info\/d\/7730-2\/DSC01400.jpg \/><br \/>\n^ Vangsmj\u00f8si<\/p>\n<p><img src=http:\/\/extra.inmontanis.info\/d\/7734-2\/DSC01412.jpg \/><br \/>\n^ Rv. 4 nahe Gj\u00f8vik, Mj\u00f8sa<\/p>\n<p><img src=http:\/\/extra.inmontanis.info\/d\/7738-2\/DSC01417.jpg \/><br \/>\n^ Mj\u00f8sa, Rv. 4<\/p>\n<p><img src=http:\/\/extra.inmontanis.info\/d\/7742-2\/DSC01419_001.jpg \/><br \/>\n^ E6 \u00fcber Mj\u00f8sa<\/p>\n<p><a href='http:\/\/extra.inmontanis.info\/d\/7746-2\/DSC01429.jpg'><img src=http:\/\/extra.inmontanis.info\/d\/7744-3\/DSC01429.jpg \/><\/a><br \/>\n^ Rv. 25, zwischen Elverum und Nybergsund<\/p>\n<p><a href='http:\/\/extra.inmontanis.info\/d\/7750-2\/DSC01432.jpg'><img src=http:\/\/extra.inmontanis.info\/d\/7748-3\/DSC01432.jpg \/><\/a><br \/>\n^ Rv. 25 n\u00e4he Skigebiet Trysil<\/p>\n<p><img src=http:\/\/extra.inmontanis.info\/d\/7754-2\/DSC01439.jpg \/><br \/>\n^ 71 vor Hundsfj\u00e4llet<\/p>\n<p><img src=http:\/\/extra.inmontanis.info\/d\/7758-2\/DSC01440.jpg \/><br \/>\n^ 71 vor Tand\u00e5dalen<\/p>\n<p><a href='http:\/\/extra.inmontanis.info\/d\/7762-2\/DSC01447.jpg'><img src=http:\/\/extra.inmontanis.info\/d\/7760-3\/DSC01447.jpg \/><\/a><br \/>\n^ 71 vor S\u00e4len<\/p>\n<p><img src=http:\/\/extra.inmontanis.info\/d\/7766-2\/DSC01453.jpg \/><br \/>\n^ Nebenstra\u00dfe zwischen Tenn\u00e4nget und Venjan. Die werden wohl nicht so h\u00e4ufig ger\u00e4umt wie die Hauptstr\u00dfen.<\/p>\n<p><a href='http:\/\/extra.inmontanis.info\/d\/7770-2\/DSC01456.jpg'><img src=http:\/\/extra.inmontanis.info\/d\/7768-3\/DSC01456.jpg \/><\/a><br \/>\n^ Nebenstra\u00dfe Rullbo &#8211; E45<\/p>\n<p>Inkl. einem kurzen Bernerw\u00fcrstl-Hotdog-Stopp war ich um 16:15 in Gesundaberget &#8211; worst case: Nicht ge\u00f6ffnet! Was soll dann die Fehlinformation auf der Homepage? <\/p>\n<p>Wobei es auch nicht den Anschein hatte, als sei die DSB \u00fcberhaupt (im Winter) ge\u00f6ffnet! Keine Zutrittsleser, Zugang verriegelt, DSB hatte auch keine Fu\u00dfraster. Evtl. blo\u00df f\u00fcr Fu\u00dfg\u00e4nger im Sommer ge\u00f6ffnet? Mist.<\/p>\n<p><img src=http:\/\/ski.inmontanis.info\/d\/129865-2\/DSC01457.jpg \/><br \/>\n^ Ankunft in Gesundaberget<\/p>\n<p><img src=http:\/\/ski.inmontanis.info\/d\/129869-2\/DSC01459.jpg \/><br \/>\n^ H\u00e4? Paar Spuren im Neuschnee, aber alle Lifte geschlossen? Wie geht das denn?<\/p>\n<p><a href='http:\/\/ski.inmontanis.info\/d\/129873-2\/DSC01460.jpg'><img src=http:\/\/ski.inmontanis.info\/d\/129872-3\/DSC01460.jpg \/><\/a><br \/>\n^ Einstiegsbereich an der Graffer-DSB. Scheint mir &#8211; zumindest im Winter &#8211; nicht mehr in Betrieb zu sein<\/p>\n<p><a href='http:\/\/ski.inmontanis.info\/d\/129877-2\/DSC01461.jpg'><img src=http:\/\/ski.inmontanis.info\/d\/129876-3\/DSC01461.jpg \/><\/a><br \/>\n^ Auch hier, Leseger\u00e4te demontiert, viel Schnee, kein Einstieg. Ne, das Ding l\u00e4uft f\u00fcr Skifahrer nicht mehr.<\/p>\n<p><a href='http:\/\/ski.inmontanis.info\/d\/129881-2\/DSC01462.jpg'><img src=http:\/\/ski.inmontanis.info\/d\/129880-3\/DSC01462.jpg \/><\/a><br \/>\n^ So viel zu den \u00d6ffnungszeiten im Netz &#8211; jaja, 15-20 Uhr. Und um 16:27 geht gar nix! Meinten die vielleicht Mo+Do anstatt Mo-Do ?? Nerv.<\/p>\n<p>Was jetzt? Ein anderes Skigebiet anfahren, das in der N\u00e4he ist, um 2h an einem SL rumzurutschen? Und morgen? Da wollte ich egtl. einen reinen Auto-Fahrtag einlegen. Oder fahr ich lieber jetzt noch ein paar Stunden um morgen einen halben Tag &#8220;richtig&#8221; zu skifahren?<\/p>\n<p>Ja, macht mehr Sinn. Also weiter in den Norden richtung Narvik &#8230;<\/p>\n<p><a href='http:\/\/extra.inmontanis.info\/d\/7774-2\/DSC01464.jpg'><img src=http:\/\/extra.inmontanis.info\/d\/7772-3\/DSC01464.jpg \/><\/a><br \/>\n^ E45, vermutlich nach Orsa, einfach mal so w\u00e4hrend der Fahrt aus dem linken Fenster fotografiert&#8230;<\/p>\n<p><a href='http:\/\/extra.inmontanis.info\/d\/7778-2\/DSC01480.jpg'><img src=http:\/\/extra.inmontanis.info\/d\/7776-3\/DSC01480.jpg \/><\/a><br \/>\n^ Weiter nordwerts auf der E45. Die Fahrerei durch diese endlosen flachen Waldgebiete ist erm\u00fcdend. (Ok, nachdem ich jetzt wei\u00df, dass ich an dem Tag fast 900 km gefahren bin &#8230;)<\/p>\n<p><a href='http:\/\/extra.inmontanis.info\/d\/7782-2\/DSC01493.jpg'><img src=http:\/\/extra.inmontanis.info\/d\/7780-3\/DSC01493.jpg \/><\/a><br \/>\n^ E45 Richtung Sveg. Mal wieder leicht geschneit&#8230;<\/p>\n<p><img src=http:\/\/extra.inmontanis.info\/d\/7786-2\/DSC01495.jpg \/><br \/>\n^ Da sieht man nix, wenn man von den entgegenkommenden LKWs so eingestaubt wird&#8230;<\/p>\n<p><img src=http:\/\/extra.inmontanis.info\/d\/7790-2\/DSC01501.jpg \/><br \/>\n^ Rentiere auf der Stra\u00dfe nach Vemdalen (um 19:35 Sommerzeit)<\/p>\n<p><img src=http:\/\/extra.inmontanis.info\/d\/7794-2\/DSC01506_001.jpg \/><br \/>\n^ Rentierherde. Sind um die 10 Minuten vor uns hergelaufen, bis man durch kam &#8211; und der Schwede vor mir hatte wohl auch keine bessere Idee als hinter her zu fahren &#8230; <\/p>\n<p>Auf dem Weg richtung Norden kommt man an Vemdalen\/Bj\u00f6rnrike\/Kl\u00f6svsj\u00f6 vorbei. Mit den 3 Gebieten ist das zwar auch eher was f\u00fcr eine Tageskarte &#8230; Ankunft kurz nach 20 Uhr, das passt ja. Leider gestaltete sich die Zimmersuche wieder \u00e4u\u00dferst schwierig, nach 2 Stunden Rumfahren in der Gegend gab ich&#8217;s auf (nichts gefunden, Uhrzeitm\u00e4\u00dfig schon geschlossen, alles voll &#8230; was alles dabei!) und fuhr weiter in den Norden, stellenweise starker Schneefall erschwerte die Sicht, dann beim \u00fcbern\u00e4chsten Hotel hatte ich Gl\u00fcck, es war inzwischen kurz vor 23 Uhr, EZ \u00dcF kostete 600,- SEK (ca. 67,- \u20ac). Puh.<\/p>\n<p><img src=http:\/\/extra.inmontanis.info\/d\/7798-2\/DSC01537.jpg \/><br \/>\n^ Auch fehlerhafte Fotos k\u00f6nnen h\u00fcbsch sein &#8211; und wehe, man m\u00f6chte so&#8217;was absichtlich machen, dann probiert man&#8217;s zig mal :)<\/p>\n<p><a href='http:\/\/extra.inmontanis.info\/d\/7802-2\/DSC01539_001.jpg'><img src=http:\/\/extra.inmontanis.info\/d\/7800-3\/DSC01539_001.jpg \/><\/a><br \/>\n^ Zwischenzeitlich hat&#8217;s mal wieder stark geschneit &#8230; (bei ISO 12800 geht&#8217;s in 1\/10 Sek w\u00e4hrend der Fahrt doch etwas sch\u00e4rfer)<\/p>\n<p><a href='http:\/\/extra.inmontanis.info\/d\/7806-2\/DSC01540.jpg'><img src=http:\/\/extra.inmontanis.info\/d\/7804-3\/DSC01540.jpg \/><\/a><br \/>\n^ Puh, gerade noch ein Hotel heute bekommen.. (es ist jetzt 23:20 Uhr)<\/p>\n<p>Wetteraussichten sind leider weiterhin \u00e4u\u00dferst schlecht. Narvik sollte am Freitag noch einigerma\u00dfen werden, aber f\u00fcr die komplette Nordh\u00e4lfte Norwegens und mittlerweile auch Schweden ab Samstag soweit das Auge reicht (=Donnerstag) nur Schneefall, Schneefall, Schneefall  bzw. weiter unten Regen. So ein Schei\u00df. Macht so &#8216;was von \u00fcberhaupt keinen Sinn, dann dort oben zu bleiben.<\/p>\n<p>Das kurioseste im Hotel ist allerdings der Lift: Quasi eine Hebeb\u00fchne in einem Schacht, keine Fahrkabine mit Seiten, nicht mal ein Dach &#8211; Schacht nach oben hin offen, es gibt nur T\u00fcren an den beiden Stockwerken, er f\u00e4hrt auch nur bis in den ersten Stock, und zum rauf\/runterfahren muss man die Taste rauf bzw. runter gedr\u00fcckt halten. Komisches Gef\u00fchl, ein Aufzug ohne Dach und der lange Schacht (der ging ja noch mind. 1 Stockwerk weiter) &#8230;.<\/p>\n<p>Fr\u00fchst\u00fccksbuffet wieder \u00e4hnlich den Vortagen in Norwegen, ewas mehr Auswahl von allem, und sogar Kakaopulver!<\/p>\n<p>Kurzes 720p &#8211; Video des heutigen Tages mit:<br \/>\n&#8211; Fahren auf Schnee- und Eisfahrbahnen<br \/>\n&#8211; Fahren durch schwedische W\u00e4lder<br \/>\n&#8211; Fahren hinter Rentieren<br \/>\n<object style=\"height: 500px; width: 900px\"><param name=\"movie\" value=\"http:\/\/www.youtube.com\/v\/HzX55T7LRhA\"><\/param><param name=\"wmode\" value=\"transparent\"><\/param><embed src=\"http:\/\/www.youtube.com\/v\/HzX55T7LRhA\" type=\"application\/x-shockwave-flash\" wmode=\"transparent\"  width=\"900\" height=\"480\"><\/embed><\/object><\/p>\n","protected":false},"excerpt":{"rendered":"<p>6. Tag: Di, 29.3.2011 &#8211; Ungesunda<\/p>\n<p>Als ich heute fr\u00fch erwachte, staunte ich nicht schlecht &#8211; Schneefall und knapp 10cm Schnee auf dem Auto! Folglich auch Schneematsch auf der Stra\u00dfe bzw. z.T. eisige Fahrbahnen. Da war erst mal Zeitverlust angesagt. Wobei man schnell vertrauen bekommt, auf den geraden Strecken 80 zu fahren, da das Eis <a href=\"http:\/\/blog.inmontanis.info\/?p=1571\">[&#8230;]<\/a><\/p>\n","protected":false},"author":1,"featured_media":0,"comment_status":"open","ping_status":"closed","sticky":false,"template":"","format":"standard","meta":{"footnotes":""},"categories":[95,674,26,18,19,600],"tags":[38,91,45,47],"class_list":["post-1571","post","type-post","status-publish","format-standard","hentry","category-skanditour2011","category-gesundaberget","category-typeski","category-norwegennorway","category-schwedensweden","category-tyin","tag-dsb","tag-graffer","tag-see","tag-sl","odd"],"_links":{"self":[{"href":"http:\/\/blog.inmontanis.info\/index.php?rest_route=\/wp\/v2\/posts\/1571","targetHints":{"allow":["GET"]}}],"collection":[{"href":"http:\/\/blog.inmontanis.info\/index.php?rest_route=\/wp\/v2\/posts"}],"about":[{"href":"http:\/\/blog.inmontanis.info\/index.php?rest_route=\/wp\/v2\/types\/post"}],"author":[{"embeddable":true,"href":"http:\/\/blog.inmontanis.info\/index.php?rest_route=\/wp\/v2\/users\/1"}],"replies":[{"embeddable":true,"href":"http:\/\/blog.inmontanis.info\/index.php?rest_route=%2Fwp%2Fv2%2Fcomments&post=1571"}],"version-history":[{"count":2,"href":"http:\/\/blog.inmontanis.info\/index.php?rest_route=\/wp\/v2\/posts\/1571\/revisions"}],"predecessor-version":[{"id":1573,"href":"http:\/\/blog.inmontanis.info\/index.php?rest_route=\/wp\/v2\/posts\/1571\/revisions\/1573"}],"wp:attachment":[{"href":"http:\/\/blog.inmontanis.info\/index.php?rest_route=%2Fwp%2Fv2%2Fmedia&parent=1571"}],"wp:term":[{"taxonomy":"category","embeddable":true,"href":"http:\/\/blog.inmontanis.info\/index.php?rest_route=%2Fwp%2Fv2%2Fcategories&post=1571"},{"taxonomy":"post_tag","embeddable":true,"href":"http:\/\/blog.inmontanis.info\/index.php?rest_route=%2Fwp%2Fv2%2Ftags&post=1571"}],"curies":[{"name":"wp","href":"https:\/\/api.w.org\/{rel}","templated":true}]}}