{"id":1568,"date":"2011-03-28T22:54:52","date_gmt":"2011-03-28T20:54:52","guid":{"rendered":"http:\/\/blog.inmontanis.info\/?p=1568"},"modified":"2023-08-04T19:35:25","modified_gmt":"2023-08-04T17:35:25","slug":"voss-28-3-2011-der-letzte-esl-in-skandinavien","status":"publish","type":"post","link":"http:\/\/blog.inmontanis.info\/?p=1568","title":{"rendered":"Voss, 28.3.2011 \/ Der letzte ESL in Skandinavien"},"content":{"rendered":"<p><strong>5. Tag: Mo, 28.3.2011 &#8211; Voss<\/strong><\/p>\n<p>(Vorabend, auf dem Weg vom &#8220;gesperrten&#8221; Haukelifjell zur\u00fcck zu Haukeli)<\/p>\n<p>Erst mal ein Hotel angesteuert, 895,- EZ\/\u00dcF. Ok, f\u00fcr Norwegische Verh\u00e4ltnisse immer noch in der unteren Preisklasse aber mir zu teuer. Weiter &#8230; Touristheimen. War komplett eingeschneit, also nix ge\u00f6ffnet. Unweit daneben, Hytten, Rom. Geklingelt. Noh, wohl beides nur im Sommer. Dazwischen ein Motell, gerade noch offen gewesen &#8211; es war kurz vor 18 Uhr und um 18 Uhr schlie\u00dft die Kafeteria samt Motell-Rezeption!<\/p>\n<p>EZ mit \u00dcF kostet 690,- NOK (ca. 87,- \u20ac). Also bleib ich eben hier. Haupteingang ist ebenfalls abgesperrt, mit dem Zweitschl\u00fcssel am Schl\u00fcsselbund kommt man \u00fcber den Hintereingang \u00fcber einen (schmalen eisigen Pfad) zum Parkplatz. <\/p>\n<p><em>(Wie immer: Fotos anklicken zum Vergr\u00f6\u00dfern, wenn nicht vergr\u00f6\u00dfert gepostet)<\/em><\/p>\n<p><a href='http:\/\/extra.inmontanis.info\/d\/7542-3\/DSC01046.jpg'><img src=http:\/\/extra.inmontanis.info\/d\/7540-3\/DSC01046.jpg \/><\/a><br \/>\n^ Motellzimmer an der E134, zwischen Haukeli und Haukelifjell<\/p>\n<p><a href='http:\/\/extra.inmontanis.info\/d\/7546-3\/DSC01047.jpg'><img src=http:\/\/extra.inmontanis.info\/d\/7544-3\/DSC01047.jpg \/><\/a><br \/>\n^ Motellzimmer \/ Du-WC. Nicht nur in S\u00fcdeuropa, auch in Skandinavien h\u00e4ufig: Duschen ohne Duschtassen oder anderer Bodenabgrenzungen.<\/p>\n<p>Zimmer ist gro\u00df, auch ein gro\u00dfer Tisch mit bequemen (aber abgenutzten) Sesseln. Wenigstens gibt&#8217;s keine TVs im Zimmer, endlich &#8216;mal Ruhe! Wobei TV schauen in Norwegen ja ganz nett ist, weil die ja nix \u00fcbersetzen, so kam ich gestern zu britischen Comedians und einem amerikanischen Film mit norwegischen Untertiteln.<\/p>\n<p>Paar hundert Meter weiter gibt&#8217;s eine Esso-Tankstelle, und wie es sich f\u00fcr Norwegen geh\u00f6rt, ist ein Imbiss mit eingebaut. Hab ein Biffburger XL Men\u00fc (mit Pommes und 1\/2l Ger\u00e4nk) und Extra-Bacon um 119,- (15,- \u20ac) genommen.<\/p>\n<p><a href='http:\/\/extra.inmontanis.info\/d\/7666-2\/IMG_0186.jpg'><img src=http:\/\/extra.inmontanis.info\/d\/7664-3\/IMG_0186.jpg \/><\/a><br \/>\n^ Typisch Norwegen: Die Tanktellen sind zugleich Shops und Imbiss-Restaurant mit gro\u00dfer Auswahl an Hotdog, Hamburger, Chicken Wings, Pommes, &#8230;. (ich muss nicht erkl\u00e4ren, dass mir das 100x sympathischer als in Italien ist, oder? :) )<\/p>\n<p>Hatte ja heute Mittag nichts gegessen&#8230; Das Problem an Norwgen ist ja nicht, dass alles so teuer ist. Wenn ein z.B. Bulgare oder Rum\u00e4ne (um wieder dabei zu bleiben) nach AT oder DE kommt, hat er in etwa das gleiche Gef\u00fchl wie wir in Norwegen &#8211; alles gef\u00fchlt doppelt so teuer. Die Wahrheit liegt aber ja eher am Wechselkurs, denn das Verh\u00e4ltnis Lebenskosten vs. Gehaltsh\u00f6he d\u00fcrfte ja re-la-tiv \u00e4hnlich sein, zumindest aber wird der Unterschied nicht so krass sein wie man aufgrund der Wechselkurse den Anschein h\u00e4tte. Dass man in Norwegen z.B. umgerechnet in Euro doppelt so viel verdient, ist ja sch\u00f6n und gut, aber wenn alle Ausgaben doppelt so teuer sind, bleibt&#8217;s unterm Strich gleich und die Frage ist eher, wieso sind die NOK im Vgl. zum EUR so viel wert? Und wieso kann bspsw. 1 EUR nicht \u00fcberall gleich viel wert sein? Oder was h\u00e4tte das f\u00fcr Auswirkungen, wenn dem so w\u00e4re? <\/p>\n<p>Wetterprognosem\u00e4\u00dfig, was Voss und Narvik angeht, sollte ich morgen Abend bereits richtung Schweden fahren. DO+FR sollte es in Narvik wenigstens trocken bew\u00f6lkt sein, f\u00fcr SA-MO wird wieder andauernder Schneefall gemeldet :-(<\/p>\n<p>Ahhh, Kacke, wie konnte mir das denn passieren! Seh gerade, dass ich mir aufgeschrieben hab, dass R\u00f8ldal nur Di-So offen hat, d.h. morgen ist Montag und zu. Saubl\u00f6d. Hatte ich aber daheim schon ignoriert, R\u00f8ldal stand immer am Montag am Programm :-( Und Voss meldet morgen ja schlecht. Was mach ich dann hier in der Gegend&#8230; Haukeli sah mir vorhin nicht so interessant aus, wie ich erst gedacht h\u00e4tte..<\/p>\n<p>Irgendwo gibts hier ein kostenloses WLAN. Nicht sehr schnell, aber somit g\u00fcnstiger als via Mobiltel. Boah, diese Wetterberichte. Jeden Tag ein bi\u00dfchen was anderes. Nur das schlechte Wetter von Samstag &#8211; Dienstag bleibt \u00fcberall drin und wird immer weiter verl\u00e4ngert und breitet sich nun auch nach Schweden aus&#8230; Wobei, z.B. Narvik: Der norwegische yr.no (yr -> v\u00e6r -> Wetter) meldet Schneefall und null Sonne f\u00fcr n\u00e4chsten Samstag. Der deusche wetter.com dagegen leicht bew\u00f6lkt und null Schneefall. Ja mei, was soll man mit solchen Wetterprognosen anfangen?<\/p>\n<p>(Montag)<\/p>\n<p>Das Fr\u00fchst\u00fcck ist recht kurios &#8211; man nimmt sich einfach selbst alles aus einer gek\u00fchlten Vitrine raus, wobei die Sachen dort schon am Vortag reingestellt wurden. Man k\u00f6nnte sich also auch nachts bedienen :)<br \/>\nHei\u00dft aber auch, dass man sich den Kaffee oder Tee selbst machen m\u00fcsste. Wenn man einen mag. Kakaopulver gab&#8217;s wieder keins, also wieder nur O-Saft f\u00fcr mich. Und von den R\u00fchreiern vom Vortag, in der Mikrowelle warmgemacht, hab ich vorsichtshalber auch Abstand gehalten &#8230; Ansonsten war aber gen\u00fcgend Auswahl vorhanden. <\/p>\n<p>Hatte mich entschieden, doch nach Voss zu fahren. So gro\u00df ist das nicht, da reicht ein halber Tag. Vielleicht w\u00e4re es ja sinnvoller gewesen, gestern Abend noch \u00fcbers Haukelifjell zu fahren &#8211; heute Nacht ist nat\u00fcrlich wieder alles gefroren! Aber soweit hab ich gestern nat\u00fcrlich auch nicht gedacht.<\/p>\n<p>Stellenweise war&#8217;s schon ziemlich glatt, zumeist war&#8217;s griffig, bin aber doch nur 30-50 km\/h gefahren und hab mich von den spikebehafteten Norwegern \u00fcberholen lassen. Zeitverlust im Vgl. zu meinem Navi hatte ich keinen, da ich auf der restlichen Stra\u00dfe einiges aufholen konnte. Somit um 10:30 punktgenau die F\u00e4hre erwischt, 83,- NOK, Br\u00fccke wird lt. Schild im Jahr 2013 fertig. <\/p>\n<p><img src=http:\/\/extra.inmontanis.info\/d\/7550-2\/ge-20110328.jpg \/><br \/>\n^ Fahrstrecke 28.3. (rot, von unten Haukelifjell nach oben Borlo bzw. Borgund)<\/p>\n<p><a href='http:\/\/extra.inmontanis.info\/d\/7554-2\/DSC01053.jpg'><img src=http:\/\/extra.inmontanis.info\/d\/7552-3\/DSC01053.jpg \/><\/a><br \/>\n^ E134 auf dem Weg zum Haukelifjell. Noch etwas sonnig &#8230;<\/p>\n<p><a href='http:\/\/extra.inmontanis.info\/d\/7558-2\/DSC01055.jpg'><img src=http:\/\/extra.inmontanis.info\/d\/7556-3\/DSC01055.jpg \/><\/a><br \/>\n^ E134, Haukelifjell<\/p>\n<p><a href='http:\/\/extra.inmontanis.info\/d\/7562-2\/DSC01057.jpg'><img src=http:\/\/extra.inmontanis.info\/d\/7560-3\/DSC01057.jpg \/><\/a><br \/>\n^ E134, Haukelifjell. Stra\u00dfe ist leicht schneebedeckt&#8230;<\/p>\n<p><img src=http:\/\/extra.inmontanis.info\/d\/7566-2\/DSC01059.jpg \/><br \/>\n^ .. hier dagegen ziemlich blankes Eis, aber rauh genug, um einigerma\u00dfen griffig zu sein<\/p>\n<p><a href='http:\/\/extra.inmontanis.info\/d\/7570-2\/DSC01061.jpg'><img src=http:\/\/extra.inmontanis.info\/d\/7568-3\/DSC01061.jpg \/><\/a><br \/>\n^ E134, Haukelitunnelen<\/p>\n<p><a href='http:\/\/extra.inmontanis.info\/d\/7574-2\/DSC01062.jpg'><img src=http:\/\/extra.inmontanis.info\/d\/7572-3\/DSC01062.jpg \/><\/a><br \/>\n^ E134, Haukelifjell. Sogar die Lichter sind jetzt eingeschaltet.<\/p>\n<p><img src=http:\/\/extra.inmontanis.info\/d\/7578-2\/DSC01065.jpg \/><br \/>\n^ E134 bei R\u00f8ldal<\/p>\n<p><img src=http:\/\/extra.inmontanis.info\/d\/7582-2\/DSC01072.jpg \/><br \/>\n^ R\u00f8ldal, Montags leider geschlossen<\/p>\n<p><a href='http:\/\/extra.inmontanis.info\/d\/7586-2\/DSC01074.jpg'><img src=http:\/\/extra.inmontanis.info\/d\/7584-3\/DSC01074.jpg \/><\/a><br \/>\n^ Zwischen Haukelifjell und Odda<\/p>\n<p><img src=http:\/\/extra.inmontanis.info\/d\/7590-2\/DSC01083.jpg \/><br \/>\n^ Rv. 13, S\u00f8rfjord. Endlich wieder Wasser :)<\/p>\n<p><a href='http:\/\/extra.inmontanis.info\/d\/7594-2\/DSC01100.jpg'><img src=http:\/\/extra.inmontanis.info\/d\/7592-3\/DSC01100.jpg \/><\/a><br \/>\n^ Rv. 13, S\u00f8rfjord \/ Eidfjord<\/p>\n<p><a href='http:\/\/extra.inmontanis.info\/d\/7598-2\/DSC01116.jpg'><img src=http:\/\/extra.inmontanis.info\/d\/7596-3\/DSC01116.jpg \/><\/a><br \/>\n^ Rv. 13, Eidfjord, zur F\u00e4hre Brimnes-Bruravik<\/p>\n<p><a href='http:\/\/extra.inmontanis.info\/d\/7602-2\/DSC01125.jpg'><img src=http:\/\/extra.inmontanis.info\/d\/7600-3\/DSC01125.jpg \/><\/a><br \/>\n^ Auf der F\u00e4hre \u00fcber den Eidfjord \/ Blick in den Osafjord<\/p>\n<p><img src=http:\/\/extra.inmontanis.info\/d\/7606-2\/DSC01129.jpg \/><br \/>\n^ Derzeit wird eine Br\u00fccke gebaut, so dass der Rv.13 zwischen Brimnes und Bruravik \u00fcber den Eidfjord ohne F\u00e4hre befahren werden kann<\/p>\n<p><a href='http:\/\/extra.inmontanis.info\/d\/7610-2\/DSC01130.jpg'><img src=http:\/\/extra.inmontanis.info\/d\/7608-3\/DSC01130.jpg \/><\/a><br \/>\n^ Rv 13, F\u00e4hre Brimnes-Bruravik. Da der Tunnel am Rv. 13\/7 (links rum) gesperrt war, musste man \u00fcber den Rv (oder Fv) 572 (rechts rum) fahren<\/p>\n<p><a href='http:\/\/extra.inmontanis.info\/d\/7614-2\/DSC01139.jpg'><img src=http:\/\/extra.inmontanis.info\/d\/7612-3\/DSC01139.jpg \/><\/a><br \/>\n^ Rv\/Fv 572 bei Ulvik<\/p>\n<p><a href='http:\/\/extra.inmontanis.info\/d\/7618-2\/DSC01144.jpg'><img src=http:\/\/extra.inmontanis.info\/d\/7616-3\/DSC01144.jpg \/><\/a><br \/>\n^ Rv\/Fv 572 n\u00e4he Espeland<\/p>\n<p><img src=http:\/\/extra.inmontanis.info\/d\/7622-2\/DSC01149.jpg \/><br \/>\n^ Granvinvatnet, hier geht&#8217;s wieder auf den Rv 13<\/p>\n<p><a href='http:\/\/extra.inmontanis.info\/d\/7626-2\/DSC01155.jpg'><img src=http:\/\/extra.inmontanis.info\/d\/7624-3\/DSC01155.jpg \/><\/a><br \/>\n^ Rv 13 Granvin-Voss hat eine Maustation. Wof\u00fcr hat man hier Maut, keine Tunnel, keine Br\u00fccken .. ?!<\/p>\n<p><a href='http:\/\/ski.inmontanis.info\/d\/129695-2\/DSC01158.jpg'><img src=http:\/\/ski.inmontanis.info\/d\/129694-3\/DSC01158.jpg \/><\/a><br \/>\n^ Rv 13 vor Voss, auf dem H\u00fcgel dort vorn befindet sich das Skigebiet, PB von links, die 4KSB von rechts.<\/p>\n<p>.. und um kurz nach 12 Uhr war ich in Voss. Dort angekommen, eine b\u00f6se \u00dcberraschung: An der Anzeige klafft beim ESL ein roter Magnet!<\/p>\n<p><img src=http:\/\/ski.inmontanis.info\/d\/129699-2\/DSC01354.jpg \/><br \/>\n^ Pistenplan Skigebiet Voss, der ESL ist H1<\/p>\n<p><a href='http:\/\/ski.inmontanis.info\/d\/129707-2\/DSC01161.jpg'><img src=http:\/\/ski.inmontanis.info\/d\/129706-3\/DSC01161.jpg \/><\/a><br \/>\n^ Kasse und \u00d6ffnungsstatus. SL L war wohl nur vormittags in Betrieb, bei mir dann leider nicht mehr. Daf\u00fcr lief der ESL (H1 statt H2).<\/p>\n<p>Gleich an der Kasse gefragt: Ist das korrekt? Ja, aber man k\u00f6nne die Abfahrt ja auch so fahren. Ja ne is klar. Und: In 5 Minuten wird getauscht, da am SL gearbeitet wird. Jawoll, dann bleib ich!!<\/p>\n<p>Die Nachmittagskarte gilt erst ab 13 Uhr, die Tageskarte h\u00e4tte 340,- oder so gekostet, ich hatte mich f\u00fcr die 3h-Karte um 305,- (ca. 38,60 \u20ac) entschieden. Leider war der 2.-wichtigste Lift (der SL rechts oben) ab Mittag auch nicht mehr in Betrieb, wie auch viele andere nicht (die man aber f\u00fcr die Abfahrten nicht gebraucht hatte). Also somit nur die 4KSB, der ESL und der halbe Doppel-SL. Dazu ein eisiger, starker Wind (Tag Nr. 3) und dauernder, leichter Schneefall (ein bisschen im Gegensatz zum Wetterbericht), aber auch immer mal wieder ein klitzekleinwenig Sonne. <\/p>\n<p>Man kann die Abfahrten problemlos in einem halben Tag durchfahren. Von der Steilheit und L\u00e4nge her sind sie ganz nett, der alte ESL war zwar kurz (und vom skigebietstechnischen ist der SL weitaus sinnvoller, da weniger Fu\u00df\/Schiebeweg), aber sch\u00f6n rostig alt.<\/p>\n<p><a href='http:\/\/ski.inmontanis.info\/d\/129703-2\/ge-voss.jpg'><img src=http:\/\/ski.inmontanis.info\/d\/129702-3\/ge-voss.jpg \/><\/a><br \/>\n^ GPS-Track Voss, wei\u00df eingezeichnet ein paar weitere Lifte<\/p>\n<p><a href='http:\/\/ski.inmontanis.info\/d\/129711-2\/DSC01162.jpg'><img src=http:\/\/ski.inmontanis.info\/d\/129710-3\/DSC01162.jpg \/><\/a><br \/>\n^ 4KSB Bavallsekspressen, links daneben die stillgelegte Vorg\u00e4nger-vermutlich-DSB<\/p>\n<p><img src=http:\/\/ski.inmontanis.info\/d\/129715-2\/DSC01167.jpg \/><br \/>\n^ 4KSB und vorne ein kurzer SL, der im Pistenplan gar nicht eingezeichnet ist&#8230; Die Abfahrt im Vordergrund war ganz nett.<\/p>\n<p><a href='http:\/\/ski.inmontanis.info\/d\/129719-2\/DSC01174.jpg'><img src=http:\/\/ski.inmontanis.info\/d\/129718-3\/DSC01174.jpg \/><\/a><br \/>\n^ ESL Hangursheisen. Musste noch etwas warten, bis sie eingeschaltet wurde und war somit der erste Gast heute.<\/p>\n<p>Es gab ja eh nie sooo viel ESL und Korblifte in Skandinavien, aber meines Wissens ist das der letzte, der noch in Betrieb ist.<\/p>\n<p><img src=http:\/\/ski.inmontanis.info\/d\/129723-2\/DSC01181.jpg \/><br \/>\n^ PB-ESL<\/p>\n<p><img src=http:\/\/ski.inmontanis.info\/d\/129727-2\/DSC01182.jpg \/><br \/>\n^ ESL bei St\u00fctze 2<\/p>\n<p><a href='http:\/\/ski.inmontanis.info\/d\/129731-2\/DSC01185.jpg'><img src=http:\/\/ski.inmontanis.info\/d\/129730-3\/DSC01185.jpg \/><\/a><br \/>\n^ Mittlerer Teil des ESL<\/p>\n<p><a href='http:\/\/ski.inmontanis.info\/d\/129735-2\/DSC01187.jpg'><img src=http:\/\/ski.inmontanis.info\/d\/129734-3\/DSC01187.jpg \/><\/a><br \/>\n^ .. und dann ist man auch schon wieder oben angekommen<\/p>\n<p><a href='http:\/\/ski.inmontanis.info\/d\/129739-2\/DSC01190.jpg'><img src=http:\/\/ski.inmontanis.info\/d\/129738-3\/DSC01190.jpg \/><\/a><br \/>\n^ ESL Bergstation<\/p>\n<p><img src=http:\/\/ski.inmontanis.info\/d\/129743-2\/DSC01191.jpg \/><br \/>\n^ ESL Bergstation und Ausstieg<\/p>\n<p><img src=http:\/\/ski.inmontanis.info\/d\/129747-2\/DSC01197.jpg \/><br \/>\n^ ESL Bergstation<\/p>\n<p><a href='http:\/\/ski.inmontanis.info\/d\/129751-2\/DSC01194.jpg'><img src=http:\/\/ski.inmontanis.info\/d\/129750-3\/DSC01194.jpg \/><\/a><br \/>\n^ Letzte ESL-St\u00fctze vor der Bergstation<\/p>\n<p><a href='http:\/\/ski.inmontanis.info\/d\/129755-2\/DSC01192.jpg'><img src=http:\/\/ski.inmontanis.info\/d\/129754-3\/DSC01192.jpg \/><\/a><br \/>\n^ ESL und (leider sehr flache und kurze) Abfahrt<\/p>\n<p><img src=http:\/\/ski.inmontanis.info\/d\/129759-2\/DSC01205.jpg \/><br \/>\n^ Niederhalter an der Talstation<\/p>\n<p><a href='http:\/\/ski.inmontanis.info\/d\/129763-2\/DSC01212.jpg'><img src=http:\/\/ski.inmontanis.info\/d\/129762-3\/DSC01212.jpg \/><\/a><br \/>\n^ Formsch\u00f6ner ESL-Sessel :-) (Aber fast schon japanisch kurze R\u00fcckenlehne)<\/p>\n<p><a href='http:\/\/ski.inmontanis.info\/d\/129767-2\/DSC01219.jpg'><img src=http:\/\/ski.inmontanis.info\/d\/129766-3\/DSC01219.jpg \/><\/a><br \/>\n^ PB Hangursbanen<\/p>\n<p><img src=http:\/\/ski.inmontanis.info\/d\/129771-2\/DSC01224.jpg \/><br \/>\n^ PB und Vangsvatnen<\/p>\n<p><img src=http:\/\/ski.inmontanis.info\/d\/129775-2\/DSC01225.jpg \/><br \/>\n^ PB und Blick runter nach Voss<\/p>\n<p><a href='http:\/\/ski.inmontanis.info\/d\/129779-2\/DSC01218.jpg'><img src=http:\/\/ski.inmontanis.info\/d\/129778-3\/DSC01218.jpg \/><\/a><br \/>\n^ Die Blaue Kabine hei\u00dft Danglo &#8230;<\/p>\n<p><img src=http:\/\/ski.inmontanis.info\/d\/129783-2\/DSC01232.jpg \/><br \/>\n^ .. und die Rote PB-Kabine hei\u00dft Dinglo<\/p>\n<p><img src=http:\/\/ski.inmontanis.info\/d\/129787-2\/DSC01236.jpg \/><br \/>\n^ Bergstation PB (HDR)<\/p>\n<p><img src=http:\/\/ski.inmontanis.info\/d\/129791-2\/DSC01239.jpg \/><br \/>\n^ Vom ESL kommt man leider nicht soo gut ins Hauptskigebiet; Blick zum Doppel-SL Slettafjell (S) und SL Horgaletten (L), ganz hinten von links nach rechts<\/p>\n<p><a href='http:\/\/ski.inmontanis.info\/d\/129795-2\/DSC01244.jpg'><img src=http:\/\/ski.inmontanis.info\/d\/129794-3\/DSC01244.jpg \/><\/a><br \/>\n^ SL Horgaletten (L), um 13:20 bereits au\u00dfer Betrieb, leider.<\/p>\n<p><img src=http:\/\/ski.inmontanis.info\/d\/129799-2\/DSC01247.jpg \/><br \/>\n^ Auf der Abfahrt 21 mit Blick r\u00fcber zu DSB-4KSB<\/p>\n<p><img src=http:\/\/ski.inmontanis.info\/d\/130331-2\/DSC01268.jpg \/><br \/>\n^ DSB T<\/p>\n<p><a href='http:\/\/ski.inmontanis.info\/d\/129803-2\/DSC01250.jpg'><img src=http:\/\/ski.inmontanis.info\/d\/129802-3\/DSC01250.jpg \/><\/a><br \/>\n^ Abfahrt 19<\/p>\n<p><img src=http:\/\/ski.inmontanis.info\/d\/129807-2\/DSC01251.jpg \/><br \/>\n^ Blick von der Abfahrt 19 r\u00fcber zu den schwarzen Abfahrten 6 und 7 an der 4KSB; hier vorne entsteht ein neues H\u00fcttendorf<\/p>\n<p><a href='http:\/\/ski.inmontanis.info\/d\/129811-2\/DSC01252.jpg'><img src=http:\/\/ski.inmontanis.info\/d\/129810-3\/DSC01252.jpg \/><\/a><br \/>\n^ SL Slettafjell<\/p>\n<p><a href='http:\/\/ski.inmontanis.info\/d\/129815-2\/DSC01259.jpg'><img src=http:\/\/ski.inmontanis.info\/d\/129814-3\/DSC01259.jpg \/><\/a><br \/>\n^ Blick zum SL Horgaletten (L)<\/p>\n<p><a href='http:\/\/ski.inmontanis.info\/d\/129819-2\/DSC01262.jpg'><img src=http:\/\/ski.inmontanis.info\/d\/129818-3\/DSC01262.jpg \/><\/a><br \/>\n^ Pano am SL Slettafjell<\/p>\n<p><a href='http:\/\/ski.inmontanis.info\/d\/129823-2\/DSC01269.jpg'><img src=http:\/\/ski.inmontanis.info\/d\/129822-3\/DSC01269.jpg \/><\/a><br \/>\n^ 4KSB<\/p>\n<p>Wenn alles l\u00e4uft und man was sieht, sollte es m.E. schon interessanter als Norefjell sein, allerdings m\u00fcsste man am Norefjell mehr H\u00f6henmeter in einem St\u00fcck haben. <\/p>\n<p>Mit 10-Minuten Extra-Puffer (Skidata \u00fcblich) und dem SL als letzten Lift war ich dreieinviertel Stunden auf Skiern, oder anders gesagt, es war 15:25. Und da meinte die Kassiererin zu Beginn noch, ob ich nicht doch die Tageskarte kaufen m\u00f6chte, kostet ja nur 35,- mehr . Na wegen der halben Stunde, das h\u00e4tte sich nicht gelohnt.<\/p>\n<p>Wieder am Parkplatz ein kurzer Check im Internet, ob Gesundaberget endlich die \u00d6ffnungszeiten aktualisiert hat &#8211; ja, haben sie, und zwar in der f\u00fcr mich schlimmsten Weise. War das Skigebiet bisher unter der Woche t\u00e4glich ab 10 Uhr offen, haben sie diese Woche &#8230; nein, nicht komplett geschlossen, dann w\u00e4re die Entscheidung ja leicht gewwesen. Sie haben von Mo-Do von 15-20 Uhr offen. Insofern bl\u00f6d, weil ich morgen 2-3h in Tyin fahren wollte, dann nach Gesunda(berget), bzw. vorher \u00fcbernachten, \u00fcbermorgen 2-3h in Gesundaberget skifahren und dann einen langen halben Tag weiter in den Norden. Da Tyin aber auch erst um 10 Uhr aufmacht, und man gut 7-8h von Tyin nach Gesunda f\u00e4hrt, gibt&#8217;s f\u00fcr Morgen zwei M\u00f6glichkeiten:<\/p>\n<p>Entweder ganztags skifahren (daf\u00fcr ist mir Tyin zu klein, also evtl. nach Hemsedal oder Trysil oder whatever) oder gleich die 7-8h Fahrt und nachmittags in Gesunda skifahren. Da ich wetterm\u00e4\u00dfig am Freitag in Narvik sein m\u00f6chte, und man um 20 Uhr nicht mehr viel fahren kann und man von Gesunda aus lt Routenplaner gut und gern an die 18 Stunden bis Narvik braucht &#8230; werde ich also morgen gleich direkt nach Gesunda fahren. Auch wenns morgen Vormittag sicher besseres Wetter g\u00e4be als heute Nachmittag&#8230;.<\/p>\n<p>Wirklich deprimierend war dann allerdings der Blick in die Geldb\u00f6rse nach dem Tanken. Von den 1.200,- NOK (von 2006) und den 4.000,- NOK (vom Schiff abgehoben) waren nach den 3 N\u00e4chten und 3 Skitagen nur noch 500,- \u00fcbrig. Hei\u00dft ich hab fast 600,- Euro in 72 Stunden verbraten??? Au Backe. Ab sofort wird gespart&#8230;<\/p>\n<p>Erst mal an der Tankstelle nur ein K\u00e4se-Schinken-Wurst-Hotdog (Also Berner W\u00fcrstel) und ein Hamburger-Hotdog gegessen (ok, waren wohl auch zusammen um die 10,- Euro)<\/p>\n<p><a href='http:\/\/ski.inmontanis.info\/d\/129827-2\/DSC01272.jpg'><img src=http:\/\/ski.inmontanis.info\/d\/129826-3\/DSC01272.jpg \/><\/a><br \/>\n^ Nicht weit von Voss, bei Oppheim ..<\/p>\n<p><a href='http:\/\/ski.inmontanis.info\/d\/129831-2\/DSC01273.jpg'><img src=http:\/\/ski.inmontanis.info\/d\/129830-3\/DSC01273.jpg \/><\/a><br \/>\n^ .. gibt&#8217;s ein kleines Skigebiet, das in meiner Aufstellung fehlte ..<\/p>\n<p><img src=http:\/\/ski.inmontanis.info\/d\/129835-2\/DSC01276.jpg \/><br \/>\n^ .. und aus einer M\u00fcller-DSB besteht<\/p>\n<p>Auf dem Weg bin ich durch den 24,5 km lange Laerdal-Tunnel gekommen (nachdem man vorher 11+5 km weitere Tunnel f\u00e4hrt). Um die 20 Minuen braucht man da durch. Schon heftig lang. Es gibt 3 blaue Zwischenhallen, wo man sozusagen meint, man w\u00fcrde mal kurz an die Luft kommen, somit kommt&#8217;s einem wieder gar nicht so lang vor. Und erst recht nicht, wenn man haufenweise Fotos und Filme w\u00e4hren der Fahrt macht :)<\/p>\n<p><a href='http:\/\/extra.inmontanis.info\/d\/7630-2\/DSC01300_001.jpg'><img src=http:\/\/extra.inmontanis.info\/d\/7628-3\/DSC01300_001.jpg \/><\/a><br \/>\n^ Start zum 24,5 km langen L\u00e6rdalstunnelen, Durchfahrtszeit ca. 19 Minuten.<\/p>\n<p><a href='http:\/\/extra.inmontanis.info\/d\/7634-2\/DSC01303.jpg'><img src=http:\/\/extra.inmontanis.info\/d\/7632-3\/DSC01303.jpg \/><\/a><br \/>\n^ L\u00e6rdalstunnelen<\/p>\n<p><a href='http:\/\/extra.inmontanis.info\/d\/7638-2\/DSC01312.jpg'><img src=http:\/\/extra.inmontanis.info\/d\/7636-3\/DSC01312.jpg \/><\/a><br \/>\n^ Der L\u00e6rdalstunnel hat 3 blaue Buchten &#8230;<\/p>\n<p><img src=http:\/\/extra.inmontanis.info\/d\/7642-2\/DSC01313_001.jpg \/><br \/>\n^ .. durch die blaue Beleuchtung hat man das Gef\u00fchl, man w\u00fcrde kurz aus dem Tunnel raus  &#8230;<\/p>\n<p><img src=http:\/\/extra.inmontanis.info\/d\/7646-2\/DSC01314.jpg \/><br \/>\n^ .. und wieder rein fahren.<\/p>\n<p><a href='http:\/\/extra.inmontanis.info\/d\/7650-2\/DSC01318.jpg'><img src=http:\/\/extra.inmontanis.info\/d\/7648-3\/DSC01318.jpg \/><\/a><br \/>\n^ Im L\u00e6rdalstunnel<\/p>\n<p><a href='http:\/\/extra.inmontanis.info\/d\/7654-2\/DSC01347.jpg'><img src=http:\/\/extra.inmontanis.info\/d\/7652-3\/DSC01347.jpg \/><\/a><br \/>\n^ Auf der E16 durch L\u00e6rdalen<\/p>\n<p>Zum Thema &#8220;Sparen&#8221; hab in einem &#8220;Touristheimen&#8221; bzw. &#8220;Vandrerhjem&#8221; \u00fcbernachtet. Oder auch Hostel genannt. 375,- NOK, also ca. 47,50 \u20ac, f\u00fcr die Einzelbelegung im 4er Zimmer. Fr\u00fchst\u00fcck inklusive (war wohl der einzige Gast, insofern Hut ab f\u00fcr das ganze), Bettw\u00e4sche exklusive, Schlafsack geht OK. (Es lag ein Prospekt \u00fcber norwegische Hostel aus, da stand (allgemein gesagt), dass Schlafs\u00e4cke anstatt Bettw\u00e4sche nicht erlaubt w\u00e4ren?? Aus was f\u00fcr einen Grund bitte? Nun, die Vermieterin hier hat wohl nichts gegen Schlafs\u00e4cke gehabt.)<\/p>\n<p>Da au\u00dferdem anscheinend kein weiterer Gast hier ist, hab ich die Etagen-WC\/Duschen wohl f\u00fcr mich alleine. Prinzipiell also \u00e4hnliche Thematik wie auf einem Campingplatz, nur ist hier das Fr\u00fchst\u00fcck dabei und somit ein bissl g\u00fcnstiger als Einzelperson, da die H\u00fctten auf Campingpl\u00e4tzen m.W. nach St\u00fcck, nicht nach Personen bezahlt werden. (Wobei es auch H\u00fctten gibt, die Du+WC drin haben, aber ich glaub nicht immer?!)<\/p>\n<p><a href='http:\/\/extra.inmontanis.info\/d\/7658-2\/DSC01352.jpg'><img src=http:\/\/extra.inmontanis.info\/d\/7656-3\/DSC01352.jpg \/><\/a><br \/>\n^ Zimmer im Borlaug Vandrerhjem<\/p>\n<p><a href='http:\/\/extra.inmontanis.info\/d\/7662-2\/DSC01353.jpg'><img src=http:\/\/extra.inmontanis.info\/d\/7660-3\/DSC01353.jpg \/><\/a><br \/>\n^ Borlaug Vandrerhjem. Das Zimmer f\u00fcr 1 Person kostet (nur) 375,- NOK.<\/p>\n<p>Fr\u00fchst\u00fcck ist um 8 Uhr, reichhaltiges und \u00e4hnliches Buffet wie die letzten Tage, laut Navi brauch ich f\u00fcr die 503 km nach Gesunda etwas \u00fcber 8 Stunden, da kann ich nur hoffen, dass ich eher ein paar Minuten gut mache anstatt zu verlieren, weil ich ja dort erst noch ein Zimmer klar machen muss, bevor ich abendskifahren kann. Und wehe die Graffer-DSB ist dann nicht in Betrieb&#8230;<\/p>\n","protected":false},"excerpt":{"rendered":"<p>5. Tag: Mo, 28.3.2011 &#8211; Voss<\/p>\n<p>(Vorabend, auf dem Weg vom &#8220;gesperrten&#8221; Haukelifjell zur\u00fcck zu Haukeli)<\/p>\n<p>Erst mal ein Hotel angesteuert, 895,- EZ\/\u00dcF. Ok, f\u00fcr Norwegische Verh\u00e4ltnisse immer noch in der unteren Preisklasse aber mir zu teuer. Weiter &#8230; Touristheimen. War komplett eingeschneit, also nix ge\u00f6ffnet. Unweit daneben, Hytten, Rom. Geklingelt. Noh, wohl beides nur <a href=\"http:\/\/blog.inmontanis.info\/?p=1568\">[&#8230;]<\/a><\/p>\n","protected":false},"author":1,"featured_media":0,"comment_status":"open","ping_status":"closed","sticky":false,"template":"","format":"standard","meta":{"footnotes":""},"categories":[95,18,59,27,567],"tags":[49,35,52,45,47],"class_list":["post-1568","post","type-post","status-publish","format-standard","hentry","category-skanditour2011","category-norwegennorway","category-nostalgie","category-skifahren-winterskiing-winter","category-voss","tag-4sb","tag-esl","tag-pb","tag-see","tag-sl","odd"],"_links":{"self":[{"href":"http:\/\/blog.inmontanis.info\/index.php?rest_route=\/wp\/v2\/posts\/1568","targetHints":{"allow":["GET"]}}],"collection":[{"href":"http:\/\/blog.inmontanis.info\/index.php?rest_route=\/wp\/v2\/posts"}],"about":[{"href":"http:\/\/blog.inmontanis.info\/index.php?rest_route=\/wp\/v2\/types\/post"}],"author":[{"embeddable":true,"href":"http:\/\/blog.inmontanis.info\/index.php?rest_route=\/wp\/v2\/users\/1"}],"replies":[{"embeddable":true,"href":"http:\/\/blog.inmontanis.info\/index.php?rest_route=%2Fwp%2Fv2%2Fcomments&post=1568"}],"version-history":[{"count":2,"href":"http:\/\/blog.inmontanis.info\/index.php?rest_route=\/wp\/v2\/posts\/1568\/revisions"}],"predecessor-version":[{"id":1570,"href":"http:\/\/blog.inmontanis.info\/index.php?rest_route=\/wp\/v2\/posts\/1568\/revisions\/1570"}],"wp:attachment":[{"href":"http:\/\/blog.inmontanis.info\/index.php?rest_route=%2Fwp%2Fv2%2Fmedia&parent=1568"}],"wp:term":[{"taxonomy":"category","embeddable":true,"href":"http:\/\/blog.inmontanis.info\/index.php?rest_route=%2Fwp%2Fv2%2Fcategories&post=1568"},{"taxonomy":"post_tag","embeddable":true,"href":"http:\/\/blog.inmontanis.info\/index.php?rest_route=%2Fwp%2Fv2%2Ftags&post=1568"}],"curies":[{"name":"wp","href":"https:\/\/api.w.org\/{rel}","templated":true}]}}