{"id":1561,"date":"2011-03-26T22:45:06","date_gmt":"2011-03-26T21:45:06","guid":{"rendered":"http:\/\/blog.inmontanis.info\/?p=1561"},"modified":"2023-08-04T19:49:49","modified_gmt":"2023-08-04T17:49:49","slug":"norefjell-26-3-2011","status":"publish","type":"post","link":"http:\/\/blog.inmontanis.info\/?p=1561","title":{"rendered":"Norefjell, 26.3.2011"},"content":{"rendered":"<p><strong>3. Tag: Sa, 26.3.2011 &#8211; Norefjell<\/strong><\/p>\n<p>Zum ersten Mal hatte ich heute ein Fr\u00fchst\u00fcck in Norwegen. Auf dem Beleg gesehen, dass es mit 75,- NOK extra angegeben wurde (obwohl ich keine Wahl ja\/nein hatte). Bestand aus 3 Scheiben Schinken, 3 Scheiben K\u00e4se, Ei, Gurken, 4-5 verschiedene Brotst\u00fccke, Butter, 2 Marmeladen, Leberwurst- und Makrelen-Aufstrich, Kaviart\u00fcbchen &#8230; hab zwar nicht alles gegessen, aber satt wurde ich.<\/p>\n<p>Auf zum Norefjell. Eins der teuersten Skigebiete in Norwegen, aber warum eigentlich? Tageskarte kostete 360,- NOK, also ca. 45,60 \u20ac. Ich muss verr\u00fcckt sein, so viel f\u00fcr dieses Skigebiet zu zahlen :-) Wird voraussichtlich auch das teuerste in diesem Urlaub sein.<\/p>\n<p>In Summe recht \u00fcberschaubar, oben sehr wenig Schnee, so dass ein paar Abfahrten gesperrt waren. Der linke Teil war langweiliger als angenommen, die Abfahrten an der 4KSB modelliert (und relativ eisig) &#8230; in Summe war&#8217;s OK, wenn man will, kann man 4 Sektionen SL mit insg 3.8? km L\u00e4nge fahren, der obere SL ist ja auch ganz nett und das Pano passt auch. Aber f\u00fcr den Preis w\u00fcrd ich&#8217;s mir kein 2. Mal antun.<\/p>\n<p>Fotos, anklicken zum Vergr\u00f6\u00dfern, soweit nicht vergr\u00f6\u00dfert gepostet:<\/p>\n<p><img src=http:\/\/ski.inmontanis.info\/d\/129389-3\/DSC05766.jpg \/><br \/>\n^ Pistenplan<\/p>\n<p><a href='http:\/\/ski.inmontanis.info\/d\/129393-3\/DSC00894.jpg'><img src=http:\/\/ski.inmontanis.info\/d\/129392-4\/DSC00894.jpg \/><\/a><br \/>\n^ Vor Norefjell (hinten zu sehen)<\/p>\n<p><a href='http:\/\/ski.inmontanis.info\/d\/129397-3\/ge_norefjell.jpg'><img src=http:\/\/ski.inmontanis.info\/d\/129396-4\/ge_norefjell.jpg \/><\/a><br \/>\n^ GPS-Track<\/p>\n<p><a href='http:\/\/ski.inmontanis.info\/d\/129401-3\/DSC00895.jpg'><img src=http:\/\/ski.inmontanis.info\/d\/129400-4\/DSC00895.jpg \/><\/a><br \/>\n^ Parkplatz an der 4KSB und Talabfahrten<\/p>\n<p><img src=http:\/\/ski.inmontanis.info\/d\/129405-3\/DSC00897.jpg \/><br \/>\n^ 4KSB Norefjellheisen nahe Bergstation<\/p>\n<p><a href='http:\/\/ski.inmontanis.info\/d\/129409-3\/DSC00899.jpg'><img src=http:\/\/ski.inmontanis.info\/d\/129408-4\/DSC00899.jpg \/><\/a><br \/>\n^ SL Fjellheisen<\/p>\n<p><a href='http:\/\/ski.inmontanis.info\/d\/129413-3\/DSC00900.jpg'><img src=http:\/\/ski.inmontanis.info\/d\/129412-4\/DSC00900.jpg \/><\/a><br \/>\n^ DSBs Nedre und \u00d8vre stolheis (nicht sehr einfallsreiche Namen :-) )<\/p>\n<p><a href='http:\/\/ski.inmontanis.info\/d\/129417-3\/DSC00903.jpg'><img src=http:\/\/ski.inmontanis.info\/d\/129416-4\/DSC00903.jpg \/><\/a><br \/>\n^ Gipfel-SL Ravn\u00e5s<\/p>\n<p><img src=http:\/\/ski.inmontanis.info\/d\/129421-3\/DSC00907.jpg \/><br \/>\n^ Gipfel-SL Ravn\u00e5s<\/p>\n<p><img src=http:\/\/ski.inmontanis.info\/d\/129425-3\/DSC00908.jpg \/><br \/>\n^ Pano an der Bergstation des Gipfel-SL Ravn\u00e5s<\/p>\n<p><a href='http:\/\/ski.inmontanis.info\/d\/129429-3\/DSC00913.jpg'><img src=http:\/\/ski.inmontanis.info\/d\/129428-4\/DSC00913.jpg \/><\/a><br \/>\n^ SL Ravn\u00e5s Pano<\/p>\n<p><img src=http:\/\/ski.inmontanis.info\/d\/129433-3\/DSC00929.jpg \/><br \/>\n^ Gipfel-Pano<\/p>\n<p><img src=http:\/\/ski.inmontanis.info\/d\/129437-3\/DSC00930.jpg \/><br \/>\n^ Gipfel-Pano<\/p>\n<p><img src=http:\/\/ski.inmontanis.info\/d\/129441-3\/DSC00914-16.jpg \/><br \/>\n^ R\u00fcckseiten-Pano<\/p>\n<p><a href='http:\/\/ski.inmontanis.info\/d\/129445-3\/DSC00922.jpg'><img src=http:\/\/ski.inmontanis.info\/d\/129444-3\/DSC00922.jpg \/><\/a><br \/>\n^ Leichter Zoom zum Gaustatoppen<\/p>\n<p><img src=http:\/\/ski.inmontanis.info\/d\/129449-3\/P1600265-.jpg \/><br \/>\n^ IR-Zoom Gaustatoppen<\/p>\n<p><a href='http:\/\/ski.inmontanis.info\/d\/129453-3\/DSC00933.jpg'><img src=http:\/\/ski.inmontanis.info\/d\/129452-3\/DSC00933.jpg \/><\/a><br \/>\n^ SL B\u00f8seter (J) auf der linken Seite<\/p>\n<p><a href='http:\/\/ski.inmontanis.info\/d\/129457-3\/DSC00934.jpg'><img src=http:\/\/ski.inmontanis.info\/d\/129456-3\/DSC00934.jpg \/><\/a><br \/>\n^ Abfahrt 22 am SL B\u00f8seter<\/p>\n<p><img src=http:\/\/ski.inmontanis.info\/d\/129461-3\/DSC00935.jpg \/><br \/>\n^ DSB \u00d8vre Stolheis<\/p>\n<p><img src=http:\/\/ski.inmontanis.info\/d\/129465-3\/DSC00938.jpg \/><br \/>\n^ DSB Nedre stolheis<\/p>\n<p><img src=http:\/\/ski.inmontanis.info\/d\/129469-3\/DSC00942.jpg \/><br \/>\n^ Talabfahrt, ziemlich voll<\/p>\n<p><a href='http:\/\/ski.inmontanis.info\/d\/129473-3\/DSC00943.jpg'><img src=http:\/\/ski.inmontanis.info\/d\/129472-3\/DSC00943.jpg \/><\/a><br \/>\n^ Ex-Talabfahrt (im Plan nicht mehr eingezeichnet!)<\/p>\n<p><a href='http:\/\/ski.inmontanis.info\/d\/129477-3\/DSC00944.jpg'><img src=http:\/\/ski.inmontanis.info\/d\/129476-3\/DSC00944.jpg \/><\/a><br \/>\n^ Ex-Talabfahrt<\/p>\n<p><a href='http:\/\/ski.inmontanis.info\/d\/129487-3\/DSC00945.jpg'><img src=http:\/\/ski.inmontanis.info\/d\/129485-3\/DSC00945.jpg \/><\/a><br \/>\n^ SL Vinkel<\/p>\n<p><a href='http:\/\/ski.inmontanis.info\/d\/129482-3\/DSC00947.jpg'><img src=http:\/\/ski.inmontanis.info\/d\/129481-3\/DSC00947.jpg \/><\/a><br \/>\n^ 1952 waren hier die olympischen Winterspiele zu Gast<\/p>\n<p>Um 15:00 war ich mit allem durch und hab&#8217;s gelassen, oben war ein eiskalter Wind und unten war ja alles so eisig und machte mich auf den Weg zu meinem morgigen Ziel &#8230;<\/p>\n<p>Bedenkt au\u00dferdem, dass Norefjell eins der Top-Gebiete in Skandinavien ist: 1000 H\u00f6henmeter und die l\u00e4ngste Abfahrt ist ca. 6.5-7km lang. In der Liga spielen vielleicht 1% aller skandinavischen Skigebiete&#8230;.<\/p>\n<p>Der 1.5km lange Gipfel-SL ist schon nett, und wenn&#8217;s Schnee hat, kann man da sicher einiges an Spa\u00df haben.<\/p>\n","protected":false},"excerpt":{"rendered":"<p>3. Tag: Sa, 26.3.2011 &#8211; Norefjell<\/p>\n<p>Zum ersten Mal hatte ich heute ein Fr\u00fchst\u00fcck in Norwegen. Auf dem Beleg gesehen, dass es mit 75,- NOK extra angegeben wurde (obwohl ich keine Wahl ja\/nein hatte). Bestand aus 3 Scheiben Schinken, 3 Scheiben K\u00e4se, Ei, Gurken, 4-5 verschiedene Brotst\u00fccke, Butter, 2 Marmeladen, Leberwurst- und Makrelen-Aufstrich, Kaviart\u00fcbchen &#8230; <a href=\"http:\/\/blog.inmontanis.info\/?p=1561\">[&#8230;]<\/a><\/p>\n","protected":false},"author":1,"featured_media":0,"comment_status":"open","ping_status":"closed","sticky":false,"template":"","format":"standard","meta":{"footnotes":""},"categories":[95,581,18,27],"tags":[49,38,47],"class_list":["post-1561","post","type-post","status-publish","format-standard","hentry","category-skanditour2011","category-norefjell","category-norwegennorway","category-skifahren-winterskiing-winter","tag-4sb","tag-dsb","tag-sl","odd"],"_links":{"self":[{"href":"http:\/\/blog.inmontanis.info\/index.php?rest_route=\/wp\/v2\/posts\/1561","targetHints":{"allow":["GET"]}}],"collection":[{"href":"http:\/\/blog.inmontanis.info\/index.php?rest_route=\/wp\/v2\/posts"}],"about":[{"href":"http:\/\/blog.inmontanis.info\/index.php?rest_route=\/wp\/v2\/types\/post"}],"author":[{"embeddable":true,"href":"http:\/\/blog.inmontanis.info\/index.php?rest_route=\/wp\/v2\/users\/1"}],"replies":[{"embeddable":true,"href":"http:\/\/blog.inmontanis.info\/index.php?rest_route=%2Fwp%2Fv2%2Fcomments&post=1561"}],"version-history":[{"count":3,"href":"http:\/\/blog.inmontanis.info\/index.php?rest_route=\/wp\/v2\/posts\/1561\/revisions"}],"predecessor-version":[{"id":1567,"href":"http:\/\/blog.inmontanis.info\/index.php?rest_route=\/wp\/v2\/posts\/1561\/revisions\/1567"}],"wp:attachment":[{"href":"http:\/\/blog.inmontanis.info\/index.php?rest_route=%2Fwp%2Fv2%2Fmedia&parent=1561"}],"wp:term":[{"taxonomy":"category","embeddable":true,"href":"http:\/\/blog.inmontanis.info\/index.php?rest_route=%2Fwp%2Fv2%2Fcategories&post=1561"},{"taxonomy":"post_tag","embeddable":true,"href":"http:\/\/blog.inmontanis.info\/index.php?rest_route=%2Fwp%2Fv2%2Ftags&post=1561"}],"curies":[{"name":"wp","href":"https:\/\/api.w.org\/{rel}","templated":true}]}}