{"id":1549,"date":"2011-03-23T23:00:39","date_gmt":"2011-03-23T22:00:39","guid":{"rendered":"http:\/\/blog.inmontanis.info\/?p=1549"},"modified":"2011-05-12T19:32:22","modified_gmt":"2011-05-12T17:32:22","slug":"1549","status":"publish","type":"post","link":"http:\/\/blog.inmontanis.info\/?p=1549","title":{"rendered":"Best of Skanditour 03-04 \/ 2011"},"content":{"rendered":"<p>Im M\u00e4rz \/ April war ich 20 Tage in Skandinavien unterwegs (Norwegen, Schweden und 2 Tage Finnland), und bis ich die ganzen Tourberichte fertig hab, gibt&#8217;s ausnahmsweise schon mal einen \u00dcberblick und eine Hand voll &#8220;best-of&#8221; &#8211; Fotos.<!--more--><\/p>\n<p>Die Reise war doch ziemlich grenzwertig. Grenzwertig, was das Wetter anbelangt, grenzwertig, was die Kosten anbelangt, grenzwertig, was die Fahrerei anbelangt.<\/p>\n<p>Skigebietsm\u00e4\u00dfig betrachtet war die Reise auch nicht sonderlich interessant, da ich viel, das ich fahren wollte, auslassen musste, und die Mehrheit der Gebiete einfach langweilig ist. Skifahrerisch die weite Reise und das viele Geld wert ist m.E. tats\u00e4chlich nur Narvik, und vmtl. die anderen Skigebiete mit Fjordpano bei Sonnenschein, von beiden hatte ich leider viel zu wenig.<\/p>\n<p>F\u00fcr den gesamten Bereich s\u00fcdlich von Trondheim ist als Reisezeit Anfang April wohl zu sp\u00e4t, zumindet wenn es so einen nassen W\u00e4rmeeinbruch gibt. Wobei man bei den Fjordgebieten glaub ich immer Probleme haben kann, 2 Tage Regen und der Schnee ist weg, eine Woche sp\u00e4ter wieder 2 Tage Schnee und der Skibetrieb geht wieder.<\/p>\n<p>Was das Polarlicht angeht: Auch hier ist Anfang April bereits grenzwertig sp\u00e4t, zumindest wenn es nur geringe Aktivit\u00e4ten gibt und man folglich weit in den Norden muss (Troms\u00f6\/Alta), und hier hatte ich das Gef\u00fchl, dass selbst um 0 Uhr MESZ der Himmel nicht mehr stockduster ist, in nordwestlicher Richtung fand ich ihn heller als in den anderen Richtungen. (Und es d\u00fcrfte so ziemlich Neumond gewesen sein.) D.h. Anfang April hat man erst so ab 23 Uhr gute Aussichten. Aber wenn&#8217;s dann los geht, ist das schon ziemlich spektakul\u00e4r, vor allem wenn es direkt \u00fcber einen rein&#8221;regnet&#8221;.<\/p>\n<p>Dass es teuer wird, war mir klar bzw. hatte ich ja im Vorhinein schon gemerkt. Wenn aber dann in den ersten 3 Tagen 500-600 \u20ac weg sind, schluckt man doch. Skip\u00e4sse kosten 35-45 \u20ac, \u00dcbernachtungen meist um die 80-100,- \u20ac (paar mal hab ich auch g\u00fcnstiger gen\u00e4chtigt), 160g-Hamburger-Men\u00fc mit Pommes und 0,5er Cola 15-20,- \u20ac .. zumindest in Norwegen, Schweden ist etwas g\u00fcnstiger und Finnland auch (wobei man sich auch in Finnland schwerer tut, ein Einzelzimmer unter 80,- als eins \u00fcber 100,- zu finden.) \u00dcbernachtungspreise jeweils mit Fr\u00fchst\u00fcck, ohne Abendessen. In Summe knapp 3.000,- \u20ac &#8211; echt heftig. Zum Gl\u00fcck war mein Bausparer gerade f\u00e4llig, sonst w\u00e4re ich im Minus gelandet&#8230;<\/p>\n<p>Prinzipiell war dort oben noch ziemlich Winter, insbesondere die erste Woche und weiter im Norden, auch da es dort vorher noch einiges geschneit hat. Wobei die vielen Schneefahrbahnen in wenigen Tagen getaut waren, ab dem Tag nach dem Nordlicht hatte ich kaum mehr Schnee auf der Stra\u00dfe. Dennoch bin ich wohl noch nie so lang und so viel schneebedeckte Stra\u00dfen gefahren, was im \u00fcbrigen komplett unproblematisch ist. Ketten hab ich keine gebraucht, am unangenehmsten war dicker Schneematsch.<\/p>\n<p>10.000km mit dem Auto in 20 Tagen zu fahren ist einerseits entspannend (wenn man zig kilometer mit 80 oder 90 km\/h im Tempomat fahren kann), kann aber auch extrem erm\u00fcdend und anstrengend sein, insbesondere in dem d\u00fcnn besiedelten, flachen Lappland k\u00e4mpft man bereits nach 1 Stunde &#8230;.<\/p>\n<p>Ein kleiner statistischer \u00dcberblick:<\/p>\n<p>Nicht-Skitage: 7<br \/>\nSkitage: 13<br \/>\nSkigebiete: 18<\/p>\n<p>Autostrecke: ca. 11.000 km (Navi sagt 10.524, ist aber ein paar mal abgest\u00fcrzt, Auto sagt ca. 11.400, k\u00f6nnte aber ungenauer sein)<\/p>\n<p>F\u00e4hren: 4<\/p>\n<p>ca. 3.700 Fotos und Filme<\/p>\n<p>Lifte:<\/p>\n<p>GUB: 1 (DM)<br \/>\n6EUB: 1 (DM)<br \/>\n6KSB: 4 (Leitner, DM)<br \/>\n4KSB: 5 (DM, Leitner, Poma)<br \/>\n4SB: 3 (LST, DM?)<br \/>\nDSB: 5 (DM, GMD, ?)<br \/>\nESL: 1<br \/>\n2SL: ca. 57 (?, WSO, GMD?, DM, vonRoll, Graffer, Leitner?)<br \/>\nTSL: ca. 16 (?, Stemag, LST, Graffer, DM)<br \/>\nKSSL: 5<br \/>\nSSL: 3<\/p>\n<p>Jammerei oben hin oder her, nat\u00fcrlich gab es haufenweise interessante Eindr\u00fccke und gen\u00fcgend tolle Fotos, hier eine kommentarlose Auswahl der besten, die Detailberichte folgen dann in den n\u00e4chsten Wochen. An den besten Fotos werde ich mich halten und die Tour sp\u00e4testens ab n\u00e4chstem Jahr als vollen Erfolg verbuchen :-)<\/p>\n<p>\u00dcbrigens, Luftlinie Innsbruck &#8211; Alta (der h\u00f6chste Punkt meiner Reise) sind 2.600 km. Dazu im Vergleich Hamburg-Sizilien sind 1.800 km, oder ca. die H\u00e4lfte: Innsbruck-Athen 1.400km.<\/p>\n<p><img src=http:\/\/extra.inmontanis.info\/d\/6934-2\/skanditour2011d.jpg \/><\/p>\n<p><img src=http:\/\/extra.inmontanis.info\/d\/6938-2\/skanditour2011c.jpg \/><\/p>\n<p><img src=http:\/\/extra.inmontanis.info\/d\/6942-2\/DSC00668.jpg \/><\/p>\n<p><img src=http:\/\/extra.inmontanis.info\/d\/6946-2\/DSC00835.jpg \/><\/p>\n<p><img src=http:\/\/extra.inmontanis.info\/d\/6950-2\/DSC00875.jpg \/><\/p>\n<p><img src=http:\/\/extra.inmontanis.info\/d\/6954-2\/DSC00888.jpg \/><\/p>\n<p><img src=http:\/\/extra.inmontanis.info\/d\/6958-2\/DSC00908.jpg \/><\/p>\n<p><img src=http:\/\/extra.inmontanis.info\/d\/6962-2\/DSC01000.jpg \/><\/p>\n<p><img src=http:\/\/extra.inmontanis.info\/d\/6966-2\/DSC01190.jpg \/><\/p>\n<p><img src=http:\/\/extra.inmontanis.info\/d\/6970-2\/DSC01251.jpg \/><\/p>\n<p><img src=http:\/\/extra.inmontanis.info\/d\/6974-2\/DSC01300.jpg \/><\/p>\n<p><img src=http:\/\/extra.inmontanis.info\/d\/6978-2\/DSC01313.jpg \/><\/p>\n<p><img src=http:\/\/extra.inmontanis.info\/d\/6982-2\/DSC01370.jpg \/><\/p>\n<p><img src=http:\/\/extra.inmontanis.info\/d\/6986-2\/DSC01419.jpg \/><\/p>\n<p><img src=http:\/\/extra.inmontanis.info\/d\/6990-2\/DSC01506.jpg \/><\/p>\n<p><img src=http:\/\/extra.inmontanis.info\/d\/6994-2\/DSC01539.jpg \/><\/p>\n<p><img src=http:\/\/extra.inmontanis.info\/d\/6998-2\/DSC01550.jpg \/><\/p>\n<p><img src=http:\/\/extra.inmontanis.info\/d\/7002-2\/DSC01563.jpg \/><\/p>\n<p><img src=http:\/\/extra.inmontanis.info\/d\/7006-2\/DSC01610.jpg \/><\/p>\n<p><img src=http:\/\/extra.inmontanis.info\/d\/7010-2\/DSC01625.jpg \/><\/p>\n<p><img src=http:\/\/extra.inmontanis.info\/d\/7014-2\/DSC01814.jpg \/><\/p>\n<p><img src=http:\/\/extra.inmontanis.info\/d\/7018-2\/DSC01816.jpg \/><\/p>\n<p><img src=http:\/\/extra.inmontanis.info\/d\/7022-2\/DSC01846.jpg \/><\/p>\n<p><img src=http:\/\/extra.inmontanis.info\/d\/7026-2\/DSC01899.jpg \/><\/p>\n<p><img src=http:\/\/extra.inmontanis.info\/d\/7030-2\/DSC01976.jpg \/><\/p>\n<p><img src=http:\/\/extra.inmontanis.info\/d\/7034-2\/DSC01986.jpg \/><\/p>\n<p><img src=http:\/\/extra.inmontanis.info\/d\/7038-2\/DSC01999.jpg \/><\/p>\n<p><img src=http:\/\/extra.inmontanis.info\/d\/7042-2\/DSC02003.jpg \/><\/p>\n<p><img src=http:\/\/extra.inmontanis.info\/d\/7046-2\/DSC02022.jpg \/><\/p>\n<p><img src=http:\/\/extra.inmontanis.info\/d\/7050-2\/DSC02103.jpg \/><\/p>\n<p><img src=http:\/\/extra.inmontanis.info\/d\/7054-2\/DSC02121.jpg \/><\/p>\n<p><img src=http:\/\/extra.inmontanis.info\/d\/7058-2\/DSC02131.jpg \/><\/p>\n<p><img src=http:\/\/extra.inmontanis.info\/d\/7062-2\/DSC02163.jpg \/><\/p>\n<p><img src=http:\/\/extra.inmontanis.info\/d\/7066-2\/DSC02198.jpg \/><\/p>\n<p><img src=http:\/\/extra.inmontanis.info\/d\/7070-2\/DSC02171.jpg \/><\/p>\n<p><img src=http:\/\/extra.inmontanis.info\/d\/7074-2\/DSC02188.jpg \/><\/p>\n<p><img src=http:\/\/extra.inmontanis.info\/d\/7078-2\/DSC02207.jpg \/><\/p>\n<p><img src=http:\/\/extra.inmontanis.info\/d\/7082-2\/DSC02250.jpg \/><\/p>\n<p><img src=http:\/\/extra.inmontanis.info\/d\/7086-2\/DSC02261.jpg \/><\/p>\n<p><img src=http:\/\/extra.inmontanis.info\/d\/7090-2\/DSC02530.jpg \/><\/p>\n<p><img src=http:\/\/extra.inmontanis.info\/d\/7094-2\/DSC02573.jpg \/><\/p>\n<p><img src=http:\/\/extra.inmontanis.info\/d\/7098-2\/DSC02662.jpg \/><\/p>\n<p><img src=http:\/\/extra.inmontanis.info\/d\/7102-2\/DSC02697.jpg \/><\/p>\n<p><img src=http:\/\/extra.inmontanis.info\/d\/7106-2\/DSC02772.jpg \/><\/p>\n<p><img src=http:\/\/extra.inmontanis.info\/d\/7110-2\/DSC02784.jpg \/><\/p>\n<p><img src=http:\/\/extra.inmontanis.info\/d\/7114-2\/DSC02787.jpg \/><\/p>\n<p><img src=http:\/\/extra.inmontanis.info\/d\/7118-2\/DSC02809.jpg \/><\/p>\n<p><img src=http:\/\/extra.inmontanis.info\/d\/7122-2\/DSC02831.jpg \/><\/p>\n<p><img src=http:\/\/extra.inmontanis.info\/d\/7126-2\/DSC02880.jpg \/><\/p>\n<p><img src=http:\/\/extra.inmontanis.info\/d\/7130-2\/DSC02894.jpg \/><\/p>\n<p><img src=http:\/\/extra.inmontanis.info\/d\/7134-2\/DSC02913.jpg \/><\/p>\n<p><img src=http:\/\/extra.inmontanis.info\/d\/7138-2\/DSC02936.jpg \/><\/p>\n<p><img src=http:\/\/extra.inmontanis.info\/d\/7142-2\/DSC02951.jpg \/><\/p>\n<p><img src=http:\/\/extra.inmontanis.info\/d\/7146-2\/DSC02990.jpg \/><\/p>\n<p><img src=http:\/\/extra.inmontanis.info\/d\/7150-2\/DSC03009.jpg \/><\/p>\n<p><img src=http:\/\/extra.inmontanis.info\/d\/7154-2\/DSC03101.jpg \/><\/p>\n<p><img src=http:\/\/extra.inmontanis.info\/d\/7158-2\/DSC03138.jpg \/><\/p>\n<p><img src=http:\/\/extra.inmontanis.info\/d\/7162-2\/DSC03267.jpg \/><\/p>\n<p><img src=http:\/\/extra.inmontanis.info\/d\/7166-2\/DSC03286.jpg \/><\/p>\n<p><img src=http:\/\/extra.inmontanis.info\/d\/7170-2\/DSC03348.jpg \/><\/p>\n<p><img src=http:\/\/extra.inmontanis.info\/d\/7174-2\/DSC03455.jpg \/><\/p>\n<p><img src=http:\/\/extra.inmontanis.info\/d\/7178-2\/DSC03516.jpg \/><\/p>\n<p><img src=http:\/\/extra.inmontanis.info\/d\/7182-2\/DSC03575.jpg \/><\/p>\n<p><img src=http:\/\/extra.inmontanis.info\/d\/7186-2\/DSC03594.jpg \/><\/p>\n<p><img src=http:\/\/extra.inmontanis.info\/d\/7190-2\/DSC03662.jpg \/><\/p>\n<p><img src=http:\/\/extra.inmontanis.info\/d\/7194-2\/DSC03675.jpg \/><\/p>\n<p><img src=http:\/\/extra.inmontanis.info\/d\/7198-2\/DSC03771.jpg \/><\/p>\n<p><img src=http:\/\/extra.inmontanis.info\/d\/7202-2\/DSC03847.jpg \/><\/p>\n<p><img src=http:\/\/extra.inmontanis.info\/d\/7206-2\/DSC03866.jpg \/><\/p>\n<p><img src=http:\/\/extra.inmontanis.info\/d\/7210-2\/DSC03887.jpg \/><\/p>\n<p><img src=http:\/\/extra.inmontanis.info\/d\/7214-2\/P1600405a.jpg \/><\/p>\n<p><img src=http:\/\/extra.inmontanis.info\/d\/7218-2\/DSC03930.jpg \/><\/p>\n<p><img src=http:\/\/extra.inmontanis.info\/d\/7222-2\/DSC03989.jpg \/><\/p>\n<p><img src=http:\/\/extra.inmontanis.info\/d\/7226-2\/DSC04010.jpg \/><\/p>\n<p><img src=http:\/\/extra.inmontanis.info\/d\/7230-2\/DSC04077.jpg \/><\/p>\n<p><img src=http:\/\/extra.inmontanis.info\/d\/7234-2\/DSC04137.jpg \/><\/p>\n<p><img src=http:\/\/extra.inmontanis.info\/d\/7238-2\/DSC04194.jpg \/><\/p>\n<p><img src=http:\/\/extra.inmontanis.info\/d\/7242-2\/DSC04197.jpg \/><\/p>\n<p>PS: Die Bilder sind kaum nachbearbeitet und bis auf das Infrarot-Foto mit meiner neuen Sony Nex-5 gemacht. Das alte, analoge, lichtstarke Fixbrennweiten-Objektiv mit Unendlichkeits-Anschlag war insbesondere beim Fotografieren w\u00e4hrend des Autofahrens Gold wert! Aber auch sonst hat sich die neue Cam ganz gut gemacht, leider hatte ich ausgerechnet bis und am Narvik-Tag so viel Dreck am Sensor\/Objektiv&#8230; die Bilder dort werde ich f\u00fcr den Bericht z.T. st\u00e4rker nachbearbeiten und s\u00e4ubern.<\/p>\n","protected":false},"excerpt":{"rendered":"<p>Im M\u00e4rz \/ April war ich 20 Tage in Skandinavien unterwegs (Norwegen, Schweden und 2 Tage Finnland), und bis ich die ganzen Tourberichte fertig hab, gibt&#8217;s ausnahmsweise schon mal einen \u00dcberblick und eine Hand voll &#8220;best-of&#8221; &#8211; Fotos.<\/p>\n<p> <a href=\"http:\/\/blog.inmontanis.info\/?p=1549\">[&#8230;]<\/a><\/p>\n","protected":false},"author":1,"featured_media":0,"comment_status":"open","ping_status":"closed","sticky":false,"template":"","format":"standard","meta":{"footnotes":""},"categories":[95,20,18,19,27],"tags":[49,53,51,38,83,48,37,96,45,47],"class_list":["post-1549","post","type-post","status-publish","format-standard","hentry","category-skanditour2011","category-finnlandfinland","category-norwegennorway","category-schwedensweden","category-skifahren-winterskiing-winter","tag-4sb","tag-8eub","tag-architektur","tag-dsb","tag-gub","tag-kssl","tag-meer","tag-polarlicht","tag-see","tag-sl","odd"],"_links":{"self":[{"href":"http:\/\/blog.inmontanis.info\/index.php?rest_route=\/wp\/v2\/posts\/1549","targetHints":{"allow":["GET"]}}],"collection":[{"href":"http:\/\/blog.inmontanis.info\/index.php?rest_route=\/wp\/v2\/posts"}],"about":[{"href":"http:\/\/blog.inmontanis.info\/index.php?rest_route=\/wp\/v2\/types\/post"}],"author":[{"embeddable":true,"href":"http:\/\/blog.inmontanis.info\/index.php?rest_route=\/wp\/v2\/users\/1"}],"replies":[{"embeddable":true,"href":"http:\/\/blog.inmontanis.info\/index.php?rest_route=%2Fwp%2Fv2%2Fcomments&post=1549"}],"version-history":[{"count":5,"href":"http:\/\/blog.inmontanis.info\/index.php?rest_route=\/wp\/v2\/posts\/1549\/revisions"}],"predecessor-version":[{"id":1554,"href":"http:\/\/blog.inmontanis.info\/index.php?rest_route=\/wp\/v2\/posts\/1549\/revisions\/1554"}],"wp:attachment":[{"href":"http:\/\/blog.inmontanis.info\/index.php?rest_route=%2Fwp%2Fv2%2Fmedia&parent=1549"}],"wp:term":[{"taxonomy":"category","embeddable":true,"href":"http:\/\/blog.inmontanis.info\/index.php?rest_route=%2Fwp%2Fv2%2Fcategories&post=1549"},{"taxonomy":"post_tag","embeddable":true,"href":"http:\/\/blog.inmontanis.info\/index.php?rest_route=%2Fwp%2Fv2%2Ftags&post=1549"}],"curies":[{"name":"wp","href":"https:\/\/api.w.org\/{rel}","templated":true}]}}