{"id":1546,"date":"2011-03-20T23:00:08","date_gmt":"2011-03-20T22:00:08","guid":{"rendered":"http:\/\/blog.inmontanis.info\/?p=1546"},"modified":"2023-08-03T22:18:02","modified_gmt":"2023-08-03T20:18:02","slug":"cortina-retro-20-3-2011","status":"publish","type":"post","link":"http:\/\/blog.inmontanis.info\/?p=1546","title":{"rendered":"Cortina Retro, 20.3.2011"},"content":{"rendered":"<p>Da ja der Averau-ESL zur n\u00e4chsten Saison ersetzt werden soll, und weile die Staunies-Abfahrt h\u00e4tte ge\u00f6ffnet sein sollen, ging&#8217;s f\u00fcr mich am 20.3. (Nachsaisonpreise) nach Cortina d&#8217;Ampezzo, mit Schwerpunkt auf die ganzen Retro-Anlagen&#8230;<!--more--><\/p>\n<p>Nun, Staunies war dann leider doch nicht offen, hier und da musste ich nat\u00fcrlich auch ein paar neuere Bahnen mitnehmen, hier und da gab&#8217;s ein paar zweifelhafte Begegnungen, aber in Summe hat sich&#8217;s der Besuch schon gelohnt.<\/p>\n<p>Fotos, anklicken zum Vergr\u00f6\u00dfern, soweit nicht vergr\u00f6\u00dfert gepostet:<\/p>\n<p><img src=http:\/\/ski.inmontanis.info\/d\/129382-2\/ge-cortina-2011.jpg \/><br \/>\n^ GPS-Track Cortina 2011<\/p>\n<p><a href='http:\/\/ski.inmontanis.info\/d\/129031-2\/DSC00070.jpg'><img src=http:\/\/ski.inmontanis.info\/d\/129030-3\/DSC00070.jpg \/><\/a><br \/>\n^ ESL Averau<\/p>\n<p><img src=http:\/\/ski.inmontanis.info\/d\/129035-2\/DSC00076.jpg \/><br \/>\n^ ESL Averau<\/p>\n<p><a href='http:\/\/ski.inmontanis.info\/d\/129039-2\/P1600196-.jpg'><img src=http:\/\/ski.inmontanis.info\/d\/129038-3\/P1600196-.jpg \/><\/a><br \/>\n^ ESL Averau in IR<\/p>\n<p><a href='http:\/\/ski.inmontanis.info\/d\/129043-2\/DSC00074.jpg'><img src=http:\/\/ski.inmontanis.info\/d\/129042-3\/DSC00074.jpg \/><\/a><br \/>\n^ Talstation ESL Averau<\/p>\n<p><a href='http:\/\/ski.inmontanis.info\/d\/129047-2\/P1600195.jpg'><img src=http:\/\/ski.inmontanis.info\/d\/129046-3\/P1600195.jpg \/><\/a><br \/>\n^ Talstation ESL Averau in IR<\/p>\n<p><a href='http:\/\/ski.inmontanis.info\/d\/129051-2\/DSC00180.jpg'><img src=http:\/\/ski.inmontanis.info\/d\/129050-3\/DSC00180.jpg \/><\/a><br \/>\n^ St\u00fctze 1<\/p>\n<p><a href='http:\/\/ski.inmontanis.info\/d\/129055-2\/DSC00178.jpg'><img src=http:\/\/ski.inmontanis.info\/d\/129054-3\/DSC00178.jpg \/><\/a><br \/>\n^ St\u00fctze 1<\/p>\n<p><a href='http:\/\/ski.inmontanis.info\/d\/129059-2\/DSC00183.jpg'><img src=http:\/\/ski.inmontanis.info\/d\/129058-3\/DSC00183.jpg \/><\/a><br \/>\n^ Averau St\u00fctze 2<\/p>\n<p><a href='http:\/\/ski.inmontanis.info\/d\/129063-2\/DSC00172.jpg'><img src=http:\/\/ski.inmontanis.info\/d\/129062-3\/DSC00172.jpg \/><\/a><br \/>\n^ Averau Talstationsbereich (bei meiner 2. Fahrt nach der &#8220;Runde&#8221; war&#8217;s leider ziemlich voll, so dass ich kein 3. mal mehr gefahren bin :-( )<\/p>\n<p><img src=http:\/\/ski.inmontanis.info\/d\/129067-2\/DSC00171.jpg \/><br \/>\n^ Averau St\u00fctze 4 im Retro-Look<\/p>\n<p><a href='http:\/\/ski.inmontanis.info\/d\/129071-2\/DSC00083.jpg'><img src=http:\/\/ski.inmontanis.info\/d\/129070-3\/DSC00083.jpg \/><\/a><br \/>\n^ ESL Averau<\/p>\n<p><a href='http:\/\/ski.inmontanis.info\/d\/129075-2\/DSC00187.jpg'><img src=http:\/\/ski.inmontanis.info\/d\/129074-3\/DSC00187.jpg \/><\/a><br \/>\n^ Averau St\u00fctze 5<\/p>\n<p><img src=http:\/\/ski.inmontanis.info\/d\/129079-2\/DSC00086.jpg \/><br \/>\n^ Averau ab St\u00fctze 10<\/p>\n<p><a href='http:\/\/ski.inmontanis.info\/d\/129083-2\/DSC00201.jpg'><img src=http:\/\/ski.inmontanis.info\/d\/129082-3\/DSC00201.jpg \/><\/a><br \/>\n^ ESL Averau<\/p>\n<p><a href='http:\/\/ski.inmontanis.info\/d\/129087-2\/DSC00090.jpg'><img src=http:\/\/ski.inmontanis.info\/d\/129086-3\/DSC00090.jpg \/><\/a><br \/>\n^ Averau St\u00fctze 11<\/p>\n<p><a href='http:\/\/ski.inmontanis.info\/d\/129370-2\/DSC00100.jpg'><img src=http:\/\/ski.inmontanis.info\/d\/129369-3\/DSC00100.jpg \/><\/a><br \/>\n^ Abfahrt am ESL Averau<\/p>\n<p><img src=http:\/\/ski.inmontanis.info\/d\/129091-2\/DSC00087.jpg \/><br \/>\n^ ESL-Sessel<\/p>\n<p><img src=http:\/\/ski.inmontanis.info\/d\/129095-2\/DSC00198.jpg \/><br \/>\n^ ESL-Sessel<\/p>\n<p><a href='http:\/\/ski.inmontanis.info\/d\/129099-2\/DSC00094.jpg'><img src=http:\/\/ski.inmontanis.info\/d\/129098-3\/DSC00094.jpg \/><\/a><br \/>\n^ Averau St\u00fctze 12<\/p>\n<p><a href='http:\/\/ski.inmontanis.info\/d\/129104-2\/DSC00102.jpg'><img src=http:\/\/ski.inmontanis.info\/d\/129103-3\/DSC00102.jpg \/><\/a><br \/>\n^ Averau St\u00fctze 16<\/p>\n<p><a href='http:\/\/ski.inmontanis.info\/d\/129108-2\/DSC00109-111.jpg'><img src=http:\/\/ski.inmontanis.info\/d\/129107-3\/DSC00109-111.jpg \/><\/a><br \/>\n^ Bergstation ESL Averau<\/p>\n<p><a href='http:\/\/ski.inmontanis.info\/d\/129112-2\/DSC00206.jpg'><img src=http:\/\/ski.inmontanis.info\/d\/129111-3\/DSC00206.jpg \/><\/a><br \/>\n^ Bergstation ESL Averau<\/p>\n<p><a href='http:\/\/ski.inmontanis.info\/d\/129116-2\/DSC00112.jpg'><img src=http:\/\/ski.inmontanis.info\/d\/129115-3\/DSC00112.jpg \/><\/a><br \/>\n^ Letzte St\u00fctze ESL Averau<\/p>\n<p><img src=http:\/\/ski.inmontanis.info\/d\/129120-2\/DSC00210.jpg \/><br \/>\n^ ESL Averau (Retro-Look)<\/p>\n<p><a href='http:\/\/ski.inmontanis.info\/d\/129124-2\/DSC00213.jpg'><img src=http:\/\/ski.inmontanis.info\/d\/129123-3\/DSC00213.jpg \/><\/a><br \/>\n^ ESL Averau Ausstieg<\/p>\n<p><a href='http:\/\/ski.inmontanis.info\/d\/129128-2\/DSC00116.jpg'><img src=http:\/\/ski.inmontanis.info\/d\/129127-3\/DSC00116.jpg \/><\/a><br \/>\n^ Pano am \u00dcbergang Averau richtung Passo Giau<\/p>\n<p><a href='http:\/\/ski.inmontanis.info\/d\/129132-2\/P1600197-.jpg'><img src=http:\/\/ski.inmontanis.info\/d\/129131-3\/P1600197-.jpg \/><\/a><br \/>\n^ IR-Pano Averau \/ Giau \/ DSB Nuvolao<\/p>\n<p><a href='http:\/\/ski.inmontanis.info\/d\/129136-2\/P1600198.jpg'><img src=http:\/\/ski.inmontanis.info\/d\/129135-3\/P1600198.jpg \/><\/a><br \/>\n^ IR-Pano DSB Nuvolao \/ Marmolada<\/p>\n<p><a href='http:\/\/ski.inmontanis.info\/d\/129140-2\/DSC00118.jpg'><img src=http:\/\/ski.inmontanis.info\/d\/129139-3\/DSC00118.jpg \/><\/a><br \/>\n^ Leichter Zoom Marmolada<\/p>\n<p><img src=http:\/\/ski.inmontanis.info\/d\/129023-2\/P1600200.jpg \/><br \/>\n^ IR Zoom Marmolada von Averau<\/p>\n<p><img src=http:\/\/ski.inmontanis.info\/d\/129027-2\/P1600201-.jpg \/><br \/>\n^ IR Zoom Marmolada von Averau<\/p>\n<p><img src=http:\/\/ski.inmontanis.info\/d\/129374-2\/DSC00121.jpg \/><br \/>\n^ DSB Fedare &#8211; Forcella Nuvolao, hinten die Marmolada<\/p>\n<p><a href='http:\/\/ski.inmontanis.info\/d\/129145-2\/DSC00125.jpg'><img src=http:\/\/ski.inmontanis.info\/d\/129144-3\/DSC00125.jpg \/><\/a><br \/>\n^ Talstation DSB Fedare &#8211; Forcella Nuvolao<\/p>\n<p><a href='http:\/\/ski.inmontanis.info\/d\/129149-2\/DSC00130.jpg'><img src=http:\/\/ski.inmontanis.info\/d\/129148-3\/DSC00130.jpg \/><\/a><br \/>\n^ 3-fach Niederhalter DSB Nuvolao<\/p>\n<p><img src=http:\/\/ski.inmontanis.info\/d\/129153-2\/DSC00136.jpg \/><br \/>\n^ DSB Nuvolao H\u00f6he St\u00fctze 9<\/p>\n<p><a href='http:\/\/ski.inmontanis.info\/d\/129157-2\/DSC00137.jpg'><img src=http:\/\/ski.inmontanis.info\/d\/129156-3\/DSC00137.jpg \/><\/a><br \/>\n^ DSB Nuvolao<\/p>\n<p><a href='http:\/\/ski.inmontanis.info\/d\/129161-2\/DSC00142.jpg'><img src=http:\/\/ski.inmontanis.info\/d\/129160-3\/DSC00142.jpg \/><\/a><br \/>\n^ DSB Nuvolao<\/p>\n<p><a href='http:\/\/ski.inmontanis.info\/d\/129165-2\/DSC00143.jpg'><img src=http:\/\/ski.inmontanis.info\/d\/129164-3\/DSC00143.jpg \/><\/a><br \/>\n^ DSB Nuvolao<\/p>\n<p><a href='http:\/\/ski.inmontanis.info\/d\/129169-2\/DSC00145.jpg'><img src=http:\/\/ski.inmontanis.info\/d\/129168-3\/DSC00145.jpg \/><\/a><br \/>\n^ DSB Nuvolao, kurz vor Bergstation<\/p>\n<p><a href='http:\/\/ski.inmontanis.info\/d\/129173-2\/DSC00123.jpg'><img src=http:\/\/ski.inmontanis.info\/d\/129172-3\/DSC00123.jpg \/><\/a><br \/>\n^ Skiweg zur neuen Verbindungs-DSB Croda Negra, wie man sieht, ist der Skiweg so bl\u00f6d angelegt, dass man schieben muss. Gaaanz toll.<\/p>\n<p><a href='http:\/\/ski.inmontanis.info\/d\/129177-2\/DSC00150.jpg'><img src=http:\/\/ski.inmontanis.info\/d\/129176-3\/DSC00150.jpg \/><\/a><br \/>\n^ Verbindungs-DSB Croda Negra, hat selbst keine Abfahrt, was sie noch ein St\u00fcck sympathischer macht.<\/p>\n<p><a href='http:\/\/ski.inmontanis.info\/d\/129181-2\/DSC00155.jpg'><img src=http:\/\/ski.inmontanis.info\/d\/129180-3\/DSC00155.jpg \/><\/a><br \/>\n^ Verbindungs-Abfahrt Croda-Negra &#8211; Falzarego, leider mit ein paar Gegenanstiegen. Aber landschaftlich nett.<\/p>\n<p><a href='http:\/\/ski.inmontanis.info\/d\/129185-2\/DSC00156.jpg'><img src=http:\/\/ski.inmontanis.info\/d\/129184-3\/DSC00156.jpg \/><\/a><br \/>\n^ Zoom Lagazuoi samt (in meinen Augen langweilig modellierter) Abfahrt<\/p>\n<p><a href='http:\/\/ski.inmontanis.info\/d\/129189-2\/P1600206-.jpg'><img src=http:\/\/ski.inmontanis.info\/d\/129188-3\/P1600206-.jpg \/><\/a><br \/>\n^ Zoom PB Lagazuoi (IR)<\/p>\n<p><img src=http:\/\/ski.inmontanis.info\/d\/129193-2\/DSC00157.jpg \/><br \/>\n^ Verbindungs-Abfahrt Croda-Negra &#8211; Falzarego<\/p>\n<p><a href='http:\/\/ski.inmontanis.info\/d\/129197-2\/DSC00158.jpg'><img src=http:\/\/ski.inmontanis.info\/d\/129196-3\/DSC00158.jpg \/><\/a><br \/>\n^ SL Col Gallina<\/p>\n<p><img src=http:\/\/ski.inmontanis.info\/d\/129201-2\/DSC00160.jpg \/><br \/>\n^ Pano am Col Gallina<\/p>\n<p><a href='http:\/\/ski.inmontanis.info\/d\/129205-2\/DSC00219.jpg'><img src=http:\/\/ski.inmontanis.info\/d\/129204-3\/DSC00219.jpg \/><\/a><br \/>\n^ Zoom PB Tofana Sektion II und III<\/p>\n<p><a href='http:\/\/ski.inmontanis.info\/d\/129209-2\/DSC00229.jpg'><img src=http:\/\/ski.inmontanis.info\/d\/129208-3\/DSC00229.jpg \/><\/a><br \/>\n^ Nette, schmale, Wald-Talabfahrt PB Tofana Sektion I<\/p>\n<p><a href='http:\/\/ski.inmontanis.info\/d\/129213-2\/DSC00231.jpg'><img src=http:\/\/ski.inmontanis.info\/d\/129212-3\/DSC00231.jpg \/><\/a><br \/>\n^ Talstation PB Tofana I, Ende der Abfahrt mit Verbindungsbr\u00fccke<\/p>\n<p><a href='http:\/\/ski.inmontanis.info\/d\/129217-2\/DSC00239.jpg'><img src=http:\/\/ski.inmontanis.info\/d\/129216-3\/DSC00239.jpg \/><\/a><br \/>\n^ Talstation PB Tofana I<\/p>\n<p><a href='http:\/\/ski.inmontanis.info\/d\/129221-2\/DSC00241.jpg'><img src=http:\/\/ski.inmontanis.info\/d\/129220-3\/DSC00241.jpg \/><\/a><br \/>\n^ Talstation PB Tofana I<\/p>\n<p><a href='http:\/\/ski.inmontanis.info\/d\/129225-2\/DSC00242.jpg'><img src=http:\/\/ski.inmontanis.info\/d\/129224-3\/DSC00242.jpg \/><\/a><br \/>\n^ Strecke PB Tofana Sektion I<\/p>\n<p><a href='http:\/\/ski.inmontanis.info\/d\/129229-2\/DSC00246.jpg'><img src=http:\/\/ski.inmontanis.info\/d\/129228-3\/DSC00246.jpg \/><\/a><br \/>\n^ PB Tofana Sektion I<\/p>\n<p><a href='http:\/\/ski.inmontanis.info\/d\/129233-2\/DSC00221.jpg'><img src=http:\/\/ski.inmontanis.info\/d\/129232-3\/DSC00221.jpg \/><\/a><br \/>\n^ PB Tofana Sektion I<\/p>\n<p><a href='http:\/\/ski.inmontanis.info\/d\/129237-2\/DSC00224.jpg'><img src=http:\/\/ski.inmontanis.info\/d\/129236-3\/DSC00224.jpg \/><\/a><br \/>\n^ Bergstation PB Tofana Sektion I (Col Druscie)<\/p>\n<p><a href='http:\/\/ski.inmontanis.info\/d\/129241-2\/DSC00251.jpg'><img src=http:\/\/ski.inmontanis.info\/d\/129240-3\/DSC00251.jpg \/><\/a><br \/>\n^ PB Tofana Sektion I<\/p>\n<p><a href='http:\/\/ski.inmontanis.info\/d\/129245-2\/DSC00254.jpg'><img src=http:\/\/ski.inmontanis.info\/d\/129244-3\/DSC00254.jpg \/><\/a><br \/>\n^ PB Tofana Sektion II<\/p>\n<p><a href='http:\/\/ski.inmontanis.info\/d\/129249-2\/DSC00258.jpg'><img src=http:\/\/ski.inmontanis.info\/d\/129248-3\/DSC00258.jpg \/><\/a><br \/>\n^ Talstation PB Tofana II<\/p>\n<p><a href='http:\/\/ski.inmontanis.info\/d\/129253-2\/DSC00262.jpg'><img src=http:\/\/ski.inmontanis.info\/d\/129252-3\/DSC00262.jpg \/><\/a><br \/>\n^ PB Tofana Sektion II<\/p>\n<p><img src=http:\/\/ski.inmontanis.info\/d\/129257-2\/DSC00265.jpg \/><br \/>\n^ PB Tofana Sektion II<\/p>\n<p><img src=http:\/\/ski.inmontanis.info\/d\/129261-2\/DSC00266.jpg \/><br \/>\n^ Schnee-Eis-Impression an der Bergstation PB Tofana II<\/p>\n<p><img src=http:\/\/ski.inmontanis.info\/d\/129265-2\/DSC00268.jpg \/><br \/>\n^ 3SB Ra Valles, DSB Bus Tofana, DSB Cacciatori, PB Tofana III<\/p>\n<p><a href='http:\/\/ski.inmontanis.info\/d\/129378-2\/DSC00292.jpg'><img src=http:\/\/ski.inmontanis.info\/d\/129377-3\/DSC00292.jpg \/><\/a><br \/>\n^ PB Tofana Sektion III<\/p>\n<p><a href='http:\/\/ski.inmontanis.info\/d\/129269-2\/DSC00272.jpg'><img src=http:\/\/ski.inmontanis.info\/d\/129268-3\/DSC00272.jpg \/><\/a><br \/>\n^ DSB Bus Tofana mit Nascivera Beton-Spinnenstation<\/p>\n<p><a href='http:\/\/ski.inmontanis.info\/d\/129273-2\/DSC00273.jpg'><img src=http:\/\/ski.inmontanis.info\/d\/129272-3\/DSC00273.jpg \/><\/a><br \/>\n^ DSB Bus Tofana<\/p>\n<p><a href='http:\/\/ski.inmontanis.info\/d\/129277-2\/DSC00274.jpg'><img src=http:\/\/ski.inmontanis.info\/d\/129276-3\/DSC00274.jpg \/><\/a><br \/>\n^ DSB Bus Tofana<\/p>\n<p><a href='http:\/\/ski.inmontanis.info\/d\/129281-2\/DSC00278.jpg'><img src=http:\/\/ski.inmontanis.info\/d\/129280-3\/DSC00278.jpg \/><\/a><br \/>\n^ Abfahrt 3SB Ra Valles<\/p>\n<p><img src=http:\/\/ski.inmontanis.info\/d\/129285-2\/DSC00280.jpg \/><br \/>\n^ Zoom Bergstation PB Tofana III<\/p>\n<p><a href='http:\/\/ski.inmontanis.info\/d\/129289-2\/DSC00282.jpg'><img src=http:\/\/ski.inmontanis.info\/d\/129288-3\/DSC00282.jpg \/><\/a><br \/>\n^ Pano DSB Bus Tofana<\/p>\n<p><a href='http:\/\/ski.inmontanis.info\/d\/129293-2\/DSC00284.jpg'><img src=http:\/\/ski.inmontanis.info\/d\/129292-3\/DSC00284.jpg \/><\/a><br \/>\n^ DSB Bus Tofana, 4 St\u00fctzen an der Bergstation<\/p>\n<p><img src=http:\/\/ski.inmontanis.info\/d\/129298-2\/DSC00293-94.jpg \/><br \/>\n^ DSB Staunies<\/p>\n<p><img src=http:\/\/ski.inmontanis.info\/d\/129302-2\/DSC00297.jpg \/><br \/>\n^ DSB Staunies, St\u00fctze 3<\/p>\n<p><img src=http:\/\/ski.inmontanis.info\/d\/129306-2\/DSC00300.jpg \/><br \/>\n^ DSB Staunies, Zoom in die Scharte<\/p>\n<p><img src=http:\/\/ski.inmontanis.info\/d\/129310-2\/DSC00303.jpg \/><br \/>\n^ DSB Staunies, St\u00fctze 6 und 6a<\/p>\n<p><a href='http:\/\/ski.inmontanis.info\/d\/129314-2\/DSC00310.jpg'><img src=http:\/\/ski.inmontanis.info\/d\/129313-3\/DSC00310.jpg \/><\/a><br \/>\n^ DSB Staunies<\/p>\n<p><a href='http:\/\/ski.inmontanis.info\/d\/129318-2\/DSC00311.jpg'><img src=http:\/\/ski.inmontanis.info\/d\/129317-3\/DSC00311.jpg \/><\/a><br \/>\n^ DSB Staunies, St\u00fctze 9<\/p>\n<p><a href='http:\/\/ski.inmontanis.info\/d\/129322-2\/DSC00313.jpg'><img src=http:\/\/ski.inmontanis.info\/d\/129321-3\/DSC00313.jpg \/><\/a><br \/>\n^ DSB Staunies, Mittelausstieg<\/p>\n<p><img src=http:\/\/ski.inmontanis.info\/d\/129326-2\/DSC00316.jpg \/><br \/>\n^ DSB Staunies, Mittelausstieg<\/p>\n<p><a href='http:\/\/ski.inmontanis.info\/d\/129330-2\/DSC00317.jpg'><img src=http:\/\/ski.inmontanis.info\/d\/129329-3\/DSC00317.jpg \/><\/a><br \/>\n^ DSB Staunies, Mittelausstieg<\/p>\n<p><a href='http:\/\/ski.inmontanis.info\/d\/129334-2\/DSC00320.jpg'><img src=http:\/\/ski.inmontanis.info\/d\/129333-3\/DSC00320.jpg \/><\/a><br \/>\n^ DSB Staunies, Niederhalter<\/p>\n<p><a href='http:\/\/ski.inmontanis.info\/d\/129338-2\/P1600211-.jpg'><img src=http:\/\/ski.inmontanis.info\/d\/129337-3\/P1600211-.jpg \/><\/a><br \/>\n^ DSB Staunies, Mittelausstieg, in IR<\/p>\n<p><a href='http:\/\/ski.inmontanis.info\/d\/129342-2\/P1600212.jpg'><img src=http:\/\/ski.inmontanis.info\/d\/129341-3\/P1600212.jpg \/><\/a><br \/>\n^ DSB Staunies, Abfahrt, IR<\/p>\n<p><img src=http:\/\/ski.inmontanis.info\/d\/129346-2\/DSC00329.jpg \/><br \/>\n^ DSB Staunies, St\u00fctze 6 und 6a<\/p>\n<p><a href='http:\/\/ski.inmontanis.info\/d\/129350-2\/DSC00332.jpg'><img src=http:\/\/ski.inmontanis.info\/d\/129349-3\/DSC00332.jpg \/><\/a><br \/>\n^ DSB Staunies, St\u00fctze 6 und 6a<\/p>\n<p><img src=http:\/\/ski.inmontanis.info\/d\/129354-2\/P1600215-.jpg \/><br \/>\n^ IR-Zoom PB Tofana Sektion III und DSB Bus Tofana<\/p>\n<p><img src=http:\/\/ski.inmontanis.info\/d\/129358-2\/P1600222.jpg \/><br \/>\n^ IR Zoom Cristallo \/ Staunies-DSB von gegen\u00fcber<\/p>\n<p><img src=http:\/\/ski.inmontanis.info\/d\/129362-2\/DSC00370-75.jpg \/><br \/>\n^ Stitch-Pano an der Bergstation PB Faloria<\/p>\n<p><img src=http:\/\/ski.inmontanis.info\/d\/129366-2\/P1600213-14-.jpg \/><br \/>\n^ IR-Pano zur Tofana<\/p>\n<p><object style=\"height: 500px; width: 900px\"><param name=\"movie\" value=\"http:\/\/www.youtube.com\/v\/GEVPw9ASoI4\"><\/param><param name=\"wmode\" value=\"transparent\"><\/param><embed src=\"http:\/\/www.youtube.com\/v\/GEVPw9ASoI4\" type=\"application\/x-shockwave-flash\" wmode=\"transparent\"  width=\"900\" height=\"480\"><\/embed><\/object><\/p>\n","protected":false},"excerpt":{"rendered":"<p>Da ja der Averau-ESL zur n\u00e4chsten Saison ersetzt werden soll, und weile die Staunies-Abfahrt h\u00e4tte ge\u00f6ffnet sein sollen, ging&#8217;s f\u00fcr mich am 20.3. (Nachsaisonpreise) nach Cortina d&#8217;Ampezzo, mit Schwerpunkt auf die ganzen Retro-Anlagen&#8230;<\/p>\n<p> <a href=\"http:\/\/blog.inmontanis.info\/?p=1546\">[&#8230;]<\/a><\/p>\n","protected":false},"author":1,"featured_media":0,"comment_status":"open","ping_status":"closed","sticky":false,"template":"","format":"standard","meta":{"footnotes":""},"categories":[500,24,15,27],"tags":[38,35,90,52,47],"class_list":["post-1546","post","type-post","status-publish","format-standard","hentry","category-cortina-dampezzo","category-tagestour","category-italienitaly","category-skifahren-winterskiing-winter","tag-dsb","tag-esl","tag-infrarot","tag-pb","tag-sl","odd"],"_links":{"self":[{"href":"http:\/\/blog.inmontanis.info\/index.php?rest_route=\/wp\/v2\/posts\/1546","targetHints":{"allow":["GET"]}}],"collection":[{"href":"http:\/\/blog.inmontanis.info\/index.php?rest_route=\/wp\/v2\/posts"}],"about":[{"href":"http:\/\/blog.inmontanis.info\/index.php?rest_route=\/wp\/v2\/types\/post"}],"author":[{"embeddable":true,"href":"http:\/\/blog.inmontanis.info\/index.php?rest_route=\/wp\/v2\/users\/1"}],"replies":[{"embeddable":true,"href":"http:\/\/blog.inmontanis.info\/index.php?rest_route=%2Fwp%2Fv2%2Fcomments&post=1546"}],"version-history":[{"count":3,"href":"http:\/\/blog.inmontanis.info\/index.php?rest_route=\/wp\/v2\/posts\/1546\/revisions"}],"predecessor-version":[{"id":9038,"href":"http:\/\/blog.inmontanis.info\/index.php?rest_route=\/wp\/v2\/posts\/1546\/revisions\/9038"}],"wp:attachment":[{"href":"http:\/\/blog.inmontanis.info\/index.php?rest_route=%2Fwp%2Fv2%2Fmedia&parent=1546"}],"wp:term":[{"taxonomy":"category","embeddable":true,"href":"http:\/\/blog.inmontanis.info\/index.php?rest_route=%2Fwp%2Fv2%2Fcategories&post=1546"},{"taxonomy":"post_tag","embeddable":true,"href":"http:\/\/blog.inmontanis.info\/index.php?rest_route=%2Fwp%2Fv2%2Ftags&post=1546"}],"curies":[{"name":"wp","href":"https:\/\/api.w.org\/{rel}","templated":true}]}}