{"id":1543,"date":"2011-03-06T19:11:52","date_gmt":"2011-03-06T18:11:52","guid":{"rendered":"http:\/\/blog.inmontanis.info\/?p=1543"},"modified":"2023-08-05T15:43:18","modified_gmt":"2023-08-05T13:43:18","slug":"cardada-6-3-2011","status":"publish","type":"post","link":"http:\/\/blog.inmontanis.info\/?p=1543","title":{"rendered":"Cardada, 6.3.2011"},"content":{"rendered":"<p>Am Tag nach Oropa, also am 6.3.2011, ging&#8217;s nach Locarno, auf die (?) Cardada. Leider findet man ja nur einen m\u00e4\u00dfigen Schneebericht im Netz \u00e0 la &#8220;Skibetrieb: ja&#8221; &#8211; aber man erf\u00e4hrt nicht, ob z.B. die Abfahrt an der KDSB noch geht.<!--more--> Eigentlich war ich der Meinung, sie m\u00fcsste noch gehen &#8211; tja, leider ging sie nicht mehr.<\/p>\n<p>Ok, f\u00fcr uns ging sie noch, am sp\u00e4teren Vormittag, fast schon zu sp\u00e4t, sind wir \u00fcber den Osthang runter. Im oberen Bereich noch gute Firnverh\u00e4ltnisse, aber alsbald tiefer einsinkend, sp\u00e4ter mussten wir einige apere Stellen \u00fcberwinden, der Fu\u00dfweg hielt sich aber in Grenzen. Wenigstens war das Restaurant am Weg gem\u00fctlich und ruhig gelegen und bot einen sch\u00f6nen Ausblick auf den Lago Maggiore.<\/p>\n<p>Cardada war ich ja erst vor 2 Jahren, allerdings war damals der lange SL wg. eines Lawinenschadens nicht in Betrieb &#8211; und den wollte ich heute nachholen. Die Abfahrten sind zwar ganz nett, aber ich h\u00e4tte sie mir l\u00e4nger vorgestellt. Wenn die Abfahrt zur KDSB nicht geht, wird&#8217;s nach 2 Stunden schon grenzwertig. Echt schade, dass der SL am Osthang abgebaut wurde &#8211; Schnee h\u00e4tte es dort (im Gegensatz zu dem anderen stillegelten SL auf der S\u00fcdseite) noch gen\u00fcgend gehabt und man h\u00e4tte die doppelten M\u00f6glichkeiten &#8230;<\/p>\n<p>.. aber der Grund, warum man hier skif\u00e4hrt, ist ja eh das Pano auf den Lago Maggiore :)<\/p>\n<p>3303 und sein Kumpel sind ein wenig fr\u00fcher gefahren als ich, hatte ja auch einen etwas weiteren Weg. F\u00fcr mich ging&#8217;s ganz normal \u00fcber Bernardino und Arlberg heim, wobei es, wenn ich mich recht erinnere, teilweise recht schlechtes Wetter und viel Regen gab&#8230;.<\/p>\n<p>Was die Fotos angeht gilt das gleiche, was ich schon im Oropa-Bericht sagte: Da ich keine &#8220;normale&#8221; Cam dabei hatte, sind diesmal viele IR-Fotos dabei, und die normalen Fotos sind nicht von besonderer Qualit\u00e4t.<\/p>\n<p>Den Bericht von 2009 gibt&#8217;s u.a. hier: <a href='http:\/\/blog.inmontanis.info\/?p=426&#038;lang=de'>http:\/\/blog.inmontanis.info\/?p=426&#038;lang=de<\/a><\/p>\n<p>Fotos, anklicken zum Vergr\u00f6\u00dfern, soweit nicht vergr\u00f6\u00dfert gepostet:<\/p>\n<p><a href='http:\/\/ski.inmontanis.info\/d\/128157-2\/P1600157a.jpg'><img src=http:\/\/ski.inmontanis.info\/d\/128156-3\/P1600157a.jpg \/><\/a><br \/>\n^ Talstation PB in Orselina (IR)<\/p>\n<p><a href='http:\/\/ski.inmontanis.info\/d\/128161-2\/DSCF6783.jpg'><img src=http:\/\/ski.inmontanis.info\/d\/128160-3\/DSCF6783.jpg \/><\/a><br \/>\n^ Seeblick nahe Talstation (IR, Originalfarbe)<\/p>\n<p><img src=http:\/\/ski.inmontanis.info\/d\/128165-2\/P1600150-.jpg \/><br \/>\n^ Seeblick nahe Talstation (IR)<\/p>\n<p><img src=http:\/\/ski.inmontanis.info\/d\/128169-2\/P1600143-46-.jpg \/><br \/>\n^ Talstation PB (IR)<\/p>\n<p><a href='http:\/\/ski.inmontanis.info\/d\/128173-2\/DSCF6792a.jpg'><img src=http:\/\/ski.inmontanis.info\/d\/128172-3\/DSCF6792a.jpg \/><\/a><br \/>\n^ Seeblick von der PB-Talstation (IR)<\/p>\n<p><a href='http:\/\/ski.inmontanis.info\/d\/128177-2\/DSCF6794-.jpg'><img src=http:\/\/ski.inmontanis.info\/d\/128176-3\/DSCF6794-.jpg \/><\/a><br \/>\n^ Talstation PB (IR)<\/p>\n<p><a href='http:\/\/ski.inmontanis.info\/d\/128181-2\/P1590997.jpg'><img src=http:\/\/ski.inmontanis.info\/d\/128180-3\/P1590997.jpg \/><\/a><br \/>\n^ Talstation PB<\/p>\n<p><a href='http:\/\/ski.inmontanis.info\/d\/128185-2\/DSCF6797.jpg'><img src=http:\/\/ski.inmontanis.info\/d\/128184-3\/DSCF6797.jpg \/><\/a><br \/>\n^ Talstation PB<\/p>\n<p><a href='http:\/\/ski.inmontanis.info\/d\/128189-2\/P1590998-08.jpg'><img src=http:\/\/ski.inmontanis.info\/d\/128188-3\/P1590998-08.jpg \/><\/a><br \/>\n^ Talstation PB<\/p>\n<p><a href='http:\/\/ski.inmontanis.info\/d\/128193-2\/DSCF6800.jpg'><img src=http:\/\/ski.inmontanis.info\/d\/128192-3\/DSCF6800.jpg \/><\/a><br \/>\n^ Talstation PB und St\u00fctze 1<\/p>\n<p><img src=http:\/\/ski.inmontanis.info\/d\/128197-2\/DSCF6808.jpg \/><br \/>\n^ In der PB<\/p>\n<p><a href='http:\/\/ski.inmontanis.info\/d\/128201-2\/P1600009-14-.jpg'><img src=http:\/\/ski.inmontanis.info\/d\/128200-3\/P1600009-14-.jpg \/><\/a><br \/>\n^ Bergstation PB (IR)<\/p>\n<p><a href='http:\/\/ski.inmontanis.info\/d\/128205-2\/DSCF6878.jpg'><img src=http:\/\/ski.inmontanis.info\/d\/128204-3\/DSCF6878.jpg \/><\/a><br \/>\n^ rechte Abfahrt zum SL<\/p>\n<p><a href='http:\/\/ski.inmontanis.info\/d\/128209-2\/DSCF6827.jpg'><img src=http:\/\/ski.inmontanis.info\/d\/128208-3\/DSCF6827.jpg \/><\/a><br \/>\n^ SL (der lange)<\/p>\n<p><a href='http:\/\/ski.inmontanis.info\/d\/128213-2\/DSCF6826.jpg'><img src=http:\/\/ski.inmontanis.info\/d\/128212-3\/DSCF6826.jpg \/><\/a><br \/>\n^ SL. Ganz sch\u00f6n steil, und zwar durchgehend. Und als Kurzb\u00fcgler somit echt kraftraubend.<\/p>\n<p><a href='http:\/\/ski.inmontanis.info\/d\/128217-2\/DSCF6828.jpg'><img src=http:\/\/ski.inmontanis.info\/d\/128216-3\/DSCF6828.jpg \/><\/a><br \/>\n^ Linke Abfahrt am SL<\/p>\n<p><img src=http:\/\/ski.inmontanis.info\/d\/128221-2\/P1600108.jpg \/><br \/>\n^ Linke Abfahrt am SL (IR)<\/p>\n<p><img src=http:\/\/ski.inmontanis.info\/d\/128225-2\/DSCF6836.jpg \/><br \/>\n^ Off-Piste-Abfahrt (Osthang, leider gibt&#8217;s hier keinen SL mehr&#8230;)<\/p>\n<p><a href='http:\/\/ski.inmontanis.info\/d\/128229-2\/DSCF6839.jpg'><img src=http:\/\/ski.inmontanis.info\/d\/128228-3\/DSCF6839.jpg \/><\/a><br \/>\n^ Zwischendurch mussten einige apere Stellen \u00fcberwunden werden  &#8211; aber kein Problem.<\/p>\n<p><a href='http:\/\/ski.inmontanis.info\/d\/128233-2\/DSCF6843.jpg'><img src=http:\/\/ski.inmontanis.info\/d\/128232-3\/DSCF6843.jpg \/><\/a><br \/>\n^ .. weiter auf Schneeresten ..<\/p>\n<p><a href='http:\/\/ski.inmontanis.info\/d\/128237-2\/P1600081.jpg'><img src=http:\/\/ski.inmontanis.info\/d\/128236-3\/P1600081.jpg \/><\/a><br \/>\n^ Bei meinem letzten Besuch stand hier noch ein stillgelegter SL rum&#8230;<\/p>\n<p><a href='http:\/\/ski.inmontanis.info\/d\/128318-2\/P1600083.jpg'><img src=http:\/\/ski.inmontanis.info\/d\/128317-3\/P1600083.jpg \/><\/a><br \/>\n^ Skiweg KDSB-Abfahrt, teilweise musste man abschnallen, aber hier konnte man egtl. wieder anschnallen.<\/p>\n<p><img src=http:\/\/ski.inmontanis.info\/d\/128242-2\/DSCF6844-47.jpg \/><br \/>\n^ Lago Maggiore &#8211; Pano (Stitch)<\/p>\n<p><img src=http:\/\/ski.inmontanis.info\/d\/128246-2\/P1600061-66-.jpg \/><br \/>\n^ IR Maggiore-Pano (Stitch)<\/p>\n<p><img src=http:\/\/ski.inmontanis.info\/d\/128250-2\/P1600057.jpg \/><br \/>\n^ See-Ende (IR)<\/p>\n<p><a href='http:\/\/ski.inmontanis.info\/d\/128254-2\/P1600079.jpg'><img src=http:\/\/ski.inmontanis.info\/d\/128253-3\/P1600079.jpg \/><\/a><br \/>\n^ Locarno<\/p>\n<p><a href='http:\/\/ski.inmontanis.info\/d\/128258-2\/P1600072.jpg'><img src=http:\/\/ski.inmontanis.info\/d\/128257-3\/P1600072.jpg \/><\/a><br \/>\n^ Zoom Locarno (IR)<\/p>\n<p><img src=http:\/\/ski.inmontanis.info\/d\/128262-2\/P1600124-.jpg \/><br \/>\n^ IR-Pano KDSB nahe Bergstation mit Lago Maggiore<\/p>\n<p><img src=http:\/\/ski.inmontanis.info\/d\/128266-2\/P1600091-.jpg \/><br \/>\n^ IR-Pano mit Seitw\u00e4rts-Sessel. Dies und das vorherige Bild gefallen mir von den heutigen am besten. Ach, und wer genau hinschaut, erkennt etwas am Horizont &#8230;..<\/p>\n<p><img src=http:\/\/ski.inmontanis.info\/d\/128270-2\/P1600113.jpg \/><br \/>\n^ Leichtes IR Zoom Pano \u00fcber den Lago Maggiore<\/p>\n<p><img src=http:\/\/ski.inmontanis.info\/d\/128274-2\/P1600022-.jpg \/><br \/>\n^ IR-Zoom-Pano mit dem sich schl\u00e4ngelnden Lago Maggiore, der Po-Ebene und den 250 km entfernten S\u00fcdalpen dahinter. Mit blo\u00dfem Auge war allerdings nichts von den S\u00fcdalpen zu erkennen!<\/p>\n<p><img src=http:\/\/ski.inmontanis.info\/d\/128278-2\/P1600093-.jpg \/><br \/>\n^ IR-Zoom-Pano mit dem sich schl\u00e4ngelnden Lago Maggiore, der Po-Ebene und den 250 km entfernten S\u00fcdalpen dahinter<\/p>\n<p><img src=http:\/\/ski.inmontanis.info\/d\/128282-2\/P1600032.jpg \/><br \/>\n^ IR-Zoom-Pano \u00fcber die Po-Ebene zu den ca. 240 km entfernten S\u00fcdalpen<\/p>\n<p><a href='http:\/\/ski.inmontanis.info\/d\/128286-2\/P1600031-.jpg'><img src=http:\/\/ski.inmontanis.info\/d\/128285-3\/P1600031-.jpg \/><\/a><br \/>\n^ Auch den Monte Viso (216 km) kann man in IR gut erkennen.<\/p>\n<p><img src=http:\/\/ski.inmontanis.info\/d\/128290-2\/P1600097-.jpg \/><br \/>\n^ Leichter Zoom zum Monte Rosa (77 km) in IR<\/p>\n<p><a href='http:\/\/ski.inmontanis.info\/d\/128294-2\/DSCF6887.jpg'><img src=http:\/\/ski.inmontanis.info\/d\/128293-3\/DSCF6887.jpg \/><\/a><br \/>\n^ Alte 4er Kabine? Wo war die denn?<\/p>\n<p><img src=http:\/\/ski.inmontanis.info\/d\/128298-2\/DSCF6909.jpg \/><br \/>\n^ PB-Strecke im Zoom<\/p>\n<p><a href='http:\/\/ski.inmontanis.info\/d\/128302-2\/DSCF6913.jpg'><img src=http:\/\/ski.inmontanis.info\/d\/128301-3\/DSCF6913.jpg \/><\/a><br \/>\n^ Zoom PB an St\u00fctze<\/p>\n<p><a href='http:\/\/ski.inmontanis.info\/d\/128306-2\/P1590990.jpg'><img src=http:\/\/ski.inmontanis.info\/d\/128305-3\/P1590990.jpg \/><\/a><br \/>\n^ Schautafeln der Vorg\u00e4nger-PB<\/p>\n<p><a href='http:\/\/ski.inmontanis.info\/d\/128310-2\/P1590993.jpg'><img src=http:\/\/ski.inmontanis.info\/d\/128309-3\/P1590993.jpg \/><\/a><br \/>\n^ Schautafel zum Abriss der Vorg\u00e4nger-PB<\/p>\n<p><a href='http:\/\/ski.inmontanis.info\/d\/128314-2\/P1590994.jpg'><img src=http:\/\/ski.inmontanis.info\/d\/128313-3\/P1590994.jpg \/><\/a><br \/>\n^ Schautafel der Vorg\u00e4nger-PB<\/p>\n<p>Ein kleines (qualitativ nicht besonderes) Video mit einer Kamera-Mitfahrt an der PB und der KDSB (jeweils in High-Speed) und ein paar Skifahren-mit-Seeblick-Eindr\u00fccken gibt&#8217;s auch:<\/p>\n<p><object style=\"height: 500px; width: 900px\"><param name=\"movie\" value=\"http:\/\/www.youtube.com\/v\/cl5YydvQIoU\"><\/param><param name=\"wmode\" value=\"transparent\"><\/param><embed src=\"http:\/\/www.youtube.com\/v\/cl5YydvQIoU\" type=\"application\/x-shockwave-flash\" wmode=\"transparent\"  width=\"900\" height=\"480\"><\/embed><\/object><\/p>\n<p>.. und a propos Lago Maggiore, hier noch 2 Mega-Stitch-Panos von Laveno vom Mai letzten Jahres:<\/p>\n<p><img src=http:\/\/ski.inmontanis.info\/d\/116644-3\/P1520334-356.jpg \/><\/p>\n<p><img src=http:\/\/ski.inmontanis.info\/d\/116713-3\/P1520151-166.jpg \/><\/p>\n","protected":false},"excerpt":{"rendered":"<p>Am Tag nach Oropa, also am 6.3.2011, ging&#8217;s nach Locarno, auf die (?) Cardada. Leider findet man ja nur einen m\u00e4\u00dfigen Schneebericht im Netz \u00e0 la &#8220;Skibetrieb: ja&#8221; &#8211; aber man erf\u00e4hrt nicht, ob z.B. die Abfahrt an der KDSB noch geht.<\/p>\n<p> <a href=\"http:\/\/blog.inmontanis.info\/?p=1543\">[&#8230;]<\/a><\/p>\n","protected":false},"author":1,"featured_media":0,"comment_status":"open","ping_status":"closed","sticky":false,"template":"","format":"standard","meta":{"footnotes":""},"categories":[752,14,27,81],"tags":[38,90,52,45,47],"class_list":["post-1543","post","type-post","status-publish","format-standard","hentry","category-cardada","category-swiss","category-skifahren-winterskiing-winter","category-kurztrips","tag-dsb","tag-infrarot","tag-pb","tag-see","tag-sl","odd"],"_links":{"self":[{"href":"http:\/\/blog.inmontanis.info\/index.php?rest_route=\/wp\/v2\/posts\/1543","targetHints":{"allow":["GET"]}}],"collection":[{"href":"http:\/\/blog.inmontanis.info\/index.php?rest_route=\/wp\/v2\/posts"}],"about":[{"href":"http:\/\/blog.inmontanis.info\/index.php?rest_route=\/wp\/v2\/types\/post"}],"author":[{"embeddable":true,"href":"http:\/\/blog.inmontanis.info\/index.php?rest_route=\/wp\/v2\/users\/1"}],"replies":[{"embeddable":true,"href":"http:\/\/blog.inmontanis.info\/index.php?rest_route=%2Fwp%2Fv2%2Fcomments&post=1543"}],"version-history":[{"count":3,"href":"http:\/\/blog.inmontanis.info\/index.php?rest_route=\/wp\/v2\/posts\/1543\/revisions"}],"predecessor-version":[{"id":9163,"href":"http:\/\/blog.inmontanis.info\/index.php?rest_route=\/wp\/v2\/posts\/1543\/revisions\/9163"}],"wp:attachment":[{"href":"http:\/\/blog.inmontanis.info\/index.php?rest_route=%2Fwp%2Fv2%2Fmedia&parent=1543"}],"wp:term":[{"taxonomy":"category","embeddable":true,"href":"http:\/\/blog.inmontanis.info\/index.php?rest_route=%2Fwp%2Fv2%2Fcategories&post=1543"},{"taxonomy":"post_tag","embeddable":true,"href":"http:\/\/blog.inmontanis.info\/index.php?rest_route=%2Fwp%2Fv2%2Ftags&post=1543"}],"curies":[{"name":"wp","href":"https:\/\/api.w.org\/{rel}","templated":true}]}}