{"id":1539,"date":"2011-03-05T23:00:12","date_gmt":"2011-03-05T22:00:12","guid":{"rendered":"http:\/\/blog.inmontanis.info\/?p=1539"},"modified":"2023-08-01T22:00:02","modified_gmt":"2023-08-01T20:00:02","slug":"oropa-5-3-2011","status":"publish","type":"post","link":"http:\/\/blog.inmontanis.info\/?p=1539","title":{"rendered":"Oropa, 5.3.2011"},"content":{"rendered":"<p>Dank eines Berichts im Alpinforum erfuhr ich, dass der Korblift in Oropa evtl. nur noch wenige Tage in Betrieb sein k\u00f6nnte, die Seilbahn startete eine Unterschriftenaktion f\u00fcr den Erhalt des Lifts. Ok, dann eben mal f\u00fcr ein Wochenende zum Lago Maggiore. 3303 k\u00fcndigte ebenfalls sein Kommen an (mit seinem Kumpel), da wir uns au\u00dferdem noch nicht 100%ig \u00fcber den Sonntag klar, trafen wir uns erst in Oropa&#8230;<!--more--><\/p>\n<p>Also hie\u00df es am Samstag fr\u00fch aufstehen. Ok, nicht so fr\u00fch, reicht ja wenn man so gegen 10\/11 Uhr in Oropa ist. Bedeutet aber trotzdem, dass man fr\u00fch aufstehen muss. Um ehrlich zu sein, ich hab heute keine Ahnung mehr, wann ich aufstand, oder wie ich dort hin fuhr. Glaub aber ich hab mich aufgrund der Zeit f\u00fcr die Strecke \u00fcber&#8217;n Brenner entschieden. 5,25 Stunden Fahrzeit lt. Routenplaner.<\/p>\n<p>Jedenfalls war ich vor 3303 in Oropa, aufgrund des quasi nicht vorhandenen Handy-Empfangs im Skigebiet (und der Tatsache, dass 3303 sein Handy eh im Auto vergessen h\u00e4tte :) ), war das Finden gar nicht soo einfach &#8211; aber irgendwann kamen sie dann mit dem Korlblift rauf.<\/p>\n<p>Wetterm\u00e4\u00dfig war&#8217;s leider nicht so sch\u00f6n wie gemeldet, aufgrund der starken Schneef\u00e4lle in den Tage zuvorh und der hohen Lawinengefahr war uns die Befahrung der Malpartus-Piste dann leider doch zu unsicher (keine Spuren und wir wussten ja nicht, wie genau die Piste verl\u00e4uft. Das Freeride-Rennen w\u00e4re nur wenige Wochenenden vorher gewesen, h\u00e4tte es nicht einen halben bis ganzen Meter geschneit, h\u00e4tten wir evtl. auf einer sch\u00f6n eingefahrenen Buckelpiste hinten rum fahren k\u00f6nnen. Schade.)<\/p>\n<p>Was die Qualit\u00e4t der Fotos angeht .. muss ich etwas weiter ausholen.<\/p>\n<p>Nachdem ich ja meine &#8220;alte&#8221; Digicam vor ein paar Monaten auf IR umgebaut hab, und gemerkt hab, dass ein Mehr an Zoom besonders bei IR sinnvoll ist, hab ich mir kurz vor meinem Oropa-Ausflug meine &#8220;neue&#8221; Cam umgebaut, also den IR-Sperrfilter ausgebaut, was gar kein so einfaches Unterfangen war:<\/p>\n<p>Schrauben, die nicht aufgingen und aufgebohrt werden mussten. Die Platine, die \u00fcbers\u00e4ht mit kleinen angel\u00f6teten Kabeln ist, von denen 4 ab- und sp\u00e4ter wieder angel\u00f6tet werden mussten. Der Sperrfilter, den man nur ausbauen konnte, indem man den Sensor ausbaute, der mittels Feder-Schrauben justiert war &#8211; und ohne korrekte Justierung Unsch\u00e4rfe und Autofokus produzierte (wodurch ich die Cam nachher noch ein paar mal zerlegen und nachjustieren durfte)&#8230;.<\/p>\n<p><a href='http:\/\/extra.inmontanis.info\/d\/7266-2\/P1590726.jpg'><img src=http:\/\/extra.inmontanis.info\/d\/7264-3\/P1590726.jpg \/><\/a><br \/>\n^ A ist aller Anfang (und aller Anfang ist leicht)<\/p>\n<p><a href='http:\/\/extra.inmontanis.info\/d\/7270-2\/P1590760.jpg'><img src=http:\/\/extra.inmontanis.info\/d\/7268-3\/P1590760.jpg \/><\/a><br \/>\n^ &#8230; einige Schrauben sp\u00e4ter &#8230;<\/p>\n<p><a href='http:\/\/extra.inmontanis.info\/d\/7274-2\/P1590767_001.jpg'><img src=http:\/\/extra.inmontanis.info\/d\/7272-3\/P1590767_001.jpg \/><\/a><br \/>\n^ Sehr ihr die 2 gro\u00dfen L\u00f6cher im Schwarzen unten? Nun, die halten das Objektiv zusammen mit den 2 genau dar\u00fcber&#8230; hinter der Platine .. die auf allen Seiten mit kleinen Kabeln angel\u00f6tet ist..<\/p>\n<p>Da hab ich mir f\u00fcr ein paar Euro das Service-Manual im Internet downgeloadet &#8211; ja, man muss zumindest die 4 Kabel links unten abl\u00f6ten, wenn man weiterkommen m\u00f6chte. Hallo? Was&#8217;n das f\u00fcr ein Design-Fehler?!<\/p>\n<p><a href='http:\/\/extra.inmontanis.info\/d\/7278-2\/P1590776_001.jpg'><img src=http:\/\/extra.inmontanis.info\/d\/7276-3\/P1590776_001.jpg \/><\/a><br \/>\n^ Optik samt Sensor<\/p>\n<p><a href='http:\/\/extra.inmontanis.info\/d\/7282-2\/P1590777_001.jpg'><img src=http:\/\/extra.inmontanis.info\/d\/7280-3\/P1590777_001.jpg \/><\/a><br \/>\n^ Sensor, der mit den 3 Feder-Schrauben angeschraubt ist &#8211; dass mir das noch den Nerv rauben wird, wusste ich damals noch nicht, sonst h\u00e4tte ich mir die genaue Tiefe der gefederten Schrauben besser angesehen &#8230;<\/p>\n<p><a href='http:\/\/extra.inmontanis.info\/d\/7286-2\/P1590778_001.jpg'><img src=http:\/\/extra.inmontanis.info\/d\/7284-3\/P1590778_001.jpg \/><\/a><br \/>\n^ Wieder mal eine Schraube, die klemmt? Aufbohren, wie schon ein paar andere Zuvor am Geh\u00e4use! Nervig&#8230;<\/p>\n<p><a href='http:\/\/extra.inmontanis.info\/d\/7290-2\/P1590779_001.jpg'><img src=http:\/\/extra.inmontanis.info\/d\/7288-3\/P1590779_001.jpg \/><\/a><br \/>\n^ Sperrfilter ausgebaut. Das war jetzt das Einfachste an der Geschichte&#8230;<\/p>\n<p>Jedenfalls hatte ich daher in Oropa keine &#8220;normale&#8221; Cam dabei. Hatte mir zwar extra einen IR-Sperrfilter gekauft (zum Aufschrauben vor dem Objektiv), allerdings funktionierte der nicht so gut &#8211; zumindest nicht auf der Cam: Mittig rot (als ob kein Filter drauf w\u00e4r) und seitlich gr\u00fcn. In den Fotos hab ich das teilweise korrigieren k\u00f6nnen, im Film dagegen nicht. Daher sind die Fotos von Oropa also leider nicht sooo toll geworden. Und den Filter hab ich danach wieder zur\u00fcckgeschickt. N\u00fctzt mir ja dann nichts :(<\/p>\n<p>Wirklich schlauer bin ich IR-m\u00e4\u00dfig aber auch in Oropa nicht geworden (auch wenn ich \u00fcber 500 Fotos mit beiden Cams (zusammen) gemacht hab!) &#8211; ob ich nun in Zukunft mit der alten oder mit der neuen Cam IR fotografieren soll &#8211; sie haben beide ihre Vor- und Nachteile. So hat die alte manchmal einen ziemlichen Hot-Spot, und produziert ein ziemliches Bildrauschen. Die neue macht daf\u00fcr flauere und teilweise unsch\u00e4rfere Fotos&#8230;.<\/p>\n<p>Nundenn, hier die Fotos aus Oropa, anklicken zum Vergr\u00f6\u00dfern. Und vielleicht kann 3303 ja noch ein paar professionellere Fotos online stellen :-)<\/p>\n<p><a href='http:\/\/ski.inmontanis.info\/d\/127710-2\/DSCF6515.jpg'><img src=http:\/\/ski.inmontanis.info\/d\/127709-3\/DSCF6515.jpg \/><\/a><br \/>\n^ Talstation Korblift. Das R\u00e4tsel mit der Pistenraupenzufahrt vom Sommer ist hiermit auch gel\u00f6st :-)<\/p>\n<p><a href='http:\/\/ski.inmontanis.info\/d\/127941-3\/P1590791a.jpg'><img src=http:\/\/ski.inmontanis.info\/d\/127940-4\/P1590791a.jpg \/><\/a><br \/>\n^ Korblift Talstation in Farb-IR<\/p>\n<p><a href='http:\/\/ski.inmontanis.info\/d\/127715-2\/P1590827.jpg'><img src=http:\/\/ski.inmontanis.info\/d\/127714-3\/P1590827.jpg \/><\/a><br \/>\n^ Korblift, oberer Teil. Abfahrt ist wie  auch schon vor der Freeride-Aktion pr\u00e4pariert.<\/p>\n<p><a href='http:\/\/ski.inmontanis.info\/d\/127719-2\/DSCF6533.jpg'><img src=http:\/\/ski.inmontanis.info\/d\/127718-3\/DSCF6533.jpg \/><\/a><br \/>\n^ Korb Nummer 54<\/p>\n<p><a href='http:\/\/ski.inmontanis.info\/d\/127723-2\/DSCF6544.jpg'><img src=http:\/\/ski.inmontanis.info\/d\/127722-3\/DSCF6544.jpg \/><\/a><br \/>\n^ Auch die Toiletten (3 St\u00fcck, geschlechtsneutral) in der Bergstation m\u00fcssen doch mal fotografiert werden, bevor die Station vielleicht mal modernisiert wird :-)<\/p>\n<p><img src=http:\/\/ski.inmontanis.info\/d\/127727-2\/P1590826.jpg \/><br \/>\n^ Es waren heute sehr viel Aufsteiger unterwegs. Und viele abseits der Piste, trotz der hohen Lawinengefahr.<\/p>\n<p><img src=http:\/\/ski.inmontanis.info\/d\/127731-2\/P1590828.jpg \/><br \/>\n^ Die Gummib\u00e4ren oder Erdm\u00e4nnchen oder was das sein soll ist eine Kunst-Installation, ziemlich eng, wenn man mit einem von denen im Korb ist.<\/p>\n<p><a href='http:\/\/ski.inmontanis.info\/d\/127735-2\/P1590830.jpg'><img src=http:\/\/ski.inmontanis.info\/d\/127734-3\/P1590830.jpg \/><\/a><br \/>\n^ Korblift mit Mucrone, leider doch viele Wolken heute &#8230;<\/p>\n<p><img src=http:\/\/ski.inmontanis.info\/d\/127739-2\/P1590835.jpg \/><br \/>\n^ Korblift und Monte Mucrone<\/p>\n<p><a href='http:\/\/ski.inmontanis.info\/d\/127743-2\/P1590841.jpg'><img src=http:\/\/ski.inmontanis.info\/d\/127742-3\/P1590841.jpg \/><\/a><br \/>\n^ Abfahrt im mittleren Teil<\/p>\n<p><a href='http:\/\/ski.inmontanis.info\/d\/127747-2\/P1590807a.jpg'><img src=http:\/\/ski.inmontanis.info\/d\/127746-3\/P1590807a.jpg \/><\/a><br \/>\n^ Korb an der Bergstation mit Monte Mars im Hintergrund (Infrarot)<\/p>\n<p><img src=http:\/\/ski.inmontanis.info\/d\/127945-3\/P1590851.jpg \/><br \/>\n^ IR-Pano (S\u00fcdwest)<\/p>\n<p><a href='http:\/\/ski.inmontanis.info\/d\/127751-2\/P1590850.jpg'><img src=http:\/\/ski.inmontanis.info\/d\/127750-3\/P1590850.jpg \/><\/a><br \/>\n^ 3303 kommt! (Nachcoloriertes s\/w-IR-Foto)<\/p>\n<p><a href='http:\/\/ski.inmontanis.info\/d\/127756-2\/P1590853.jpg'><img src=http:\/\/ski.inmontanis.info\/d\/127755-3\/P1590853.jpg \/><\/a><br \/>\n^ Bergstation IR und Gipfel (nachcoloriertes s\/w-IR)<\/p>\n<p><img src=http:\/\/ski.inmontanis.info\/d\/127760-2\/P1590859.jpg \/><br \/>\n^ S\u00fcdpano mit Mucrone (s\/w-IR-Pano, nachcoloriert, kontrastverst\u00e4rkt,&#8230;), ich find das Licht und die Stimmung in dem Bild unheimlich genial, fast schon religi\u00f6s.<\/p>\n<p><img src=http:\/\/ski.inmontanis.info\/d\/127764-2\/DSCF6583a.jpg \/><br \/>\n^ Leichter Ost-Zoom in IR (um die 65\u00b0), links Monte Disgrazia, 156 km<\/p>\n<p><img src=http:\/\/ski.inmontanis.info\/d\/127768-2\/P1590865.jpg \/><br \/>\n^ Ost-IR-Zoom (65 km), links die markante Spitze: Pizzo Scalino, 172km<\/p>\n<p><a href='http:\/\/ski.inmontanis.info\/d\/127772-2\/DSCF6587.jpg'><img src=http:\/\/ski.inmontanis.info\/d\/127771-3\/DSCF6587.jpg \/><\/a><br \/>\n^ IR-Zoom Pizzo Arera, Presolana, 150-170 km<\/p>\n<p><img src=http:\/\/ski.inmontanis.info\/d\/127776-3\/P1590866.jpg \/><br \/>\n^ IR-Zoom Bernina (172 km), Zupo (173 km), Disgrazia (156 km)<\/p>\n<p><img src=http:\/\/ski.inmontanis.info\/d\/127780-3\/P1590980.jpg \/><br \/>\n^ Abendlicher IR-Zoom Bernina (172 km), Zupo (173 km), Disgrazia (156 km)<\/p>\n<p><img src=http:\/\/ski.inmontanis.info\/d\/127784-3\/DSCF6595.jpg \/><br \/>\n^ Die Skigbebiete im Hintergrund, auf der anderen Seite der Po-Ebene, sind ca. 160-170 km entfernt. Bin mir nich ganz sicher, k\u00f6nnte St. Gree und Garessio sein<\/p>\n<p><a href='http:\/\/ski.inmontanis.info\/d\/127788-3\/DSCF6623.jpg'><img src=http:\/\/ski.inmontanis.info\/d\/127787-3\/DSCF6623.jpg \/><\/a><br \/>\n^ IR-Pano S\u00fcd-West<\/p>\n<p><img src=http:\/\/ski.inmontanis.info\/d\/127792-3\/P1590857.jpg \/><br \/>\n^ S\u00fcdwest-Pano mit Monte Viso<\/p>\n<p><a href='http:\/\/ski.inmontanis.info\/d\/127796-3\/P1590868.jpg'><img src=http:\/\/ski.inmontanis.info\/d\/127795-3\/P1590868.jpg \/><\/a><br \/>\n^ IR-Zoom Mont Blanc (86 km)<\/p>\n<p><a href='http:\/\/ski.inmontanis.info\/d\/127800-3\/DSCF6637.jpg'><img src=http:\/\/ski.inmontanis.info\/d\/127799-3\/DSCF6637.jpg \/><\/a><br \/>\n^ Ex-PB Mucrone. Vor wenigen Jahren stand die Gondel noch in der Station &#8230;<\/p>\n<p><a href='http:\/\/ski.inmontanis.info\/d\/127804-3\/DSCF6638.jpg'><img src=http:\/\/ski.inmontanis.info\/d\/127803-3\/DSCF6638.jpg \/><\/a><br \/>\n^ .. davor ein paar Fundamente eines der abgerissenen SL<\/p>\n<p><a href='http:\/\/ski.inmontanis.info\/d\/127808-3\/DSCF6642.jpg'><img src=http:\/\/ski.inmontanis.info\/d\/127807-3\/DSCF6642.jpg \/><\/a><br \/>\n^ Blick vom Parkplatz hinauf, man sieht (aber erkennt es kaum) die Strecke der PB, die Talabfahrt und die PB-Bergstation.<\/p>\n<p><img src=http:\/\/ski.inmontanis.info\/d\/127812-3\/DSCF6643.jpg \/><br \/>\n^ .. und im Zoom vom Parkplatz aus: Alte und neue PB &#8211; Strecke, PB-Bergstation, Korblift-Talstation, Rifugio<\/p>\n<p><a href='http:\/\/ski.inmontanis.info\/d\/127816-3\/DSCF6644.jpg'><img src=http:\/\/ski.inmontanis.info\/d\/127815-3\/DSCF6644.jpg \/><\/a><br \/>\n^ Hier gibt&#8217;s 32 verschiedene hei\u00dfe Schokoladen? Krass&#8230; (Die Nummern 9, 24, 27, 28, 29 fehlen ?!)<\/p>\n<p><a href='http:\/\/ski.inmontanis.info\/d\/127820-3\/DSCF6651.jpg'><img src=http:\/\/ski.inmontanis.info\/d\/127819-3\/DSCF6651.jpg \/><\/a><br \/>\n^ Aktion Rettet den Korblift!<\/p>\n<p><a href='http:\/\/ski.inmontanis.info\/d\/127824-3\/DSCF6655.jpg'><img src=http:\/\/ski.inmontanis.info\/d\/127823-3\/DSCF6655.jpg \/><\/a><br \/>\n^ Glatter Versto\u00df gegen die Sicherheitsrichtlinien :-)<\/p>\n<p><a href='http:\/\/ski.inmontanis.info\/d\/127828-3\/DSCF6657.jpg'><img src=http:\/\/ski.inmontanis.info\/d\/127827-3\/DSCF6657.jpg \/><\/a><br \/>\n^ Leichter Zoom gen Tal, man erkennt auch die Talabfahrt (Weg unten rechts)<\/p>\n<p>(Falls sich noch einer an den alten Pistenplan erinnert, man kann im Bild die Verl\u00e4ngerung der Abfahrt erkennen, die auf die n\u00e4chsten Bergr\u00fccken f\u00fchrt, wo in dem Plan ein Lift eingezeichnet war. Hab ein paar Zoomfotos gemacht, konnte aber nichts erkennen. M\u00fcsste man mal im Sommer vom Tal aus ansehen.)<\/p>\n<p><img src=http:\/\/ski.inmontanis.info\/d\/127832-3\/DSCF6661.jpg \/><br \/>\n^ Viva Italia :-)<\/p>\n<p><a href='http:\/\/ski.inmontanis.info\/d\/127836-3\/DSCF6667.jpg'><img src=http:\/\/ski.inmontanis.info\/d\/127835-3\/DSCF6667.jpg \/><\/a><br \/>\n^ Zoom ins Tal. Na, wer entdeckt die beiden PB-St\u00fctzen?<\/p>\n<p><a href='http:\/\/ski.inmontanis.info\/d\/127840-3\/DSCF6670.jpg'><img src=http:\/\/ski.inmontanis.info\/d\/127839-3\/DSCF6670.jpg \/><\/a><br \/>\n^ Ein paar Freerider &#8230;.<\/p>\n<p>An der Capanna Renata sind wir mit ein paar Einheimischen ins Gespr\u00e4ch gekommen &#8211; die haben sich schwer gewundert, woher wir dieses Skigebiet hier kennen und konnten sich gar nicht mehr einkriegen :-)<\/p>\n<p>Zum Schluss sind wir wieder auf den Gipfel und wollten bis Sonnenuntergang bleiben. Meinen beiden Mitstreitern war&#8217;s aber irgendwann zu kalt und sie sind abgefahren &#8211; und wurden prompt von den Pistenraupenfahrern bedr\u00e4ngt! Da die Wolken wieder st\u00e4rker wurden, bin auch nicht nicht bis zum Schluss geblieben, die Abfahrt war allerdings ziemlich katastrophal &#8211; die Pistenraupe ist ohne Fr\u00e4se\/Gl\u00e4tter raufgefahren, und es wurde ja auch schon langsam dunkel &#8230;. mir ist die Pistenraupe weiter unten begegnet, zum Gl\u00fcck an einer breiten Stelle, wo ich bequem vorbei fahren konnte und ein &#8220;Ciao!&#8221; zu ihnen r\u00fcbergerufen hab &#8211; ohne mich auf eine gro\u00dfe Diskussion mit denen einlassen zu m\u00fcssen :)<\/p>\n<p><a href='http:\/\/ski.inmontanis.info\/d\/127949-3\/DSCF6700.jpg'><img src=http:\/\/ski.inmontanis.info\/d\/127948-4\/DSCF6700.jpg \/><\/a><br \/>\n^ Aufstieg zum Gipfel<\/p>\n<p><img src=http:\/\/ski.inmontanis.info\/d\/127845-3\/DSCF6715-16.jpg \/><br \/>\n^ IR-Pano<\/p>\n<p><img src=http:\/\/ski.inmontanis.info\/d\/127849-3\/DSCF6680.jpg \/><br \/>\n^ Zoom Mucrone \/ S\u00fcdalpen<\/p>\n<p><img src=http:\/\/ski.inmontanis.info\/d\/127853-3\/DSCF6676.jpg \/><br \/>\n^ Zoom S\u00fcdalpen. Da vorne stehen 5 Kreuze?<\/p>\n<p><img src=http:\/\/ski.inmontanis.info\/d\/127857-3\/P1590956.jpg \/><br \/>\n^ IR-Zoom S\u00fcdalpen<\/p>\n<p><img src=http:\/\/ski.inmontanis.info\/d\/127861-3\/P1590897a.jpg \/><br \/>\n^ IR-Zoom Biella, Ebene und Appennin im Hintergrund (ca. 150-170 km)<\/p>\n<p><a href='http:\/\/ski.inmontanis.info\/d\/127865-3\/P1590917a.jpg'><img src=http:\/\/ski.inmontanis.info\/d\/127864-3\/P1590917a.jpg \/><\/a><br \/>\n^ IR-Zoom Grand Combin, 60 km<\/p>\n<p><img src=http:\/\/ski.inmontanis.info\/d\/127869-3\/P1590919a.jpg \/><br \/>\n^ Nord-Ost-IR-Zoom (h\u00f6chster links: Rheinwaldhorn, 127 km)<\/p>\n<p><img src=http:\/\/ski.inmontanis.info\/d\/127873-3\/P1590937.jpg \/><br \/>\n^ IR-Gipfel-Pano \u00fcber die Ebene<\/p>\n<p><img src=http:\/\/ski.inmontanis.info\/d\/127877-3\/DSCF6719.jpg \/><br \/>\n^ 3303 am Gipfel-Leuchtturm(?)<\/p>\n<p><a href='http:\/\/ski.inmontanis.info\/d\/127881-3\/DSCF6720.jpg'><img src=http:\/\/ski.inmontanis.info\/d\/127880-3\/DSCF6720.jpg \/><\/a><br \/>\n^ Haufenweise Antennen, aber keine Handy-Antenne und auch kein Handy-Empfang hier oben (!!) (und das in Italien!)<\/p>\n<p><img src=http:\/\/ski.inmontanis.info\/d\/127885-3\/DSCF6722.jpg \/><br \/>\n^ Fotograf bei der Arbeit :-) Aber in Normal sieht man doch da unten nix &#8230; da m\u00fcssen wir den IR-Filter draufschrauben!!<\/p>\n<p><img src=http:\/\/ski.inmontanis.info\/d\/127889-3\/P1590948a.jpg \/><br \/>\n^ .. in IR sieht man die Ebene schon etwas besser, die Wolken st\u00f6ren heute aber ungemein.<\/p>\n<p><img src=http:\/\/ski.inmontanis.info\/d\/127893-3\/P1590949a.jpg \/><br \/>\n^ .. noch ein IR-Foto von den beiden<\/p>\n<p><a href='http:\/\/ski.inmontanis.info\/d\/127897-3\/DSCF6723.jpg'><img src=http:\/\/ski.inmontanis.info\/d\/127896-4\/DSCF6723.jpg \/><\/a><br \/>\n^ Kaum stand der Lift still, k\u00e4mpfte sich auch die Pistenraupe durch den aufgefahrenen Schnee nach oben, was leider f\u00fcr beide Seiten nicht sch\u00f6n war.<\/p>\n<p><img src=http:\/\/ski.inmontanis.info\/d\/127901-3\/DSCF6733.jpg \/><br \/>\n^ 3303 im Zoom vers Ex-PB und Ex-PB-Abfahrt Mucrone<\/p>\n<p><a href='http:\/\/ski.inmontanis.info\/d\/127905-3\/DSCF6738.jpg'><img src=http:\/\/ski.inmontanis.info\/d\/127904-4\/DSCF6738.jpg \/><\/a><br \/>\n^ Auch selten &#8211; Biella vom Gipfel aus  ohne IR-Cam zu erkennen.<\/p>\n<p><img src=http:\/\/ski.inmontanis.info\/d\/127909-3\/P1590965.jpg \/><br \/>\n^ Tal-Blick in Infrarot (Originalfarbe)<\/p>\n<p><img src=http:\/\/ski.inmontanis.info\/d\/127913-3\/DSCF6746.jpg \/><br \/>\n^ Umkehrplatz f\u00fcr die Pistenraupe &#8211; Panorama inklusive<\/p>\n<p><a href='http:\/\/ski.inmontanis.info\/d\/127917-3\/DSCF6754.jpg'><img src=http:\/\/ski.inmontanis.info\/d\/127916-4\/DSCF6754.jpg \/><\/a><br \/>\n^ Hinter Gittern :-)<\/p>\n<p><a href='http:\/\/ski.inmontanis.info\/d\/127921-3\/P1590976.jpg'><img src=http:\/\/ski.inmontanis.info\/d\/127920-4\/P1590976.jpg \/><\/a><br \/>\n^ Der arme Kerl wird von der Pistenraupe ziemlich bedr\u00e4ngt&#8230;<\/p>\n<p><a href='http:\/\/ski.inmontanis.info\/d\/127925-3\/P1590986.jpg'><img src=http:\/\/ski.inmontanis.info\/d\/127924-4\/P1590986.jpg \/><\/a><br \/>\n^ Abendliches IR-Ost-Pano. Leider durch die Wolken sehr d\u00fcster&#8230;<\/p>\n<p><a href='http:\/\/ski.inmontanis.info\/d\/127929-3\/DSCF6764.jpg'><img src=http:\/\/ski.inmontanis.info\/d\/127928-4\/DSCF6764.jpg \/><\/a><br \/>\n^ Die letzten Sonnenstrahlen. Leider zu viele Wolken heute Abend.<\/p>\n<p><img src=http:\/\/ski.inmontanis.info\/d\/127933-3\/DSCF6773.jpg \/><br \/>\n^ Die letzten Sonnenstrahlen am Korblift.<\/p>\n<p><a href='http:\/\/ski.inmontanis.info\/d\/127937-3\/DSCF6775.jpg'><img src=http:\/\/ski.inmontanis.info\/d\/127936-4\/DSCF6775.jpg \/><\/a><br \/>\n^ Monte Mucrone im Abendlicht<\/p>\n<p><a href='http:\/\/ski.inmontanis.info\/d\/127953-3\/DSCF6736.jpg'><img src=http:\/\/ski.inmontanis.info\/d\/127952-4\/DSCF6736.jpg \/><\/a><br \/>\n^ Bielmonte im Zoom von Oropa<\/p>\n<p>&#8212;<\/p>\n<p>Video mit Korblift-Auffahrt, Skiabfahrt-Kameramitfahrt und ein bissl PB-Mitfahrt:<br \/>\n<object style=\"height: 500px; width: 900px\"><param name=\"movie\" value=\"http:\/\/www.youtube.com\/v\/DawEEHW9uE4\"><\/param><param name=\"wmode\" value=\"transparent\"><\/param><embed src=\"http:\/\/www.youtube.com\/v\/DawEEHW9uE4\" type=\"application\/x-shockwave-flash\" wmode=\"transparent\"  width=\"900\" height=\"480\"><\/embed><\/object><br \/>\n<a href=\"http:\/\/www.youtube.com\/watch?v=DawEEHW9uE4\">http:\/\/www.youtube.com\/watch?v=DawEEHW9uE4<\/a><br \/>\nNun stand uns noch die Zimmersuche bevor &#8211; da ich ein g\u00fcnstiges Motel zwischen Gravellona und Domodossola kannte und ich ansonsten Zweifel hatte, dass wir am Lago Maggiore etwas finden und dort dann noch Essen k\u00f6nnen, sind wir auf dem Weg zur Autobahn noch in eine Pizzeria gegangen und waren dann irgendwann so gegen oder nach ? 22 Uhr ? an dem Motel am Taleingang nach Macugnaga (und leider hab ich wieder ein Raucherzimmer erhalten)&#8230;.<\/p>\n","protected":false},"excerpt":{"rendered":"<p>Dank eines Berichts im Alpinforum erfuhr ich, dass der Korblift in Oropa evtl. nur noch wenige Tage in Betrieb sein k\u00f6nnte, die Seilbahn startete eine Unterschriftenaktion f\u00fcr den Erhalt des Lifts. Ok, dann eben mal f\u00fcr ein Wochenende zum Lago Maggiore. 3303 k\u00fcndigte ebenfalls sein Kommen an (mit seinem Kumpel), da wir uns au\u00dferdem noch <a href=\"http:\/\/blog.inmontanis.info\/?p=1539\">[&#8230;]<\/a><\/p>\n","protected":false},"author":1,"featured_media":0,"comment_status":"open","ping_status":"closed","sticky":false,"template":"","format":"standard","meta":{"footnotes":""},"categories":[15,59,443,27,81],"tags":[90,63,80,52],"class_list":["post-1539","post","type-post","status-publish","format-standard","hentry","category-italienitaly","category-nostalgie","category-oropa","category-skifahren-winterskiing-winter","category-kurztrips","tag-infrarot","tag-korblift","tag-marchisio","tag-pb","odd"],"_links":{"self":[{"href":"http:\/\/blog.inmontanis.info\/index.php?rest_route=\/wp\/v2\/posts\/1539","targetHints":{"allow":["GET"]}}],"collection":[{"href":"http:\/\/blog.inmontanis.info\/index.php?rest_route=\/wp\/v2\/posts"}],"about":[{"href":"http:\/\/blog.inmontanis.info\/index.php?rest_route=\/wp\/v2\/types\/post"}],"author":[{"embeddable":true,"href":"http:\/\/blog.inmontanis.info\/index.php?rest_route=\/wp\/v2\/users\/1"}],"replies":[{"embeddable":true,"href":"http:\/\/blog.inmontanis.info\/index.php?rest_route=%2Fwp%2Fv2%2Fcomments&post=1539"}],"version-history":[{"count":4,"href":"http:\/\/blog.inmontanis.info\/index.php?rest_route=\/wp\/v2\/posts\/1539\/revisions"}],"predecessor-version":[{"id":8995,"href":"http:\/\/blog.inmontanis.info\/index.php?rest_route=\/wp\/v2\/posts\/1539\/revisions\/8995"}],"wp:attachment":[{"href":"http:\/\/blog.inmontanis.info\/index.php?rest_route=%2Fwp%2Fv2%2Fmedia&parent=1539"}],"wp:term":[{"taxonomy":"category","embeddable":true,"href":"http:\/\/blog.inmontanis.info\/index.php?rest_route=%2Fwp%2Fv2%2Fcategories&post=1539"},{"taxonomy":"post_tag","embeddable":true,"href":"http:\/\/blog.inmontanis.info\/index.php?rest_route=%2Fwp%2Fv2%2Ftags&post=1539"}],"curies":[{"name":"wp","href":"https:\/\/api.w.org\/{rel}","templated":true}]}}