{"id":1536,"date":"2011-02-26T23:00:35","date_gmt":"2011-02-26T22:00:35","guid":{"rendered":"http:\/\/blog.inmontanis.info\/?p=1536"},"modified":"2023-08-02T21:39:21","modified_gmt":"2023-08-02T19:39:21","slug":"recoaro-verena-26-2-2011","status":"publish","type":"post","link":"http:\/\/blog.inmontanis.info\/?p=1536","title":{"rendered":"Recoaro + Verena, 26.2.2011"},"content":{"rendered":"<p>Nachdem ich im Rahmen meiner ersten Italien-Ski-Rundreise 2006 Recoaro Mille und Monte Verena besucht hab, war es nun an der Zeit f\u00fcr einen Wiederholungsbesuch.<!--more--><\/p>\n<p>(Recoaro Mille liegt \u00f6stlich der Monte Lessini (bzw. geh\u00f6rt vmtl. gerade noch dazu), d.h. also s\u00fcd\u00f6stlich von Trient\/Rovereto, Monte Verena liegt am westlichen Ende des Altopiano di 7 Communi (Asiago!))<\/p>\n<p>Von der Bergstation in Recoaro bzw. mit etwas Aufstieg zum Gipfel, sollte n\u00e4mlich der Monte Viso in 400km Entfernung zu sehen sein. Und \u00fcberhaupt sollte man einen tollen Blick auf die Adria haben.<\/p>\n<p>Nun, ich hab nichts von beidem gesehen &#8211; die Smog- oder Nebeldecke \u00fcber der Ebene war leider zu stark, auch f\u00fcr meine IR-Cam.<\/p>\n<p>Ein bi\u00dfchen Schade ist es zwar schon, dass der ESL nicht mehr steht, aber die DSB mit F\u00f6rderbandeinstieg ist rasend schnell (3,5 m\/s oder so) und aufgrund der L\u00e4nge, der H\u00f6henmeter und den diversen Abfahrtsvarianten ganz nett.<\/p>\n<p>Weniger spannend fand ich da diesmal den Monte Verena (etwas \u00fcber 1h Autofahrt entfernt) &#8211; die Abfahrten sind gr\u00f6\u00dftenteils doch recht flach und breit. Unsereins f\u00e4hrt halt wegen den vielen Graffer-Lifte mit den blauen St\u00fctzen her &#8230;.<\/p>\n<p>Fotos, anklicken zum Vergr\u00f6\u00dfern, soweit nicht vergr\u00f6\u00dfert gepostet:<\/p>\n<p><a href='http:\/\/extra.inmontanis.info\/d\/7246-2\/DSCF6199.jpg'><img src=http:\/\/extra.inmontanis.info\/d\/7244-3\/DSCF6199.jpg \/><\/a><br \/>\n^ Pass\u00fcbergang Fugazze \/ Pas\u00fabio, am Hang stand einst ein SL, 2006 stand er noch, mittlerweile scheint er abgerissen.<\/p>\n<p>2006:<\/p>\n<p><a href='http:\/\/ski.inmontanis.info\/d\/39468-2\/P1020825.jpg'><img src=http:\/\/ski.inmontanis.info\/d\/39468-2\/P1020825.jpg \/><\/a><br \/>\n^ Stillgelegter SL am Passo Fugazze<\/p>\n<p><a href='http:\/\/extra.inmontanis.info\/d\/7250-2\/DSCF6193.jpg'><img src=http:\/\/extra.inmontanis.info\/d\/7248-3\/DSCF6193.jpg \/><\/a><br \/>\n^ Landschaftlich reizvolle Strecke: Das Tal von Rovereto  nach Pas\u00fabio. Interessanterweise gibt&#8217;s auf der anderen Talseite ebenfalls eine Stra\u00dfe.. muss ich n\u00e4chstes Mal mal fahren.<\/p>\n<p><a href='http:\/\/ski.inmontanis.info\/d\/127458-3\/ge_recoaro2011.jpg'><img src=http:\/\/ski.inmontanis.info\/d\/127457-4\/ge_recoaro2011.jpg \/><\/a><br \/>\n^ GPS-Track Recoaro 2011<\/p>\n<p><a href='http:\/\/ski.inmontanis.info\/d\/127462-3\/DSCF6208.jpg'><img src=http:\/\/ski.inmontanis.info\/d\/127461-4\/DSCF6208.jpg \/><\/a><br \/>\n^ Pistenplan<\/p>\n<p><a href='http:\/\/ski.inmontanis.info\/d\/127466-3\/DSCF6209.jpg'><img src=http:\/\/ski.inmontanis.info\/d\/127465-4\/DSCF6209.jpg \/><\/a><br \/>\n^ Die (f\u00fcr mich) neue DSB Montefalcone, lang und schnell.<\/p>\n<p><a href='http:\/\/ski.inmontanis.info\/d\/127470-3\/DSCF6211.jpg'><img src=http:\/\/ski.inmontanis.info\/d\/127469-4\/DSCF6211.jpg \/><\/a><br \/>\n^ Die Talstation der DSB befindet sich etwas unterhalb von der ehemaligen ESL-Talstation (das kleine gelbe Haus links daneben)<\/p>\n<p><a href='http:\/\/ski.inmontanis.info\/d\/127474-3\/DSCF6213.jpg'><img src=http:\/\/ski.inmontanis.info\/d\/127473-4\/DSCF6213.jpg \/><\/a><br \/>\n^ Auch die DSB hat wieder einen Zwischenausstieg bekommen<\/p>\n<p><a href='http:\/\/ski.inmontanis.info\/d\/127478-3\/DSCF6214.jpg'><img src=http:\/\/ski.inmontanis.info\/d\/127477-4\/DSCF6214.jpg \/><\/a><br \/>\n^ Es gibt im oberen Bereich 2 offizielle Abfahrten und einen unpr\u00e4parierten Hang dazwischen.<\/p>\n<p><a href='http:\/\/ski.inmontanis.info\/d\/127482-3\/DSCF6215.jpg'><img src=http:\/\/ski.inmontanis.info\/d\/127481-4\/DSCF6215.jpg \/><\/a><br \/>\n^ DSB Montefalcone<\/p>\n<p><img src=http:\/\/ski.inmontanis.info\/d\/127486-3\/P1590599.jpg \/><br \/>\n^ IR-Pano von der Bergstation<\/p>\n<p><img src=http:\/\/ski.inmontanis.info\/d\/127490-3\/P1590601.jpg \/><br \/>\n^ IR-Pano von der Bergstation<\/p>\n<p><img src=http:\/\/ski.inmontanis.info\/d\/127494-3\/DSCF6216-19.jpg \/><br \/>\n^ Stitch-Pano von der Bergstation samt Rifugio und Abfahrt<\/p>\n<p><a href='http:\/\/ski.inmontanis.info\/d\/127498-3\/DSCF6220.jpg'><img src=http:\/\/ski.inmontanis.info\/d\/127497-4\/DSCF6220.jpg \/><\/a><br \/>\n^ Pano auf die R\u00fcckseite<\/p>\n<p><a href='http:\/\/ski.inmontanis.info\/d\/127502-3\/P1590603.jpg'><img src=http:\/\/ski.inmontanis.info\/d\/127501-4\/P1590603.jpg \/><\/a><br \/>\n^ R\u00fcckseitenpano in IR<\/p>\n<p><a href='http:\/\/ski.inmontanis.info\/d\/127506-3\/DSCF6226.jpg'><img src=http:\/\/ski.inmontanis.info\/d\/127505-4\/DSCF6226.jpg \/><\/a><br \/>\n^ Start der Abfahrt, nett schmal am Grat entlang hier oben.<\/p>\n<p><a href='http:\/\/ski.inmontanis.info\/d\/127510-3\/DSCF6228.jpg'><img src=http:\/\/ski.inmontanis.info\/d\/127509-4\/DSCF6228.jpg \/><\/a><br \/>\n^ .. gleicher Standort, umgedrehter Blick. Normalerweise sollte man hier locker die Adria sehen k\u00f6nnen. Heute leider nicht.<\/p>\n<p><a href='http:\/\/ski.inmontanis.info\/d\/127548-3\/P1590611.jpg'><img src=http:\/\/ski.inmontanis.info\/d\/127547-4\/P1590611.jpg \/><\/a><br \/>\n^ .. und in IR, selbst hier sieht man heute die Adria nicht.<\/p>\n<p><img src=http:\/\/ski.inmontanis.info\/d\/127515-3\/DSCF6250-51.jpg \/><br \/>\n^ Abfahrts-Pano oberer Teil<\/p>\n<p><a href='http:\/\/ski.inmontanis.info\/d\/127519-3\/DSCF6229.jpg'><img src=http:\/\/ski.inmontanis.info\/d\/127518-4\/DSCF6229.jpg \/><\/a><br \/>\n^ Zwischen den Abfahrten im oberen Teil steht ein altes Haus, Malga Campetto di Recoaro. Hat wohl was mit dem WW II zu tun.<\/p>\n<p><a href='http:\/\/ski.inmontanis.info\/d\/127523-3\/DSCF6230.jpg'><img src=http:\/\/ski.inmontanis.info\/d\/127522-4\/DSCF6230.jpg \/><\/a><br \/>\n^ Ordentlich in Szene gesetzt .. kann auch ein Fangzaun ein nettes Bild ergeben.<\/p>\n<p><a href='http:\/\/ski.inmontanis.info\/d\/127527-3\/P1590612.jpg'><img src=http:\/\/ski.inmontanis.info\/d\/127526-4\/P1590612.jpg \/><\/a><br \/>\n^ IR-Pano (ca. Nord-Ost)<\/p>\n<p><a href='http:\/\/ski.inmontanis.info\/d\/127532-3\/DSCF6240.jpg'><img src=http:\/\/ski.inmontanis.info\/d\/127531-4\/DSCF6240.jpg \/><\/a><br \/>\n^ Bergstation, Rifugio und Offpiste-H\u00e4nge<\/p>\n<p><img src=http:\/\/ski.inmontanis.info\/d\/127536-3\/DSCF6246.jpg \/><br \/>\n^ Blick von der \u00dcbungs-DSB r\u00fcber zur langen Montefalcone-DSB (ca. 1700m, 570hm) mit ihren Abfahrtsvarianten<\/p>\n<p><img src=http:\/\/ski.inmontanis.info\/d\/127540-3\/DSCF6249.jpg \/><br \/>\n^ Oberer Teil Montefalcone, hier sieht man die Pisten kaum und stattdessen eher den unpr\u00e4parierten Hang dazwischen, der \u00fcbrigens ganz sch\u00f6n steil ist!<\/p>\n<p><a href='http:\/\/ski.inmontanis.info\/d\/127544-3\/P1590626.jpg'><img src=http:\/\/ski.inmontanis.info\/d\/127543-4\/P1590626.jpg \/><\/a><br \/>\n^ Fernsicht war leider bescheiden, selbst die nur 170km entfernten Gipfel des n\u00f6rdlichen Appennins kann man kaum erkennen &#8230;.<\/p>\n<p><a href='http:\/\/ski.inmontanis.info\/d\/127552-3\/DSCF6237.jpg'><img src=http:\/\/ski.inmontanis.info\/d\/127551-4\/DSCF6237.jpg \/><\/a><br \/>\n^ DSB Montefalcone vorne und die gegen\u00fcberliegenden \u00dcbungs-Lifte (DSB und SL)<\/p>\n<p>&#8212;&#8212;&#8212;&#8212;-<\/p>\n<p>Noch einige Fotos von 2006 zur Erg\u00e4nzung:<\/p>\n<p><a href='http:\/\/ski.inmontanis.info\/d\/25911-2\/P1020861.jpg'><img src=http:\/\/ski.inmontanis.info\/d\/25911-2\/P1020861.jpg \/><\/a><br \/>\n^ Talstation des ESL<\/p>\n<p><a href='http:\/\/ski.inmontanis.info\/d\/25848-2\/P1020834.jpg'><img src=http:\/\/ski.inmontanis.info\/d\/25848-2\/P1020834.jpg \/><\/a><br \/>\n^ Interessante Niederhalterportalst\u00fctze. Irgendwie erinnert mich die Form an ein altes Skigebietslogo &#8230;<\/p>\n<p><a href='http:\/\/ski.inmontanis.info\/d\/25842-2\/P1020831.jpg'><img src=http:\/\/ski.inmontanis.info\/d\/25842-2\/P1020831.jpg \/><\/a><br \/>\n^ Oberer Teil des ESLs<\/p>\n<p><a href='http:\/\/ski.inmontanis.info\/d\/25860-2\/P1020839.jpg'><img src=http:\/\/ski.inmontanis.info\/d\/25860-2\/P1020839.jpg \/><\/a><br \/>\n^ Ausfahrt aus der Bergstation<\/p>\n<p><a href='http:\/\/ski.inmontanis.info\/d\/25905-2\/P1020859.jpg'><img src=http:\/\/ski.inmontanis.info\/d\/25905-2\/P1020859.jpg \/><\/a><br \/>\n^ Talstation ESL und DSB, sowie die alte Talstation des Doppel-SL, der vor der DSB hier den Hang bediente&#8230;<\/p>\n<p>&#8212;&#8212;&#8212;&#8212;-<\/p>\n<p>Die Fahrt nach Schio bin ich diesmal ausnahmsweise \u00fcber den Mauttunnel gefahren &#8211; allerdings hab ich nicht damit gerechnet, dass da weder jemand sitzt, noch es einen M\u00fcnzeinwurf gibt. F\u00fcr die 2,50 oder was das war, m\u00fcsste man also entweder eine 10,- \u00a4 Viacard kaufen, oder mit Kreditkarte zahlen.<\/p>\n<p><a href='http:\/\/extra.inmontanis.info\/d\/7254-2\/DSCF6254.jpg'><img src=http:\/\/extra.inmontanis.info\/d\/7252-3\/DSCF6254.jpg \/><\/a><br \/>\n^ M\u00fcnzeinwurf an der Mautschranke? Fehlanzeige. Hier h\u00e4tte man sich eine Viacard um 10,- kaufen k\u00f6nnen &#8211; und was soll ich mit dem Rest? Bankomat? Ohne Pin, nix. Also dann halt doch mit Kreditkarte&#8230;.<\/p>\n<p><a href='http:\/\/ski.inmontanis.info\/d\/127556-3\/ge_verena2011.jpg'><img src=http:\/\/ski.inmontanis.info\/d\/127555-4\/ge_verena2011.jpg \/><\/a><br \/>\n^ GPS-Track Verena 2011<\/p>\n<p><a href='http:\/\/ski.inmontanis.info\/d\/127560-3\/DSCF6235.jpg'><img src=http:\/\/ski.inmontanis.info\/d\/127559-4\/DSCF6235.jpg \/><\/a><br \/>\n^ Zoom Skigebiet Monte Verena von  Recoaro Mille (Montefalcone)<\/p>\n<p><a href='http:\/\/ski.inmontanis.info\/d\/127564-3\/DSCF6259.jpg'><img src=http:\/\/ski.inmontanis.info\/d\/127563-4\/DSCF6259.jpg \/><\/a><br \/>\n^ SL Buco Neve (vorne) war in Betrieb, SL Verena (hinten) leider wieder nicht :-( (Also nur mit DSB nach oben)<\/p>\n<p><a href='http:\/\/ski.inmontanis.info\/d\/127568-3\/DSCF6272.jpg'><img src=http:\/\/ski.inmontanis.info\/d\/127567-4\/DSCF6272.jpg \/><\/a><br \/>\n^ Doppel-DSB<\/p>\n<p><a href='http:\/\/ski.inmontanis.info\/d\/127572-3\/P1590634.jpg'><img src=http:\/\/ski.inmontanis.info\/d\/127571-4\/P1590634.jpg \/><\/a><br \/>\n^ IR-Pano<\/p>\n<p><a href='http:\/\/ski.inmontanis.info\/d\/127576-3\/DSCF6277.jpg'><img src=http:\/\/ski.inmontanis.info\/d\/127575-4\/DSCF6277.jpg \/><\/a><br \/>\n^ DSB-Pano<\/p>\n<p><img src=http:\/\/ski.inmontanis.info\/d\/127580-3\/DSCF6280-83.jpg \/><br \/>\n^ Fast-Gipfel-Pano mit DSB und SL<\/p>\n<p><a href='http:\/\/ski.inmontanis.info\/d\/127584-3\/P1590645.jpg'><img src=http:\/\/ski.inmontanis.info\/d\/127583-4\/P1590645.jpg \/><\/a><br \/>\n^ IR-Pano mit SL Verena (hatte nicht mal mehr Geh\u00e4nge montiert, wohl schon im Sommerschlaf)<\/p>\n<p><a href='http:\/\/ski.inmontanis.info\/d\/127588-3\/DSCF6284.jpg'><img src=http:\/\/ski.inmontanis.info\/d\/127587-4\/DSCF6284.jpg \/><\/a><br \/>\n^ Pano mit SL Verena<\/p>\n<p><a href='http:\/\/ski.inmontanis.info\/d\/127592-3\/P1590653.jpg'><img src=http:\/\/ski.inmontanis.info\/d\/127591-4\/P1590653.jpg \/><\/a><br \/>\n^ IR-Zoom-Pano ins Appennin, ca. 200km, gerade noch ein paar Gipfelchen zu erkennen&#8230;.<\/p>\n<p><img src=http:\/\/ski.inmontanis.info\/d\/127596-3\/DSCF6287-89.jpg \/><br \/>\n^ West-Pano<\/p>\n<p><a href='http:\/\/ski.inmontanis.info\/d\/127600-3\/P1590662a.jpg'><img src=http:\/\/ski.inmontanis.info\/d\/127599-4\/P1590662a.jpg \/><\/a><br \/>\n^ Farb-IR-Pano<\/p>\n<p><a href='http:\/\/ski.inmontanis.info\/d\/127604-3\/DSCF6297.jpg'><img src=http:\/\/ski.inmontanis.info\/d\/127603-4\/DSCF6297.jpg \/><\/a><br \/>\n^ Flachland-Pano<\/p>\n<p><a href='http:\/\/ski.inmontanis.info\/d\/127608-3\/DSCF6316.jpg'><img src=http:\/\/ski.inmontanis.info\/d\/127607-4\/DSCF6316.jpg \/><\/a><br \/>\n^ Zur Abwechslung kann man auch mal den Weg fahren &#8211; sollte aber nicht vergessen, wieder auf die Piste zu fahren, weil der Weg geht wo anders hin weiter :-)<\/p>\n<p><a href='http:\/\/ski.inmontanis.info\/d\/127612-3\/DSCF6320.jpg'><img src=http:\/\/ski.inmontanis.info\/d\/127611-4\/DSCF6320.jpg \/><\/a><br \/>\n^ .. jedenfalls gibt&#8217;s am Weg krasse steile Ausblicke auf die R\u00fcckseite<\/p>\n<p><a href='http:\/\/ski.inmontanis.info\/d\/127616-3\/DSCF6324.jpg'><img src=http:\/\/ski.inmontanis.info\/d\/127615-4\/DSCF6324.jpg \/><\/a><br \/>\n^ SL und DSB<\/p>\n<p><a href='http:\/\/ski.inmontanis.info\/d\/127637-3\/DSCF6325.jpg'><img src=http:\/\/ski.inmontanis.info\/d\/127636-4\/DSCF6325.jpg \/><\/a><br \/>\n^ S\u00fcd(west)-Pano<\/p>\n<p><a href='http:\/\/ski.inmontanis.info\/d\/127621-3\/P1590688.jpg'><img src=http:\/\/ski.inmontanis.info\/d\/127620-4\/P1590688.jpg \/><\/a><br \/>\n^ S\u00fcd(west)-Pano in IR<\/p>\n<p><a href='http:\/\/ski.inmontanis.info\/d\/127625-3\/DSCF6334.jpg'><img src=http:\/\/ski.inmontanis.info\/d\/127624-4\/DSCF6334.jpg \/><\/a><br \/>\n^ Doppel-DSB-Ausstieg<\/p>\n<p><a href='http:\/\/ski.inmontanis.info\/d\/127629-3\/P1590689.jpg'><img src=http:\/\/ski.inmontanis.info\/d\/127628-4\/P1590689.jpg \/><\/a><br \/>\n^ IR-Pano R\u00fcckseite<\/p>\n<p><img src=http:\/\/ski.inmontanis.info\/d\/127633-3\/DSCF6341-43.jpg \/><br \/>\n^ Gipfel-Pano<\/p>\n<p>&#8212;&#8212;&#8212;&#8212;<br \/>\nUnd auch hier noch ein paar Fotos von 2006:<\/p>\n<p><a href='http:\/\/ski.inmontanis.info\/d\/28327-2\/P1040100.jpg'><img src=http:\/\/ski.inmontanis.info\/d\/28327-2\/P1040100.jpg \/><\/a><br \/>\n^ Pistenplan und Skipa\u00df<\/p>\n<p><a href='http:\/\/ski.inmontanis.info\/d\/28335-2\/P1040022.jpg'><img src=http:\/\/ski.inmontanis.info\/d\/28335-2\/P1040022.jpg \/><\/a><br \/>\n^ Doppel-DSB Mittelwald und Rowan<\/p>\n<p><a href='http:\/\/ski.inmontanis.info\/d\/28341-2\/P1040026.jpg'><img src=http:\/\/ski.inmontanis.info\/d\/28341-2\/P1040026.jpg \/><\/a><br \/>\n^ Talstation der Graffer&#8217;schen Doppel-DSB<\/p>\n<p><a href='http:\/\/ski.inmontanis.info\/d\/28380-2\/P1040045.jpg'><img src=http:\/\/ski.inmontanis.info\/d\/28380-2\/P1040045.jpg \/><\/a><br \/>\n^ SL Buco Neve<\/p>\n<p><a href='http:\/\/ski.inmontanis.info\/d\/28398-2\/P1040055.jpg'><img src=http:\/\/ski.inmontanis.info\/d\/28398-2\/P1040055.jpg \/><\/a><br \/>\n^ Talstation DSB Cima Aquila<\/p>\n<p>&#8212;&#8212;&#8212;&#8212;<\/p>\n<p>.. und auf dem Retourweg hab ich mich noch von meinem Navi \u00fcberreden lassen, eine Abk\u00fcrzung zu fahren &#8211; nun, schneller war sie nicht, aber tw. ziemlich krass:<\/p>\n<p><a href='http:\/\/extra.inmontanis.info\/d\/7258-2\/DSCF6349.jpg'><img src=http:\/\/extra.inmontanis.info\/d\/7256-3\/DSCF6349.jpg \/><\/a><br \/>\n^ Nettes, schmales Alternativ-Str\u00e4\u00dfchen auf den Weg ins Valdastico<\/p>\n<p><a href='http:\/\/extra.inmontanis.info\/d\/7262-2\/DSCF6356.jpg'><img src=http:\/\/extra.inmontanis.info\/d\/7260-3\/DSCF6356.jpg \/><\/a><br \/>\n^ Nettes, schmales Alternativ-Str\u00e4\u00dfchen auf den Weg ins Valdastico<\/p>\n<p>Noch ein kleines Video der Blaust\u00fctzenbahnen am Monte Verena:<br \/>\n<object style=\"height: 500px; width: 900px\"><param name=\"movie\" value=\"http:\/\/www.youtube.com\/v\/7TOGOMboxUs\"><\/param><param name=\"wmode\" value=\"transparent\"><\/param><embed src=\"http:\/\/www.youtube.com\/v\/7TOGOMboxUs\" type=\"application\/x-shockwave-flash\" wmode=\"transparent\"  width=\"900\" height=\"480\"><\/embed><\/object><\/p>\n<p>Direkt hinter dem Monte Verena gibt&#8217;s oder gab&#8217;s das kleine Skigebiet Cima Larici &#8211; das ich am 30.12.2006 auch schon besuchen wollte (und dann nach Panarotta 2000 gefahren bin, da der Haupt-SL nicht mehr lief, und auch der kleinere \u00dcbungs-SL nicht oder noch nicht in Betrieb war) &#8211; hier ein paar Fotos von 2006 und 2011, anklicken zum Vergr\u00f6\u00dfern:<\/p>\n<p><a href='http:\/\/ski.inmontanis.info\/d\/127643-2\/P1110932.JPG'><img src=http:\/\/ski.inmontanis.info\/d\/127641-3\/P1110932.JPG \/><\/a><br \/>\n^ Talstation Haupt-SL Cima Larici<\/p>\n<p><a href='http:\/\/ski.inmontanis.info\/d\/127647-2\/P1110933.JPG'><img src=http:\/\/ski.inmontanis.info\/d\/127646-3\/P1110933.JPG \/><\/a><br \/>\n^ Talstation SL Cima Larici, der interessanteste der 3 SL hier<\/p>\n<p><a href='http:\/\/ski.inmontanis.info\/d\/127652-2\/P1110934.JPG'><img src=http:\/\/ski.inmontanis.info\/d\/127651-3\/P1110934.JPG \/><\/a><br \/>\n^ SL Cima Larici gesamte Strecke<\/p>\n<p><a href='http:\/\/ski.inmontanis.info\/d\/127656-2\/P1110935.JPG'><img src=http:\/\/ski.inmontanis.info\/d\/127655-3\/P1110935.JPG \/><\/a><br \/>\n^ Zoom oberer Bereich SL Cima Larici<\/p>\n<p><a href='http:\/\/ski.inmontanis.info\/d\/127660-2\/P1110936.JPG'><img src=http:\/\/ski.inmontanis.info\/d\/127659-3\/P1110936.JPG \/><\/a><br \/>\n^ Talstation SL Cima Larici. Schaut nach Nascivera aus.<\/p>\n<p><a href='http:\/\/ski.inmontanis.info\/d\/127664-2\/P1110937.JPG'><img src=http:\/\/ski.inmontanis.info\/d\/127663-3\/P1110937.JPG \/><\/a><br \/>\n^ Blick zur Bergstation des 2. SL<\/p>\n<p><a href='http:\/\/ski.inmontanis.info\/d\/127668-2\/P1110938.JPG'><img src=http:\/\/ski.inmontanis.info\/d\/127667-3\/P1110938.JPG \/><\/a><br \/>\n^ Zoom zur Bergstation des 2. SL<\/p>\n<p><a href='http:\/\/ski.inmontanis.info\/d\/127673-2\/P1110939.JPG'><img src=http:\/\/ski.inmontanis.info\/d\/127672-3\/P1110939.JPG \/><\/a><br \/>\n^ Hinter dem Auto im Kessel starten die anderen SL<\/p>\n<p><a href='http:\/\/ski.inmontanis.info\/d\/127677-2\/P1110940.JPG'><img src=http:\/\/ski.inmontanis.info\/d\/127676-3\/P1110940.JPG \/><\/a><br \/>\n^ Talstation SL 2 nach links und SL 3 geradeaus<\/p>\n<p><a href='http:\/\/ski.inmontanis.info\/d\/127681-2\/P1110941.JPG'><img src=http:\/\/ski.inmontanis.info\/d\/127680-3\/P1110941.JPG \/><\/a><br \/>\n^ SL 3 zur Abwechslung ein Graffer und evtl. noch in Betrieb<\/p>\n<p><a href='http:\/\/ski.inmontanis.info\/d\/127686-2\/P1110942.JPG'><img src=http:\/\/ski.inmontanis.info\/d\/127685-3\/P1110942.JPG \/><\/a><br \/>\n^ Der mittlere SL<\/p>\n<p>2011:<\/p>\n<p><a href='http:\/\/ski.inmontanis.info\/d\/127690-2\/DSCF6234.jpg'><img src=http:\/\/ski.inmontanis.info\/d\/127689-3\/DSCF6234.jpg \/><\/a><br \/>\n^ Zoom Ex-Skigebiet Cima Larici von Recoaro\/Montefalcone aus<\/p>\n<p><a href='http:\/\/ski.inmontanis.info\/d\/127694-2\/DSCF6304.jpg'><img src=http:\/\/ski.inmontanis.info\/d\/127693-3\/DSCF6304.jpg \/><\/a><br \/>\n^ Zoom Bergstation des mittleren SL, vom Monte Verena<\/p>\n<p><a href='http:\/\/ski.inmontanis.info\/d\/127698-2\/DSCF6305.jpg'><img src=http:\/\/ski.inmontanis.info\/d\/127697-3\/DSCF6305.jpg \/><\/a><br \/>\n^ SL Cima Larici im Gesamten, vom Monte Verena. H\u00e4tte ganz nett ausgesehen&#8230;<\/p>\n<p><a href='http:\/\/ski.inmontanis.info\/d\/127702-2\/DSCF6306.jpg'><img src=http:\/\/ski.inmontanis.info\/d\/127701-3\/DSCF6306.jpg \/><\/a><br \/>\n^ Zoom Talstation SL Cima Larici, Vom M. Verena<\/p>\n<p><a href='http:\/\/ski.inmontanis.info\/d\/127706-2\/DSCF6308.jpg'><img src=http:\/\/ski.inmontanis.info\/d\/127705-3\/DSCF6308.jpg \/><\/a><br \/>\n^ Zoom Bergstation SL Cima Larici, vom Monte Verena<\/p>\n","protected":false},"excerpt":{"rendered":"<p>Nachdem ich im Rahmen meiner ersten Italien-Ski-Rundreise 2006 Recoaro Mille und Monte Verena besucht hab, war es nun an der Zeit f\u00fcr einen Wiederholungsbesuch.<\/p>\n<p> <a href=\"http:\/\/blog.inmontanis.info\/?p=1536\">[&#8230;]<\/a><\/p>\n","protected":false},"author":1,"featured_media":0,"comment_status":"open","ping_status":"closed","sticky":false,"template":"","format":"standard","meta":{"footnotes":""},"categories":[24,15,447,59,414,27,32],"tags":[38,90,47],"class_list":["post-1536","post","type-post","status-publish","format-standard","hentry","category-tagestour","category-italienitaly","category-monte-verena","category-nostalgie","category-recoaro","category-skifahren-winterskiing-winter","category-lostplaces","tag-dsb","tag-infrarot","tag-sl","odd"],"_links":{"self":[{"href":"http:\/\/blog.inmontanis.info\/index.php?rest_route=\/wp\/v2\/posts\/1536","targetHints":{"allow":["GET"]}}],"collection":[{"href":"http:\/\/blog.inmontanis.info\/index.php?rest_route=\/wp\/v2\/posts"}],"about":[{"href":"http:\/\/blog.inmontanis.info\/index.php?rest_route=\/wp\/v2\/types\/post"}],"author":[{"embeddable":true,"href":"http:\/\/blog.inmontanis.info\/index.php?rest_route=\/wp\/v2\/users\/1"}],"replies":[{"embeddable":true,"href":"http:\/\/blog.inmontanis.info\/index.php?rest_route=%2Fwp%2Fv2%2Fcomments&post=1536"}],"version-history":[{"count":3,"href":"http:\/\/blog.inmontanis.info\/index.php?rest_route=\/wp\/v2\/posts\/1536\/revisions"}],"predecessor-version":[{"id":9056,"href":"http:\/\/blog.inmontanis.info\/index.php?rest_route=\/wp\/v2\/posts\/1536\/revisions\/9056"}],"wp:attachment":[{"href":"http:\/\/blog.inmontanis.info\/index.php?rest_route=%2Fwp%2Fv2%2Fmedia&parent=1536"}],"wp:term":[{"taxonomy":"category","embeddable":true,"href":"http:\/\/blog.inmontanis.info\/index.php?rest_route=%2Fwp%2Fv2%2Fcategories&post=1536"},{"taxonomy":"post_tag","embeddable":true,"href":"http:\/\/blog.inmontanis.info\/index.php?rest_route=%2Fwp%2Fv2%2Ftags&post=1536"}],"curies":[{"name":"wp","href":"https:\/\/api.w.org\/{rel}","templated":true}]}}