{"id":1533,"date":"2011-02-19T23:00:14","date_gmt":"2011-02-19T22:00:14","guid":{"rendered":"http:\/\/blog.inmontanis.info\/?p=1533"},"modified":"2023-08-03T21:36:40","modified_gmt":"2023-08-03T19:36:40","slug":"haideralm-schoneben-19-2-2011","status":"publish","type":"post","link":"http:\/\/blog.inmontanis.info\/?p=1533","title":{"rendered":"Haideralm-Sch\u00f6neben 19.2.2011"},"content":{"rendered":"<p>Nachdem ich bei meinem ersten Besuch in\/auf der Haideralm die oberen beiden Lifte nicht fahren konnte, wollte ich dort noch mal hin, und da es in den anderen gewollten Zielen ja laufend schneemangel gab oder schlechtes Wetter war .. <!--more-->wurde es eben der 19.2., an dem ich nochmal dort hin fuhr.<\/p>\n<p>Nunja, wie ihr am Titel schon erkennen k\u00f6nnt &#8211; es war doch nicht sooo prickelnd, so dass ich nachmittags noch r\u00fcber nach Sch\u00f6neben musste und dort in einer Stunde alles abgefahren bin. Somit hab ich die beiden Skigebiete bis zum Sanktnimmerleinstag endg\u00fcltig abgehakt, sorry an alle Fans da drau\u00dfen, meins sind die beiden nicht.<\/p>\n<p>Fotos, anklicken zum Vergr\u00f6\u00dfern:<\/p>\n<p><a href='http:\/\/ski.inmontanis.info\/d\/127261-2\/ge_haiderschoen2011.jpg'><img src=http:\/\/ski.inmontanis.info\/d\/127260-3\/ge_haiderschoen2011.jpg \/><\/a><br \/>\n^ GPS-Track Haideralm und Sch\u00f6neben 2011<\/p>\n<p><a href='http:\/\/ski.inmontanis.info\/d\/127265-2\/DSCF6046-47.jpg'><img src=http:\/\/ski.inmontanis.info\/d\/127264-3\/DSCF6046-47.jpg \/><\/a><br \/>\n^ 3SB und \u00dcbungs-SL<\/p>\n<p><a href='http:\/\/ski.inmontanis.info\/d\/127269-2\/DSCF6051.jpg'><img src=http:\/\/ski.inmontanis.info\/d\/127268-3\/DSCF6051.jpg \/><\/a><br \/>\n^ 3SB Haideralm und oberer SL Seeboden<\/p>\n<p><a href='http:\/\/ski.inmontanis.info\/d\/127273-2\/DSCF6053.jpg'><img src=http:\/\/ski.inmontanis.info\/d\/127272-3\/DSCF6053.jpg \/><\/a><br \/>\n^ Talstation SL Seeboden<\/p>\n<p><a href='http:\/\/ski.inmontanis.info\/d\/127277-2\/DSCF6065-67.jpg'><img src=http:\/\/ski.inmontanis.info\/d\/127276-3\/DSCF6065-67.jpg \/><\/a><br \/>\n^ SL Seeboden Bergstation, geht leider nicht zum Gipfel und somit panoramam\u00e4\u00dfig nicht gerade optimal&#8230;<\/p>\n<p><a href='http:\/\/ski.inmontanis.info\/d\/127281-2\/DSCF6083.jpg'><img src=http:\/\/ski.inmontanis.info\/d\/127280-3\/DSCF6083.jpg \/><\/a><br \/>\n^ SL Seeboden<\/p>\n<p><a href='http:\/\/ski.inmontanis.info\/d\/127285-2\/DSCF6088.jpg'><img src=http:\/\/ski.inmontanis.info\/d\/127284-3\/DSCF6088.jpg \/><\/a><br \/>\n^ Direkte Abfahrt SL Seeboden<\/p>\n<p><a href='http:\/\/ski.inmontanis.info\/d\/127289-2\/DSCF6091.jpg'><img src=http:\/\/ski.inmontanis.info\/d\/127288-3\/DSCF6091.jpg \/><\/a><br \/>\n^ Off-Piste-Areal am SL Seeboden, auf dieser Seite gibt&#8217;s leider gar keine Abfahrt.<\/p>\n<p><a href='http:\/\/ski.inmontanis.info\/d\/127293-2\/DSCF6092.jpg'><img src=http:\/\/ski.inmontanis.info\/d\/127292-3\/DSCF6092.jpg \/><\/a><br \/>\n^ \u00dcbungs-SL Valatsch, Bergstation 6 EUB und 3 SB<\/p>\n<p><a href='http:\/\/ski.inmontanis.info\/d\/127297-2\/DSCF6116.jpg'><img src=http:\/\/ski.inmontanis.info\/d\/127296-3\/DSCF6116.jpg \/><\/a><br \/>\n^ SL Panorama<\/p>\n<p><a href='http:\/\/ski.inmontanis.info\/d\/127301-2\/DSCF6093.jpg'><img src=http:\/\/ski.inmontanis.info\/d\/127300-3\/DSCF6093.jpg \/><\/a><br \/>\n^ Pano am SL Panorama<\/p>\n<p><a href='http:\/\/ski.inmontanis.info\/d\/127305-2\/P1590597.jpg'><img src=http:\/\/ski.inmontanis.info\/d\/127304-3\/P1590597.jpg \/><\/a><br \/>\n^ IR-Zoom Ortler<\/p>\n<p><a href='http:\/\/ski.inmontanis.info\/d\/127309-2\/DSCF6104.jpg'><img src=http:\/\/ski.inmontanis.info\/d\/127308-3\/DSCF6104.jpg \/><\/a><br \/>\n^ SL Seeboden und (etwas) Au\u00dfenrumabfahrt Seeboden II<\/p>\n<p><a href='http:\/\/ski.inmontanis.info\/d\/127313-2\/DSCF6090.jpg'><img src=http:\/\/ski.inmontanis.info\/d\/127312-3\/DSCF6090.jpg \/><\/a><br \/>\n^ Au\u00dfenrumabfahrt Seeboden II<\/p>\n<p><a href='http:\/\/ski.inmontanis.info\/d\/127317-2\/DSCF6110.jpg'><img src=http:\/\/ski.inmontanis.info\/d\/127316-3\/DSCF6110.jpg \/><\/a><br \/>\n^ Zoom zum stillgelegten Tal-SL gegen\u00fcber<\/p>\n<p><a href='http:\/\/ski.inmontanis.info\/d\/127321-2\/DSCF6113.jpg'><img src=http:\/\/ski.inmontanis.info\/d\/127320-3\/DSCF6113.jpg \/><\/a><br \/>\n^ Zoom zum stillgelegten Tal-SL gegen\u00fcber<\/p>\n<p><a href='http:\/\/ski.inmontanis.info\/d\/127325-2\/DSCF6087.jpg'><img src=http:\/\/ski.inmontanis.info\/d\/127324-3\/DSCF6087.jpg \/><\/a><br \/>\n^ Gipfel-Zoom<\/p>\n<p><a href='http:\/\/ski.inmontanis.info\/d\/127329-2\/DSCF6069.jpg'><img src=http:\/\/ski.inmontanis.info\/d\/127328-3\/DSCF6069.jpg \/><\/a><br \/>\n^ Gipfel-Zoom<\/p>\n<p><a href='http:\/\/ski.inmontanis.info\/d\/127333-2\/DSCF6109.jpg'><img src=http:\/\/ski.inmontanis.info\/d\/127332-3\/DSCF6109.jpg \/><\/a><br \/>\n^ Gipfel-Zoom<\/p>\n<p>**<\/p>\n<p><a href='http:\/\/ski.inmontanis.info\/d\/127337-2\/DSCF6125.jpg'><img src=http:\/\/ski.inmontanis.info\/d\/127336-3\/DSCF6125.jpg \/><\/a><br \/>\n^ Leider neue Kabinen an der 6EUB Sch\u00f6neben. Na wenigstens bunte Sigmas, Blau und Gelb gemischt.<\/p>\n<p><a href='http:\/\/ski.inmontanis.info\/d\/127341-2\/DSCF6139.jpg'><img src=http:\/\/ski.inmontanis.info\/d\/127340-3\/DSCF6139.jpg \/><\/a><br \/>\n^ Pano<\/p>\n<p><a href='http:\/\/ski.inmontanis.info\/d\/127345-2\/DSCF6148.jpg'><img src=http:\/\/ski.inmontanis.info\/d\/127344-3\/DSCF6148.jpg \/><\/a><br \/>\n^ Gipfel-Zoom<\/p>\n<p>**<\/p>\n<p><img src=http:\/\/ski.inmontanis.info\/d\/127349-2\/DSCF6127.jpg \/><br \/>\n^ Zoom Nauders von Sch\u00f6neben<\/p>\n<p><img src=http:\/\/ski.inmontanis.info\/d\/127362-2\/DSCF6130.jpg \/><br \/>\n^ Zoom Serfaus \/ Masner von Sch\u00f6neben<\/p>\n<p><img src=http:\/\/ski.inmontanis.info\/d\/127358-2\/DSCF6137.jpg \/><br \/>\n^ Zoom Serfaus \/ Minders von Sch\u00f6neben<\/p>\n<p><img src=http:\/\/ski.inmontanis.info\/d\/127353-2\/DSCF6138.jpg \/><br \/>\n^ Zoom Serfaus \/ Bergstation 8EUB Pezid von Sch\u00f6neben<\/p>\n","protected":false},"excerpt":{"rendered":"<p>Nachdem ich bei meinem ersten Besuch in\/auf der Haideralm die oberen beiden Lifte nicht fahren konnte, wollte ich dort noch mal hin, und da es in den anderen gewollten Zielen ja laufend schneemangel gab oder schlechtes Wetter war .. <\/p>\n<p> <a href=\"http:\/\/blog.inmontanis.info\/?p=1533\">[&#8230;]<\/a><\/p>\n","protected":false},"author":1,"featured_media":0,"comment_status":"open","ping_status":"closed","sticky":false,"template":"","format":"standard","meta":{"footnotes":""},"categories":[24,478,15,396,27],"tags":[55,47],"class_list":["post-1533","post","type-post","status-publish","format-standard","hentry","category-tagestour","category-haideralm","category-italienitaly","category-schoneben","category-skifahren-winterskiing-winter","tag-3sb","tag-sl","odd"],"_links":{"self":[{"href":"http:\/\/blog.inmontanis.info\/index.php?rest_route=\/wp\/v2\/posts\/1533","targetHints":{"allow":["GET"]}}],"collection":[{"href":"http:\/\/blog.inmontanis.info\/index.php?rest_route=\/wp\/v2\/posts"}],"about":[{"href":"http:\/\/blog.inmontanis.info\/index.php?rest_route=\/wp\/v2\/types\/post"}],"author":[{"embeddable":true,"href":"http:\/\/blog.inmontanis.info\/index.php?rest_route=\/wp\/v2\/users\/1"}],"replies":[{"embeddable":true,"href":"http:\/\/blog.inmontanis.info\/index.php?rest_route=%2Fwp%2Fv2%2Fcomments&post=1533"}],"version-history":[{"count":2,"href":"http:\/\/blog.inmontanis.info\/index.php?rest_route=\/wp\/v2\/posts\/1533\/revisions"}],"predecessor-version":[{"id":1535,"href":"http:\/\/blog.inmontanis.info\/index.php?rest_route=\/wp\/v2\/posts\/1533\/revisions\/1535"}],"wp:attachment":[{"href":"http:\/\/blog.inmontanis.info\/index.php?rest_route=%2Fwp%2Fv2%2Fmedia&parent=1533"}],"wp:term":[{"taxonomy":"category","embeddable":true,"href":"http:\/\/blog.inmontanis.info\/index.php?rest_route=%2Fwp%2Fv2%2Fcategories&post=1533"},{"taxonomy":"post_tag","embeddable":true,"href":"http:\/\/blog.inmontanis.info\/index.php?rest_route=%2Fwp%2Fv2%2Ftags&post=1533"}],"curies":[{"name":"wp","href":"https:\/\/api.w.org\/{rel}","templated":true}]}}