{"id":1525,"date":"2011-02-06T18:00:01","date_gmt":"2011-02-06T17:00:01","guid":{"rendered":"http:\/\/blog.inmontanis.info\/?p=1525"},"modified":"2023-08-02T22:14:17","modified_gmt":"2023-08-02T20:14:17","slug":"lurisia-6-2-2011","status":"publish","type":"post","link":"http:\/\/blog.inmontanis.info\/?p=1525","title":{"rendered":"Lurisia, 6.2.2011"},"content":{"rendered":"<p><strong>So, 6.2.2011: Lurisia Monte Pigna<\/strong> (SSWATW2011 Tag 9 Teil 2)<\/p>\n<p>Um 12 Uhr ging&#8217;s nach Lurisia (immerhin knapp eine Stunde Fahrzeit), dort Halbtageskarte um 19,- gekauft. Haben leider nur noch Magnetkarten, aber die kann man wenigstens wieder zur\u00fcck geben. War \u00fcberraschenderweise ziemlich voll. Lifte waren noch alle in Betrieb <!--more-->(dachte der Betulle h\u00e4tte schon vor ein paar Jahren schlie\u00dfen sollen). Zimmer hab ich oben im Albergo leider wieder keins bekommen, allerdings konnte ich dem Kopfsch\u00fctteln des Kassierers nicht entnehmen, ob alles voll war oder (wohl eher) nichts los war und ich der einzige gewesen w\u00e4re bzw. man generell Sonntags kein Zimmer vermietet (evtl. nur am Freitag oder Samstag?). Mist.<\/p>\n<p>Fotos hab ich kaum welche gemacht, da ich ja schon alles ausf\u00fchrlich fotografiert hab hier oben. Ein paar Panos und ein paar IR-Fotos sind&#8217;s geworden und einige HD-Videoaufnahmen der alten Lifte.  <em>Anklicken zum Vergr\u00f6\u00dfern, soweit nicht vergr\u00f6\u00dfert gepostet:<\/em><\/p>\n<p><a href='http:\/\/ski.inmontanis.info\/d\/126830-2\/ge_lurisia2011.jpg'><img src=http:\/\/ski.inmontanis.info\/d\/126829-3\/ge_lurisia2011.jpg \/><\/a><br \/>\n^ GPS-Track 2011 (nachmittag)<\/p>\n<p><a href='http:\/\/ski.inmontanis.info\/d\/126834-2\/DSCF5773.jpg'><img src=http:\/\/ski.inmontanis.info\/d\/126833-3\/DSCF5773.jpg \/><\/a><br \/>\n^ Talabfahrt. Hat mir vor wenigen Jahren noch besser gefallen, ist doch recht baumlos jetzt. Und dadurch gibt&#8217;s nat\u00fcrlich auch prompt Schneeprobleme in dem Teil.<\/p>\n<p>Im Vergleich 2006, d\u00fcrfte zuf\u00e4llig ziemlich die gleiche Stelle gewesen sein:<br \/>\n<a href='http:\/\/ski.inmontanis.info\/d\/34074-2\/P1030795.jpg'><img src=http:\/\/ski.inmontanis.info\/d\/34074-2\/P1030795.jpg \/><\/a><\/p>\n<p><img src=http:\/\/ski.inmontanis.info\/d\/126896-3\/DSCF5774.jpg \/><br \/>\n^ Gondellift \/ DSB<\/p>\n<p><img src=http:\/\/ski.inmontanis.info\/d\/126839-2\/DSCF5804-6.jpg \/><br \/>\n^ Pano<\/p>\n<p><img src=http:\/\/ski.inmontanis.info\/d\/126844-2\/P1590465-67.jpg \/><br \/>\n^ s\/w IR &#8211; Pano<\/p>\n<p><img src=http:\/\/ski.inmontanis.info\/d\/126848-2\/P1590440-43a.jpg \/><br \/>\n^ Farb-IR-Pano<\/p>\n<p><a href='http:\/\/ski.inmontanis.info\/d\/126852-2\/DSCF5789.jpg'><img src=http:\/\/ski.inmontanis.info\/d\/126851-3\/DSCF5789.jpg \/><\/a><br \/>\n^ SL Betulla und Gondellift<\/p>\n<p><img src=http:\/\/ski.inmontanis.info\/d\/126856-3\/DSCF5790.jpg \/><br \/>\n^ Rifugio und Flachland<\/p>\n<p><img src=http:\/\/ski.inmontanis.info\/d\/126860-3\/P1590445a_JPG.jpg \/><br \/>\n^ Farb-IR: Talstation SL Genzianella, Rifugio und Monterosa (direkt dahinter)<\/p>\n<p><img src=http:\/\/ski.inmontanis.info\/d\/126864-3\/DSCF5808.jpg \/><br \/>\n^ Rifugio, Gondellift-Bergstation, Po-Ebene und hinten Monterosa samt Matterhorn (ca. 190 km entfernt)<\/p>\n<p><img src=http:\/\/ski.inmontanis.info\/d\/126900-3\/DSCF5815.jpg \/><br \/>\n^ Pano in die Ebene, Monte Viso \/ Monte Rosa<\/p>\n<p><a href='http:\/\/ski.inmontanis.info\/d\/126868-3\/DSCF5797.jpg'><img src=http:\/\/ski.inmontanis.info\/d\/126867-4\/DSCF5797.jpg \/><\/a><br \/>\n^ Zoom Bergstation SL Margherita<\/p>\n<p><a href='http:\/\/ski.inmontanis.info\/d\/126872-3\/P1590443.jpg'><img src=http:\/\/ski.inmontanis.info\/d\/126871-4\/P1590443.jpg \/><\/a><br \/>\n^ Falschfarb-IR-Pano mal anders&#8230;.<\/p>\n<p><img src=http:\/\/ski.inmontanis.info\/d\/126876-3\/P1590471.jpg \/><br \/>\n^ IR-Zoompano (zur Orientierung: Monteviso w\u00e4re links au\u00dferhalb des Bildes)<\/p>\n<p><img src=http:\/\/ski.inmontanis.info\/d\/126880-3\/P1590468.jpg \/><br \/>\n^ Matterhorn \/ Monterosa (ca. 190 km)<\/p>\n<p><img src=http:\/\/ski.inmontanis.info\/d\/126884-3\/P1590464.jpg \/><br \/>\n^ IR-Pano \u00fcber die Ebene (Bernina und ostw\u00e4rts)<\/p>\n<p><img src=http:\/\/ski.inmontanis.info\/d\/126888-3\/P1590459.jpg \/><br \/>\n^ IR-Zoom Disgrazia \/ Bernina (ca. 290 km)<\/p>\n<p><img src=http:\/\/ski.inmontanis.info\/d\/126892-3\/P1590457.jpg \/><br \/>\n^ u.a. Tre Confini (273 km), Presolana (264 km), Corno delle Granite (300 km), Adamello (304 km, die markante Spitze im rechten drittel)<\/p>\n<p><img src=http:\/\/ski.inmontanis.info\/d\/126904-2\/DSCF5812.jpg \/><br \/>\n^ Zoom Skigebietsteil Prato Nevoso, vorne die DSBs von Rastello, von Lurisia. Der Gipfel hinten mit dem gro\u00dfen Gipfelkreuz (Mindino) ist der Gipfel oberhalb von St. Gr\u00e9\u00e9.<\/p>\n<p>HD-Video (720p):<br \/>\n<object style=\"height: 500px; width: 900px\"><param name=\"movie\" value=\"http:\/\/www.youtube.com\/v\/GwqctrVlz9s\"><\/param><param name=\"wmode\" value=\"transparent\"><\/param><embed src=\"http:\/\/www.youtube.com\/v\/GwqctrVlz9s\" type=\"application\/x-shockwave-flash\" wmode=\"transparent\"  width=\"900\" height=\"480\"><\/embed><\/object><\/p>\n","protected":false},"excerpt":{"rendered":"<p>So, 6.2.2011: Lurisia Monte Pigna (SSWATW2011 Tag 9 Teil 2)<\/p>\n<p>Um 12 Uhr ging&#8217;s nach Lurisia (immerhin knapp eine Stunde Fahrzeit), dort Halbtageskarte um 19,- gekauft. Haben leider nur noch Magnetkarten, aber die kann man wenigstens wieder zur\u00fcck geben. War \u00fcberraschenderweise ziemlich voll. Lifte waren noch alle in Betrieb <\/p>\n<p> <a href=\"http:\/\/blog.inmontanis.info\/?p=1525\">[&#8230;]<\/a><\/p>\n","protected":false},"author":1,"featured_media":0,"comment_status":"open","ping_status":"closed","sticky":false,"template":"","format":"standard","meta":{"footnotes":""},"categories":[94,15,231,59,27],"tags":[90,63,80,47],"class_list":["post-1525","post","type-post","status-publish","format-standard","hentry","category-201101-sswatw","category-italienitaly","category-lurisia","category-nostalgie","category-skifahren-winterskiing-winter","tag-infrarot","tag-korblift","tag-marchisio","tag-sl","odd"],"_links":{"self":[{"href":"http:\/\/blog.inmontanis.info\/index.php?rest_route=\/wp\/v2\/posts\/1525","targetHints":{"allow":["GET"]}}],"collection":[{"href":"http:\/\/blog.inmontanis.info\/index.php?rest_route=\/wp\/v2\/posts"}],"about":[{"href":"http:\/\/blog.inmontanis.info\/index.php?rest_route=\/wp\/v2\/types\/post"}],"author":[{"embeddable":true,"href":"http:\/\/blog.inmontanis.info\/index.php?rest_route=\/wp\/v2\/users\/1"}],"replies":[{"embeddable":true,"href":"http:\/\/blog.inmontanis.info\/index.php?rest_route=%2Fwp%2Fv2%2Fcomments&post=1525"}],"version-history":[{"count":3,"href":"http:\/\/blog.inmontanis.info\/index.php?rest_route=\/wp\/v2\/posts\/1525\/revisions"}],"predecessor-version":[{"id":1528,"href":"http:\/\/blog.inmontanis.info\/index.php?rest_route=\/wp\/v2\/posts\/1525\/revisions\/1528"}],"wp:attachment":[{"href":"http:\/\/blog.inmontanis.info\/index.php?rest_route=%2Fwp%2Fv2%2Fmedia&parent=1525"}],"wp:term":[{"taxonomy":"category","embeddable":true,"href":"http:\/\/blog.inmontanis.info\/index.php?rest_route=%2Fwp%2Fv2%2Fcategories&post=1525"},{"taxonomy":"post_tag","embeddable":true,"href":"http:\/\/blog.inmontanis.info\/index.php?rest_route=%2Fwp%2Fv2%2Ftags&post=1525"}],"curies":[{"name":"wp","href":"https:\/\/api.w.org\/{rel}","templated":true}]}}