{"id":1521,"date":"2011-02-06T12:00:07","date_gmt":"2011-02-06T11:00:07","guid":{"rendered":"http:\/\/blog.inmontanis.info\/?p=1521"},"modified":"2023-02-25T21:58:39","modified_gmt":"2023-02-25T20:58:39","slug":"saint-gree-6-2-2011","status":"publish","type":"post","link":"http:\/\/blog.inmontanis.info\/?p=1521","title":{"rendered":"Saint Gree, 6.2.2011"},"content":{"rendered":"<p><strong>So, 6.2.2011: Saint Gr\u00e9\u00e9 (Viola)<\/strong> (SSWATW2011 Tag 9 Teil 1)<\/p>\n<p>(Vorabend)<\/p>\n<p>Von Sampeyre nach St. Gr\u00e9\u00e9 schlug mein Navi immerhin 2 Stunden Fahrzeit vor, knapp \u00fcber 100km. M\u00f6chte man gar nicht meinen.<!--more--><\/p>\n<p><img src=http:\/\/extra.inmontanis.info\/d\/6724-3\/DSCF5686.jpg \/><br \/>\n^ Autobahn mit S\u00fcdalpenpano (Alpi Mondovi)<\/p>\n<p><a href='http:\/\/extra.inmontanis.info\/d\/6728-3\/DSCF5687.jpg'><img src=http:\/\/extra.inmontanis.info\/d\/6726-3\/DSCF5687.jpg \/><\/a><br \/>\n^ Mittig links sind die Schneisen vom Skigebiet Lurisia zu sehen.<\/p>\n<p><a href='http:\/\/extra.inmontanis.info\/d\/6732-3\/DSCF5689.jpg'><img src=http:\/\/extra.inmontanis.info\/d\/6730-3\/DSCF5689.jpg \/><\/a><br \/>\n^ Autobahn mit S\u00fcdalpenpano<\/p>\n<p>Da ich wei\u00df, dass in der Gegend nicht gerade viele Hotels sind (hatte ja damals in San Giacomo\/Roburent schon schwer gesucht), bin ich gleich vorne in San Michele im 3-Sterne-Hotel Del Peso geblieben (lt. Visitenkarte Freitag geschlossen), hier hatte ich schon mal g\u00fcnstige Halbpension. Ok, Fr\u00fchst\u00fcck hatte ich minimal in Erinnerung, aber die Zimmer sind neu, sch\u00f6n und g\u00fcnstig. Bevor ich da &#8216;ne Stunde um den Kreis fahr und nichts finde und doch wieder hier lande &#8230; 40,- kostet die \u00dcF. Halbpension machen&#8217;s nicht mehr f\u00fcr einen Tag, Restaurant hat (leider erst) ab 20 Uhr ge\u00f6ffnet.  Mein Italienisch reichte sogar f\u00fcr ein bi\u00dfchen Ski-Small-Talk mit dem Inhaber (?).<\/p>\n<p><a href='http:\/\/extra.inmontanis.info\/d\/6736-3\/DSCF5690.jpg'><img src=http:\/\/extra.inmontanis.info\/d\/6734-3\/DSCF5690.jpg \/><\/a><br \/>\n^ Hotelzimmer. G\u00fcnstig, sauber, warm und nett eingerichtet.<\/p>\n<p>Was das Abendessen anbelangt: Karte hab ich keine bekommen, sondern das Men\u00fc wie wohl auch Halbpensionsg\u00e4ste. Wobei das eh aus verschiedensten Speisen zusammengestellt werden konnte. Rausgesucht hab ich mir Gnocchi mit Pesto, gegrilltes H\u00fchnerfilet (witzigerweise wieder mit gr\u00fcnen Bohnen wie gestern, allerdings zus\u00e4tzlich gebratene Kartoffelw\u00fcrfel) und Profiteroles mit Schoko. Auf die Antipasti hab ich verzichtet (die Kellnerinnen liefen die gane Zeit mit wechselnden Platten umher). Geschmacklich um einiges besser als die letzten 2 italienischen Hotels. Und die 1-Liter-Flasche Lurisia-Mineralwasser hab ich auch fast ganz leer getrunken. (Dazu muss man aber sagen, dass ich beim Skifahren tags\u00fcber meistens nicht mal meinen halben Liter Cola, den ich immer dabei hab, trink. Insofern vertrag ich zum Abendessen schon 0,7-0,9 Liter.)<\/p>\n<p>Schlussendlich musste ich 15,- f\u00fcr das Men\u00fc inkl. Wasser zahle, d.h. Quasi-HP um 55,-. H\u00e4tte er auch gleich sagen k\u00f6nnen. Fr\u00fchst\u00fcck gab&#8217;s diesmal etwas mehr, sogar eine Semmel, allerdings war die Konfit\u00fcre nich nach meinem Geschmack. Dazu 2 Croissants und ein paar Kekse, Saft und Kakao.<\/p>\n<p>Als erstes ging&#8217;s nach Saint Gr\u00e9\u00e9 di Viola. Vor ca. 15 Jahren stillgelegt, gab es einst einen ESL und ein paar SL von der Station aus, als 2. Sektion einen Sessel- oder Korblift (den man wohl in beide Richtungen fahren musste und der eine geniale Aussicht hatte oben am Grat entlang) und oben noch ein Doppel-SL mit Abfahrt zum Meer hin. Im Rahmen der olympischen Spiele gab es wohl Geld f\u00fcr eine DSB von CCM als Revitalisierung des Skigebiets. Diese ging, obwohl fertig gebaut,  erst heuer, nach 5 oder 6 Jahren (!), in Betrieb.<\/p>\n<p>Tageskarte kostet 15,- Halbtageskarte 10,-, neben der DSB l\u00e4uft noch ein F\u00f6rderband. Die DSB ist (leider) etwas k\u00fcrzer als der ESL, es fehlt also der Starthang. Es gibt eine schwarze und eine rote Abfahrt, sowie einen blauen Skiweg. Die Rote gefiel mir ganz gut. Von den ehemaligen SL sah man nichts mehr. Ob oben noch was steht, konnte ich nicht sagen, da man ja nicht weit genug hinauf kam.<\/p>\n<p>Meerpano h\u00e4tte man auch vmtl. schon von hier aus, allerdings war wie \u00fcblich das Meer unter einer Wolkendecke. Schade.<\/p>\n<p><em>Fotos anklicken zum Vergr\u00f6\u00dfern, soweit nicht vergr\u00f6\u00dfert gepostet:<\/em><\/p>\n<p><img src=http:\/\/ski.inmontanis.info\/d\/126822-2\/ge_gree1.jpg \/><br \/>\n^ GPS-Track und ehemalige Lifte (orange: bin ich mir nicht sicher). Zugegeben, der Gro\u00dfteil des Skigebiets ist mit der neuen DSB wieder fahrbar.<\/p>\n<p><a href='http:\/\/ski.inmontanis.info\/d\/126826-2\/ge_gree3.jpg'><img src=http:\/\/ski.inmontanis.info\/d\/126825-3\/ge_gree3.jpg \/><\/a><br \/>\n^ Komplette Strecke des ehemaligen Sessel- oder Korblifts, der quasi ohne H\u00f6henmeter am Grat entlang fuhr. Muss ein geiles Pano gehabt haben.<\/p>\n<p><a href='http:\/\/ski.inmontanis.info\/d\/126675-2\/DSCF5705.jpg'><img src=http:\/\/ski.inmontanis.info\/d\/126674-3\/DSCF5705.jpg \/><\/a><br \/>\n^ Talstation DSB, rechts ein \u00dcbungs-F\u00f6rderband<\/p>\n<p><a href='http:\/\/ski.inmontanis.info\/d\/126813-2\/DSCF5707.jpg'><img src=http:\/\/ski.inmontanis.info\/d\/126812-3\/DSCF5707.jpg \/><\/a><br \/>\n^ DSB, rechts die schwarze Abfahrt<\/p>\n<p><img src=http:\/\/ski.inmontanis.info\/d\/126680-2\/DSCF5708.jpg \/><br \/>\n^ Schade dass man nicht r\u00fcckw\u00e4rts bergauf f\u00e4hrt :-)<\/p>\n<p><a href='http:\/\/ski.inmontanis.info\/d\/126684-2\/DSCF5710.jpg'><img src=http:\/\/ski.inmontanis.info\/d\/126683-3\/DSCF5710.jpg \/><\/a><br \/>\n^ Ost-Pano, unter der Nebeldecke ist Genua (und somit auch das Mittelmeer)<\/p>\n<p><a href='http:\/\/ski.inmontanis.info\/d\/126688-2\/DSCF5714.jpg'><img src=http:\/\/ski.inmontanis.info\/d\/126687-3\/DSCF5714.jpg \/><\/a><br \/>\n^ DSB mit Blick zur schwarzen Abfahrt (vorne), Skiweg und rote Abfahrt (zweigt am Skiwegende ab). Im Hintergrund u.a. der Monte Viso<\/p>\n<p><a href='http:\/\/ski.inmontanis.info\/d\/126692-2\/DSCF5717.jpg'><img src=http:\/\/ski.inmontanis.info\/d\/126691-3\/DSCF5717.jpg \/><\/a><br \/>\n^ Bergstation DSB, geht leider nicht so weit hinauf wie der Vorg\u00e4nger-ESL (oben die Bergstation zu sehen)<\/p>\n<p><img src=http:\/\/ski.inmontanis.info\/d\/126696-2\/DSCF5719-22.jpg \/><br \/>\n^ West-Nord-Ost-Pano<\/p>\n<p><img src=http:\/\/ski.inmontanis.info\/d\/126700-2\/P1590385-88.jpg \/><br \/>\n^ IR-Pano West-Nord-Ost<\/p>\n<p><a href='http:\/\/ski.inmontanis.info\/d\/126704-2\/P1590412.jpg'><img src=http:\/\/ski.inmontanis.info\/d\/126703-3\/P1590412.jpg \/><\/a><br \/>\n^ Ebene und Monte Viso (IR)<\/p>\n<p><a href='http:\/\/ski.inmontanis.info\/d\/126708-2\/DSCF5732.jpg'><img src=http:\/\/ski.inmontanis.info\/d\/126707-3\/DSCF5732.jpg \/><\/a><br \/>\n^ Schwarze Abfahrt, im unteren Teil mit Teilung. Parkpl\u00e4tze befinden sich u.a. rechts vom F\u00f6rderband oder der Stra\u00dfe entlang.<\/p>\n<p><img src=http:\/\/ski.inmontanis.info\/d\/126712-2\/DSCF5734.jpg \/><br \/>\n^ Rote Abfahrt. In Bildmitte schimmert der Monterosa, 185 km entfernt.<\/p>\n<p><a href='http:\/\/ski.inmontanis.info\/d\/126716-2\/DSCF5735.jpg'><img src=http:\/\/ski.inmontanis.info\/d\/126715-3\/DSCF5735.jpg \/><\/a><br \/>\n^ Rote Abfahrt mit Kreuzung des Skiwegs<\/p>\n<p><a href='http:\/\/ski.inmontanis.info\/d\/126720-2\/DSCF5736.jpg'><img src=http:\/\/ski.inmontanis.info\/d\/126719-3\/DSCF5736.jpg \/><\/a><br \/>\n^ Rote Abfahrt, ab hier wird&#8217;s schm\u00e4ler, und nach einem schmalen kurzen steilen Hang geht&#8217;s in den Skiweg. Lt. Sat-Bild m\u00fcsste hier rechts fr\u00fcher noch eine Abfahrt abgezweigt sein.<\/p>\n<p><a href='http:\/\/ski.inmontanis.info\/d\/126724-2\/DSCF5737.jpg'><img src=http:\/\/ski.inmontanis.info\/d\/126723-3\/DSCF5737.jpg \/><\/a><br \/>\n^ DSB und schwarze Abfahrt<\/p>\n<p><a href='http:\/\/ski.inmontanis.info\/d\/126728-2\/DSCF5739.jpg'><img src=http:\/\/ski.inmontanis.info\/d\/126727-3\/DSCF5739.jpg \/><\/a><br \/>\n^ Talstation DSB<\/p>\n<p><a href='http:\/\/ski.inmontanis.info\/d\/126732-2\/DSCF5742.jpg'><img src=http:\/\/ski.inmontanis.info\/d\/126731-3\/DSCF5742.jpg \/><\/a><br \/>\n^ Talstation DSB<\/p>\n<p><a href='http:\/\/ski.inmontanis.info\/d\/126736-2\/DSCF5740.jpg'><img src=http:\/\/ski.inmontanis.info\/d\/126735-3\/DSCF5740.jpg \/><\/a><br \/>\n^ Ehemalige SL-Schneise (Doppel-SL, der vom Tal aus gestartet ist)<\/p>\n<p><a href='http:\/\/ski.inmontanis.info\/d\/126740-2\/DSCF5743.jpg'><img src=http:\/\/ski.inmontanis.info\/d\/126739-3\/DSCF5743.jpg \/><\/a><br \/>\n^ Yeti Park. D\u00fcrfte wohl eins der wenigen \u00dcberbleibsel aus dem vorherigen Leben dieses Skigebiets sein.<\/p>\n<p><a href='http:\/\/ski.inmontanis.info\/d\/126744-2\/DSCF5746.jpg'><img src=http:\/\/ski.inmontanis.info\/d\/126743-3\/DSCF5746.jpg \/><\/a><br \/>\n^ Leichter Zoom zum Monte Viso, im rechten Drittel sieht man, wenn man noch n\u00e4her reinzoomen w\u00fcrde, das Skigebiet Pian Mun\u00e9.<\/p>\n<p><a href='http:\/\/ski.inmontanis.info\/d\/126748-2\/DSCF5759.jpg'><img src=http:\/\/ski.inmontanis.info\/d\/126747-3\/DSCF5759.jpg \/><\/a><br \/>\n^ Blick von der Bergstation DSB zur ehemaligen ESL-Bergstation. Schade um den netten Hang. Und &#8211; typisch italienisch &#8211; mangels Restaurant werden hier Liegest\u00fchle ausgepackt und der Gas-Grill aufgestellt.<\/p>\n<p><img src=http:\/\/ski.inmontanis.info\/d\/126752-2\/DSCF5760.jpg \/><br \/>\n^ DSB richtung Genua und Mittelmeer, leider unter dem Nebel. (Wobei, Nebel sieht man besser und ist h\u00f6her)<\/p>\n<p><a href='http:\/\/ski.inmontanis.info\/d\/126756-2\/P1590413.jpg'><img src=http:\/\/ski.inmontanis.info\/d\/126755-3\/P1590413.jpg \/><\/a><br \/>\n^ Leichter IR-Zoom mit DSB und Nebelmeer \u00fcber dem Mittelmeer, im Hintergrund die Gipfel des n\u00f6rdlichen Appennins.<\/p>\n<p><a href='http:\/\/ski.inmontanis.info\/d\/126760-2\/DSCF5761.jpg'><img src=http:\/\/ski.inmontanis.info\/d\/126759-3\/DSCF5761.jpg \/><\/a><br \/>\n^ Hier sieht man schon, dass der Nebel um einiges \u00fcber dem Meer ist, d.h. fraglich wieviel Meer man tats\u00e4chlich von hier aus sieht.<\/p>\n<p><a href='http:\/\/ski.inmontanis.info\/d\/126818-2\/DSCF5762.jpg'><img src=http:\/\/ski.inmontanis.info\/d\/126817-3\/DSCF5762.jpg \/><\/a><br \/>\n^ .. aber hier bin ich mir sicher, dass man das Meer sehen w\u00fcrde, ohne Nebel. Hinten der Appennin.<\/p>\n<p><a href='http:\/\/ski.inmontanis.info\/d\/126765-2\/DSCF5729.jpg'><img src=http:\/\/ski.inmontanis.info\/d\/126764-3\/DSCF5729.jpg \/><\/a><br \/>\n^ Meer-Pano,  links der Bildmitte spitzt ganz hinten der Cimone, 219km.<\/p>\n<p><img src=http:\/\/ski.inmontanis.info\/d\/126769-2\/P1590389.jpg \/><br \/>\n^ Und das gleiche in IR: Meer-Pano,  links der Bildmitte spitzt ganz hinten der Ciimone, 219km.<\/p>\n<p><a href='http:\/\/ski.inmontanis.info\/d\/126773-2\/DSCF5763.jpg'><img src=http:\/\/ski.inmontanis.info\/d\/126772-3\/DSCF5763.jpg \/><\/a><br \/>\n^ Alpen-Pano-Zoom, 250-280km entfernt.<\/p>\n<p><a href='http:\/\/ski.inmontanis.info\/d\/126777-2\/P1590431.jpg'><img src=http:\/\/ski.inmontanis.info\/d\/126776-3\/P1590431.jpg \/><\/a><br \/>\n^ IR-Zooms: Matterhorn (192km), Breithorn ..<\/p>\n<p><img src=http:\/\/ski.inmontanis.info\/d\/126781-2\/P1590409.jpg \/><br \/>\n^ Monterosa-Massif, ca. 185km<\/p>\n<p><a href='http:\/\/ski.inmontanis.info\/d\/126785-2\/P1590406.jpg'><img src=http:\/\/ski.inmontanis.info\/d\/126784-3\/P1590406.jpg \/><\/a><br \/>\n^ Monte Leone (220km) \/ Helsenhorn (227km)<\/p>\n<p><a href='http:\/\/ski.inmontanis.info\/d\/126789-2\/P1590428.jpg'><img src=http:\/\/ski.inmontanis.info\/d\/126788-3\/P1590428.jpg \/><\/a><br \/>\n^ Mitte: Monte Zeda, 203km<\/p>\n<p><a href='http:\/\/ski.inmontanis.info\/d\/126793-2\/P1590403.jpg'><img src=http:\/\/ski.inmontanis.info\/d\/126792-3\/P1590403.jpg \/><\/a><br \/>\n^ Rheinwaldhorn \/ G\u00fcferhorn, 262km<\/p>\n<p><img src=http:\/\/ski.inmontanis.info\/d\/126797-2\/P1590425.jpg \/><br \/>\n^ Disgrazia (264km), Bernina, Pal\u00fc(283km)<\/p>\n<p><a href='http:\/\/ski.inmontanis.info\/d\/126801-2\/P1590396.jpg'><img src=http:\/\/ski.inmontanis.info\/d\/126800-3\/P1590396.jpg \/><\/a><br \/>\n^ Mitte: Presolana, 250km<\/p>\n<p><a href='http:\/\/ski.inmontanis.info\/d\/126805-2\/DSCF5764.jpg'><img src=http:\/\/ski.inmontanis.info\/d\/126804-3\/DSCF5764.jpg \/><\/a><br \/>\n^ Zoom Adamello, 290km. Kann man auch mit der normalen Cam noch erkennen.<\/p>\n<p><a href='http:\/\/ski.inmontanis.info\/d\/126809-2\/P1590423.jpg'><img src=http:\/\/ski.inmontanis.info\/d\/126808-3\/P1590423.jpg \/><\/a><br \/>\n^ .. aber in IR sieht man ihn besser: Adamello, 290km (mittig links)<\/p>\n<p>Und noch eine kleine Auswahl an \u00e4lteren Fotos:<\/p>\n<p><a href='http:\/\/ski.inmontanis.info\/d\/33876-2\/P1030717.jpg'><img src=http:\/\/ski.inmontanis.info\/d\/33876-2\/P1030717.jpg \/><\/a><br \/>\n^ 2004\/2005 -> 6 Jahre sp\u00e4ter war es dann endlich so weit :)<\/p>\n<p><img src=http:\/\/ski.inmontanis.info\/d\/33891-2\/P1030724.jpg \/><br \/>\n^ 2006<\/p>\n<p><img src=http:\/\/ski.inmontanis.info\/d\/33894-2\/P1030725.jpg \/><br \/>\n^ 2006 (das steht noch alles!)<\/p>\n<p><a href='http:\/\/ski.inmontanis.info\/d\/33870-2\/P1030715.jpg'><img src=http:\/\/ski.inmontanis.info\/d\/33870-2\/P1030715.jpg \/><\/a><br \/>\n^ 2006<\/p>\n<p><a href='http:\/\/ski.inmontanis.info\/d\/33867-2\/P1030714.jpg'><img src=http:\/\/ski.inmontanis.info\/d\/33867-2\/P1030714.jpg \/><\/a><br \/>\n^ 2006<\/p>\n<p><a href='http:\/\/ski.inmontanis.info\/d\/33850-2\/P1030706.jpg'><img src=http:\/\/ski.inmontanis.info\/d\/33850-2\/P1030706.jpg \/><\/a><br \/>\n^ 2006<\/p>\n<p><img src=http:\/\/ski.inmontanis.info\/d\/56677-3\/P1250169.JPG \/><br \/>\n^ 2008 (der obere Verbindungs-Sessel- oder -Korblift)<\/p>\n<p><a href='http:\/\/ski.inmontanis.info\/d\/56657-3\/P1240414.JPG'><img src=http:\/\/ski.inmontanis.info\/d\/56656-4\/P1240414.JPG \/><\/a><br \/>\n^ 2008 (der obere Verbindungs-Sessel- oder -Korblift)<\/p>\n<p>Fazit: Sicher, das alte Saint Gree war wesentlich besser, aber die jetzige DSB ist nicht schlecht. Lang genug, genug H\u00f6henmeter, tolles Pano und zwei ganz nette Abfahrten. F\u00fcr einen halben Tag gerne wieder.<\/p>\n<p>In weiterer Folge will man ja auch noch etwas weiter hinauf bauen, allerdings ist mir nicht klar, ob man nur z.B. mit einem SL in der Mulde (siehe drittletztes Foto) wieder zum Gipfel will oder ob man mit einer 2. Sektion DSB wieder \u00fcber den Grat bis auf das obere Plateau oder gar auf den hinteren Gipfel m\u00f6chte. Letztes w\u00e4re nat\u00fcrlich extrem geil, da man von dort ein tolles Meer-Pano von Genua bis Korsika h\u00e4tte.<\/p>\n","protected":false},"excerpt":{"rendered":"<p>So, 6.2.2011: Saint Gr\u00e9\u00e9 (Viola) (SSWATW2011 Tag 9 Teil 1)<\/p>\n<p>(Vorabend)<\/p>\n<p>Von Sampeyre nach St. Gr\u00e9\u00e9 schlug mein Navi immerhin 2 Stunden Fahrzeit vor, knapp \u00fcber 100km. M\u00f6chte man gar nicht meinen.<\/p>\n<p> <a href=\"http:\/\/blog.inmontanis.info\/?p=1521\">[&#8230;]<\/a><\/p>\n","protected":false},"author":1,"featured_media":0,"comment_status":"open","ping_status":"closed","sticky":false,"template":"","format":"standard","meta":{"footnotes":""},"categories":[94,15,27,233],"tags":[38,90,77],"class_list":["post-1521","post","type-post","status-publish","format-standard","hentry","category-201101-sswatw","category-italienitaly","category-skifahren-winterskiing-winter","category-st-gree","tag-dsb","tag-infrarot","tag-nebelmeer","odd"],"_links":{"self":[{"href":"http:\/\/blog.inmontanis.info\/index.php?rest_route=\/wp\/v2\/posts\/1521","targetHints":{"allow":["GET"]}}],"collection":[{"href":"http:\/\/blog.inmontanis.info\/index.php?rest_route=\/wp\/v2\/posts"}],"about":[{"href":"http:\/\/blog.inmontanis.info\/index.php?rest_route=\/wp\/v2\/types\/post"}],"author":[{"embeddable":true,"href":"http:\/\/blog.inmontanis.info\/index.php?rest_route=\/wp\/v2\/users\/1"}],"replies":[{"embeddable":true,"href":"http:\/\/blog.inmontanis.info\/index.php?rest_route=%2Fwp%2Fv2%2Fcomments&post=1521"}],"version-history":[{"count":3,"href":"http:\/\/blog.inmontanis.info\/index.php?rest_route=\/wp\/v2\/posts\/1521\/revisions"}],"predecessor-version":[{"id":8573,"href":"http:\/\/blog.inmontanis.info\/index.php?rest_route=\/wp\/v2\/posts\/1521\/revisions\/8573"}],"wp:attachment":[{"href":"http:\/\/blog.inmontanis.info\/index.php?rest_route=%2Fwp%2Fv2%2Fmedia&parent=1521"}],"wp:term":[{"taxonomy":"category","embeddable":true,"href":"http:\/\/blog.inmontanis.info\/index.php?rest_route=%2Fwp%2Fv2%2Fcategories&post=1521"},{"taxonomy":"post_tag","embeddable":true,"href":"http:\/\/blog.inmontanis.info\/index.php?rest_route=%2Fwp%2Fv2%2Ftags&post=1521"}],"curies":[{"name":"wp","href":"https:\/\/api.w.org\/{rel}","templated":true}]}}